{"id":99,"date":"2012-07-01T11:45:25","date_gmt":"2012-07-01T09:45:25","guid":{"rendered":"https:\/\/bukkleader.hu\/old\/new\/?p=99"},"modified":"2015-09-09T13:42:27","modified_gmt":"2015-09-09T11:42:27","slug":"2012-majus-01-2012-junius-30-idoszak","status":"publish","type":"post","link":"https:\/\/bukkleader.hu\/old\/2012-majus-01-2012-junius-30-idoszak\/","title":{"rendered":"2012. m\u00e1jus 01. \u2013 2012. j\u00fanius 30. id\u0151szak"},"content":{"rendered":"<p style=\"text-align: justify;\">A B\u00fckk-T\u00e9rs\u00e9gi LEADER Egyes\u00fclet az IH \u00e1ltal 2012. m\u00e1jus 1-i hat\u00e1llyal LEADER Helyi Akci\u00f3csoportk\u00e9nt elismer\u00e9sre ker\u00fclt \u00e9s \u00e1tvette a LEADER p\u00e1ly\u00e1zatokkal kapcsolatos feladatokat a B\u00dcKK-MAK LEADER Nonprofit Kft.-t\u0151l. Az Egyes\u00fclet a k\u00f6zgy\u0171l\u00e9s d\u00f6nt\u00e9se szerint saj\u00e1t munkaszervezetet alak\u00edtott, melyben a kor\u00e1bbi HACS munkat\u00e1rsai (\u00f6sszesen 8 f\u0151) a meg\u00e1llapod\u00e1ssal haszn\u00e1latba vett eszk\u00f6z\u00e1llom\u00e1nnyal, megszak\u00edt\u00e1s n\u00e9lk\u00fcl folytatj\u00e1k a vid\u00e9kfejleszt\u00e9si munk\u00e1t.<!--more-->A t\u00e1mogat\u00e1si id\u0151szakban az \u00faj szervezet m\u0171k\u00f6d\u00e9si rendj\u00e9nek kialak\u00edt\u00e1s\u00e1n, a p\u00e1ly\u00e1z\u00f3k tan\u00e1csol\u00e1s\u00e1n \u00e9s a RES szakmai t\u00e1rgyal\u00e1sokon k\u00edv\u00fcl, a HVS megval\u00f3s\u00edt\u00e1sa \u00e9rdek\u00e9ben 5 ter\u00fcletfejleszt\u00e9si \u2013 vid\u00e9kfejleszt\u00e9si c\u00e9l\u00fa \u00e9rtekezletet szervezt\u00fcnk, t\u00f6bbek k\u00f6z\u00f6tt egy k\u00fclf\u00f6ldi HACS k\u00e9pvisel\u0151vel, a Heves Megyei \u00d6nkorm\u00e1nyzat frakci\u00f3vezet\u0151j\u00e9vel, vid\u00e9kfejleszt\u00e9si tan\u00e1csnok\u00e1val, valamint a roma lakosainkat \u00e9rint\u0151 k\u00e9rd\u00e9sekben a B.A.Z. megyei vajd\u00e1val. Munk\u00e1nkr\u00f3l 1 megyei \u00fajs\u00e1gban \u00e9s 4 weboldalon jelent meg tud\u00f3s\u00edt\u00e1s.<br \/>2012.05.24-\u00e9n el\u0151ad\u00f3k\u00e9nt r\u00e9szt vett\u00fcnk a B\u00fckki Telep\u00fcl\u00e9ssz\u00f6vets\u00e9g Sz\u00f6vetkezet k\u00f6zgy\u0171l\u00e9s\u00e9n Fels\u0151t\u00e1rk\u00e1nyban, majd 2012.06.09-\u00e9n a b\u0151csi LEADER L\u00e1tv\u00e1nyk\u00f6zpont \u00e9s energiaudvar \u00e1tad\u00f3 \u00fcnneps\u00e9g\u00e9n. <br \/>2012.06.28-\u00e1n a HACS LEADER r\u00e9gi\u00f3s \u00e9rtekezletet szervezt\u00fcnk Fels\u0151t\u00e1rk\u00e1nyban, ahol a megjelent HACS k\u00e9pvisel\u0151k az aktu\u00e1lis k\u00e9rd\u00e9seken k\u00edv\u00fcl, a 2012.06.27-i IH \u2013 NAKVI t\u00e1j\u00e9koztat\u00f3 kapcs\u00e1n a 2014-2020 id\u0151szak tervez\u00e9s\u00e9vel kapcsolatos feladatokr\u00f3l egyeztettek, tov\u00e1bb\u00e1 megismerhett\u00e9k Fels\u0151t\u00e1rk\u00e1ny K\u00f6zs\u00e9g LEADER fejleszt\u00e9seit \u00e9s telep\u00fcl\u00e9sfejleszt\u00e9si, energiahat\u00e9konys\u00e1gi terveit.\u00a0Az \u00e9rtekezleten Dr. Nagy J\u00f3zsef eln\u00f6k megfogalmazta az \u201e\u00c9szak \u2013 Magyarorsz\u00e1gi Elektromos Z\u00f6ld Utak \u00e9s Kutak H\u00e1l\u00f3zata \/ Nord &#8211; BEV \u2013 Ways\u201d projekt\u00f6tletet, mely t\u00e9rs\u00e9gek k\u00f6z\u00f6tti egy\u00fcttm\u0171k\u00f6d\u00e9s keret\u00e9ben val\u00f3s\u00edthat\u00f3 meg. A projektet a munkaszervezet\u00fcnk el\u0151k\u00e9sz\u00edti.<br \/>2012.06.29-\u00e9n f\u00f3rumon tartottunk els\u0151sorban a 2012. m\u00e1jusban LEADER t\u00e1mogat\u00e1st nyert K\u00f6z\u00f6ss\u00e9gi Energiaudvar projektgazd\u00e1k r\u00e9sz\u00e9re. A f\u00f3rum c\u00e9lja volt, hogy a p\u00e1ly\u00e1z\u00f3k megismerj\u00e9k a projektjeik megval\u00f3s\u00edt\u00e1s\u00e1ra vonatkoz\u00f3 el\u0151\u00edr\u00e1sokat, a fontosabb hat\u00e1rid\u0151ket, valamint a potenci\u00e1lis kivitelez\u0151kkel szakmai k\u00e9rd\u00e9sekben konzult\u00e1lni tudjanak. A rendezv\u00e9nyen h\u00e9t, az energetik\u00e1ban \u00e9s az elektromos k\u00f6zleked\u00e9sben \u00e9len j\u00e1r\u00f3 c\u00e9g mutatkozott be szakmai el\u0151ad\u00e1s\u00e1val.<br \/>Az Ir\u00e1ny\u00edt\u00f3 Hat\u00f3s\u00e1ggal (IH) val\u00f3 egyeztet\u00e9s\u00fcnk szerint a mikr\u00f3v\u00e1llalkoz\u00e1sok l\u00e9trehoz\u00e1sa \u00e9s fejleszt\u00e9se jogc\u00edmben jelenleg \u00f6sszesen 20 000 000 Ft forr\u00e1s \u00e1ll rendelkez\u00e9sre, \u00edgy a p\u00e1ly\u00e1zat a ter\u00fclet\u00fcnk\u00f6n nem ker\u00fclt meghirdet\u00e9sre. Ehhez hasonl\u00f3an az aktu\u00e1lis t\u00e1mogat\u00e1si id\u0151szakban a turisztikai tev\u00e9kenys\u00e9gek \u00f6szt\u00f6nz\u00e9se jogc\u00edm keret\u00e9ben sem ad\u00f3dik lehet\u0151s\u00e9g p\u00e1ly\u00e1zat beny\u00fajt\u00e1s\u00e1ra a ter\u00fclet\u00fcnkr\u0151l. K\u00f6z\u00f6ss\u00e9g\u00fcnk v\u00e1rja a 2014-ben megny\u00edl\u00f3 \u00faj t\u00e1mogat\u00e1si lehet\u0151s\u00e9geket, hogy tov\u00e1bbi vid\u00e9kfejleszt\u00e9si forr\u00e1sokat nyerhessen el.<\/p>\n<div class=\"sharedaddy sd-sharing-enabled\"><div class=\"robots-nocontent sd-block sd-social sd-social-icon sd-sharing\"><h3 class=\"sd-title\">Share this:<\/h3><div class=\"sd-content\"><ul><li class=\"share-facebook\"><a rel=\"nofollow noopener noreferrer\" data-shared=\"sharing-facebook-99\" class=\"share-facebook sd-button share-icon no-text\" href=\"https:\/\/bukkleader.hu\/old\/2012-majus-01-2012-junius-30-idoszak\/?share=facebook\" target=\"_blank\" title=\"Click to share on Facebook\"><span><\/span><span class=\"sharing-screen-reader-text\">Click to share on Facebook (Opens in new window)<\/span><\/a><\/li><li class=\"share-twitter\"><a rel=\"nofollow noopener noreferrer\" data-shared=\"sharing-twitter-99\" class=\"share-twitter sd-button share-icon no-text\" href=\"https:\/\/bukkleader.hu\/old\/2012-majus-01-2012-junius-30-idoszak\/?share=twitter\" target=\"_blank\" title=\"Click to share on Twitter\"><span><\/span><span class=\"sharing-screen-reader-text\">Click to share on Twitter (Opens in new window)<\/span><\/a><\/li><li class=\"share-print\"><a rel=\"nofollow noopener noreferrer\" data-shared=\"\" class=\"share-print sd-button share-icon no-text\" href=\"https:\/\/bukkleader.hu\/old\/2012-majus-01-2012-junius-30-idoszak\/\" target=\"_blank\" title=\"Click to print\"><span><\/span><span class=\"sharing-screen-reader-text\">Click to print (Opens in new window)<\/span><\/a><\/li><li class=\"share-email\"><a rel=\"nofollow noopener noreferrer\" data-shared=\"\" class=\"share-email sd-button share-icon no-text\" href=\"https:\/\/bukkleader.hu\/old\/2012-majus-01-2012-junius-30-idoszak\/?share=email\" target=\"_blank\" title=\"Click to email this to a friend\"><span><\/span><span class=\"sharing-screen-reader-text\">Click to email this to a friend (Opens in new window)<\/span><\/a><\/li><li class=\"share-end\"><\/li><\/ul><\/div><\/div><\/div>","protected":false},"excerpt":{"rendered":"<p>A B\u00fckk-T\u00e9rs\u00e9gi LEADER Egyes\u00fclet az IH \u00e1ltal 2012. m\u00e1jus 1-i hat\u00e1llyal LEADER Helyi Akci\u00f3csoportk\u00e9nt elismer\u00e9sre ker\u00fclt \u00e9s \u00e1tvette a LEADER p\u00e1ly\u00e1zatokkal kapcsolatos feladatokat a B\u00dcKK-MAK LEADER Nonprofit Kft.-t\u0151l. Az Egyes\u00fclet a k\u00f6zgy\u0171l\u00e9s d\u00f6nt\u00e9se szerint saj\u00e1t munkaszervezetet alak\u00edtott, melyben a kor\u00e1bbi HACS munkat\u00e1rsai (\u00f6sszesen 8 f\u0151) a meg\u00e1llapod\u00e1ssal haszn\u00e1latba vett eszk\u00f6z\u00e1llom\u00e1nnyal, megszak\u00edt\u00e1s n\u00e9lk\u00fcl folytatj\u00e1k a vid\u00e9kfejleszt\u00e9si [&hellip;]<\/p>\n<div class=\"sharedaddy sd-sharing-enabled\"><div class=\"robots-nocontent sd-block sd-social sd-social-icon sd-sharing\"><h3 class=\"sd-title\">Share this:<\/h3><div class=\"sd-content\"><ul><li class=\"share-facebook\"><a rel=\"nofollow noopener noreferrer\" data-shared=\"sharing-facebook-99\" class=\"share-facebook sd-button share-icon no-text\" href=\"https:\/\/bukkleader.hu\/old\/2012-majus-01-2012-junius-30-idoszak\/?share=facebook\" target=\"_blank\" title=\"Click to share on Facebook\"><span><\/span><span class=\"sharing-screen-reader-text\">Click to share on Facebook (Opens in new window)<\/span><\/a><\/li><li class=\"share-twitter\"><a rel=\"nofollow noopener noreferrer\" data-shared=\"sharing-twitter-99\" class=\"share-twitter sd-button share-icon no-text\" href=\"https:\/\/bukkleader.hu\/old\/2012-majus-01-2012-junius-30-idoszak\/?share=twitter\" target=\"_blank\" title=\"Click to share on Twitter\"><span><\/span><span class=\"sharing-screen-reader-text\">Click to share on Twitter (Opens in new window)<\/span><\/a><\/li><li class=\"share-print\"><a rel=\"nofollow noopener noreferrer\" data-shared=\"\" class=\"share-print sd-button share-icon no-text\" href=\"https:\/\/bukkleader.hu\/old\/2012-majus-01-2012-junius-30-idoszak\/\" target=\"_blank\" title=\"Click to print\"><span><\/span><span class=\"sharing-screen-reader-text\">Click to print (Opens in new window)<\/span><\/a><\/li><li class=\"share-email\"><a rel=\"nofollow noopener noreferrer\" data-shared=\"\" class=\"share-email sd-button share-icon no-text\" href=\"https:\/\/bukkleader.hu\/old\/2012-majus-01-2012-junius-30-idoszak\/?share=email\" target=\"_blank\" title=\"Click to email this to a friend\"><span><\/span><span class=\"sharing-screen-reader-text\">Click to email this to a friend (Opens in new window)<\/span><\/a><\/li><li class=\"share-end\"><\/li><\/ul><\/div><\/div><\/div>","protected":false},"author":1,"featured_media":0,"comment_status":"open","ping_status":"closed","sticky":false,"template":"","format":"standard","meta":{"_bbp_topic_count":0,"_bbp_reply_count":0,"_bbp_total_topic_count":0,"_bbp_total_reply_count":0,"_bbp_voice_count":0,"_bbp_anonymous_reply_count":0,"_bbp_topic_count_hidden":0,"_bbp_reply_count_hidden":0,"_bbp_forum_subforum_count":0,"spay_email":"","jetpack_publicize_message":"","jetpack_is_tweetstorm":false,"jetpack_publicize_feature_enabled":true},"categories":[5],"tags":[],"jetpack_featured_media_url":"","jetpack_publicize_connections":[],"jetpack_sharing_enabled":true,"jetpack-related-posts":[{"id":176,"url":"https:\/\/bukkleader.hu\/old\/uj-leader-helyi-akciocsoport-alakitasa\/","url_meta":{"origin":99,"position":0},"title":"\u00daj LEADER Helyi Akci\u00f3csoport alak\u00edt\u00e1sa","date":"2012-06-09","format":false,"excerpt":"A B\u00fckk-Miskolc T\u00e9rs\u00e9gi vid\u00e9kfejleszt\u00e9si k\u00f6z\u00f6ss\u00e9g \u00faj LEADER Helyi Akci\u00f3csoportot alak\u00edtottAz 54\/2011. VM rendelet szerint \u201e2012. \u00e1prilis 30-\u00e1t k\u00f6vet\u0151en LEADER HACS c\u00edmmel kiz\u00e1r\u00f3lag egyes\u00fclet rendelkezhet, illetve e c\u00edmet csak egyes\u00fclet nyerheti el.\u201d A nagy sikereket el\u00e9rt B\u00dcKK-MAK LEADER vid\u00e9kfejleszt\u00e9si k\u00f6z\u00f6ss\u00e9g a tov\u00e1bbi - a 2012-2015. id\u0151szakban p\u00e1ly\u00e1zhat\u00f3 - vid\u00e9kfejleszt\u00e9si forr\u00e1sok megszerz\u00e9se\u2026","rel":"","context":"In &quot;Eredm\u00e9nyeink&quot;","img":{"alt_text":"z\u00f6ld pipa","src":"https:\/\/i2.wp.com\/bukkleader.hu\/old\/wp-content\/uploads\/2012\/06\/zold-pipa384w.jpg?resize=350%2C200&ssl=1","width":350,"height":200},"classes":[]},{"id":104,"url":"https:\/\/bukkleader.hu\/old\/2012-oktober-01-2012-december-31-idoszak\/","url_meta":{"origin":99,"position":1},"title":"2012. okt\u00f3ber 01. \u2013 2012. december 31. id\u0151szak","date":"2013-01-02","format":false,"excerpt":"A B\u00fckk-T\u00e9rs\u00e9gi LEADER Egyes\u00fclet munkaszervezet\u00e9nek legfontosabb feladatai a 2012.10.01. \u2013 12.31. id\u0151szakban az EMVA III. falumeg\u00faj\u00edt\u00e1s \u00e9s \u2013fejleszt\u00e9s p\u00e1ly\u00e1zati id\u0151szak el\u0151k\u00e9sz\u00edt\u00e9se, a szakmai kapcsolat\u00e9p\u00edt\u00e9s \u00e9s az 2014-2020 id\u0151szak EU-s tervez\u00e9s\u00e9vel kapcsolatos egyeztet\u00e9seken val\u00f3 r\u00e9szv\u00e9tel voltak.A vid\u00e9kfejleszt\u00e9si k\u00f6z\u00f6ss\u00e9g min\u00e9l sz\u00e9lesebb k\u00f6r\u0171 t\u00e1j\u00e9koztat\u00e1sa \u00e9rdek\u00e9ben a t\u00e1mogat\u00e1si id\u0151szakban \u00f6sszesen 9 szakmai f\u00f3rumot tartottunk,\u2026","rel":"","context":"In &quot;Munkabesz\u00e1mol\u00f3k&quot;","img":{"alt_text":"","src":"","width":0,"height":0},"classes":[]},{"id":102,"url":"https:\/\/bukkleader.hu\/old\/2012-julius-01-2012-szeptember-30-idoszak\/","url_meta":{"origin":99,"position":2},"title":"2012. j\u00falius 01. \u2013 2012. szeptember 30. id\u0151szak","date":"2012-10-01","format":false,"excerpt":"A B\u00fckk-T\u00e9rs\u00e9gi LEADER Egyes\u00fclet legfontosabb feladatai a 2012.07.01. \u2013 09.30. id\u0151szakban az EMVA III. falumeg\u00faj\u00edt\u00e1s \u00e9s \u2013fejleszt\u00e9s jogc\u00edm el\u0151k\u00e9sz\u00edt\u00e9se, a szakmai kapcsolat\u00e9p\u00edt\u00e9s \u00e9s az 2014-2020 id\u0151szak EU-s tervez\u00e9s\u00e9be val\u00f3 bekapcsol\u00f3d\u00e1s voltak. Munk\u00e1nkr\u00f3l 1 t\u00e9rs\u00e9gi \u00fajs\u00e1gban, 2 szakmai kiadv\u00e1nyban \u00e9s 3 weboldalon jelent meg tud\u00f3s\u00edt\u00e1s.A t\u00e1mogat\u00e1si id\u0151szakban t\u00e1rgyal\u00e1sokat folytattunk a Nemzeti\u2026","rel":"","context":"In &quot;Munkabesz\u00e1mol\u00f3k&quot;","img":{"alt_text":"","src":"","width":0,"height":0},"classes":[]},{"id":182,"url":"https:\/\/bukkleader.hu\/old\/forrashiany-miatt-nincs-tamogatas\/","url_meta":{"origin":99,"position":3},"title":"Forr\u00e1shi\u00e1ny miatt nincs t\u00e1mogat\u00e1s","date":"2012-06-09","format":false,"excerpt":"Forr\u00e1shi\u00e1ny miatt nem t\u00e1mogathat\u00f3ak a HACS ter\u00fclet\u00e9r\u0151l be\u00e9rkez\u0151 mikrov\u00e1llalkoz\u00e1s-fejleszt\u00e9si p\u00e1ly\u00e1zatokAz Eur\u00f3pai Mez\u0151gazdas\u00e1gi Vid\u00e9kfejleszt\u00e9si Alapb\u00f3l a mikrov\u00e1llalkoz\u00e1sok l\u00e9trehoz\u00e1s\u00e1ra \u00e9s fejleszt\u00e9s\u00e9re a 2012. \u00e9vben ny\u00fajtand\u00f3 t\u00e1mogat\u00e1sokr\u00f3l sz\u00f3l\u00f3 47\/2012. (V. 11.) VM rendelet 6. mell\u00e9klete szerint a kor\u00e1bbi B\u00dcKK-MAK LEADER Nonprofit Kft. \u2013 jelenleg B\u00fckk-T\u00e9rs\u00e9gi LEADER Egyes\u00fclet HACS ter\u00fclet\u00e9r\u0151l a 2012. j\u00faniusi t\u00e1mogat\u00e1si\u2026","rel":"","context":"In &quot;H\u00edreink, k\u00f6zlem\u00e9nyeink&quot;","img":{"alt_text":"felki\u00e1llt\u00f3 jel","src":"https:\/\/i0.wp.com\/bukkleader.hu\/old\/wp-content\/uploads\/2012\/06\/felkialto-jel384w.jpg?resize=350%2C200&ssl=1","width":350,"height":200},"classes":[]},{"id":273,"url":"https:\/\/bukkleader.hu\/old\/2012-masodik-felevi-palyazati-lehetosegek\/","url_meta":{"origin":99,"position":4},"title":"2012. m\u00e1sodik f\u00e9l\u00e9vi p\u00e1ly\u00e1zati lehet\u0151s\u00e9gek","date":"2012-11-30","format":false,"excerpt":"2012. m\u00e1sodik f\u00e9l\u00e9v\u00e9ben a Dar\u00e1nyi Ign\u00e1c Terv \u2013 \u00daj Magyarorsz\u00e1g Vid\u00e9kfejleszt\u00e9si Program keret\u00e9ben \u00fajabb EMVA III. \u00e9s LEADER vid\u00e9kfejleszt\u00e9si t\u00e1mogat\u00e1sok elnyer\u00e9s\u00e9re ny\u00edlnak lehet\u0151s\u00e9gek. A B\u00fckk-T\u00e9rs\u00e9gi LEADER Egyes\u00fclet ter\u00fclet\u00e9r\u0151l a 2012. okt\u00f3ber 15. \u2013 november 30. id\u0151szakban EMVA III. falumeg\u00faj\u00edt\u00e1s \u00e9s \u2013fejleszt\u00e9sre, valamint \u00e9v v\u00e9g\u00e9n \u2013 2013. elej\u00e9n a Helyi Vid\u00e9kfejleszt\u00e9si\u2026","rel":"","context":"In &quot;H\u00edreink, k\u00f6zlem\u00e9nyeink&quot;","img":{"alt_text":"384-1-daranyi-ignac-terv","src":"https:\/\/i1.wp.com\/bukkleader.hu\/old\/wp-content\/uploads\/2015\/09\/384-1-daranyi-ignac-terv.jpg?resize=350%2C200&ssl=1","width":350,"height":200},"classes":[]},{"id":299,"url":"https:\/\/bukkleader.hu\/old\/letolthetok-a-hacs-2013-januar-24-i-kozgyulesen-elhangzott-eloadasok-bemutatoi\/","url_meta":{"origin":99,"position":5},"title":"Let\u00f6lthet\u0151k a HACS 2013. janu\u00e1r 24-i k\u00f6zgy\u0171l\u00e9s\u00e9n elhangzott el\u0151ad\u00e1sok bemutat\u00f3i","date":"2013-01-30","format":false,"excerpt":"Az al\u00e1bbiakban linkeken let\u00f6lthet\u0151k a B\u00fckk-T\u00e9rs\u00e9gi LEADER Egyes\u00fclet 2013. janu\u00e1r 24-i k\u00f6zgy\u0171l\u00e9s\u00e9n\u00a0(megh\u00edv\u00f3, napirendi pontok >>) elhangzott el\u0151ad\u00e1sok bemutat\u00f3i:A B\u00fckk-T\u00e9rs\u00e9gi LEADER Egyes\u00fclet 2012. \u00e1prilis 26. \u2013 2012. december 31. k\u00f6z\u00f6tt el\u00e9rt eredm\u00e9nyei (T\u00f3th J. S\u00e1ndor szakmai aleln\u00f6k) -Let\u00f6lt\u00e9s >>T\u00e1j\u00e9koztat\u00f3 az EMVA III-IV. p\u00e1ly\u00e1zatok megval\u00f3s\u00edt\u00e1s\u00e1ra vonatkoz\u00f3 el\u0151\u00edr\u00e1sokr\u00f3l (Hajdu Istv\u00e1n munkaszervezet vezet\u0151) -\u2026","rel":"","context":"In &quot;H\u00edreink, k\u00f6zlem\u00e9nyeink&quot;","img":{"alt_text":"bukk-leader-logo-w","src":"https:\/\/i2.wp.com\/bukkleader.hu\/old\/wp-content\/uploads\/2015\/09\/bukk-leader-logo-w.jpg?resize=350%2C200&ssl=1","width":350,"height":200},"classes":[]}],"_links":{"self":[{"href":"https:\/\/bukkleader.hu\/old\/wp-json\/wp\/v2\/posts\/99"}],"collection":[{"href":"https:\/\/bukkleader.hu\/old\/wp-json\/wp\/v2\/posts"}],"about":[{"href":"https:\/\/bukkleader.hu\/old\/wp-json\/wp\/v2\/types\/post"}],"author":[{"embeddable":true,"href":"https:\/\/bukkleader.hu\/old\/wp-json\/wp\/v2\/users\/1"}],"replies":[{"embeddable":true,"href":"https:\/\/bukkleader.hu\/old\/wp-json\/wp\/v2\/comments?post=99"}],"version-history":[{"count":1,"href":"https:\/\/bukkleader.hu\/old\/wp-json\/wp\/v2\/posts\/99\/revisions"}],"predecessor-version":[{"id":100,"href":"https:\/\/bukkleader.hu\/old\/wp-json\/wp\/v2\/posts\/99\/revisions\/100"}],"wp:attachment":[{"href":"https:\/\/bukkleader.hu\/old\/wp-json\/wp\/v2\/media?parent=99"}],"wp:term":[{"taxonomy":"category","embeddable":true,"href":"https:\/\/bukkleader.hu\/old\/wp-json\/wp\/v2\/categories?post=99"},{"taxonomy":"post_tag","embeddable":true,"href":"https:\/\/bukkleader.hu\/old\/wp-json\/wp\/v2\/tags?post=99"}],"curies":[{"name":"wp","href":"https:\/\/api.w.org\/{rel}","templated":true}]}}