{"id":903,"date":"2016-05-22T15:34:39","date_gmt":"2016-05-22T13:34:39","guid":{"rendered":"https:\/\/bukkleader.hu\/old\/?p=903"},"modified":"2016-05-22T15:34:39","modified_gmt":"2016-05-22T13:34:39","slug":"ulesezett-tervezest-koordinalo-csoport","status":"publish","type":"post","link":"https:\/\/bukkleader.hu\/old\/ulesezett-tervezest-koordinalo-csoport\/","title":{"rendered":"\u00dcl\u00e9sezett a Tervez\u00e9st Koordin\u00e1l\u00f3 Csoport"},"content":{"rendered":"<p>B\u00fckkaranyoson, 2016. 05. 20-i \u00fcl\u00e9s\u00e9n a Tervez\u00e9st Koordin\u00e1l\u00f3 Csoport a Szak\u00e9rt\u0151i Bizotts\u00e1g &#8220;Egyedi, min\u0151s\u00e9gi tov\u00e1bbfejleszt\u00e9si \u00fatmutat\u00e1sai&#8221; alapj\u00e1n \u00e1tdolgozta a HFS cselekv\u00e9si terv\u00e9t.<\/p>\n<div class=\"sharedaddy sd-sharing-enabled\"><div class=\"robots-nocontent sd-block sd-social sd-social-icon sd-sharing\"><h3 class=\"sd-title\">Share this:<\/h3><div class=\"sd-content\"><ul><li class=\"share-facebook\"><a rel=\"nofollow noopener noreferrer\" data-shared=\"sharing-facebook-903\" class=\"share-facebook sd-button share-icon no-text\" href=\"https:\/\/bukkleader.hu\/old\/ulesezett-tervezest-koordinalo-csoport\/?share=facebook\" target=\"_blank\" title=\"Click to share on Facebook\"><span><\/span><span class=\"sharing-screen-reader-text\">Click to share on Facebook (Opens in new window)<\/span><\/a><\/li><li class=\"share-twitter\"><a rel=\"nofollow noopener noreferrer\" data-shared=\"sharing-twitter-903\" class=\"share-twitter sd-button share-icon no-text\" href=\"https:\/\/bukkleader.hu\/old\/ulesezett-tervezest-koordinalo-csoport\/?share=twitter\" target=\"_blank\" title=\"Click to share on Twitter\"><span><\/span><span class=\"sharing-screen-reader-text\">Click to share on Twitter (Opens in new window)<\/span><\/a><\/li><li class=\"share-print\"><a rel=\"nofollow noopener noreferrer\" data-shared=\"\" class=\"share-print sd-button share-icon no-text\" href=\"https:\/\/bukkleader.hu\/old\/ulesezett-tervezest-koordinalo-csoport\/\" target=\"_blank\" title=\"Click to print\"><span><\/span><span class=\"sharing-screen-reader-text\">Click to print (Opens in new window)<\/span><\/a><\/li><li class=\"share-email\"><a rel=\"nofollow noopener noreferrer\" data-shared=\"\" class=\"share-email sd-button share-icon no-text\" href=\"https:\/\/bukkleader.hu\/old\/ulesezett-tervezest-koordinalo-csoport\/?share=email\" target=\"_blank\" title=\"Click to email this to a friend\"><span><\/span><span class=\"sharing-screen-reader-text\">Click to email this to a friend (Opens in new window)<\/span><\/a><\/li><li class=\"share-end\"><\/li><\/ul><\/div><\/div><\/div>","protected":false},"excerpt":{"rendered":"<p>B\u00fckkaranyoson, 2016. 05. 20-i \u00fcl\u00e9s\u00e9n a Tervez\u00e9st Koordin\u00e1l\u00f3 Csoport a Szak\u00e9rt\u0151i Bizotts\u00e1g &#8220;Egyedi, min\u0151s\u00e9gi tov\u00e1bbfejleszt\u00e9si \u00fatmutat\u00e1sai&#8221; alapj\u00e1n \u00e1tdolgozta a HFS cselekv\u00e9si terv\u00e9t.<\/p>\n<div class=\"sharedaddy sd-sharing-enabled\"><div class=\"robots-nocontent sd-block sd-social sd-social-icon sd-sharing\"><h3 class=\"sd-title\">Share this:<\/h3><div class=\"sd-content\"><ul><li class=\"share-facebook\"><a rel=\"nofollow noopener noreferrer\" data-shared=\"sharing-facebook-903\" class=\"share-facebook sd-button share-icon no-text\" href=\"https:\/\/bukkleader.hu\/old\/ulesezett-tervezest-koordinalo-csoport\/?share=facebook\" target=\"_blank\" title=\"Click to share on Facebook\"><span><\/span><span class=\"sharing-screen-reader-text\">Click to share on Facebook (Opens in new window)<\/span><\/a><\/li><li class=\"share-twitter\"><a rel=\"nofollow noopener noreferrer\" data-shared=\"sharing-twitter-903\" class=\"share-twitter sd-button share-icon no-text\" href=\"https:\/\/bukkleader.hu\/old\/ulesezett-tervezest-koordinalo-csoport\/?share=twitter\" target=\"_blank\" title=\"Click to share on Twitter\"><span><\/span><span class=\"sharing-screen-reader-text\">Click to share on Twitter (Opens in new window)<\/span><\/a><\/li><li class=\"share-print\"><a rel=\"nofollow noopener noreferrer\" data-shared=\"\" class=\"share-print sd-button share-icon no-text\" href=\"https:\/\/bukkleader.hu\/old\/ulesezett-tervezest-koordinalo-csoport\/\" target=\"_blank\" title=\"Click to print\"><span><\/span><span class=\"sharing-screen-reader-text\">Click to print (Opens in new window)<\/span><\/a><\/li><li class=\"share-email\"><a rel=\"nofollow noopener noreferrer\" data-shared=\"\" class=\"share-email sd-button share-icon no-text\" href=\"https:\/\/bukkleader.hu\/old\/ulesezett-tervezest-koordinalo-csoport\/?share=email\" target=\"_blank\" title=\"Click to email this to a friend\"><span><\/span><span class=\"sharing-screen-reader-text\">Click to email this to a friend (Opens in new window)<\/span><\/a><\/li><li class=\"share-end\"><\/li><\/ul><\/div><\/div><\/div>","protected":false},"author":4,"featured_media":904,"comment_status":"open","ping_status":"closed","sticky":false,"template":"","format":"standard","meta":{"_bbp_topic_count":0,"_bbp_reply_count":0,"_bbp_total_topic_count":0,"_bbp_total_reply_count":0,"_bbp_voice_count":0,"_bbp_anonymous_reply_count":0,"_bbp_topic_count_hidden":0,"_bbp_reply_count_hidden":0,"_bbp_forum_subforum_count":0,"spay_email":"","jetpack_publicize_message":"","jetpack_is_tweetstorm":false,"jetpack_publicize_feature_enabled":true},"categories":[1],"tags":[],"jetpack_featured_media_url":"https:\/\/bukkleader.hu\/old\/wp-content\/uploads\/2016\/05\/TKCS-\u00fcl\u00e9s-m\u00e1jus-20.jpg","jetpack_publicize_connections":[],"jetpack_sharing_enabled":true,"jetpack-related-posts":[{"id":796,"url":"https:\/\/bukkleader.hu\/old\/meghivo-tervezest-koordinalo-csoport-ulesre\/","url_meta":{"origin":903,"position":0},"title":"MEGH\u00cdV\u00d3 &#8211; Tervez\u00e9st Koordin\u00e1l\u00f3 Csoport \u00fcl\u00e9sre","date":"2016-02-02","format":false,"excerpt":"A B\u00fckk-T\u00e9rs\u00e9gi LEADER Egyes\u00fclet TKCS \u00fcl\u00e9st tart a tagoknak a mell\u00e9kelt megh\u00edv\u00f3 szerint\u00a0Megh\u00edv\u00f3 let\u00f6lt\u00e9se >>TKCS megh\u00edv\u00f3","rel":"","context":"In &quot;H\u00edreink, k\u00f6zlem\u00e9nyeink&quot;","img":{"alt_text":"","src":"https:\/\/i2.wp.com\/bukkleader.hu\/old\/wp-content\/uploads\/2016\/02\/TKCS-\u00fcl\u00e9s.jpg?resize=350%2C200&ssl=1","width":350,"height":200},"classes":[]},{"id":1292,"url":"https:\/\/bukkleader.hu\/old\/fokuszban-jo-gyakorlatok\/","url_meta":{"origin":903,"position":1},"title":"F\u00f3kuszban a j\u00f3 gyakorlatok","date":"2017-03-03","format":false,"excerpt":"A REBUS Helyi Akci\u00f3tervez\u0151 Csoport 2. M\u0171helymunk\u00e1j\u00e1hoz kapcsol\u00f3d\u00f3 m\u00e9dia anyag\u00a0let\u00f6lthet\u0151 itt >>\u00a0 A hosszabb verzi\u00f3 \u00e9s az angol nyelv\u0171 r\u00f6vid \u00f6sszefoglal\u00f3 a Borsod-Aba\u00faj-Zempl\u00e9n Megyei Fejleszt\u00e9si \u00dcgyn\u00f6ks\u00e9g \u00e9s a REBUS project facebook oldalain m\u00e1r megoszt\u00e1sra ker\u00fclt. A REBUS Helyi Akci\u00f3tervez\u0151 Csoport munk\u00e1j\u00e1ban r\u00e9szt vesz a B\u00fckk \u2013 T\u00e9rs\u00e9gi LEADER vid\u00e9kfejleszt\u00e9si k\u00f6z\u00f6ss\u00e9g\u00fcnk.\u2026","rel":"","context":"In &quot;H\u00edreink, k\u00f6zlem\u00e9nyeink&quot;","img":{"alt_text":"","src":"https:\/\/i0.wp.com\/bukkleader.hu\/old\/wp-content\/uploads\/2017\/03\/REBUS.png?resize=350%2C200&ssl=1","width":350,"height":200},"classes":[]},{"id":630,"url":"https:\/\/bukkleader.hu\/old\/meghivo-helyi-fejlesztesi-strategia-tervezesi-forumra-kistokaj\/","url_meta":{"origin":903,"position":2},"title":"Megh\u00edv\u00f3 Helyi Fejleszt\u00e9si Strat\u00e9gia tervez\u00e9si f\u00f3rumra &#8211; Kistokaj","date":"2015-11-16","format":false,"excerpt":"Megh\u00edv\u00f3 Helyi Fejleszt\u00e9si Strat\u00e9gia tervez\u00e9si f\u00f3rumraA B\u00fckk-T\u00e9rs\u00e9gi LEADER Egyes\u00fclet Helyi Fejleszt\u00e9si Strat\u00e9gia tervez\u00e9si f\u00f3rumot tart Kistokajban, a mell\u00e9kelt megh\u00edv\u00f3 szerint. Minden \u00e9rdekl\u0151d\u0151t v\u00e1runk!\u00a0Meghivo Let\u00f6lt\u00e9se itt\u203a\u203a\u00a0\u00a0","rel":"","context":"In &quot;H\u00edreink, k\u00f6zlem\u00e9nyeink&quot;","img":{"alt_text":"","src":"","width":0,"height":0},"classes":[]},{"id":579,"url":"https:\/\/bukkleader.hu\/old\/meghivo-helyi-fejlesztesi-strategia-tervezesi-forumra-egyhaz-szervezetek-szamara-bukkaranyos\/","url_meta":{"origin":903,"position":3},"title":"Megh\u00edv\u00f3 Helyi Fejleszt\u00e9si Strat\u00e9gia tervez\u00e9si f\u00f3rumra egyh\u00e1z szervezetek sz\u00e1m\u00e1ra &#8211; B\u00fckkaranyos","date":"2015-11-11","format":false,"excerpt":"A B\u00fckk-T\u00e9rs\u00e9gi LEADER Egyes\u00fclet Helyi Fejleszt\u00e9si Strat\u00e9gia tervez\u00e9si f\u00f3rumot tart a tervez\u00e9si ter\u00fclet\u00e9n m\u0171k\u00f6d\u0151 egyh\u00e1z szervezetek sz\u00e1m\u00e1ra, a mell\u00e9kelt megh\u00edv\u00f3 szerint. Minden \u00e9rdekl\u0151d\u0151t v\u00e1runk!\u00a0Megh\u00edv\u00f3 let\u00f6lt\u00e9se itt","rel":"","context":"In &quot;H\u00edreink, k\u00f6zlem\u00e9nyeink&quot;","img":{"alt_text":"","src":"","width":0,"height":0},"classes":[]},{"id":650,"url":"https:\/\/bukkleader.hu\/old\/meghivo-helyi-fejlesztesi-strategia-tervezesi-forumra-cserepfalu-2\/","url_meta":{"origin":903,"position":4},"title":"Megh\u00edv\u00f3 Helyi Fejleszt\u00e9si Strat\u00e9gia tervez\u00e9si f\u00f3rumra &#8211; Cser\u00e9pfalu","date":"2015-11-17","format":false,"excerpt":"\u00a0Megh\u00edv\u00f3 Helyi Fejleszt\u00e9si Strat\u00e9gia tervez\u00e9si f\u00f3rumra - Cser\u00e9pfaluA B\u00fckk-T\u00e9rs\u00e9gi LEADER Egyes\u00fclet Helyi Fejleszt\u00e9si Strat\u00e9gia tervez\u00e9si f\u00f3rumot tart Cser\u00e9pfaluban, a mell\u00e9kelt megh\u00edv\u00f3 szerint. Minden \u00e9rdekl\u0151d\u0151t v\u00e1runk!\/\/ bukkleader.hu\u00a0Megh\u00edv\u00f3 let\u00f6lt\u00e9se itt\u203a\u203a","rel":"","context":"In &quot;H\u00edreink, k\u00f6zlem\u00e9nyeink&quot;","img":{"alt_text":"","src":"","width":0,"height":0},"classes":[]},{"id":598,"url":"https:\/\/bukkleader.hu\/old\/meghivo-helyi-fejlesztesi-strategia-tervezesi-forumra-hernadkak\/","url_meta":{"origin":903,"position":5},"title":"Megh\u00edv\u00f3 Helyi Fejleszt\u00e9si Strat\u00e9gia tervez\u00e9si f\u00f3rumra &#8211; Hern\u00e1dkak","date":"2015-11-12","format":false,"excerpt":"Megh\u00edv\u00f3 Helyi Fejleszt\u00e9si Strat\u00e9gia tervez\u00e9si f\u00f3rumra - Hern\u00e1dkak. A mell\u00e9kelt megh\u00edv\u00f3 szerint. Minden \u00e9rdekl\u0151d\u0151t v\u00e1runk!Megh\u00edv\u00f3 let\u00f6lt\u00e9se itt\u203a\u203a","rel":"","context":"In &quot;H\u00edreink, k\u00f6zlem\u00e9nyeink&quot;","img":{"alt_text":"","src":"https:\/\/i1.wp.com\/bukkleader.hu\/old\/wp-content\/uploads\/2015\/11\/hernadkak-w.jpeg?resize=350%2C200&ssl=1","width":350,"height":200},"classes":[]}],"_links":{"self":[{"href":"https:\/\/bukkleader.hu\/old\/wp-json\/wp\/v2\/posts\/903"}],"collection":[{"href":"https:\/\/bukkleader.hu\/old\/wp-json\/wp\/v2\/posts"}],"about":[{"href":"https:\/\/bukkleader.hu\/old\/wp-json\/wp\/v2\/types\/post"}],"author":[{"embeddable":true,"href":"https:\/\/bukkleader.hu\/old\/wp-json\/wp\/v2\/users\/4"}],"replies":[{"embeddable":true,"href":"https:\/\/bukkleader.hu\/old\/wp-json\/wp\/v2\/comments?post=903"}],"version-history":[{"count":1,"href":"https:\/\/bukkleader.hu\/old\/wp-json\/wp\/v2\/posts\/903\/revisions"}],"predecessor-version":[{"id":905,"href":"https:\/\/bukkleader.hu\/old\/wp-json\/wp\/v2\/posts\/903\/revisions\/905"}],"wp:featuredmedia":[{"embeddable":true,"href":"https:\/\/bukkleader.hu\/old\/wp-json\/wp\/v2\/media\/904"}],"wp:attachment":[{"href":"https:\/\/bukkleader.hu\/old\/wp-json\/wp\/v2\/media?parent=903"}],"wp:term":[{"taxonomy":"category","embeddable":true,"href":"https:\/\/bukkleader.hu\/old\/wp-json\/wp\/v2\/categories?post=903"},{"taxonomy":"post_tag","embeddable":true,"href":"https:\/\/bukkleader.hu\/old\/wp-json\/wp\/v2\/tags?post=903"}],"curies":[{"name":"wp","href":"https:\/\/api.w.org\/{rel}","templated":true}]}}