{"id":8913,"date":"2022-07-21T10:28:22","date_gmt":"2022-07-21T08:28:22","guid":{"rendered":"https:\/\/bukkleader.hu\/old\/?p=8913"},"modified":"2022-07-21T10:28:23","modified_gmt":"2022-07-21T08:28:23","slug":"elado-beteti-tarsasag","status":"publish","type":"post","link":"https:\/\/bukkleader.hu\/old\/elado-beteti-tarsasag\/","title":{"rendered":"ELAD\u00d3 BET\u00c9TI T\u00c1RSAS\u00c1G!"},"content":{"rendered":"\n<p><strong>Tisztelt \u00c9rdekl\u0151d\u0151!<\/strong><\/p>\n<p>Elad\u00e1sra k\u00edn\u00e1ljuk az al\u00e1bbi bet\u00e9ti t\u00e1rsas\u00e1got:<\/p>\n<p><br \/>A c\u00e9g neve: <strong>Szab\u00f3 \u00e9s T\u00e1rsa Kereskedelmi \u00e9s Szolg\u00e1ltat\u00f3 Bt.<\/strong><br \/>C\u00e9gjegyz\u00e9ksz\u00e1m: 05-06-015083<br \/>Ad\u00f3sz\u00e1m: 22140458-1-05<br \/>Sz\u00e9khely: 3432 Em\u0151d, Patak u. 21.<\/p>\n<p><strong>Az al\u00e1bbi jelenlegi adatok emelhet\u0151k ki:<\/strong><br \/>A banksz\u00e1ml\u00e1j\u00e1n el\u00e9rhet\u0151 jelenlegi \u00f6sszeg 114 142 Ft.<br \/>Ad\u00f3foly\u00f3sz\u00e1ml\u00e1j\u00e1n 35 000 Ft t\u00falfizet\u00e9s van. <br \/>Lehet\u0151s\u00e9g van, megv\u00e1s\u00e1rl\u00e1s eset\u00e9n, hogy a vev\u0151 majd 173 810 Ft-ot ad\u00f3zatlanul kivehet, \u201etagi k\u00f6lcs\u00f6n visszafizet\u00e9se\u201d jogc\u00edmen.<br \/>2022-re a kamarai tagd\u00edj is fizetve.<br \/>A 2017 \u00f3ta negat\u00edv eredm\u00e9nyek oka, hogy att\u00f3l kezdve m\u00e1r nem volt tev\u00e9kenys\u00e9g a c\u00e9gben, betegs\u00e9g miatt.<\/p>\n<p>A fentiek alapj\u00e1n <strong>80 000 Ft az elad\u00e1si \u00e1r<\/strong>, de lehet megegyez\u00e9s alapj\u00e1n is meg\u00e1llapodni a v\u00e9teli \u00e1rban. <\/p>\n<p>El\u00e9rhet\u0151s\u00e9g: +36\/20-4329646<br \/>E-mail: <a href=\"mailto:szabobelaneili@gmail.com\">szabobelaneili@gmail.com<\/a><\/p>\n<div class=\"sharedaddy sd-sharing-enabled\"><div class=\"robots-nocontent sd-block sd-social sd-social-icon sd-sharing\"><h3 class=\"sd-title\">Share this:<\/h3><div class=\"sd-content\"><ul><li class=\"share-facebook\"><a rel=\"nofollow noopener noreferrer\" data-shared=\"sharing-facebook-8913\" class=\"share-facebook sd-button share-icon no-text\" href=\"https:\/\/bukkleader.hu\/old\/elado-beteti-tarsasag\/?share=facebook\" target=\"_blank\" title=\"Click to share on Facebook\"><span><\/span><span class=\"sharing-screen-reader-text\">Click to share on Facebook (Opens in new window)<\/span><\/a><\/li><li class=\"share-twitter\"><a rel=\"nofollow noopener noreferrer\" data-shared=\"sharing-twitter-8913\" class=\"share-twitter sd-button share-icon no-text\" href=\"https:\/\/bukkleader.hu\/old\/elado-beteti-tarsasag\/?share=twitter\" target=\"_blank\" title=\"Click to share on Twitter\"><span><\/span><span class=\"sharing-screen-reader-text\">Click to share on Twitter (Opens in new window)<\/span><\/a><\/li><li class=\"share-print\"><a rel=\"nofollow noopener noreferrer\" data-shared=\"\" class=\"share-print sd-button share-icon no-text\" href=\"https:\/\/bukkleader.hu\/old\/elado-beteti-tarsasag\/\" target=\"_blank\" title=\"Click to print\"><span><\/span><span class=\"sharing-screen-reader-text\">Click to print (Opens in new window)<\/span><\/a><\/li><li class=\"share-email\"><a rel=\"nofollow noopener noreferrer\" data-shared=\"\" class=\"share-email sd-button share-icon no-text\" href=\"https:\/\/bukkleader.hu\/old\/elado-beteti-tarsasag\/?share=email\" target=\"_blank\" title=\"Click to email this to a friend\"><span><\/span><span class=\"sharing-screen-reader-text\">Click to email this to a friend (Opens in new window)<\/span><\/a><\/li><li class=\"share-end\"><\/li><\/ul><\/div><\/div><\/div>","protected":false},"excerpt":{"rendered":"<p>Tisztelt \u00c9rdekl\u0151d\u0151! Elad\u00e1sra k\u00edn\u00e1ljuk az al\u00e1bbi bet\u00e9ti t\u00e1rsas\u00e1got: A c\u00e9g neve: Szab\u00f3 \u00e9s T\u00e1rsa Kereskedelmi \u00e9s Szolg\u00e1ltat\u00f3 Bt.C\u00e9gjegyz\u00e9ksz\u00e1m: 05-06-015083Ad\u00f3sz\u00e1m: 22140458-1-05Sz\u00e9khely: 3432 Em\u0151d, Patak u. 21. Az al\u00e1bbi jelenlegi adatok emelhet\u0151k ki:A banksz\u00e1ml\u00e1j\u00e1n el\u00e9rhet\u0151 jelenlegi \u00f6sszeg 114 142 Ft.Ad\u00f3foly\u00f3sz\u00e1ml\u00e1j\u00e1n 35 000 Ft t\u00falfizet\u00e9s van. Lehet\u0151s\u00e9g van, megv\u00e1s\u00e1rl\u00e1s eset\u00e9n, hogy a vev\u0151 majd 173 810 Ft-ot ad\u00f3zatlanul [&hellip;]<\/p>\n<div class=\"sharedaddy sd-sharing-enabled\"><div class=\"robots-nocontent sd-block sd-social sd-social-icon sd-sharing\"><h3 class=\"sd-title\">Share this:<\/h3><div class=\"sd-content\"><ul><li class=\"share-facebook\"><a rel=\"nofollow noopener noreferrer\" data-shared=\"sharing-facebook-8913\" class=\"share-facebook sd-button share-icon no-text\" href=\"https:\/\/bukkleader.hu\/old\/elado-beteti-tarsasag\/?share=facebook\" target=\"_blank\" title=\"Click to share on Facebook\"><span><\/span><span class=\"sharing-screen-reader-text\">Click to share on Facebook (Opens in new window)<\/span><\/a><\/li><li class=\"share-twitter\"><a rel=\"nofollow noopener noreferrer\" data-shared=\"sharing-twitter-8913\" class=\"share-twitter sd-button share-icon no-text\" href=\"https:\/\/bukkleader.hu\/old\/elado-beteti-tarsasag\/?share=twitter\" target=\"_blank\" title=\"Click to share on Twitter\"><span><\/span><span class=\"sharing-screen-reader-text\">Click to share on Twitter (Opens in new window)<\/span><\/a><\/li><li class=\"share-print\"><a rel=\"nofollow noopener noreferrer\" data-shared=\"\" class=\"share-print sd-button share-icon no-text\" href=\"https:\/\/bukkleader.hu\/old\/elado-beteti-tarsasag\/\" target=\"_blank\" title=\"Click to print\"><span><\/span><span class=\"sharing-screen-reader-text\">Click to print (Opens in new window)<\/span><\/a><\/li><li class=\"share-email\"><a rel=\"nofollow noopener noreferrer\" data-shared=\"\" class=\"share-email sd-button share-icon no-text\" href=\"https:\/\/bukkleader.hu\/old\/elado-beteti-tarsasag\/?share=email\" target=\"_blank\" title=\"Click to email this to a friend\"><span><\/span><span class=\"sharing-screen-reader-text\">Click to email this to a friend (Opens in new window)<\/span><\/a><\/li><li class=\"share-end\"><\/li><\/ul><\/div><\/div><\/div>","protected":false},"author":4,"featured_media":1484,"comment_status":"closed","ping_status":"closed","sticky":false,"template":"","format":"standard","meta":{"_bbp_topic_count":0,"_bbp_reply_count":0,"_bbp_total_topic_count":0,"_bbp_total_reply_count":0,"_bbp_voice_count":0,"_bbp_anonymous_reply_count":0,"_bbp_topic_count_hidden":0,"_bbp_reply_count_hidden":0,"_bbp_forum_subforum_count":0,"spay_email":"","jetpack_publicize_message":"","jetpack_is_tweetstorm":false,"jetpack_publicize_feature_enabled":true},"categories":[1],"tags":[],"jetpack_featured_media_url":"https:\/\/bukkleader.hu\/old\/wp-content\/uploads\/2017\/12\/danger.png","jetpack_publicize_connections":[],"jetpack_sharing_enabled":true,"jetpack-related-posts":[{"id":8828,"url":"https:\/\/bukkleader.hu\/old\/figyelem-elado-gyumolcsfeldolgozo-kisuzem-egyben-vagy-reszletekben\/","url_meta":{"origin":8913,"position":0},"title":"FIGYELEM! Elad\u00f3 gy\u00fcm\u00f6lcsfeldolgoz\u00f3 kis\u00fczem egyben vagy r\u00e9szletekben","date":"2022-06-01","format":false,"excerpt":"A B\u00fckk-T\u00e9rs\u00e9gi LEADER Egyes\u00fclet \u00e9rt\u00e9kes\u00edteni k\u00edv\u00e1nja\u00a0gy\u00fcm\u00f6lcsfeldolgoz\u00f3 kis\u00fczem\u00e9t, egyben vagy r\u00e9szenk\u00e9nt. A gy\u00fcm\u00f6lcsfeldolgoz\u00f3 kis\u00fczem az al\u00e1bbi egys\u00e9gekb\u0151l \u00e1ll: 1)\u00a0Subline S 13-13 b\u00fav\u00e1rszivatty\u00fa\u00a06\u201d Mot. al.Q=160 l\/minH=137 MVillamos teljes\u00edtm\u00e9ny: 5,5 kW3\u00d7400 V\u00c1ramfelv\u00e9tel: 12,5 AMax. emel\u0151magass\u00e1g: 204 mMax. sz\u00e1ll\u00edtott v\u00edzmennyis\u00e9g: 220 l\/minIde\u00e1lis munkapont: 160\/148 l\/p-m \u00c1r: nett\u00f3 436 000 Ft 2)\u00a0MCS 360 tart\u00e1ly\u00dasz\u00f3fedeles tart\u00e1ly\u2026","rel":"","context":"In &quot;H\u00edreink, k\u00f6zlem\u00e9nyeink&quot;","img":{"alt_text":"","src":"https:\/\/i0.wp.com\/bukkleader.hu\/old\/wp-content\/uploads\/2020\/10\/gyumolcsuzem2.jpg?resize=350%2C200&ssl=1","width":350,"height":200},"classes":[]},{"id":3527,"url":"https:\/\/bukkleader.hu\/old\/figyelem-elado-gyumolcsfeldolgozo-kisuzem-berendezese\/","url_meta":{"origin":8913,"position":1},"title":"FIGYELEM! Elad\u00f3 gy\u00fcm\u00f6lcsfeldolgoz\u00f3 kis\u00fczem egyben vagy r\u00e9szletekben","date":"2021-09-16","format":false,"excerpt":"A B\u00fckk-T\u00e9rs\u00e9gi LEADER Egyes\u00fclet \u00e9rt\u00e9kes\u00edteni k\u00edv\u00e1nja gy\u00fcm\u00f6lcsfeldolgoz\u00f3 kis\u00fczem\u00e9t, egyben vagy r\u00e9szenk\u00e9nt. A gy\u00fcm\u00f6lcsfeldolgoz\u00f3 kis\u00fczem az al\u00e1bbi egys\u00e9gekb\u0151l \u00e1ll: 1) Subline S 13-13 b\u00fav\u00e1rszivatty\u00fa 6\u201d Mot. al. Q=160 l\/min H=137 M Villamos teljes\u00edtm\u00e9ny: 5,5 kW 3x400 V \u00c1ramfelv\u00e9tel: 12,5 A Max. emel\u0151magass\u00e1g: 204 m Max. sz\u00e1ll\u00edtott v\u00edzmennyis\u00e9g: 220 l\/min Ide\u00e1lis munkapont:\u2026","rel":"","context":"In &quot;H\u00edreink, k\u00f6zlem\u00e9nyeink&quot;","img":{"alt_text":"","src":"https:\/\/i0.wp.com\/bukkleader.hu\/old\/wp-content\/uploads\/2020\/10\/gyumolcsuzem2.jpg?resize=350%2C200&ssl=1","width":350,"height":200},"classes":[]},{"id":1535,"url":"https:\/\/bukkleader.hu\/old\/tisztelt-palyazok-modosult-leader-tudomka-pontok-kialakitasa\/","url_meta":{"origin":8913,"position":2},"title":"Tisztelt P\u00e1ly\u00e1z\u00f3k!  M\u00f3dosult a LEADER TUDOMKA PONTOK KIALAK\u00cdT\u00c1SA felh\u00edv\u00e1s!","date":"2018-01-29","format":false,"excerpt":"Tisztelt P\u00e1ly\u00e1z\u00f3k! M\u00f3dosult a\u00a0LEADER TUDOMKA PONTOK KIALAK\u00cdT\u00c1SA (VP6-19.2.1.-15-1-17) helyi felh\u00edv\u00e1s: 1.2. A rendelkez\u00e9sre \u00e1ll\u00f3 forr\u00e1s 42 200 000 Ft-r\u00f3l 42 237 634 Ft-ra v\u00e1ltozott.\u00a0 A m\u00f3dosult felh\u00edv\u00e1s megtal\u00e1lhat\u00f3 a Magyar \u00c1llamkincst\u00e1r honlapj\u00e1n az al\u00e1bbi linken: https:\/\/www.mvh.allamkincstar.gov.hu\/leader-helyi-felhivasok","rel":"","context":"In &quot;H\u00edreink, k\u00f6zlem\u00e9nyeink&quot;","img":{"alt_text":"","src":"https:\/\/i2.wp.com\/bukkleader.hu\/old\/wp-content\/uploads\/2018\/01\/keny\u00e9rs\u00fct\u00e9s.jpg?resize=350%2C200&ssl=1","width":350,"height":200},"classes":[]},{"id":99,"url":"https:\/\/bukkleader.hu\/old\/2012-majus-01-2012-junius-30-idoszak\/","url_meta":{"origin":8913,"position":3},"title":"2012. m\u00e1jus 01. \u2013 2012. j\u00fanius 30. id\u0151szak","date":"2012-07-01","format":false,"excerpt":"A B\u00fckk-T\u00e9rs\u00e9gi LEADER Egyes\u00fclet az IH \u00e1ltal 2012. m\u00e1jus 1-i hat\u00e1llyal LEADER Helyi Akci\u00f3csoportk\u00e9nt elismer\u00e9sre ker\u00fclt \u00e9s \u00e1tvette a LEADER p\u00e1ly\u00e1zatokkal kapcsolatos feladatokat a B\u00dcKK-MAK LEADER Nonprofit Kft.-t\u0151l. Az Egyes\u00fclet a k\u00f6zgy\u0171l\u00e9s d\u00f6nt\u00e9se szerint saj\u00e1t munkaszervezetet alak\u00edtott, melyben a kor\u00e1bbi HACS munkat\u00e1rsai (\u00f6sszesen 8 f\u0151) a meg\u00e1llapod\u00e1ssal haszn\u00e1latba vett eszk\u00f6z\u00e1llom\u00e1nnyal,\u2026","rel":"","context":"In &quot;Munkabesz\u00e1mol\u00f3k&quot;","img":{"alt_text":"","src":"","width":0,"height":0},"classes":[]},{"id":182,"url":"https:\/\/bukkleader.hu\/old\/forrashiany-miatt-nincs-tamogatas\/","url_meta":{"origin":8913,"position":4},"title":"Forr\u00e1shi\u00e1ny miatt nincs t\u00e1mogat\u00e1s","date":"2012-06-09","format":false,"excerpt":"Forr\u00e1shi\u00e1ny miatt nem t\u00e1mogathat\u00f3ak a HACS ter\u00fclet\u00e9r\u0151l be\u00e9rkez\u0151 mikrov\u00e1llalkoz\u00e1s-fejleszt\u00e9si p\u00e1ly\u00e1zatokAz Eur\u00f3pai Mez\u0151gazdas\u00e1gi Vid\u00e9kfejleszt\u00e9si Alapb\u00f3l a mikrov\u00e1llalkoz\u00e1sok l\u00e9trehoz\u00e1s\u00e1ra \u00e9s fejleszt\u00e9s\u00e9re a 2012. \u00e9vben ny\u00fajtand\u00f3 t\u00e1mogat\u00e1sokr\u00f3l sz\u00f3l\u00f3 47\/2012. (V. 11.) VM rendelet 6. mell\u00e9klete szerint a kor\u00e1bbi B\u00dcKK-MAK LEADER Nonprofit Kft. \u2013 jelenleg B\u00fckk-T\u00e9rs\u00e9gi LEADER Egyes\u00fclet HACS ter\u00fclet\u00e9r\u0151l a 2012. j\u00faniusi t\u00e1mogat\u00e1si\u2026","rel":"","context":"In &quot;H\u00edreink, k\u00f6zlem\u00e9nyeink&quot;","img":{"alt_text":"felki\u00e1llt\u00f3 jel","src":"https:\/\/i0.wp.com\/bukkleader.hu\/old\/wp-content\/uploads\/2012\/06\/felkialto-jel384w.jpg?resize=350%2C200&ssl=1","width":350,"height":200},"classes":[]},{"id":266,"url":"https:\/\/bukkleader.hu\/old\/2012-oktober-25-i-hacs-eloadasok-bemutatoi\/","url_meta":{"origin":8913,"position":5},"title":"2012. okt\u00f3ber 25-i HACS el\u0151ad\u00e1sok bemutat\u00f3i","date":"2012-10-30","format":false,"excerpt":"Let\u00f6lthet\u0151k az okt\u00f3ber 25-i HACS szakmai f\u00f3rumon elhangzott el\u0151ad\u00e1sok bemutat\u00f3iA B\u00fckk-T\u00e9rs\u00e9gi LEADER Egyes\u00fclet a 2012. okt\u00f3ber 25-\u00e9n a b\u0151csi Faluh\u00e1zban szakmai f\u00f3rumot tartott a tagjai \u00e9s potenci\u00e1lis p\u00e1ly\u00e1z\u00f3i r\u00e9sz\u00e9re (megh\u00edv\u00f3 let\u00f6lt\u00e9se >>). A f\u00f3rumon a HACS munkat\u00e1rsai bemutatt\u00e1k a 2012. november 15-ig p\u00e1ly\u00e1zhat\u00f3 EMVA III. falumeg\u00faj\u00edt\u00e1s \u00e9s \u2013fejleszt\u00e9s jogc\u00edm t\u00e1mogat\u00e1si\u2026","rel":"","context":"In &quot;H\u00edreink, k\u00f6zlem\u00e9nyeink&quot;","img":{"alt_text":"eu-kohezio-w","src":"https:\/\/i2.wp.com\/bukkleader.hu\/old\/wp-content\/uploads\/2015\/09\/eu-kohezio-w.jpg?resize=350%2C200&ssl=1","width":350,"height":200},"classes":[]}],"_links":{"self":[{"href":"https:\/\/bukkleader.hu\/old\/wp-json\/wp\/v2\/posts\/8913"}],"collection":[{"href":"https:\/\/bukkleader.hu\/old\/wp-json\/wp\/v2\/posts"}],"about":[{"href":"https:\/\/bukkleader.hu\/old\/wp-json\/wp\/v2\/types\/post"}],"author":[{"embeddable":true,"href":"https:\/\/bukkleader.hu\/old\/wp-json\/wp\/v2\/users\/4"}],"replies":[{"embeddable":true,"href":"https:\/\/bukkleader.hu\/old\/wp-json\/wp\/v2\/comments?post=8913"}],"version-history":[{"count":1,"href":"https:\/\/bukkleader.hu\/old\/wp-json\/wp\/v2\/posts\/8913\/revisions"}],"predecessor-version":[{"id":8914,"href":"https:\/\/bukkleader.hu\/old\/wp-json\/wp\/v2\/posts\/8913\/revisions\/8914"}],"wp:featuredmedia":[{"embeddable":true,"href":"https:\/\/bukkleader.hu\/old\/wp-json\/wp\/v2\/media\/1484"}],"wp:attachment":[{"href":"https:\/\/bukkleader.hu\/old\/wp-json\/wp\/v2\/media?parent=8913"}],"wp:term":[{"taxonomy":"category","embeddable":true,"href":"https:\/\/bukkleader.hu\/old\/wp-json\/wp\/v2\/categories?post=8913"},{"taxonomy":"post_tag","embeddable":true,"href":"https:\/\/bukkleader.hu\/old\/wp-json\/wp\/v2\/tags?post=8913"}],"curies":[{"name":"wp","href":"https:\/\/api.w.org\/{rel}","templated":true}]}}