{"id":890,"date":"2016-05-05T07:51:38","date_gmt":"2016-05-05T05:51:38","guid":{"rendered":"https:\/\/bukkleader.hu\/old\/?p=890"},"modified":"2016-11-03T07:38:57","modified_gmt":"2016-11-03T06:38:57","slug":"utolso-8-oras-zold-konyv-frissites-tovabbkepzes","status":"publish","type":"post","link":"https:\/\/bukkleader.hu\/old\/utolso-8-oras-zold-konyv-frissites-tovabbkepzes\/","title":{"rendered":"Utols\u00f3 8 \u00f3r\u00e1s (z\u00f6ld k\u00f6nyv friss\u00edt\u00e9s) tov\u00e1bbk\u00e9pz\u00e9s"},"content":{"rendered":"<p>Tisztelt Mez\u0151gazdas\u00e1gi Termel\u0151 \u00e9s Kerttulajdonos Tagjaink!\u00a0<\/p>\n<p>A Nemzeti Agr\u00e1rgazdas\u00e1gi Kamara BAZ Megyei Szervezete az al\u00e1bbi inform\u00e1ci\u00f3t tette k\u00f6zz\u00e9:<\/p>\n<p>&#8220;A tervezett\u0151l elt\u00e9r\u0151en val\u00f3sz\u00edn\u0171leg <u>m\u00e9g egy\u00a0 <strong>8 \u00f3r\u00e1s! (z\u00f6ld k\u00f6nyv friss\u00edt\u00e9s<\/strong>) <strong>tov\u00e1bbk\u00e9pz\u00e9s<\/strong> fog indulni<\/u><\/p>\n<p>azok sz\u00e1m\u00e1ra akik lemaradtak az el\u0151z\u0151ekr\u0151l, vagy &#8220;leporolj\u00e1k&#8221; a t\u00f6bb \u00e9ve nem \u00faj\u00edtott jogosults\u00e1gukat a rendelet szigor\u00edt\u00e1sa miatt.<\/p>\n<p>( <em>ez val\u00f3sz\u00edn\u0171 m\u00e1r az utols\u00f3 lesz, \u00e9rdemes miel\u0151bb bejelentkezni, hogy ne maradjon le akit \u00e9rdekel) &#8220;<\/em><\/p>\n<p><u>Jelentkez\u00e9s<\/u> tov\u00e1bbra is az al\u00e1bbi sz\u00e1mon: <br \/>06<strong> 30 908-5869\u00a0<\/strong><\/p>\n<p>&nbsp;<\/p>\n<div class=\"sharedaddy sd-sharing-enabled\"><div class=\"robots-nocontent sd-block sd-social sd-social-icon sd-sharing\"><h3 class=\"sd-title\">Share this:<\/h3><div class=\"sd-content\"><ul><li class=\"share-facebook\"><a rel=\"nofollow noopener noreferrer\" data-shared=\"sharing-facebook-890\" class=\"share-facebook sd-button share-icon no-text\" href=\"https:\/\/bukkleader.hu\/old\/utolso-8-oras-zold-konyv-frissites-tovabbkepzes\/?share=facebook\" target=\"_blank\" title=\"Click to share on Facebook\"><span><\/span><span class=\"sharing-screen-reader-text\">Click to share on Facebook (Opens in new window)<\/span><\/a><\/li><li class=\"share-twitter\"><a rel=\"nofollow noopener noreferrer\" data-shared=\"sharing-twitter-890\" class=\"share-twitter sd-button share-icon no-text\" href=\"https:\/\/bukkleader.hu\/old\/utolso-8-oras-zold-konyv-frissites-tovabbkepzes\/?share=twitter\" target=\"_blank\" title=\"Click to share on Twitter\"><span><\/span><span class=\"sharing-screen-reader-text\">Click to share on Twitter (Opens in new window)<\/span><\/a><\/li><li class=\"share-print\"><a rel=\"nofollow noopener noreferrer\" data-shared=\"\" class=\"share-print sd-button share-icon no-text\" href=\"https:\/\/bukkleader.hu\/old\/utolso-8-oras-zold-konyv-frissites-tovabbkepzes\/\" target=\"_blank\" title=\"Click to print\"><span><\/span><span class=\"sharing-screen-reader-text\">Click to print (Opens in new window)<\/span><\/a><\/li><li class=\"share-email\"><a rel=\"nofollow noopener noreferrer\" data-shared=\"\" class=\"share-email sd-button share-icon no-text\" href=\"https:\/\/bukkleader.hu\/old\/utolso-8-oras-zold-konyv-frissites-tovabbkepzes\/?share=email\" target=\"_blank\" title=\"Click to email this to a friend\"><span><\/span><span class=\"sharing-screen-reader-text\">Click to email this to a friend (Opens in new window)<\/span><\/a><\/li><li class=\"share-end\"><\/li><\/ul><\/div><\/div><\/div>","protected":false},"excerpt":{"rendered":"<p>Tisztelt Mez\u0151gazdas\u00e1gi Termel\u0151 \u00e9s Kerttulajdonos Tagjaink!\u00a0 A Nemzeti Agr\u00e1rgazdas\u00e1gi Kamara BAZ Megyei Szervezete az al\u00e1bbi inform\u00e1ci\u00f3t tette k\u00f6zz\u00e9: &#8220;A tervezett\u0151l elt\u00e9r\u0151en val\u00f3sz\u00edn\u0171leg m\u00e9g egy\u00a0 8 \u00f3r\u00e1s! (z\u00f6ld k\u00f6nyv friss\u00edt\u00e9s) tov\u00e1bbk\u00e9pz\u00e9s fog indulni azok sz\u00e1m\u00e1ra akik lemaradtak az el\u0151z\u0151ekr\u0151l, vagy &#8220;leporolj\u00e1k&#8221; a t\u00f6bb \u00e9ve nem \u00faj\u00edtott jogosults\u00e1gukat a rendelet szigor\u00edt\u00e1sa miatt. ( ez val\u00f3sz\u00edn\u0171 m\u00e1r az [&hellip;]<\/p>\n<div class=\"sharedaddy sd-sharing-enabled\"><div class=\"robots-nocontent sd-block sd-social sd-social-icon sd-sharing\"><h3 class=\"sd-title\">Share this:<\/h3><div class=\"sd-content\"><ul><li class=\"share-facebook\"><a rel=\"nofollow noopener noreferrer\" data-shared=\"sharing-facebook-890\" class=\"share-facebook sd-button share-icon no-text\" href=\"https:\/\/bukkleader.hu\/old\/utolso-8-oras-zold-konyv-frissites-tovabbkepzes\/?share=facebook\" target=\"_blank\" title=\"Click to share on Facebook\"><span><\/span><span class=\"sharing-screen-reader-text\">Click to share on Facebook (Opens in new window)<\/span><\/a><\/li><li class=\"share-twitter\"><a rel=\"nofollow noopener noreferrer\" data-shared=\"sharing-twitter-890\" class=\"share-twitter sd-button share-icon no-text\" href=\"https:\/\/bukkleader.hu\/old\/utolso-8-oras-zold-konyv-frissites-tovabbkepzes\/?share=twitter\" target=\"_blank\" title=\"Click to share on Twitter\"><span><\/span><span class=\"sharing-screen-reader-text\">Click to share on Twitter (Opens in new window)<\/span><\/a><\/li><li class=\"share-print\"><a rel=\"nofollow noopener noreferrer\" data-shared=\"\" class=\"share-print sd-button share-icon no-text\" href=\"https:\/\/bukkleader.hu\/old\/utolso-8-oras-zold-konyv-frissites-tovabbkepzes\/\" target=\"_blank\" title=\"Click to print\"><span><\/span><span class=\"sharing-screen-reader-text\">Click to print (Opens in new window)<\/span><\/a><\/li><li class=\"share-email\"><a rel=\"nofollow noopener noreferrer\" data-shared=\"\" class=\"share-email sd-button share-icon no-text\" href=\"https:\/\/bukkleader.hu\/old\/utolso-8-oras-zold-konyv-frissites-tovabbkepzes\/?share=email\" target=\"_blank\" title=\"Click to email this to a friend\"><span><\/span><span class=\"sharing-screen-reader-text\">Click to email this to a friend (Opens in new window)<\/span><\/a><\/li><li class=\"share-end\"><\/li><\/ul><\/div><\/div><\/div>","protected":false},"author":4,"featured_media":1191,"comment_status":"open","ping_status":"closed","sticky":false,"template":"","format":"standard","meta":{"_bbp_topic_count":0,"_bbp_reply_count":0,"_bbp_total_topic_count":0,"_bbp_total_reply_count":0,"_bbp_voice_count":0,"_bbp_anonymous_reply_count":0,"_bbp_topic_count_hidden":0,"_bbp_reply_count_hidden":0,"_bbp_forum_subforum_count":0,"spay_email":"","jetpack_publicize_message":"","jetpack_is_tweetstorm":false,"jetpack_publicize_feature_enabled":true},"categories":[1],"tags":[],"jetpack_featured_media_url":"https:\/\/bukkleader.hu\/old\/wp-content\/uploads\/2016\/05\/n\u00f6v\u00e9nyv\u00e9delem.png","jetpack_publicize_connections":[],"jetpack_sharing_enabled":true,"jetpack-related-posts":[{"id":462,"url":"https:\/\/bukkleader.hu\/old\/gyogynovenytermesztes-borsodban\/","url_meta":{"origin":890,"position":0},"title":"Gy\u00f3gyn\u00f6v\u00e9nytermeszt\u00e9s Borsodban","date":"2015-04-08","format":false,"excerpt":"200 \u00f3r\u00e1s, \"Gy\u00f3gyn\u00f6v\u00e9nytermeszt\u00e9s Borsodban\" c. k\u00e9pz\u00e9s indul B\u00fckkaranyosonA B\u00fckk-Hegys\u00e9gi Meg\u00fajul\u00f3 Energi\u00e1k Iskol\u00e1k Alap\u00edtv\u00e1nya az \"\u00daj Hold h\u00e1za, eg\u00e9szs\u00e9gmeg\u0151rz\u0151 \u00e9s k\u00f6z\u00f6ss\u00e9gi szolg\u00e1ltat\u00e1sok k\u00f6zpontj\u00e1nak \u00e9s fenntarthat\u00f3s\u00e1g\u00e1nak kialak\u00edt\u00e1sa\u00a0 egy\u00fcttm\u0171k\u00f6d\u00e9s keret\u00e9ben\" c. projekt keret\u00e9ben egy 200 \u00f3r\u00e1s k\u00e9pz\u00e9st szervez \"Gy\u00f3gyn\u00f6v\u00e9nytermeszt\u00e9s Borsodban\" c\u00edmmel.A k\u00e9pz\u00e9s id\u0151pontja: 2015.04.28-2015.05.30.,Helysz\u00edn: B\u00fckkaranyos.T\u00e9m\u00e1k:1. N\u00f6v\u00e9nytani \u00e9s gy\u00f3gyn\u00f6v\u00e9nyismeret,2. Gy\u00f3gyn\u00f6v\u00e9nyek gy\u0171jt\u00e9se,3. Gy\u00f3gyn\u00f6v\u00e9nyek feldolgoz\u00e1sa,4. Drogismeret,\u2026","rel":"","context":"In &quot;H\u00edreink, k\u00f6zlem\u00e9nyeink&quot;","img":{"alt_text":"logo_ujhold-w","src":"https:\/\/i1.wp.com\/bukkleader.hu\/old\/wp-content\/uploads\/2015\/09\/logo_ujhold-w.jpg?resize=350%2C200&ssl=1","width":350,"height":200},"classes":[]},{"id":5748,"url":"https:\/\/bukkleader.hu\/old\/leader-tematikus-kozpont-altal-szervezett-kepzes-malyiban-2020-marcius-8-an\/","url_meta":{"origin":890,"position":1},"title":"LEADER Tematikus K\u00f6zpont \u00e1ltal szervezett k\u00e9pz\u00e9s M\u00e1lyiban 2020. m\u00e1rcius 8-\u00e1n","date":"2021-02-03","format":false,"excerpt":"Figyelem! A 2021. m\u00e1rcius 8-\u00e1n \u00e9letbe l\u00e9p\u0151, a Covid-19 j\u00e1rv\u00e1nnyal kapcsolatos int\u00e9zked\u00e9sek miatt az al\u00e1bbi program elmarad. K\u00e9rem, hogy tov\u00e1bbi inform\u00e1ci\u00f3\u00e9rt\u00a0 a programmal kapcsolatban k\u00eds\u00e9rj\u00e9k figyelemmel honlapunkat! L\u00e1sd m\u00e9g \"A LEADER Tudomka Tematikus K\u00f6zpont t\u00e1j\u00e9koztat\u00e1sa digit\u00e1lis tanrendre t\u00f6rt\u00e9n\u0151 \u00e1t\u00e1ll\u00e1sr\u00f3l, k\u00e9pz\u00e9s elmarad\u00e1s\u00e1r\u00f3l\" c\u00edm\u0171 h\u00edr\u00fcnket! *** A B\u00fckki Lovas Postakocsi Egyes\u00fclet\u00a0tisztelettel megh\u00edvja\u2026","rel":"","context":"In &quot;H\u00edreink, k\u00f6zlem\u00e9nyeink&quot;","img":{"alt_text":"","src":"https:\/\/i1.wp.com\/bukkleader.hu\/old\/wp-content\/uploads\/2020\/10\/elmarad.jpg?resize=350%2C200&ssl=1","width":350,"height":200},"classes":[]},{"id":392,"url":"https:\/\/bukkleader.hu\/old\/kozossegi-animator-kepzes-indul\/","url_meta":{"origin":890,"position":2},"title":"K\u00f6z\u00f6ss\u00e9gi anim\u00e1tor k\u00e9pz\u00e9s indul","date":"2014-07-03","format":false,"excerpt":"A Nemzeti Agr\u00e1rszaktan\u00e1csad\u00e1si, K\u00e9pz\u00e9si \u00e9s Vid\u00e9kfejleszt\u00e9si Int\u00e9zet (NAKVI) helyi k\u00f6z\u00f6ss\u00e9g- \u00e9s vid\u00e9kfejleszt\u0151 szakemberek,az \u00fajonnan l\u00e9trej\u00f6v\u0151 t\u00f6bbfunkci\u00f3s szolg\u00e1ltat\u00f3 k\u00f6zpontok, illetve az Integr\u00e1lt K\u00f6z\u00f6ss\u00e9gi \u00e9s Szolg\u00e1ltat\u00f3 Terek (IKSZT-k) munkat\u00e1rsai r\u00e9sz\u00e9re akkredit\u00e1lt 40 \u00f3r\u00e1s k\u00f6z\u00f6ss\u00e9gi anim\u00e1tor k\u00e9pz\u00e9st ind\u00edt 2014. j\u00falius-augusztus h\u00f3nap folyam\u00e1n.Tov\u00e1bbi inform\u00e1ci\u00f3k az umvp.eu weboldalon>>","rel":"","context":"In &quot;H\u00edreink, k\u00f6zlem\u00e9nyeink&quot;","img":{"alt_text":"ikszt.logo","src":"https:\/\/i2.wp.com\/bukkleader.hu\/old\/wp-content\/uploads\/2015\/09\/ikszt.logo_1.jpg?resize=350%2C200&ssl=1","width":350,"height":200},"classes":[]},{"id":371,"url":"https:\/\/bukkleader.hu\/old\/kifizetesi-kerelem-benyujtasi-idoszak-2014-februar-01-2014-majus-31\/","url_meta":{"origin":890,"position":3},"title":"Kifizet\u00e9si k\u00e9relem beny\u00fajt\u00e1si id\u0151szak: 2014. febru\u00e1r 01. \u2013 2014. m\u00e1jus 31.","date":"2014-02-28","format":false,"excerpt":"A HACS illet\u00e9kess\u00e9gi k\u00f6r\u00e9be tartoz\u00f3, t\u00e1mogatott int\u00e9zked\u00e9sek vonatkoz\u00e1s\u00e1ban a 2014. febru\u00e1r 01. \u2013 2014. m\u00e1jus 31. id\u0151szakban beny\u00fajthat\u00f3k a megval\u00f3s\u00edtott vagy megval\u00f3s\u00edt\u00e1s alatt \u00e1ll\u00f3 projektek kifizet\u00e9si k\u00e9relmei, az al\u00e1bbi el\u0151\u00edr\u00e1sok alapj\u00e1n:A Helyi Vid\u00e9kfejleszt\u00e9si Strat\u00e9gi\u00e1k LEADER fejezet\u00e9nek v\u00e9grehajt\u00e1s\u00e1hoz ny\u00fajtand\u00f3 t\u00e1mogat\u00e1s: 13\/2014. (I.22.) sz\u00e1m\u00fa MVH K\u00f6zlem\u00e9ny >>A turisztikai tev\u00e9kenys\u00e9gek \u00f6szt\u00f6nz\u00e9s\u00e9hez ny\u00fajtand\u00f3 t\u00e1mogat\u00e1s:\u2026","rel":"","context":"In &quot;H\u00edreink, k\u00f6zlem\u00e9nyeink&quot;","img":{"alt_text":"felki\u00e1llt\u00f3 jel","src":"https:\/\/i0.wp.com\/bukkleader.hu\/old\/wp-content\/uploads\/2012\/06\/felkialto-jel384w.jpg?resize=350%2C200&ssl=1","width":350,"height":200},"classes":[]},{"id":5784,"url":"https:\/\/bukkleader.hu\/old\/figyelem-a-koronavirussal-kapcsolatos-veszelyhelyzet-miatt-a-szemelyes-ugyfelfogadas-szunetel-irodankban-3\/","url_meta":{"origin":890,"position":4},"title":"FIGYELEM! A koronav\u00edrussal kapcsolatos vesz\u00e9lyhelyzet miatt a szem\u00e9lyes \u00fcgyf\u00e9lfogad\u00e1s sz\u00fcnetel irod\u00e1nkban","date":"2021-03-08","format":false,"excerpt":"Tisztelt \u00dcgyfeleink! A koronav\u00edrussal kapcsolatos vesz\u00e9lyhelyzetre val\u00f3 tekintettel\u00a02021. m\u00e1rcius 8-adik\u00e1t\u00f3l irod\u00e1nk a szem\u00e9lyes \u00fcgyf\u00e9lfogad\u00e1st felf\u00fcggeszti. Ezek helyett telefonon vagy e-mailben tudunk k\u00e9rd\u00e9seikre v\u00e1laszolni, inform\u00e1ci\u00f3kkal szolg\u00e1lni az al\u00e1bbi el\u00e9rhet\u0151s\u00e9geinken: Telefon:\u00a006 46 576 280 (h\u00e9tf\u0151t\u0151l p\u00e9ntekig 8:00-16:00 k\u00f6z\u00f6tt) E-mail:\u00a0hacs@bukkleader.hu Jelen int\u00e9zked\u00e9s visszavon\u00e1sig \u00e9rv\u00e9nyes. Meg\u00e9rt\u00e9s\u00fcket k\u00f6sz\u00f6nj\u00fck!","rel":"","context":"In &quot;H\u00edreink, k\u00f6zlem\u00e9nyeink&quot;","img":{"alt_text":"inform\u00e1ci\u00f3","src":"https:\/\/i1.wp.com\/bukkleader.hu\/old\/wp-content\/uploads\/2012\/06\/info384w.jpg?resize=350%2C200&ssl=1","width":350,"height":200},"classes":[]},{"id":5756,"url":"https:\/\/bukkleader.hu\/old\/leader-tematikus-kozpont-altal-szervezett-kepzes-bukkaranyoson-2020-marcius-9-en\/","url_meta":{"origin":890,"position":5},"title":"LEADER Tematikus K\u00f6zpont \u00e1ltal szervezett k\u00e9pz\u00e9s B\u00fckkaranyoson 2020. m\u00e1rcius 9-\u00e9n","date":"2021-02-03","format":false,"excerpt":"Figyelem! A 2021. m\u00e1rcius 8-\u00e1n \u00e9letbe l\u00e9p\u0151, a Covid-19 j\u00e1rv\u00e1nnyal kapcsolatos int\u00e9zked\u00e9sek miatt az al\u00e1bbi program elmarad. K\u00e9rem, hogy tov\u00e1bbi inform\u00e1ci\u00f3\u00e9rt\u00a0 a programmal kapcsolatban k\u00eds\u00e9rj\u00e9k figyelemmel honlapunkat! L\u00e1sd m\u00e9g \u201cA LEADER Tudomka Tematikus K\u00f6zpont t\u00e1j\u00e9koztat\u00e1sa digit\u00e1lis tanrendre t\u00f6rt\u00e9n\u0151 \u00e1t\u00e1ll\u00e1sr\u00f3l, k\u00e9pz\u00e9s elmarad\u00e1s\u00e1r\u00f3l\u201d c\u00edm\u0171 h\u00edr\u00fcnket! *** A B\u00fckki Lovas Postakocsi Egyes\u00fclet\u00a0tisztelettel megh\u00edvja\u2026","rel":"","context":"In &quot;H\u00edreink, k\u00f6zlem\u00e9nyeink&quot;","img":{"alt_text":"","src":"https:\/\/i1.wp.com\/bukkleader.hu\/old\/wp-content\/uploads\/2020\/10\/elmarad.jpg?resize=350%2C200&ssl=1","width":350,"height":200},"classes":[]}],"_links":{"self":[{"href":"https:\/\/bukkleader.hu\/old\/wp-json\/wp\/v2\/posts\/890"}],"collection":[{"href":"https:\/\/bukkleader.hu\/old\/wp-json\/wp\/v2\/posts"}],"about":[{"href":"https:\/\/bukkleader.hu\/old\/wp-json\/wp\/v2\/types\/post"}],"author":[{"embeddable":true,"href":"https:\/\/bukkleader.hu\/old\/wp-json\/wp\/v2\/users\/4"}],"replies":[{"embeddable":true,"href":"https:\/\/bukkleader.hu\/old\/wp-json\/wp\/v2\/comments?post=890"}],"version-history":[{"count":3,"href":"https:\/\/bukkleader.hu\/old\/wp-json\/wp\/v2\/posts\/890\/revisions"}],"predecessor-version":[{"id":894,"href":"https:\/\/bukkleader.hu\/old\/wp-json\/wp\/v2\/posts\/890\/revisions\/894"}],"wp:featuredmedia":[{"embeddable":true,"href":"https:\/\/bukkleader.hu\/old\/wp-json\/wp\/v2\/media\/1191"}],"wp:attachment":[{"href":"https:\/\/bukkleader.hu\/old\/wp-json\/wp\/v2\/media?parent=890"}],"wp:term":[{"taxonomy":"category","embeddable":true,"href":"https:\/\/bukkleader.hu\/old\/wp-json\/wp\/v2\/categories?post=890"},{"taxonomy":"post_tag","embeddable":true,"href":"https:\/\/bukkleader.hu\/old\/wp-json\/wp\/v2\/tags?post=890"}],"curies":[{"name":"wp","href":"https:\/\/api.w.org\/{rel}","templated":true}]}}