{"id":8828,"date":"2022-06-01T08:55:51","date_gmt":"2022-06-01T06:55:51","guid":{"rendered":"https:\/\/bukkleader.hu\/old\/?p=8828"},"modified":"2022-06-01T08:55:53","modified_gmt":"2022-06-01T06:55:53","slug":"figyelem-elado-gyumolcsfeldolgozo-kisuzem-egyben-vagy-reszletekben","status":"publish","type":"post","link":"https:\/\/bukkleader.hu\/old\/figyelem-elado-gyumolcsfeldolgozo-kisuzem-egyben-vagy-reszletekben\/","title":{"rendered":"FIGYELEM! Elad\u00f3 gy\u00fcm\u00f6lcsfeldolgoz\u00f3 kis\u00fczem egyben vagy r\u00e9szletekben"},"content":{"rendered":"\n<p>A B\u00fckk-T\u00e9rs\u00e9gi LEADER Egyes\u00fclet \u00e9rt\u00e9kes\u00edteni k\u00edv\u00e1nja&nbsp;<strong>gy\u00fcm\u00f6lcsfeldolgoz\u00f3 kis\u00fczem\u00e9t, egyben vagy r\u00e9szenk\u00e9nt.<\/strong><\/p>\n\n\n\n<p>A gy\u00fcm\u00f6lcsfeldolgoz\u00f3 kis\u00fczem az al\u00e1bbi egys\u00e9gekb\u0151l \u00e1ll:<\/p>\n\n\n\n<p>1)&nbsp;<strong>Subline S 13-13 b\u00fav\u00e1rszivatty\u00fa<\/strong>&nbsp;6\u201d Mot. al.<br \/>Q=160 l\/min<br \/>H=137 M<br \/>Villamos teljes\u00edtm\u00e9ny: 5,5 kW<br \/>3\u00d7400 V<br \/>\u00c1ramfelv\u00e9tel: 12,5 A<br \/>Max. emel\u0151magass\u00e1g: 204 m<br \/>Max. sz\u00e1ll\u00edtott v\u00edzmennyis\u00e9g: 220 l\/min<br \/>Ide\u00e1lis munkapont: 160\/148 l\/p-m<\/p>\n\n\n\n<p><strong>\u00c1r: nett\u00f3 436 000 Ft<\/strong><\/p>\n\n\n\n<figure class=\"wp-block-image size-large\"><a href=\"https:\/\/bukkleader.hu\/old\/wp-content\/uploads\/2020\/10\/Subline-S-13-13-b\u00fav\u00e1rszivatty\u00fa-1-kisebb.jpg\"><img data-attachment-id=\"3534\" data-permalink=\"https:\/\/bukkleader.hu\/old\/figyelem-elado-gyumolcsfeldolgozo-kisuzem-berendezese\/subline-s-13-13-buvarszivattyu-1-kisebb\/\" data-orig-file=\"https:\/\/bukkleader.hu\/old\/wp-content\/uploads\/2020\/10\/Subline-S-13-13-b\u00fav\u00e1rszivatty\u00fa-1-kisebb.jpg\" data-orig-size=\"3968,2976\" data-comments-opened=\"1\" data-image-meta=\"{&quot;aperture&quot;:&quot;0&quot;,&quot;credit&quot;:&quot;&quot;,&quot;camera&quot;:&quot;&quot;,&quot;caption&quot;:&quot;&quot;,&quot;created_timestamp&quot;:&quot;0&quot;,&quot;copyright&quot;:&quot;&quot;,&quot;focal_length&quot;:&quot;0&quot;,&quot;iso&quot;:&quot;0&quot;,&quot;shutter_speed&quot;:&quot;0&quot;,&quot;title&quot;:&quot;&quot;,&quot;orientation&quot;:&quot;0&quot;}\" data-image-title=\"Subline S 13-13 b\u00fav\u00e1rszivatty\u00fa (1) kisebb\" data-image-description=\"\" data-image-caption=\"\" data-medium-file=\"https:\/\/bukkleader.hu\/old\/wp-content\/uploads\/2020\/10\/Subline-S-13-13-b\u00fav\u00e1rszivatty\u00fa-1-kisebb-300x225.jpg\" data-large-file=\"https:\/\/bukkleader.hu\/old\/wp-content\/uploads\/2020\/10\/Subline-S-13-13-b\u00fav\u00e1rszivatty\u00fa-1-kisebb-1024x768.jpg\" loading=\"lazy\" width=\"1024\" height=\"768\" src=\"https:\/\/bukkleader.hu\/old\/wp-content\/uploads\/2020\/10\/Subline-S-13-13-b\u00fav\u00e1rszivatty\u00fa-1-kisebb-1024x768.jpg\" alt=\"\" class=\"wp-image-3534\" srcset=\"https:\/\/bukkleader.hu\/old\/wp-content\/uploads\/2020\/10\/Subline-S-13-13-b\u00fav\u00e1rszivatty\u00fa-1-kisebb-1024x768.jpg 1024w, https:\/\/bukkleader.hu\/old\/wp-content\/uploads\/2020\/10\/Subline-S-13-13-b\u00fav\u00e1rszivatty\u00fa-1-kisebb-300x225.jpg 300w, https:\/\/bukkleader.hu\/old\/wp-content\/uploads\/2020\/10\/Subline-S-13-13-b\u00fav\u00e1rszivatty\u00fa-1-kisebb-768x576.jpg 768w\" sizes=\"(max-width: 1024px) 100vw, 1024px\" \/><\/a><\/figure>\n\n\n\n<p>2)&nbsp;<strong>MCS 360 tart\u00e1ly<\/strong><br \/>\u00dasz\u00f3fedeles tart\u00e1ly rozsdamentes ac\u00e9lb\u00f3l als\u00f3 \u00fcr\u00edt\u0151 csappal, sz\u00ednel\u0151 csappal.<br \/>Kivitel: l\u00e1bon \u00e1ll\u00f3.<br \/>H\u0151szigetel\u00e9s: Igen.<br \/>T\u00f6lt\u00e9si t\u00e9rfogat: 360 l.<br \/>\u00c1tm\u00e9r\u0151: 71,6 cm<br \/>Magass\u00e1g: 100 cm<br \/>L\u00e1b: 29 cm<br \/>Tartoz\u00e9kok: tart\u00e1ly, pormentes\u00edt\u0151 fed\u00e9l, \u00fasz\u00f3fed\u00e9l, l\u00e9gt\u00f6ml\u0151, pumpa, l\u00e9gz\u0151szelep, als\u00f3 kifoly\u00f3csap \u00be\u201d, oldals\u00f3 mintavev\u0151 csap \u00bd\u201d, sz\u00ednel\u0151csap \u00bd\u201d, fedelet \u00e9s l\u00e9gt\u00f6ml\u0151t \u00f6sszek\u00f6t\u0151 m\u0171anyag cs\u0151<\/p>\n\n\n\n<p><strong>\u00c1r: nett\u00f3 1 500 000 Ft<\/strong><\/p>\n\n\n\n<figure class=\"wp-block-image size-large\"><a href=\"https:\/\/bukkleader.hu\/old\/wp-content\/uploads\/2020\/10\/MCS-360-tart\u00e1ly-kisebb.jpg\"><img data-attachment-id=\"3533\" data-permalink=\"https:\/\/bukkleader.hu\/old\/figyelem-elado-gyumolcsfeldolgozo-kisuzem-berendezese\/mcs-360-tartaly-kisebb\/\" data-orig-file=\"https:\/\/bukkleader.hu\/old\/wp-content\/uploads\/2020\/10\/MCS-360-tart\u00e1ly-kisebb.jpg\" data-orig-size=\"2976,3968\" data-comments-opened=\"1\" data-image-meta=\"{&quot;aperture&quot;:&quot;0&quot;,&quot;credit&quot;:&quot;&quot;,&quot;camera&quot;:&quot;&quot;,&quot;caption&quot;:&quot;&quot;,&quot;created_timestamp&quot;:&quot;0&quot;,&quot;copyright&quot;:&quot;&quot;,&quot;focal_length&quot;:&quot;0&quot;,&quot;iso&quot;:&quot;0&quot;,&quot;shutter_speed&quot;:&quot;0&quot;,&quot;title&quot;:&quot;&quot;,&quot;orientation&quot;:&quot;0&quot;}\" data-image-title=\"MCS 360 tart\u00e1ly kisebb\" data-image-description=\"\" data-image-caption=\"\" data-medium-file=\"https:\/\/bukkleader.hu\/old\/wp-content\/uploads\/2020\/10\/MCS-360-tart\u00e1ly-kisebb-225x300.jpg\" data-large-file=\"https:\/\/bukkleader.hu\/old\/wp-content\/uploads\/2020\/10\/MCS-360-tart\u00e1ly-kisebb-768x1024.jpg\" loading=\"lazy\" width=\"768\" height=\"1024\" src=\"https:\/\/bukkleader.hu\/old\/wp-content\/uploads\/2020\/10\/MCS-360-tart\u00e1ly-kisebb-768x1024.jpg\" alt=\"\" class=\"wp-image-3533\" srcset=\"https:\/\/bukkleader.hu\/old\/wp-content\/uploads\/2020\/10\/MCS-360-tart\u00e1ly-kisebb-768x1024.jpg 768w, https:\/\/bukkleader.hu\/old\/wp-content\/uploads\/2020\/10\/MCS-360-tart\u00e1ly-kisebb-225x300.jpg 225w\" sizes=\"(max-width: 768px) 100vw, 768px\" \/><\/a><\/figure>\n\n\n\n<p>3)&nbsp;<strong>Fruithagy\u00f3 P2 gy\u00fcm\u00f6lcs pr\u00e9s<\/strong>&nbsp;PLC vez.<br \/>Kos\u00e1rm\u00e9ret: 250 liter<br \/>M\u00e9retek: 880 x 900 x 1600 mm<br \/>Fed\u00e9l. v\u00e1ly\u00fa, kos\u00e1r anyaga: W.Nr. 1.4301<br \/>Z\u00e1r\u00f3anya anyaga: rozsdamentes ac\u00e9l<br \/>Tart\u00f3szerkezet anyaga: ac\u00e9l<br \/>\u00dczemi nyom\u00e1s: 3 bar<br \/>Maximum nyom\u00e1s: 3 bar<br \/>T\u00f6meg: 105 kg<br \/>Az \u00e1llv\u00e1ny billenthet\u0151.<\/p>\n\n\n\n<p><strong>\u00c1r: nett\u00f3 914 000 Ft<\/strong><\/p>\n\n\n\n<figure class=\"wp-block-image size-large\"><a href=\"https:\/\/bukkleader.hu\/old\/wp-content\/uploads\/2020\/10\/Hagy\u00f3-P2-gy\u00fcm\u00f6lcspr\u00e9s-_-1-kisebb.jpg\"><img data-attachment-id=\"3532\" data-permalink=\"https:\/\/bukkleader.hu\/old\/figyelem-elado-gyumolcsfeldolgozo-kisuzem-berendezese\/hagyo-p2-gyumolcspres-_-1-kisebb\/\" data-orig-file=\"https:\/\/bukkleader.hu\/old\/wp-content\/uploads\/2020\/10\/Hagy\u00f3-P2-gy\u00fcm\u00f6lcspr\u00e9s-_-1-kisebb.jpg\" data-orig-size=\"2976,3968\" data-comments-opened=\"1\" data-image-meta=\"{&quot;aperture&quot;:&quot;0&quot;,&quot;credit&quot;:&quot;&quot;,&quot;camera&quot;:&quot;&quot;,&quot;caption&quot;:&quot;&quot;,&quot;created_timestamp&quot;:&quot;0&quot;,&quot;copyright&quot;:&quot;&quot;,&quot;focal_length&quot;:&quot;0&quot;,&quot;iso&quot;:&quot;0&quot;,&quot;shutter_speed&quot;:&quot;0&quot;,&quot;title&quot;:&quot;&quot;,&quot;orientation&quot;:&quot;0&quot;}\" data-image-title=\"Hagy\u00f3 P2 gy\u00fcm\u00f6lcspr\u00e9s _ 1 kisebb\" data-image-description=\"\" data-image-caption=\"\" data-medium-file=\"https:\/\/bukkleader.hu\/old\/wp-content\/uploads\/2020\/10\/Hagy\u00f3-P2-gy\u00fcm\u00f6lcspr\u00e9s-_-1-kisebb-225x300.jpg\" data-large-file=\"https:\/\/bukkleader.hu\/old\/wp-content\/uploads\/2020\/10\/Hagy\u00f3-P2-gy\u00fcm\u00f6lcspr\u00e9s-_-1-kisebb-768x1024.jpg\" loading=\"lazy\" width=\"768\" height=\"1024\" src=\"https:\/\/bukkleader.hu\/old\/wp-content\/uploads\/2020\/10\/Hagy\u00f3-P2-gy\u00fcm\u00f6lcspr\u00e9s-_-1-kisebb-768x1024.jpg\" alt=\"\" class=\"wp-image-3532\" srcset=\"https:\/\/bukkleader.hu\/old\/wp-content\/uploads\/2020\/10\/Hagy\u00f3-P2-gy\u00fcm\u00f6lcspr\u00e9s-_-1-kisebb-768x1024.jpg 768w, https:\/\/bukkleader.hu\/old\/wp-content\/uploads\/2020\/10\/Hagy\u00f3-P2-gy\u00fcm\u00f6lcspr\u00e9s-_-1-kisebb-225x300.jpg 225w\" sizes=\"(max-width: 768px) 100vw, 768px\" \/><\/a><\/figure>\n\n\n\n<p>4)&nbsp;<strong>Gebhardt TD23 g\u0151zfejleszt\u0151<\/strong><br \/>Teljes\u00edtm\u00e9ny: 35 kg g\u0151z\/\u00f3ra<br \/>Be\u00e1ll\u00edthat\u00f3 teljes\u00edtm\u00e9nyszintek:<br \/>Position 1: 16,5 Kw<br \/>Position 2: 19,8 kW<br \/>Position 3: 23,1 kW 35 A<\/p>\n\n\n\n<p><strong>\u00c1r: nett\u00f3 1 500 000 Ft<\/strong><\/p>\n\n\n\n<figure class=\"wp-block-image size-large\"><a href=\"https:\/\/bukkleader.hu\/old\/wp-content\/uploads\/2020\/10\/Gebhardt-TD23-g\u0151zfejleszt\u0151-_-0-kisebb.jpg\"><img data-attachment-id=\"3530\" data-permalink=\"https:\/\/bukkleader.hu\/old\/figyelem-elado-gyumolcsfeldolgozo-kisuzem-berendezese\/gebhardt-td23-gozfejleszto-_-0-kisebb\/\" data-orig-file=\"https:\/\/bukkleader.hu\/old\/wp-content\/uploads\/2020\/10\/Gebhardt-TD23-g\u0151zfejleszt\u0151-_-0-kisebb.jpg\" data-orig-size=\"2976,3968\" data-comments-opened=\"1\" data-image-meta=\"{&quot;aperture&quot;:&quot;0&quot;,&quot;credit&quot;:&quot;&quot;,&quot;camera&quot;:&quot;&quot;,&quot;caption&quot;:&quot;&quot;,&quot;created_timestamp&quot;:&quot;0&quot;,&quot;copyright&quot;:&quot;&quot;,&quot;focal_length&quot;:&quot;0&quot;,&quot;iso&quot;:&quot;0&quot;,&quot;shutter_speed&quot;:&quot;0&quot;,&quot;title&quot;:&quot;&quot;,&quot;orientation&quot;:&quot;0&quot;}\" data-image-title=\"Gebhardt TD23 g\u0151zfejleszt\u0151 _ 0 kisebb\" data-image-description=\"\" data-image-caption=\"\" data-medium-file=\"https:\/\/bukkleader.hu\/old\/wp-content\/uploads\/2020\/10\/Gebhardt-TD23-g\u0151zfejleszt\u0151-_-0-kisebb-225x300.jpg\" data-large-file=\"https:\/\/bukkleader.hu\/old\/wp-content\/uploads\/2020\/10\/Gebhardt-TD23-g\u0151zfejleszt\u0151-_-0-kisebb-768x1024.jpg\" loading=\"lazy\" width=\"768\" height=\"1024\" src=\"https:\/\/bukkleader.hu\/old\/wp-content\/uploads\/2020\/10\/Gebhardt-TD23-g\u0151zfejleszt\u0151-_-0-kisebb-768x1024.jpg\" alt=\"\" class=\"wp-image-3530\" srcset=\"https:\/\/bukkleader.hu\/old\/wp-content\/uploads\/2020\/10\/Gebhardt-TD23-g\u0151zfejleszt\u0151-_-0-kisebb-768x1024.jpg 768w, https:\/\/bukkleader.hu\/old\/wp-content\/uploads\/2020\/10\/Gebhardt-TD23-g\u0151zfejleszt\u0151-_-0-kisebb-225x300.jpg 225w\" sizes=\"(max-width: 768px) 100vw, 768px\" \/><\/a><\/figure>\n\n\n\n<p>5)&nbsp;<strong>Hagy\u00f3 Magoz\u00f3 GY1000 univerz\u00e1lis magoz\u00f3g\u00e9p<\/strong><br \/>Teljes\u00edtm\u00e9ny: 800-1500 kg\/h (term\u00e9kt\u0151l \u00e9s szitam\u00e9rett\u0151l f\u00fcgg\u0151)<br \/>T\u00f6lt\u00e9si magass\u00e1g: 1420 mm<br \/>Cefrekiad\u00f3 magass\u00e1g: 350 mm<br \/>Magkiad\u00e1si magass\u00e1g: 300 mm<br \/>M\u00e9retek (hossz\/sz\u00e9less\u00e9g\/magass\u00e1g): 1400 x 700 x 1420 mm<br \/>T\u00f6mege: 150 kg<br \/>Elektromos csatlakoz\u00e1s: 2,2 kW \/ 400 V \/ 50 Hz<br \/>Mobil (ker\u00e9ken tolhat\u00f3), teljesen rozsdamentes ac\u00e9l, legjobb korr\u00f3zi\u00f3 elleni v\u00e9detts\u00e9g.<br \/>A szitam\u00e9ret a gy\u00fcm\u00f6lcs fajt\u00e1j\u00e1t\u00f3l \u00e9s m\u00e9ret\u00e9t\u0151l f\u00fcgg:<br \/>0,8 mm: eper, m\u00e1lna, ribizli stb.<br \/>1,5 mm: nagyobb bogy\u00f3fajt\u00e1k<br \/>3,0 mm: alma, k\u00f6rte, birsalma<br \/>5,0 mm: cseresznye, meggy<br \/>8,0 mm: s\u00e1rgabarack, szilva<br \/>10 mm: \u0151szibarack<\/p>\n\n\n\n<p><strong>\u00c1r: nett\u00f3 1 500 000 Ft<\/strong><\/p>\n\n\n\n<figure class=\"wp-block-image size-large\"><a href=\"https:\/\/bukkleader.hu\/old\/wp-content\/uploads\/2020\/10\/Hagy\u00f3-Magoz\u00f3-GY1000-_-3-kisebb.jpg\"><img data-attachment-id=\"3531\" data-permalink=\"https:\/\/bukkleader.hu\/old\/figyelem-elado-gyumolcsfeldolgozo-kisuzem-berendezese\/hagyo-magozo-gy1000-_-3-kisebb\/\" data-orig-file=\"https:\/\/bukkleader.hu\/old\/wp-content\/uploads\/2020\/10\/Hagy\u00f3-Magoz\u00f3-GY1000-_-3-kisebb.jpg\" data-orig-size=\"2976,3968\" data-comments-opened=\"1\" data-image-meta=\"{&quot;aperture&quot;:&quot;0&quot;,&quot;credit&quot;:&quot;&quot;,&quot;camera&quot;:&quot;&quot;,&quot;caption&quot;:&quot;&quot;,&quot;created_timestamp&quot;:&quot;0&quot;,&quot;copyright&quot;:&quot;&quot;,&quot;focal_length&quot;:&quot;0&quot;,&quot;iso&quot;:&quot;0&quot;,&quot;shutter_speed&quot;:&quot;0&quot;,&quot;title&quot;:&quot;&quot;,&quot;orientation&quot;:&quot;0&quot;}\" data-image-title=\"Hagy\u00f3 Magoz\u00f3 GY1000 _ 3 kisebb\" data-image-description=\"\" data-image-caption=\"\" data-medium-file=\"https:\/\/bukkleader.hu\/old\/wp-content\/uploads\/2020\/10\/Hagy\u00f3-Magoz\u00f3-GY1000-_-3-kisebb-225x300.jpg\" data-large-file=\"https:\/\/bukkleader.hu\/old\/wp-content\/uploads\/2020\/10\/Hagy\u00f3-Magoz\u00f3-GY1000-_-3-kisebb-768x1024.jpg\" loading=\"lazy\" width=\"768\" height=\"1024\" src=\"https:\/\/bukkleader.hu\/old\/wp-content\/uploads\/2020\/10\/Hagy\u00f3-Magoz\u00f3-GY1000-_-3-kisebb-768x1024.jpg\" alt=\"\" class=\"wp-image-3531\" srcset=\"https:\/\/bukkleader.hu\/old\/wp-content\/uploads\/2020\/10\/Hagy\u00f3-Magoz\u00f3-GY1000-_-3-kisebb-768x1024.jpg 768w, https:\/\/bukkleader.hu\/old\/wp-content\/uploads\/2020\/10\/Hagy\u00f3-Magoz\u00f3-GY1000-_-3-kisebb-225x300.jpg 225w\" sizes=\"(max-width: 768px) 100vw, 768px\" \/><\/a><\/figure>\n\n\n\n<p>6)&nbsp;<strong>\u00c9l-Team ETZ-005 billenthet\u0151, kever\u0151s f\u0151z\u0151 \u00fcst<\/strong><br \/>motoros billent\u00e9s vez\u00e9rl\u00e9ssel<br \/>Tart\u00e1ly t\u00e9r anyaga: WNr. 1.4404. min\u0151s\u00e9g\u0171 sav\u00e1ll\u00f3 ac\u00e9l<br \/>Egy\u00e9b: teljes anyag\u00e1ban WNr. 1.4301 min\u0151s\u00e9g\u0171 rosdamentes ac\u00e9l<br \/>Bels\u0151 \u00e1tm\u00e9r\u0151: 1000 mm<br \/>Hengerpal\u00e1st: 575 mm<br \/>Teljes t\u00e9rfogat: 550 liter<br \/>Hasznos t\u00e9rfogat: 500 liter<br \/>Duplikat\u00fara \u00fczemi nyom\u00e1sa: 0,5 bar<br \/>Duplikat\u00fara pr\u00f3banyom\u00e1sa: 3,0 bar<br \/>Kever\u0151 teljes\u00edtm\u00e9nye: 0,75 kW 230V\/400V 50Hz 3L+N+PE<br \/>Billent\u0151 motor teljes\u00edtm\u00e9nye: 0,37 kW 230V\/400V 50Hz 3L+N+PE<br \/>A vez\u00e9rl\u00e9s komplett rozsdamentes vez\u00e9rl\u0151szekr\u00e9nyben van elhelyezve.<br \/>Kis \u00e9s k\u00f6zepes m\u00e9ret\u0171 feldolgoz\u00f3 \u00fczemekben, k\u00fcl\u00f6nb\u00f6z\u0151 halmaz\u00e1llapotban l\u00e9v\u0151, a f\u0151z\u0151ed\u00e9ny anyag\u00e1ra semleges hat\u00e1s\u00fa folyad\u00e9kok \u2013 els\u0151sorban \u00e9lelmiszerek \u2013 meleg\u00edt\u00e9s\u00e9re, f\u0151z\u00e9s\u00e9re alkalmas. A g\u0151zf\u0171t\u00e9s\u0171 berendez\u00e9s folyamatos kever\u00e9s mellett megfelel\u0151 h\u0151m\u00e9rs\u00e9kletre tudja felmeleg\u00edteni, f\u0151zni a belehelyezett alapanyagot. A felf\u0151z\u00f6tt elk\u00e9sz\u00edtett term\u00e9ket motorikusan billentve \u00fcr\u00edthetj\u00fck ki a berendez\u00e9sb\u0151l.<\/p>\n\n\n\n<p><strong>\u00c1r: nett\u00f3 2 150 000 Ft<\/strong><\/p>\n\n\n\n<figure class=\"wp-block-image size-large\"><a href=\"https:\/\/bukkleader.hu\/old\/wp-content\/uploads\/2020\/10\/\u00c9l-Team-ETZ-005-f\u0151z\u0151\u00fcst-_-1-kisebb.jpg\"><img data-attachment-id=\"3528\" data-permalink=\"https:\/\/bukkleader.hu\/old\/figyelem-elado-gyumolcsfeldolgozo-kisuzem-berendezese\/el-team-etz-005-fozoust-_-1-kisebb\/\" data-orig-file=\"https:\/\/bukkleader.hu\/old\/wp-content\/uploads\/2020\/10\/\u00c9l-Team-ETZ-005-f\u0151z\u0151\u00fcst-_-1-kisebb.jpg\" data-orig-size=\"2976,3968\" data-comments-opened=\"1\" data-image-meta=\"{&quot;aperture&quot;:&quot;0&quot;,&quot;credit&quot;:&quot;&quot;,&quot;camera&quot;:&quot;&quot;,&quot;caption&quot;:&quot;&quot;,&quot;created_timestamp&quot;:&quot;0&quot;,&quot;copyright&quot;:&quot;&quot;,&quot;focal_length&quot;:&quot;0&quot;,&quot;iso&quot;:&quot;0&quot;,&quot;shutter_speed&quot;:&quot;0&quot;,&quot;title&quot;:&quot;&quot;,&quot;orientation&quot;:&quot;0&quot;}\" data-image-title=\"\u00c9l-Team ETZ-005 f\u0151z\u0151\u00fcst _ 1 kisebb\" data-image-description=\"\" data-image-caption=\"\" data-medium-file=\"https:\/\/bukkleader.hu\/old\/wp-content\/uploads\/2020\/10\/\u00c9l-Team-ETZ-005-f\u0151z\u0151\u00fcst-_-1-kisebb-225x300.jpg\" data-large-file=\"https:\/\/bukkleader.hu\/old\/wp-content\/uploads\/2020\/10\/\u00c9l-Team-ETZ-005-f\u0151z\u0151\u00fcst-_-1-kisebb-768x1024.jpg\" loading=\"lazy\" width=\"768\" height=\"1024\" src=\"https:\/\/bukkleader.hu\/old\/wp-content\/uploads\/2020\/10\/\u00c9l-Team-ETZ-005-f\u0151z\u0151\u00fcst-_-1-kisebb-768x1024.jpg\" alt=\"\" class=\"wp-image-3528\" srcset=\"https:\/\/bukkleader.hu\/old\/wp-content\/uploads\/2020\/10\/\u00c9l-Team-ETZ-005-f\u0151z\u0151\u00fcst-_-1-kisebb-768x1024.jpg 768w, https:\/\/bukkleader.hu\/old\/wp-content\/uploads\/2020\/10\/\u00c9l-Team-ETZ-005-f\u0151z\u0151\u00fcst-_-1-kisebb-225x300.jpg 225w\" sizes=\"(max-width: 768px) 100vw, 768px\" \/><\/a><\/figure>\n\n\n\n<figure class=\"wp-block-image size-large\"><a href=\"https:\/\/bukkleader.hu\/old\/wp-content\/uploads\/2020\/10\/\u00c9l-Team-ETZ-005-f\u0151z\u0151\u00fcst-_-2-kisebb.jpg\"><img data-attachment-id=\"3529\" data-permalink=\"https:\/\/bukkleader.hu\/old\/figyelem-elado-gyumolcsfeldolgozo-kisuzem-berendezese\/el-team-etz-005-fozoust-_-2-kisebb\/\" data-orig-file=\"https:\/\/bukkleader.hu\/old\/wp-content\/uploads\/2020\/10\/\u00c9l-Team-ETZ-005-f\u0151z\u0151\u00fcst-_-2-kisebb.jpg\" data-orig-size=\"3968,2976\" data-comments-opened=\"1\" data-image-meta=\"{&quot;aperture&quot;:&quot;0&quot;,&quot;credit&quot;:&quot;&quot;,&quot;camera&quot;:&quot;&quot;,&quot;caption&quot;:&quot;&quot;,&quot;created_timestamp&quot;:&quot;0&quot;,&quot;copyright&quot;:&quot;&quot;,&quot;focal_length&quot;:&quot;0&quot;,&quot;iso&quot;:&quot;0&quot;,&quot;shutter_speed&quot;:&quot;0&quot;,&quot;title&quot;:&quot;&quot;,&quot;orientation&quot;:&quot;0&quot;}\" data-image-title=\"\u00c9l-Team ETZ-005 f\u0151z\u0151\u00fcst _ 2 kisebb\" data-image-description=\"\" data-image-caption=\"\" data-medium-file=\"https:\/\/bukkleader.hu\/old\/wp-content\/uploads\/2020\/10\/\u00c9l-Team-ETZ-005-f\u0151z\u0151\u00fcst-_-2-kisebb-300x225.jpg\" data-large-file=\"https:\/\/bukkleader.hu\/old\/wp-content\/uploads\/2020\/10\/\u00c9l-Team-ETZ-005-f\u0151z\u0151\u00fcst-_-2-kisebb-1024x768.jpg\" loading=\"lazy\" width=\"1024\" height=\"768\" src=\"https:\/\/bukkleader.hu\/old\/wp-content\/uploads\/2020\/10\/\u00c9l-Team-ETZ-005-f\u0151z\u0151\u00fcst-_-2-kisebb-1024x768.jpg\" alt=\"\" class=\"wp-image-3529\" srcset=\"https:\/\/bukkleader.hu\/old\/wp-content\/uploads\/2020\/10\/\u00c9l-Team-ETZ-005-f\u0151z\u0151\u00fcst-_-2-kisebb-1024x768.jpg 1024w, https:\/\/bukkleader.hu\/old\/wp-content\/uploads\/2020\/10\/\u00c9l-Team-ETZ-005-f\u0151z\u0151\u00fcst-_-2-kisebb-300x225.jpg 300w, https:\/\/bukkleader.hu\/old\/wp-content\/uploads\/2020\/10\/\u00c9l-Team-ETZ-005-f\u0151z\u0151\u00fcst-_-2-kisebb-768x576.jpg 768w\" sizes=\"(max-width: 1024px) 100vw, 1024px\" \/><\/a><\/figure>\n\n\n\n<p>A fentiek egyben&nbsp;<strong>8 000 000 Ft + \u00c1F\u00c1-\u00e9rt<\/strong>, vagy<strong>&nbsp;r\u00e9szletekben az egyes r\u00e9szekn\u00e9l fent megnevezett \u00e1rakon elvihet\u0151k<\/strong>.<\/p>\n\n\n\n<p><strong>\u00c9rdekl\u0151dni:&nbsp;<\/strong><\/p>\n\n\n\n<p><strong>Telefon:<\/strong>&nbsp;06\/46\/576-280<br \/>vagy: Dr. Nagyn\u00e9 Mile Erzs\u00e9bet 06\/30\/565-2882<br \/><strong>E-mail:<\/strong>&nbsp;hacs@bukkleader.hu<\/p>\n\n\n<div class=\"sharedaddy sd-sharing-enabled\"><div class=\"robots-nocontent sd-block sd-social sd-social-icon sd-sharing\"><h3 class=\"sd-title\">Share this:<\/h3><div class=\"sd-content\"><ul><li class=\"share-facebook\"><a rel=\"nofollow noopener noreferrer\" data-shared=\"sharing-facebook-8828\" class=\"share-facebook sd-button share-icon no-text\" href=\"https:\/\/bukkleader.hu\/old\/figyelem-elado-gyumolcsfeldolgozo-kisuzem-egyben-vagy-reszletekben\/?share=facebook\" target=\"_blank\" title=\"Click to share on Facebook\"><span><\/span><span class=\"sharing-screen-reader-text\">Click to share on Facebook (Opens in new window)<\/span><\/a><\/li><li class=\"share-twitter\"><a rel=\"nofollow noopener noreferrer\" data-shared=\"sharing-twitter-8828\" class=\"share-twitter sd-button share-icon no-text\" href=\"https:\/\/bukkleader.hu\/old\/figyelem-elado-gyumolcsfeldolgozo-kisuzem-egyben-vagy-reszletekben\/?share=twitter\" target=\"_blank\" title=\"Click to share on Twitter\"><span><\/span><span class=\"sharing-screen-reader-text\">Click to share on Twitter (Opens in new window)<\/span><\/a><\/li><li class=\"share-print\"><a rel=\"nofollow noopener noreferrer\" data-shared=\"\" class=\"share-print sd-button share-icon no-text\" href=\"https:\/\/bukkleader.hu\/old\/figyelem-elado-gyumolcsfeldolgozo-kisuzem-egyben-vagy-reszletekben\/\" target=\"_blank\" title=\"Click to print\"><span><\/span><span class=\"sharing-screen-reader-text\">Click to print (Opens in new window)<\/span><\/a><\/li><li class=\"share-email\"><a rel=\"nofollow noopener noreferrer\" data-shared=\"\" class=\"share-email sd-button share-icon no-text\" href=\"https:\/\/bukkleader.hu\/old\/figyelem-elado-gyumolcsfeldolgozo-kisuzem-egyben-vagy-reszletekben\/?share=email\" target=\"_blank\" title=\"Click to email this to a friend\"><span><\/span><span class=\"sharing-screen-reader-text\">Click to email this to a friend (Opens in new window)<\/span><\/a><\/li><li class=\"share-end\"><\/li><\/ul><\/div><\/div><\/div>","protected":false},"excerpt":{"rendered":"<p>A B\u00fckk-T\u00e9rs\u00e9gi LEADER Egyes\u00fclet \u00e9rt\u00e9kes\u00edteni k\u00edv\u00e1nja&nbsp;gy\u00fcm\u00f6lcsfeldolgoz\u00f3 kis\u00fczem\u00e9t, egyben vagy r\u00e9szenk\u00e9nt. A gy\u00fcm\u00f6lcsfeldolgoz\u00f3 kis\u00fczem az al\u00e1bbi egys\u00e9gekb\u0151l \u00e1ll: 1)&nbsp;Subline S 13-13 b\u00fav\u00e1rszivatty\u00fa&nbsp;6\u201d Mot. al.Q=160 l\/minH=137 MVillamos teljes\u00edtm\u00e9ny: 5,5 kW3\u00d7400 V\u00c1ramfelv\u00e9tel: 12,5 AMax. emel\u0151magass\u00e1g: 204 mMax. sz\u00e1ll\u00edtott v\u00edzmennyis\u00e9g: 220 l\/minIde\u00e1lis munkapont: 160\/148 l\/p-m \u00c1r: nett\u00f3 436 000 Ft 2)&nbsp;MCS 360 tart\u00e1ly\u00dasz\u00f3fedeles tart\u00e1ly rozsdamentes ac\u00e9lb\u00f3l als\u00f3 \u00fcr\u00edt\u0151 csappal, [&hellip;]<\/p>\n<div class=\"sharedaddy sd-sharing-enabled\"><div class=\"robots-nocontent sd-block sd-social sd-social-icon sd-sharing\"><h3 class=\"sd-title\">Share this:<\/h3><div class=\"sd-content\"><ul><li class=\"share-facebook\"><a rel=\"nofollow noopener noreferrer\" data-shared=\"sharing-facebook-8828\" class=\"share-facebook sd-button share-icon no-text\" href=\"https:\/\/bukkleader.hu\/old\/figyelem-elado-gyumolcsfeldolgozo-kisuzem-egyben-vagy-reszletekben\/?share=facebook\" target=\"_blank\" title=\"Click to share on Facebook\"><span><\/span><span class=\"sharing-screen-reader-text\">Click to share on Facebook (Opens in new window)<\/span><\/a><\/li><li class=\"share-twitter\"><a rel=\"nofollow noopener noreferrer\" data-shared=\"sharing-twitter-8828\" class=\"share-twitter sd-button share-icon no-text\" href=\"https:\/\/bukkleader.hu\/old\/figyelem-elado-gyumolcsfeldolgozo-kisuzem-egyben-vagy-reszletekben\/?share=twitter\" target=\"_blank\" title=\"Click to share on Twitter\"><span><\/span><span class=\"sharing-screen-reader-text\">Click to share on Twitter (Opens in new window)<\/span><\/a><\/li><li class=\"share-print\"><a rel=\"nofollow noopener noreferrer\" data-shared=\"\" class=\"share-print sd-button share-icon no-text\" href=\"https:\/\/bukkleader.hu\/old\/figyelem-elado-gyumolcsfeldolgozo-kisuzem-egyben-vagy-reszletekben\/\" target=\"_blank\" title=\"Click to print\"><span><\/span><span class=\"sharing-screen-reader-text\">Click to print (Opens in new window)<\/span><\/a><\/li><li class=\"share-email\"><a rel=\"nofollow noopener noreferrer\" data-shared=\"\" class=\"share-email sd-button share-icon no-text\" href=\"https:\/\/bukkleader.hu\/old\/figyelem-elado-gyumolcsfeldolgozo-kisuzem-egyben-vagy-reszletekben\/?share=email\" target=\"_blank\" title=\"Click to email this to a friend\"><span><\/span><span class=\"sharing-screen-reader-text\">Click to email this to a friend (Opens in new window)<\/span><\/a><\/li><li class=\"share-end\"><\/li><\/ul><\/div><\/div><\/div>","protected":false},"author":4,"featured_media":3537,"comment_status":"closed","ping_status":"closed","sticky":false,"template":"","format":"standard","meta":{"_bbp_topic_count":0,"_bbp_reply_count":0,"_bbp_total_topic_count":0,"_bbp_total_reply_count":0,"_bbp_voice_count":0,"_bbp_anonymous_reply_count":0,"_bbp_topic_count_hidden":0,"_bbp_reply_count_hidden":0,"_bbp_forum_subforum_count":0,"spay_email":"","jetpack_publicize_message":"","jetpack_is_tweetstorm":false,"jetpack_publicize_feature_enabled":true},"categories":[1],"tags":[],"jetpack_featured_media_url":"https:\/\/bukkleader.hu\/old\/wp-content\/uploads\/2020\/10\/gyumolcsuzem2.jpg","jetpack_publicize_connections":[],"jetpack_sharing_enabled":true,"jetpack-related-posts":[{"id":3527,"url":"https:\/\/bukkleader.hu\/old\/figyelem-elado-gyumolcsfeldolgozo-kisuzem-berendezese\/","url_meta":{"origin":8828,"position":0},"title":"FIGYELEM! Elad\u00f3 gy\u00fcm\u00f6lcsfeldolgoz\u00f3 kis\u00fczem egyben vagy r\u00e9szletekben","date":"2021-09-16","format":false,"excerpt":"A B\u00fckk-T\u00e9rs\u00e9gi LEADER Egyes\u00fclet \u00e9rt\u00e9kes\u00edteni k\u00edv\u00e1nja gy\u00fcm\u00f6lcsfeldolgoz\u00f3 kis\u00fczem\u00e9t, egyben vagy r\u00e9szenk\u00e9nt. A gy\u00fcm\u00f6lcsfeldolgoz\u00f3 kis\u00fczem az al\u00e1bbi egys\u00e9gekb\u0151l \u00e1ll: 1) Subline S 13-13 b\u00fav\u00e1rszivatty\u00fa 6\u201d Mot. al. Q=160 l\/min H=137 M Villamos teljes\u00edtm\u00e9ny: 5,5 kW 3x400 V \u00c1ramfelv\u00e9tel: 12,5 A Max. emel\u0151magass\u00e1g: 204 m Max. sz\u00e1ll\u00edtott v\u00edzmennyis\u00e9g: 220 l\/min Ide\u00e1lis munkapont:\u2026","rel":"","context":"In &quot;H\u00edreink, k\u00f6zlem\u00e9nyeink&quot;","img":{"alt_text":"","src":"https:\/\/i0.wp.com\/bukkleader.hu\/old\/wp-content\/uploads\/2020\/10\/gyumolcsuzem2.jpg?resize=350%2C200&ssl=1","width":350,"height":200},"classes":[]},{"id":5928,"url":"https:\/\/bukkleader.hu\/old\/ki-mit-tud-rendezveny-sajopetriben-leader-tamogatassal-2021-06-12-13\/","url_meta":{"origin":8828,"position":1},"title":"&#8220;Ki Mit Tud?&#8221; rendezv\u00e9ny Saj\u00f3petriben LEADER t\u00e1mogat\u00e1ssal \u2013 2021.06.12-13.","date":"2021-05-12","format":false,"excerpt":"Az SBS Hang-Sz\u00ednpad Nonprofit Kft. tisztelettel megh\u00edvja \u00d6n\u00f6ket a 2021. j\u00fanius 12-13-\u00e1n (szombat-vas\u00e1rnap) Saj\u00f3petriben tartand\u00f3, LEADER t\u00e1mogat\u00e1ssal megval\u00f3sul\u00f3 \u201eKi Mit Tud?\u201d rendezv\u00e9ny\u00e9re az al\u00e1bbiak szerint (a megh\u00edv\u00f3 \u00e9s a program PDF-ben is let\u00f6lthet\u0151 itt \u00e9s itt):","rel":"","context":"In &quot;H\u00edreink, k\u00f6zlem\u00e9nyeink&quot;","img":{"alt_text":"","src":"https:\/\/i0.wp.com\/bukkleader.hu\/old\/wp-content\/uploads\/2019\/08\/bocs_neptanc.jpg?resize=350%2C200&ssl=1","width":350,"height":200},"classes":[]},{"id":1127,"url":"https:\/\/bukkleader.hu\/old\/szakmai-forum-borsodgeszt\/","url_meta":{"origin":8828,"position":2},"title":"Szakmai F\u00f3rum &#8211; Borsodgeszt","date":"2016-10-10","format":false,"excerpt":"A B\u00fckk-T\u00e9rs\u00e9gi LEADER Egyes\u00fclet 2016. 10. 13-\u00e1n LEADER \u00e9s egy\u00e9b vid\u00e9kfejleszt\u00e9si t\u00e1mogat\u00e1si t\u00e9m\u00e1kban Szakmai F\u00f3rumot tart Borsodgeszten a mell\u00e9kelt megh\u00edv\u00f3 szerint.\u00a0Szeretettel v\u00e1runk minden lakost, civil szervezetet, \u00e9s v\u00e1llalkoz\u00e1st! >>\u00a0https:\/\/bukkleader.hu\/old\/wp-content\/uploads\/2016\/10\/BTLE-megh\u00edv\u00f3-Borsodgeszt-Pdf.pdf","rel":"","context":"In &quot;H\u00edreink, k\u00f6zlem\u00e9nyeink&quot;","img":{"alt_text":"","src":"https:\/\/i2.wp.com\/bukkleader.hu\/old\/wp-content\/uploads\/2016\/10\/Borsodgeszt-k\u00e9p.jpg?resize=350%2C200&ssl=1","width":350,"height":200},"classes":[]},{"id":246,"url":"https:\/\/bukkleader.hu\/old\/napelemes-iskola\/","url_meta":{"origin":8828,"position":3},"title":"Napelemes iskola","date":"2012-09-23","format":false,"excerpt":"\"Napelemes iskola \u2013 \u00f6tven darab napelemet szereltek fel a fels\u0151t\u00e1rk\u00e1nyi \u00e1ltal\u00e1nos iskola tetej\u00e9re\"\u201e\u00d6tven darab napelemet szereltek fel a fels\u0151t\u00e1rk\u00e1nyi \u00e1ltal\u00e1nos iskola tetej\u00e9re a B\u00fckk-Mak LEADER p\u00e1ly\u00e1zatnak k\u00f6sz\u00f6nhet\u0151en. Az int\u00e9zm\u00e9ny el\u00e9 t\u00f6lt\u0151\u00e1llom\u00e1st is telep\u00edtettek, a k\u00f6zel 13 milli\u00f3 forintos t\u00e1mogat\u00e1sb\u00f3l. A fels\u0151t\u00e1rk\u00e1nyi \u00f6nkorm\u00e1nyzat \u00edgy megsp\u00f3rolja az iskola villanysz\u00e1ml\u00e1j\u00e1t, hangzott el a\u2026","rel":"","context":"In &quot;Eredm\u00e9nyeink&quot;","img":{"alt_text":"napelemes-iskola-w","src":"https:\/\/i0.wp.com\/bukkleader.hu\/old\/wp-content\/uploads\/2012\/09\/napelemes-iskola-w.jpg?resize=350%2C200&ssl=1","width":350,"height":200},"classes":[]},{"id":353,"url":"https:\/\/bukkleader.hu\/old\/palyazati-lehetoseg-a-videki-gazdasag-es-a-lakossag-szamara-nyujtott-alapszolgaltatasok-fejlesztesere\/","url_meta":{"origin":8828,"position":4},"title":"P\u00e1ly\u00e1zati lehet\u0151s\u00e9g \u201ea vid\u00e9ki gazdas\u00e1g \u00e9s a lakoss\u00e1g sz\u00e1m\u00e1ra ny\u00fajtott alapszolg\u00e1ltat\u00e1sok fejleszt\u00e9s\u00e9re\u201d","date":"2013-11-14","format":false,"excerpt":"Megjelent a vid\u00e9kfejleszt\u00e9si miniszter 103\/2013. (XI. 8.) VM rendelete az Eur\u00f3pai Mez\u0151gazdas\u00e1gi Vid\u00e9kfejleszt\u00e9si Alapb\u00f3l ny\u00fajtand\u00f3, a vid\u00e9ki gazdas\u00e1g \u00e9s a lakoss\u00e1g sz\u00e1m\u00e1ra ny\u00fajtott alapszolg\u00e1ltat\u00e1sok fejleszt\u00e9s\u00e9re 2013-t\u00f3l ig\u00e9nybe vehet\u0151 t\u00e1mogat\u00e1sok r\u00e9szletes felt\u00e9teleir\u0151l. A rendelet alapj\u00e1n t\u00e1mogat\u00e1s vehet\u0151 ig\u00e9nybe t\u00f6bbek k\u00f6z\u00f6tt a\u00a0kist\u00e9rs\u00e9gi k\u00f6zleked\u00e9si szolg\u00e1ltat\u00e1s fejleszt\u00e9s\u00e9re falu- \u00e9s tanyagondnoki szolg\u00e1ltat\u00e1s ell\u00e1t\u00e1s\u00e1hoz kapcsol\u00f3d\u00f3an(1. c\u00e9lter\u00fclet).\u2026","rel":"","context":"In &quot;H\u00edreink, k\u00f6zlem\u00e9nyeink&quot;","img":{"alt_text":"elektromos-auto2-w","src":"https:\/\/i1.wp.com\/bukkleader.hu\/old\/wp-content\/uploads\/2015\/09\/elektromos-auto2-w.jpg?resize=350%2C200&ssl=1","width":350,"height":200},"classes":[]},{"id":2183,"url":"https:\/\/bukkleader.hu\/old\/a-mult-jelen-es-a-jovo-mestersegeinek-fejlesztese-cimu-intezkedesunk-nyertes-palyazoinak-figyelmebe\/","url_meta":{"origin":8828,"position":5},"title":"&#8220;A m\u00falt, jelen, \u00e9s a j\u00f6v\u0151 mesters\u00e9geinek fejleszt\u00e9se&#8221; c\u00edm\u0171 int\u00e9zked\u00e9s\u00fcnk nyertes p\u00e1ly\u00e1z\u00f3inak figyelm\u00e9be!","date":"2019-08-13","format":false,"excerpt":"\"A m\u00falt, jelen, \u00e9s a j\u00f6v\u0151 mesters\u00e9geinek fejleszt\u00e9se\" (VP6-19.2.1.-15-5-17) c\u00edmmel ki\u00edrt helyi felh\u00edv\u00e1sunk nyertes p\u00e1ly\u00e1z\u00f3i a t\u00e1mogat\u00e1si k\u00e9relem 6. sz\u00e1m\u00fa mell\u00e9klet\u00e9ben v\u00e1llalt\u00e1k, hogy a t\u00e1mogat\u00e1ssal \u00e9rintett term\u00e9keikkel\/szolg\u00e1ltat\u00e1saikkal vagy azok n\u00e9pszer\u0171s\u00edt\u00e9s\u00e9vel r\u00e9szt vesznek LEADER Tudomka programokon 2 vagy 3 alkalommal (a p\u00e1ly\u00e1z\u00f3 egy\u00e9ni v\u00e1llal\u00e1s\u00e1t\u00f3l f\u00fcgg\u0151en). Felh\u00edvjuk a figyelm\u00fcket, hogy ezt a\u2026","rel":"","context":"In &quot;H\u00edreink, k\u00f6zlem\u00e9nyeink&quot;","img":{"alt_text":"","src":"https:\/\/i2.wp.com\/bukkleader.hu\/old\/wp-content\/uploads\/2019\/08\/warning-icon-free-28_384x384.jpg?resize=350%2C200&ssl=1","width":350,"height":200},"classes":[]}],"_links":{"self":[{"href":"https:\/\/bukkleader.hu\/old\/wp-json\/wp\/v2\/posts\/8828"}],"collection":[{"href":"https:\/\/bukkleader.hu\/old\/wp-json\/wp\/v2\/posts"}],"about":[{"href":"https:\/\/bukkleader.hu\/old\/wp-json\/wp\/v2\/types\/post"}],"author":[{"embeddable":true,"href":"https:\/\/bukkleader.hu\/old\/wp-json\/wp\/v2\/users\/4"}],"replies":[{"embeddable":true,"href":"https:\/\/bukkleader.hu\/old\/wp-json\/wp\/v2\/comments?post=8828"}],"version-history":[{"count":1,"href":"https:\/\/bukkleader.hu\/old\/wp-json\/wp\/v2\/posts\/8828\/revisions"}],"predecessor-version":[{"id":8829,"href":"https:\/\/bukkleader.hu\/old\/wp-json\/wp\/v2\/posts\/8828\/revisions\/8829"}],"wp:featuredmedia":[{"embeddable":true,"href":"https:\/\/bukkleader.hu\/old\/wp-json\/wp\/v2\/media\/3537"}],"wp:attachment":[{"href":"https:\/\/bukkleader.hu\/old\/wp-json\/wp\/v2\/media?parent=8828"}],"wp:term":[{"taxonomy":"category","embeddable":true,"href":"https:\/\/bukkleader.hu\/old\/wp-json\/wp\/v2\/categories?post=8828"},{"taxonomy":"post_tag","embeddable":true,"href":"https:\/\/bukkleader.hu\/old\/wp-json\/wp\/v2\/tags?post=8828"}],"curies":[{"name":"wp","href":"https:\/\/api.w.org\/{rel}","templated":true}]}}