{"id":8799,"date":"2022-05-10T09:20:13","date_gmt":"2022-05-10T07:20:13","guid":{"rendered":"https:\/\/bukkleader.hu\/old\/?p=8799"},"modified":"2022-05-10T09:21:55","modified_gmt":"2022-05-10T07:21:55","slug":"bukk-tersegi-leader-egyesulet-szakmai-forum-bukkaranyos-2022-05-11","status":"publish","type":"post","link":"https:\/\/bukkleader.hu\/old\/bukk-tersegi-leader-egyesulet-szakmai-forum-bukkaranyos-2022-05-11\/","title":{"rendered":"B\u00fckk-T\u00e9rs\u00e9gi LEADER Egyes\u00fclet Szakmai F\u00f3rum B\u00fckkaranyos, 2022.05.11."},"content":{"rendered":"\n<p>A B\u00fckk-T\u00e9rs\u00e9gi LEADER Egyes\u00fclet tisztelettel megh\u00edvja \u00d6n\u00f6ket Szakmai F\u00f3rum\u00e1ra. A megh\u00edv\u00f3 pdf-ben let\u00f6lthet\u0151 <a href=\"https:\/\/bukkleader.hu\/old\/wp-content\/uploads\/2022\/05\/Mhvszf.pdf\" target=\"_blank\" rel=\"noopener\">itt<\/a>.<\/p>\n\n\n\n<figure class=\"wp-block-image size-large\"><a href=\"https:\/\/bukkleader.hu\/old\/wp-content\/uploads\/2022\/05\/Mhvszf.jpg\"><img data-attachment-id=\"8800\" data-permalink=\"https:\/\/bukkleader.hu\/old\/bukk-tersegi-leader-egyesulet-szakmai-forum-bukkaranyos-2022-05-11\/mhvszf\/\" data-orig-file=\"https:\/\/bukkleader.hu\/old\/wp-content\/uploads\/2022\/05\/Mhvszf.jpg\" data-orig-size=\"1241,1755\" data-comments-opened=\"0\" data-image-meta=\"{&quot;aperture&quot;:&quot;0&quot;,&quot;credit&quot;:&quot;&quot;,&quot;camera&quot;:&quot;&quot;,&quot;caption&quot;:&quot;&quot;,&quot;created_timestamp&quot;:&quot;0&quot;,&quot;copyright&quot;:&quot;&quot;,&quot;focal_length&quot;:&quot;0&quot;,&quot;iso&quot;:&quot;0&quot;,&quot;shutter_speed&quot;:&quot;0&quot;,&quot;title&quot;:&quot;&quot;,&quot;orientation&quot;:&quot;0&quot;}\" data-image-title=\"Mhvszf\" data-image-description=\"\" data-image-caption=\"\" data-medium-file=\"https:\/\/bukkleader.hu\/old\/wp-content\/uploads\/2022\/05\/Mhvszf-212x300.jpg\" data-large-file=\"https:\/\/bukkleader.hu\/old\/wp-content\/uploads\/2022\/05\/Mhvszf-724x1024.jpg\" loading=\"lazy\" width=\"724\" height=\"1024\" src=\"https:\/\/bukkleader.hu\/old\/wp-content\/uploads\/2022\/05\/Mhvszf-724x1024.jpg\" alt=\"\" class=\"wp-image-8800\" srcset=\"https:\/\/bukkleader.hu\/old\/wp-content\/uploads\/2022\/05\/Mhvszf-724x1024.jpg 724w, https:\/\/bukkleader.hu\/old\/wp-content\/uploads\/2022\/05\/Mhvszf-212x300.jpg 212w, https:\/\/bukkleader.hu\/old\/wp-content\/uploads\/2022\/05\/Mhvszf-768x1086.jpg 768w, https:\/\/bukkleader.hu\/old\/wp-content\/uploads\/2022\/05\/Mhvszf-1086x1536.jpg 1086w, https:\/\/bukkleader.hu\/old\/wp-content\/uploads\/2022\/05\/Mhvszf.jpg 1241w\" sizes=\"(max-width: 724px) 100vw, 724px\" \/><\/a><\/figure>\n<div class=\"sharedaddy sd-sharing-enabled\"><div class=\"robots-nocontent sd-block sd-social sd-social-icon sd-sharing\"><h3 class=\"sd-title\">Share this:<\/h3><div class=\"sd-content\"><ul><li class=\"share-facebook\"><a rel=\"nofollow noopener noreferrer\" data-shared=\"sharing-facebook-8799\" class=\"share-facebook sd-button share-icon no-text\" href=\"https:\/\/bukkleader.hu\/old\/bukk-tersegi-leader-egyesulet-szakmai-forum-bukkaranyos-2022-05-11\/?share=facebook\" target=\"_blank\" title=\"Click to share on Facebook\"><span><\/span><span class=\"sharing-screen-reader-text\">Click to share on Facebook (Opens in new window)<\/span><\/a><\/li><li class=\"share-twitter\"><a rel=\"nofollow noopener noreferrer\" data-shared=\"sharing-twitter-8799\" class=\"share-twitter sd-button share-icon no-text\" href=\"https:\/\/bukkleader.hu\/old\/bukk-tersegi-leader-egyesulet-szakmai-forum-bukkaranyos-2022-05-11\/?share=twitter\" target=\"_blank\" title=\"Click to share on Twitter\"><span><\/span><span class=\"sharing-screen-reader-text\">Click to share on Twitter (Opens in new window)<\/span><\/a><\/li><li class=\"share-print\"><a rel=\"nofollow noopener noreferrer\" data-shared=\"\" class=\"share-print sd-button share-icon no-text\" href=\"https:\/\/bukkleader.hu\/old\/bukk-tersegi-leader-egyesulet-szakmai-forum-bukkaranyos-2022-05-11\/\" target=\"_blank\" title=\"Click to print\"><span><\/span><span class=\"sharing-screen-reader-text\">Click to print (Opens in new window)<\/span><\/a><\/li><li class=\"share-email\"><a rel=\"nofollow noopener noreferrer\" data-shared=\"\" class=\"share-email sd-button share-icon no-text\" href=\"https:\/\/bukkleader.hu\/old\/bukk-tersegi-leader-egyesulet-szakmai-forum-bukkaranyos-2022-05-11\/?share=email\" target=\"_blank\" title=\"Click to email this to a friend\"><span><\/span><span class=\"sharing-screen-reader-text\">Click to email this to a friend (Opens in new window)<\/span><\/a><\/li><li class=\"share-end\"><\/li><\/ul><\/div><\/div><\/div>","protected":false},"excerpt":{"rendered":"<p>A B\u00fckk-T\u00e9rs\u00e9gi LEADER Egyes\u00fclet tisztelettel megh\u00edvja \u00d6n\u00f6ket Szakmai F\u00f3rum\u00e1ra. A megh\u00edv\u00f3 pdf-ben let\u00f6lthet\u0151 itt.<\/p>\n<div class=\"sharedaddy sd-sharing-enabled\"><div class=\"robots-nocontent sd-block sd-social sd-social-icon sd-sharing\"><h3 class=\"sd-title\">Share this:<\/h3><div class=\"sd-content\"><ul><li class=\"share-facebook\"><a rel=\"nofollow noopener noreferrer\" data-shared=\"sharing-facebook-8799\" class=\"share-facebook sd-button share-icon no-text\" href=\"https:\/\/bukkleader.hu\/old\/bukk-tersegi-leader-egyesulet-szakmai-forum-bukkaranyos-2022-05-11\/?share=facebook\" target=\"_blank\" title=\"Click to share on Facebook\"><span><\/span><span class=\"sharing-screen-reader-text\">Click to share on Facebook (Opens in new window)<\/span><\/a><\/li><li class=\"share-twitter\"><a rel=\"nofollow noopener noreferrer\" data-shared=\"sharing-twitter-8799\" class=\"share-twitter sd-button share-icon no-text\" href=\"https:\/\/bukkleader.hu\/old\/bukk-tersegi-leader-egyesulet-szakmai-forum-bukkaranyos-2022-05-11\/?share=twitter\" target=\"_blank\" title=\"Click to share on Twitter\"><span><\/span><span class=\"sharing-screen-reader-text\">Click to share on Twitter (Opens in new window)<\/span><\/a><\/li><li class=\"share-print\"><a rel=\"nofollow noopener noreferrer\" data-shared=\"\" class=\"share-print sd-button share-icon no-text\" href=\"https:\/\/bukkleader.hu\/old\/bukk-tersegi-leader-egyesulet-szakmai-forum-bukkaranyos-2022-05-11\/\" target=\"_blank\" title=\"Click to print\"><span><\/span><span class=\"sharing-screen-reader-text\">Click to print (Opens in new window)<\/span><\/a><\/li><li class=\"share-email\"><a rel=\"nofollow noopener noreferrer\" data-shared=\"\" class=\"share-email sd-button share-icon no-text\" href=\"https:\/\/bukkleader.hu\/old\/bukk-tersegi-leader-egyesulet-szakmai-forum-bukkaranyos-2022-05-11\/?share=email\" target=\"_blank\" title=\"Click to email this to a friend\"><span><\/span><span class=\"sharing-screen-reader-text\">Click to email this to a friend (Opens in new window)<\/span><\/a><\/li><li class=\"share-end\"><\/li><\/ul><\/div><\/div><\/div>","protected":false},"author":4,"featured_media":8783,"comment_status":"closed","ping_status":"closed","sticky":false,"template":"","format":"standard","meta":{"_bbp_topic_count":0,"_bbp_reply_count":0,"_bbp_total_topic_count":0,"_bbp_total_reply_count":0,"_bbp_voice_count":0,"_bbp_anonymous_reply_count":0,"_bbp_topic_count_hidden":0,"_bbp_reply_count_hidden":0,"_bbp_forum_subforum_count":0,"spay_email":"","jetpack_publicize_message":"","jetpack_is_tweetstorm":false,"jetpack_publicize_feature_enabled":true},"categories":[1],"tags":[],"jetpack_featured_media_url":"https:\/\/bukkleader.hu\/old\/wp-content\/uploads\/2022\/04\/Szechenyi-2020.jpg","jetpack_publicize_connections":[],"jetpack_sharing_enabled":true,"jetpack-related-posts":[{"id":8649,"url":"https:\/\/bukkleader.hu\/old\/meghivo-a-bukk-tersegi-leader-egyesulet-szakmai-forumara-sajokeresztur-2021-12-12\/","url_meta":{"origin":8799,"position":0},"title":"Megh\u00edv\u00f3 a B\u00fckk-T\u00e9rs\u00e9gi LEADER Egyes\u00fclet Szakmai F\u00f3rum\u00e1ra \u2013 Saj\u00f3kereszt\u00far, 2021.12.12.","date":"2021-12-03","format":false,"excerpt":"A B\u00fckk-T\u00e9rs\u00e9gi LEADER Egyes\u00fclet szeretettel megh\u00edvja \u00d6n\u00f6ket 2021. 12. 12-\u00e9n Saj\u00f3kereszt\u00faron tartand\u00f3 szakmai f\u00f3rum\u00e1ra. A megh\u00edv\u00f3 pdf-ben let\u00f6lthet\u0151 itt.","rel":"","context":"In &quot;H\u00edreink, k\u00f6zlem\u00e9nyeink&quot;","img":{"alt_text":"bukk-leader-logo-w","src":"https:\/\/i2.wp.com\/bukkleader.hu\/old\/wp-content\/uploads\/2015\/09\/bukk-leader-logo-w.jpg?resize=350%2C200&ssl=1","width":350,"height":200},"classes":[]},{"id":8622,"url":"https:\/\/bukkleader.hu\/old\/meghivo-a-bukk-tersegi-leader-egyesulet-szakmai-forumara-bukkaranyos-2021-12-06\/","url_meta":{"origin":8799,"position":1},"title":"Megh\u00edv\u00f3 a B\u00fckk-T\u00e9rs\u00e9gi LEADER Egyes\u00fclet Szakmai F\u00f3rum\u00e1ra &#8211; B\u00fckkaranyos, 2021.12.06","date":"2021-11-26","format":false,"excerpt":"A B\u00fckk-T\u00e9rs\u00e9gi LEADER Egyes\u00fclet szeretettel megh\u00edvja \u00d6n\u00f6ket 2021. 12. 06-\u00e1n B\u00fckkaranyoson tartand\u00f3 szakmai f\u00f3rum\u00e1ra. A megh\u00edv\u00f3 pdf-ben let\u00f6lthet\u0151 itt.","rel":"","context":"In &quot;H\u00edreink, k\u00f6zlem\u00e9nyeink&quot;","img":{"alt_text":"","src":"https:\/\/i2.wp.com\/bukkleader.hu\/old\/wp-content\/uploads\/2021\/12\/MhvBks.jpg?resize=350%2C200&ssl=1","width":350,"height":200},"classes":[]},{"id":4541,"url":"https:\/\/bukkleader.hu\/old\/meghivo-a-bukk-tersegi-leader-egyesulet-szakmai-forumara-2020-11-06\/","url_meta":{"origin":8799,"position":2},"title":"Megh\u00edv\u00f3 a B\u00fckk-T\u00e9rs\u00e9gi LEADER Egyes\u00fclet Szakmai F\u00f3rum\u00e1ra &#8211; 2020.11.06.","date":"2020-10-26","format":false,"excerpt":"A B\u00fckk-T\u00e9rs\u00e9gi LEADER Egyes\u00fclet 2020. november 6-\u00e1n 16:00 \u00f3r\u00e1t\u00f3l szakmai f\u00f3rumot tart Borsodgeszten, melyre minden \u00e9rdekl\u0151d\u0151t tisztelettel megh\u00edvunk. A f\u00f3rum programja:","rel":"","context":"In &quot;H\u00edreink, k\u00f6zlem\u00e9nyeink&quot;","img":{"alt_text":"","src":"https:\/\/i1.wp.com\/bukkleader.hu\/old\/wp-content\/uploads\/2020\/11\/Megh\u00c3\u00adv\u00c3\u00b3_Borsodgeszt_page-0001.jpg?resize=350%2C200&ssl=1","width":350,"height":200},"classes":[]},{"id":6033,"url":"https:\/\/bukkleader.hu\/old\/meghivo-a-bukk-tersegi-leader-egyesulet-szakmai-forumara-parasznya-2021-julius-06\/","url_meta":{"origin":8799,"position":3},"title":"Megh\u00edv\u00f3 a B\u00fckk-T\u00e9rs\u00e9gi LEADER Egyes\u00fclet Szakmai F\u00f3rum\u00e1ra- Parasznya, 2021.07.06.","date":"2021-06-28","format":false,"excerpt":"A B\u00fckk-T\u00e9rs\u00e9gi LEADER Egyes\u00fclet szeretettel megh\u00edvja \u00d6n\u00f6ket 2021. j\u00falius 06.-\u00e1n Paraszny\u00e1n tartand\u00f3 szakmai f\u00f3rum\u00e1ra. (pdf let\u00f6lthet\u0151 itt)","rel":"","context":"In &quot;H\u00edreink, k\u00f6zlem\u00e9nyeink&quot;","img":{"alt_text":"Parasznya","src":"https:\/\/i0.wp.com\/bukkleader.hu\/old\/wp-content\/uploads\/2015\/10\/parasznya-w.jpg?resize=350%2C200&ssl=1","width":350,"height":200},"classes":[]},{"id":6516,"url":"https:\/\/bukkleader.hu\/old\/meghivo-a-bukk-tersegi-leader-egyesulet-szakmai-forumara-bukkszentkereszt-2021-07-12\/","url_meta":{"origin":8799,"position":4},"title":"Megh\u00edv\u00f3 a B\u00fckk-T\u00e9rs\u00e9gi LEADER Egyes\u00fclet Szakmai F\u00f3rum\u00e1ra- B\u00fckkszentkereszt, 2021.07.12.","date":"2021-06-28","format":false,"excerpt":"A B\u00fckk-T\u00e9rs\u00e9gi LEADER Egyes\u00fclet szeretettel megh\u00edvja \u00d6n\u00f6ket 2021. j\u00falius 12.-\u00e9n, B\u00fckkszentkereszten tartand\u00f3 szakmai f\u00f3rum\u00e1ra. (pdf let\u00f6lthet\u0151 itt)","rel":"","context":"In &quot;H\u00edreink, k\u00f6zlem\u00e9nyeink&quot;","img":{"alt_text":"","src":"https:\/\/i0.wp.com\/bukkleader.hu\/old\/wp-content\/uploads\/2017\/12\/B\u00fckkszent-t\u00e9len.jpg?resize=350%2C200&ssl=1","width":350,"height":200},"classes":[]},{"id":6763,"url":"https:\/\/bukkleader.hu\/old\/meghivo-a-bukk-tersegi-leader-egyesulet-szakmai-forumara-felsozsolca-2021-07-19\/","url_meta":{"origin":8799,"position":5},"title":"Megh\u00edv\u00f3 a B\u00fckk-T\u00e9rs\u00e9gi LEADER Egyes\u00fclet Szakmai F\u00f3rum\u00e1ra- Fels\u0151zsolca, 2021.07.19.","date":"2021-06-28","format":false,"excerpt":"A B\u00fckk-T\u00e9rs\u00e9gi LEADER Egyes\u00fclet szeretettel megh\u00edvja \u00d6n\u00f6ket 2021. j\u00falius 19.-\u00e9n, Fels\u0151zsolc\u00e1n tartand\u00f3 szakmai f\u00f3rum\u00e1ra. (pdf let\u00f6lthet\u0151 itt)","rel":"","context":"In &quot;H\u00edreink, k\u00f6zlem\u00e9nyeink&quot;","img":{"alt_text":"","src":"https:\/\/i1.wp.com\/bukkleader.hu\/old\/wp-content\/uploads\/2016\/09\/fels\u0151zsolca-\u00f6nk..jpg?resize=350%2C200&ssl=1","width":350,"height":200},"classes":[]}],"_links":{"self":[{"href":"https:\/\/bukkleader.hu\/old\/wp-json\/wp\/v2\/posts\/8799"}],"collection":[{"href":"https:\/\/bukkleader.hu\/old\/wp-json\/wp\/v2\/posts"}],"about":[{"href":"https:\/\/bukkleader.hu\/old\/wp-json\/wp\/v2\/types\/post"}],"author":[{"embeddable":true,"href":"https:\/\/bukkleader.hu\/old\/wp-json\/wp\/v2\/users\/4"}],"replies":[{"embeddable":true,"href":"https:\/\/bukkleader.hu\/old\/wp-json\/wp\/v2\/comments?post=8799"}],"version-history":[{"count":3,"href":"https:\/\/bukkleader.hu\/old\/wp-json\/wp\/v2\/posts\/8799\/revisions"}],"predecessor-version":[{"id":8806,"href":"https:\/\/bukkleader.hu\/old\/wp-json\/wp\/v2\/posts\/8799\/revisions\/8806"}],"wp:featuredmedia":[{"embeddable":true,"href":"https:\/\/bukkleader.hu\/old\/wp-json\/wp\/v2\/media\/8783"}],"wp:attachment":[{"href":"https:\/\/bukkleader.hu\/old\/wp-json\/wp\/v2\/media?parent=8799"}],"wp:term":[{"taxonomy":"category","embeddable":true,"href":"https:\/\/bukkleader.hu\/old\/wp-json\/wp\/v2\/categories?post=8799"},{"taxonomy":"post_tag","embeddable":true,"href":"https:\/\/bukkleader.hu\/old\/wp-json\/wp\/v2\/tags?post=8799"}],"curies":[{"name":"wp","href":"https:\/\/api.w.org\/{rel}","templated":true}]}}