{"id":878,"date":"2016-03-04T14:17:52","date_gmt":"2016-03-04T13:17:52","guid":{"rendered":"https:\/\/bukkleader.hu\/old\/?p=878"},"modified":"2016-03-04T14:17:52","modified_gmt":"2016-03-04T13:17:52","slug":"878-2","status":"publish","type":"post","link":"https:\/\/bukkleader.hu\/old\/878-2\/","title":{"rendered":"Elfogadta a K\u00f6zgy\u0171l\u00e9s a B\u00fckk-T\u00e9rs\u00e9gi LEADER Vid\u00e9kfejleszt\u00e9si K\u00f6z\u00f6ss\u00e9g Helyi Fejleszt\u00e9si Strat\u00e9gi\u00e1j\u00e1nak tervezet\u00e9t"},"content":{"rendered":"<p>Elfogadta a K\u00f6zgy\u0171l\u00e9s a B\u00fckk-T\u00e9rs\u00e9gi LEADER Vid\u00e9kfejleszt\u00e9si K\u00f6z\u00f6ss\u00e9g Helyi Fejleszt\u00e9si Strat\u00e9gi\u00e1j\u00e1nak tervezet\u00e9t<\/p>\n<p><b><br \/><\/b>A 2016. 03. 02.-i \u00fcl\u00e9sen elfogadta a K\u00f6zgy\u0171l\u00e9s a HFS tervezet\u00e9t. A tervezetet a munkaszervezet 2016. 03.04.-\u00e9n\u00a0 megk\u00fcldte az Ir\u00e1ny\u00edt\u00f3 Hat\u00f3s\u00e1gnak \u00e9rt\u00e9kel\u00e9sre.<\/p>\n<p>A HFS tervezett itt olvashat\u00f3 &gt;&gt;\u00a0<a href=\"https:\/\/bukkleader.hu\/old\/wp-content\/uploads\/2016\/03\/BTLE_HFS_tervezet.pdf\" rel=\"\">BTLE_HFS_tervezet<\/a><\/p>\n<div class=\"sharedaddy sd-sharing-enabled\"><div class=\"robots-nocontent sd-block sd-social sd-social-icon sd-sharing\"><h3 class=\"sd-title\">Share this:<\/h3><div class=\"sd-content\"><ul><li class=\"share-facebook\"><a rel=\"nofollow noopener noreferrer\" data-shared=\"sharing-facebook-878\" class=\"share-facebook sd-button share-icon no-text\" href=\"https:\/\/bukkleader.hu\/old\/878-2\/?share=facebook\" target=\"_blank\" title=\"Click to share on Facebook\"><span><\/span><span class=\"sharing-screen-reader-text\">Click to share on Facebook (Opens in new window)<\/span><\/a><\/li><li class=\"share-twitter\"><a rel=\"nofollow noopener noreferrer\" data-shared=\"sharing-twitter-878\" class=\"share-twitter sd-button share-icon no-text\" href=\"https:\/\/bukkleader.hu\/old\/878-2\/?share=twitter\" target=\"_blank\" title=\"Click to share on Twitter\"><span><\/span><span class=\"sharing-screen-reader-text\">Click to share on Twitter (Opens in new window)<\/span><\/a><\/li><li class=\"share-print\"><a rel=\"nofollow noopener noreferrer\" data-shared=\"\" class=\"share-print sd-button share-icon no-text\" href=\"https:\/\/bukkleader.hu\/old\/878-2\/\" target=\"_blank\" title=\"Click to print\"><span><\/span><span class=\"sharing-screen-reader-text\">Click to print (Opens in new window)<\/span><\/a><\/li><li class=\"share-email\"><a rel=\"nofollow noopener noreferrer\" data-shared=\"\" class=\"share-email sd-button share-icon no-text\" href=\"https:\/\/bukkleader.hu\/old\/878-2\/?share=email\" target=\"_blank\" title=\"Click to email this to a friend\"><span><\/span><span class=\"sharing-screen-reader-text\">Click to email this to a friend (Opens in new window)<\/span><\/a><\/li><li class=\"share-end\"><\/li><\/ul><\/div><\/div><\/div>","protected":false},"excerpt":{"rendered":"<p>Elfogadta a K\u00f6zgy\u0171l\u00e9s a B\u00fckk-T\u00e9rs\u00e9gi LEADER Vid\u00e9kfejleszt\u00e9si K\u00f6z\u00f6ss\u00e9g Helyi Fejleszt\u00e9si Strat\u00e9gi\u00e1j\u00e1nak tervezet\u00e9t A 2016. 03. 02.-i \u00fcl\u00e9sen elfogadta a K\u00f6zgy\u0171l\u00e9s a HFS tervezet\u00e9t. A tervezetet a munkaszervezet 2016. 03.04.-\u00e9n\u00a0 megk\u00fcldte az Ir\u00e1ny\u00edt\u00f3 Hat\u00f3s\u00e1gnak \u00e9rt\u00e9kel\u00e9sre. A HFS tervezett itt olvashat\u00f3 &gt;&gt;\u00a0BTLE_HFS_tervezet<\/p>\n<div class=\"sharedaddy sd-sharing-enabled\"><div class=\"robots-nocontent sd-block sd-social sd-social-icon sd-sharing\"><h3 class=\"sd-title\">Share this:<\/h3><div class=\"sd-content\"><ul><li class=\"share-facebook\"><a rel=\"nofollow noopener noreferrer\" data-shared=\"sharing-facebook-878\" class=\"share-facebook sd-button share-icon no-text\" href=\"https:\/\/bukkleader.hu\/old\/878-2\/?share=facebook\" target=\"_blank\" title=\"Click to share on Facebook\"><span><\/span><span class=\"sharing-screen-reader-text\">Click to share on Facebook (Opens in new window)<\/span><\/a><\/li><li class=\"share-twitter\"><a rel=\"nofollow noopener noreferrer\" data-shared=\"sharing-twitter-878\" class=\"share-twitter sd-button share-icon no-text\" href=\"https:\/\/bukkleader.hu\/old\/878-2\/?share=twitter\" target=\"_blank\" title=\"Click to share on Twitter\"><span><\/span><span class=\"sharing-screen-reader-text\">Click to share on Twitter (Opens in new window)<\/span><\/a><\/li><li class=\"share-print\"><a rel=\"nofollow noopener noreferrer\" data-shared=\"\" class=\"share-print sd-button share-icon no-text\" href=\"https:\/\/bukkleader.hu\/old\/878-2\/\" target=\"_blank\" title=\"Click to print\"><span><\/span><span class=\"sharing-screen-reader-text\">Click to print (Opens in new window)<\/span><\/a><\/li><li class=\"share-email\"><a rel=\"nofollow noopener noreferrer\" data-shared=\"\" class=\"share-email sd-button share-icon no-text\" href=\"https:\/\/bukkleader.hu\/old\/878-2\/?share=email\" target=\"_blank\" title=\"Click to email this to a friend\"><span><\/span><span class=\"sharing-screen-reader-text\">Click to email this to a friend (Opens in new window)<\/span><\/a><\/li><li class=\"share-end\"><\/li><\/ul><\/div><\/div><\/div>","protected":false},"author":4,"featured_media":880,"comment_status":"open","ping_status":"closed","sticky":false,"template":"","format":"standard","meta":{"_bbp_topic_count":0,"_bbp_reply_count":0,"_bbp_total_topic_count":0,"_bbp_total_reply_count":0,"_bbp_voice_count":0,"_bbp_anonymous_reply_count":0,"_bbp_topic_count_hidden":0,"_bbp_reply_count_hidden":0,"_bbp_forum_subforum_count":0,"spay_email":"","jetpack_publicize_message":"","jetpack_is_tweetstorm":false,"jetpack_publicize_feature_enabled":true},"categories":[1],"tags":[],"jetpack_featured_media_url":"https:\/\/bukkleader.hu\/old\/wp-content\/uploads\/2016\/03\/HFS-elfogad\u00e1s-k\u00f6zgy\u0171l\u00e9s-2.jpg","jetpack_publicize_connections":[],"jetpack_sharing_enabled":true,"jetpack-related-posts":[{"id":1000,"url":"https:\/\/bukkleader.hu\/old\/jovahagyast-kapott-helyi-fejlesztesi-strategia\/","url_meta":{"origin":878,"position":0},"title":"J\u00d3V\u00c1HAGY\u00c1ST KAPOTT A HELYI FEJLESZT\u00c9SI STRAT\u00c9GIA","date":"2016-08-01","format":false,"excerpt":"J\u00f3v\u00e1hagy\u00e1st kapott a B\u00fckk-T\u00e9rs\u00e9gi LEADER Egyes\u00fclet HFS-e!\u00a0A B\u00fckk-T\u00e9rs\u00e9gi LEADER Egyes\u00fclet szakmai \u00e9rt\u00e9kel\u00e9se >> \u00a0https:\/\/bukkleader.hu\/old\/wp-content\/uploads\/2016\/08\/Szakmai-\u00e9rt\u00e9kel\u00e9s.pdf\u00a0 \u00a0 \u00a0 \u00a02. A HFS kiv\u00e1laszt\u00e1s\u00e1r\u00f3l \u00e9s j\u00f3v\u00e1hagy\u00e1s\u00e1r\u00f3l, valamint v\u00e9glegesen elismert LEADER HACS-k\u00e9nt val\u00f3 elismer\u00e9s\u00e9r\u0151l sz\u00f3l\u00f3 dokumentum >>\u00a0https:\/\/bukkleader.hu\/old\/wp-content\/uploads\/2016\/08\/j\u00f3v\u00e1hagy\u00e1s.pdf","rel":"","context":"In &quot;H\u00edreink, k\u00f6zlem\u00e9nyeink&quot;","img":{"alt_text":"","src":"https:\/\/i1.wp.com\/bukkleader.hu\/old\/wp-content\/uploads\/2016\/08\/z\u00f6ld-l\u00e1mpa-1.jpg?resize=350%2C200&ssl=1","width":350,"height":200},"classes":[]},{"id":296,"url":"https:\/\/bukkleader.hu\/old\/sajtoszemle-fejlesztesek-a-miskolci-kistersegben\/","url_meta":{"origin":878,"position":1},"title":"Sajt\u00f3szemle: Fejleszt\u00e9sek a miskolci kist\u00e9rs\u00e9gben","date":"2013-01-30","format":false,"excerpt":"\u201eA meg\u00fajul\u00f3 energiaforr\u00e1sok hasznos\u00edt\u00e1sa mellett a j\u00f6v\u0151ben kulcsszerepet kap a v\u00edz- \u00e9s az \u00e9lelmiszerprogram is a Vid\u00e9kfejleszt\u00e9si K\u00f6z\u00f6ss\u00e9g strat\u00e9giai fejleszt\u00e9s\u00e9ben. Az \u00faj beruh\u00e1z\u00e1sok nem csak a kisebb t\u00e9rs\u00e9gekre, hanem Miskolcra is hat\u00e1ssal lesznek \u2013 hangzott el a 44 telep\u00fcl\u00e9st \u00f6sszefog\u00f3 B\u00fckk-T\u00e9rs\u00e9gi Leader Egyes\u00fclet cs\u00fct\u00f6rt\u00f6ki k\u00f6zgy\u0171l\u00e9s\u00e9n.\u201dTov\u00e1bb a teljes cikkhez a MiNap\u2026","rel":"","context":"In &quot;Eredm\u00e9nyeink&quot;","img":{"alt_text":"sajtoszemle-w","src":"https:\/\/i1.wp.com\/bukkleader.hu\/old\/wp-content\/uploads\/2015\/09\/sajtoszemle-w.jpg?resize=350%2C200&ssl=1","width":350,"height":200},"classes":[]},{"id":369,"url":"https:\/\/bukkleader.hu\/old\/kozgyulest-tart-a-bukk-tersegi-leader-egyesulet\/","url_meta":{"origin":878,"position":2},"title":"K\u00f6zgy\u0171l\u00e9st tart a B\u00fckk-T\u00e9rs\u00e9gi LEADER Egyes\u00fclet","date":"2014-01-31","format":false,"excerpt":"T\u00e1j\u00e9koztatjuk a tisztelt HACS tagokat, hogy a B\u00fckk-T\u00e9rs\u00e9gi LEADER Egyes\u00fclet a soron k\u00f6vetkez\u0151 k\u00f6zgy\u0171l\u00e9s\u00e9t 2014. janu\u00e1r 31-\u00e9n, 14:00 \u00f3rai kezdettel Ny\u00e9kl\u00e1dh\u00e1z\u00e1n, a Furmann Imre M\u0171vel\u0151d\u00e9si H\u00e1zban (Kossuth u. 56.) tartja meg.\u00a0A k\u00f6zgy\u0171l\u00e9s tervezett napirendje:1. Besz\u00e1mol\u00f3 a 2013\/2. f\u00e9l\u00e9vi LEADER t\u00e1mogat\u00e1si id\u0151szak eredm\u00e9nyeir\u0151l. (20 perc)2. Az Egyes\u00fclet Alapszab\u00e1ly\u00e1nak m\u00f3dos\u00edt\u00e1sa az \u00faj\u2026","rel":"","context":"In &quot;H\u00edreink, k\u00f6zlem\u00e9nyeink&quot;","img":{"alt_text":"bukk-leader-logo-w","src":"https:\/\/i2.wp.com\/bukkleader.hu\/old\/wp-content\/uploads\/2015\/09\/bukk-leader-logo-w.jpg?resize=350%2C200&ssl=1","width":350,"height":200},"classes":[]},{"id":317,"url":"https:\/\/bukkleader.hu\/old\/felhivas-a-helyi-videkfejlesztesi-strategia-felulvizsgalataban-valo-reszvetelre\/","url_meta":{"origin":878,"position":3},"title":"FELH\u00cdV\u00c1S a Helyi Vid\u00e9kfejleszt\u00e9si Strat\u00e9gia fel\u00fclvizsg\u00e1lat\u00e1ban val\u00f3 r\u00e9szv\u00e9telre","date":"2013-03-27","format":false,"excerpt":"A B\u00fckk-T\u00e9rs\u00e9gi LEADER Egyes\u00fclet a Vid\u00e9kfejleszt\u00e9si Miniszt\u00e9rium el\u0151\u00edr\u00e1sai alapj\u00e1n a 2013. m\u00e1rcius 26. - 2013. \u00e1prilis 05. id\u0151szakban meghirdeti a Helyi Vid\u00e9kfejleszt\u00e9si Strat\u00e9gia (HVS) 2013. \u00e9vi fel\u00fclvizsg\u00e1lat\u00e1t. A fel\u00fclvizsg\u00e1lat c\u00e9lja a LEADER III. t\u00e1mogat\u00e1si id\u0151szak\u00e1nak el\u0151k\u00e9sz\u00edt\u00e9se, mely el\u0151rel\u00e1that\u00f3lag 2013. m\u00e1jus h\u00f3napban indul (projektjavaslatok beny\u00fajt\u00e1s\u00e1val).Tov\u00e1bb:\u00a0a TELJES FELH\u00cdV\u00c1S LET\u00d6LT\u00c9SE WORD FORM\u00c1TUMBAN >>Mell\u00e9kletek:HPME\u2026","rel":"","context":"In &quot;H\u00edreink, k\u00f6zlem\u00e9nyeink&quot;","img":{"alt_text":"felki\u00e1llt\u00f3 jel","src":"https:\/\/i0.wp.com\/bukkleader.hu\/old\/wp-content\/uploads\/2012\/06\/felkialto-jel384w.jpg?resize=350%2C200&ssl=1","width":350,"height":200},"classes":[]},{"id":509,"url":"https:\/\/bukkleader.hu\/old\/meghivo-kozgyulesre\/","url_meta":{"origin":878,"position":4},"title":"Megh\u00edv\u00f3 K\u00f6zgy\u0171l\u00e9sre!","date":"2015-10-27","format":false,"excerpt":"A B\u00fckk-T\u00e9rs\u00e9gi LEADER Egyes\u00fclet a Helyi Fejleszt\u00e9si Strat\u00e9gia tervez\u00e9sr\u0151l k\u00f6zgy\u0171l\u00e9st tart B\u0151cs\u00f6n, a mell\u00e9kelt megh\u00edv\u00f3 szerint.Minden \u00e9rdekl\u0151d\u0151t v\u00e1runk!Megh\u00edv\u00f3 let\u00f6lt\u00e9se itt>>","rel":"","context":"In &quot;H\u00edreink, k\u00f6zlem\u00e9nyeink&quot;","img":{"alt_text":"","src":"","width":0,"height":0},"classes":[]},{"id":430,"url":"https:\/\/bukkleader.hu\/old\/letolthetok-a-2015-majus-29-i-kozgyulesunkon-elhangzott-eloadasok-prezentacioi\/","url_meta":{"origin":878,"position":5},"title":"Let\u00f6lthet\u0151k a 2015. m\u00e1jus 29-i k\u00f6zgy\u0171l\u00e9s\u00fcnk\u00f6n elhangzott el\u0151ad\u00e1sok prezent\u00e1ci\u00f3i","date":"2015-06-01","format":false,"excerpt":"Tagjaink k\u00e9r\u00e9s\u00e9re az al\u00e1bbiakban k\u00f6zz\u00e9tessz\u00fck a B\u00fckk-T\u00e9rs\u00e9gi LEADER Egyes\u00fclet\u00fcnk 2015. m\u00e1jus 29-i k\u00f6zgy\u0171l\u00e9s\u00e9n elhangzott el\u0151ad\u00e1sok prezent\u00e1ci\u00f3it:1. napirendi pont: \"Besz\u00e1mol\u00f3 a k\u00f6z\u00f6ss\u00e9g 2014-ben v\u00e9gzett vid\u00e9kfejleszt\u00e9si munk\u00e1j\u00e1r\u00f3l\" - el\u0151ad\u00f3: Dr. Nagy J\u00f3zsef eln\u00f6k. A prezent\u00e1ci\u00f3 let\u00f6lt\u00e9se >>3. napirendi pont: \"A LEADER k\u00f6z\u00f6ss\u00e9g\u00fcnk 2015. \u00e9vi tervez\u00e9s\u00e9nek lehet\u0151s\u00e9gei\" - el\u0151ad\u00f3: Dr. Nagy J\u00f3zsef eln\u00f6k.\u2026","rel":"","context":"In &quot;H\u00edreink, k\u00f6zlem\u00e9nyeink&quot;","img":{"alt_text":"bukk-leader-logo-w","src":"https:\/\/i2.wp.com\/bukkleader.hu\/old\/wp-content\/uploads\/2015\/09\/bukk-leader-logo-w.jpg?resize=350%2C200&ssl=1","width":350,"height":200},"classes":[]}],"_links":{"self":[{"href":"https:\/\/bukkleader.hu\/old\/wp-json\/wp\/v2\/posts\/878"}],"collection":[{"href":"https:\/\/bukkleader.hu\/old\/wp-json\/wp\/v2\/posts"}],"about":[{"href":"https:\/\/bukkleader.hu\/old\/wp-json\/wp\/v2\/types\/post"}],"author":[{"embeddable":true,"href":"https:\/\/bukkleader.hu\/old\/wp-json\/wp\/v2\/users\/4"}],"replies":[{"embeddable":true,"href":"https:\/\/bukkleader.hu\/old\/wp-json\/wp\/v2\/comments?post=878"}],"version-history":[{"count":1,"href":"https:\/\/bukkleader.hu\/old\/wp-json\/wp\/v2\/posts\/878\/revisions"}],"predecessor-version":[{"id":881,"href":"https:\/\/bukkleader.hu\/old\/wp-json\/wp\/v2\/posts\/878\/revisions\/881"}],"wp:featuredmedia":[{"embeddable":true,"href":"https:\/\/bukkleader.hu\/old\/wp-json\/wp\/v2\/media\/880"}],"wp:attachment":[{"href":"https:\/\/bukkleader.hu\/old\/wp-json\/wp\/v2\/media?parent=878"}],"wp:term":[{"taxonomy":"category","embeddable":true,"href":"https:\/\/bukkleader.hu\/old\/wp-json\/wp\/v2\/categories?post=878"},{"taxonomy":"post_tag","embeddable":true,"href":"https:\/\/bukkleader.hu\/old\/wp-json\/wp\/v2\/tags?post=878"}],"curies":[{"name":"wp","href":"https:\/\/api.w.org\/{rel}","templated":true}]}}