{"id":8778,"date":"2022-04-05T08:45:06","date_gmt":"2022-04-05T06:45:06","guid":{"rendered":"https:\/\/bukkleader.hu\/old\/?p=8778"},"modified":"2022-04-05T09:41:35","modified_gmt":"2022-04-05T07:41:35","slug":"megjelent-a-nem-mezogazdasagi-tevekenysegek-diverzifikacioja-lovas-letesitmenyek-fejlesztese-cimu-vp6-6-4-1-1-22-kodszamu-felhivas","status":"publish","type":"post","link":"https:\/\/bukkleader.hu\/old\/megjelent-a-nem-mezogazdasagi-tevekenysegek-diverzifikacioja-lovas-letesitmenyek-fejlesztese-cimu-vp6-6-4-1-1-22-kodszamu-felhivas\/","title":{"rendered":"Megjelent a &#8220;Nem mez\u0151gazdas\u00e1gi tev\u00e9kenys\u00e9gek diverzifik\u00e1ci\u00f3ja &#8211; Lovas l\u00e9tes\u00edtm\u00e9nyek fejleszt\u00e9se&#8221; c\u00edm\u0171 (VP6-6.4.1.1-22 k\u00f3dsz\u00e1m\u00fa) felh\u00edv\u00e1s"},"content":{"rendered":"\n<p>T\u00e1j\u00e9koztatjuk a Tisztelt T\u00e1mogat\u00e1st Ig\u00e9nyl\u0151ket, hogy a Sz\u00e9chenyi 2020 keret\u00e9ben megjelent a \u201eNem mez\u0151gazdas\u00e1gi tev\u00e9kenys\u00e9gek diverzifik\u00e1ci\u00f3ja \u2013 Lovas l\u00e9tes\u00edtm\u00e9nyek fejleszt\u00e9se\u201d c\u00edm\u0171 (VP6-6.4.1.1-22 k\u00f3dsz\u00e1m\u00fa) felh\u00edv\u00e1s.<\/p>\n\n\n\n<p>A t\u00e1mogat\u00e1si k\u00e9relmek beny\u00fajt\u00e1s\u00e1ra 2022. m\u00e1jus 4. napj\u00e1t\u00f3l 2022. j\u00falius 12. napj\u00e1ig van lehet\u0151s\u00e9g. A felh\u00edv\u00e1s meghirdet\u00e9sekor a t\u00e1mogat\u00e1sra rendelkez\u00e9sre \u00e1ll\u00f3 tervezett keret\u00f6sszeg 5 milli\u00e1rd Ft.<\/p>\n\n\n\n<p>A felh\u00edv\u00e1s dokumentumai el\u00e9rhet\u0151ek az al\u00e1bbi linken:<\/p>\n\n\n\n<p><a href=\"https:\/\/www.palyazat.gov.hu\/megjelent-a-nem-mezgazdasgi-tevkenysgek-diverzifikcija-lovas-ltestmnyek-fejlesztse-cm-vp6-6411-22-kdszm-felhvs\" target=\"_blank\" rel=\"noreferrer noopener\">https:\/\/www.palyazat.gov.hu\/megjelent-a-nem-mezgazdasgi-tevkenysgek-diverzifikcija-lovas-ltestmnyek-fejlesztse-cm-vp6-6411-22-kdszm-felhvs<\/a><\/p>\n<div class=\"sharedaddy sd-sharing-enabled\"><div class=\"robots-nocontent sd-block sd-social sd-social-icon sd-sharing\"><h3 class=\"sd-title\">Share this:<\/h3><div class=\"sd-content\"><ul><li class=\"share-facebook\"><a rel=\"nofollow noopener noreferrer\" data-shared=\"sharing-facebook-8778\" class=\"share-facebook sd-button share-icon no-text\" href=\"https:\/\/bukkleader.hu\/old\/megjelent-a-nem-mezogazdasagi-tevekenysegek-diverzifikacioja-lovas-letesitmenyek-fejlesztese-cimu-vp6-6-4-1-1-22-kodszamu-felhivas\/?share=facebook\" target=\"_blank\" title=\"Click to share on Facebook\"><span><\/span><span class=\"sharing-screen-reader-text\">Click to share on Facebook (Opens in new window)<\/span><\/a><\/li><li class=\"share-twitter\"><a rel=\"nofollow noopener noreferrer\" data-shared=\"sharing-twitter-8778\" class=\"share-twitter sd-button share-icon no-text\" href=\"https:\/\/bukkleader.hu\/old\/megjelent-a-nem-mezogazdasagi-tevekenysegek-diverzifikacioja-lovas-letesitmenyek-fejlesztese-cimu-vp6-6-4-1-1-22-kodszamu-felhivas\/?share=twitter\" target=\"_blank\" title=\"Click to share on Twitter\"><span><\/span><span class=\"sharing-screen-reader-text\">Click to share on Twitter (Opens in new window)<\/span><\/a><\/li><li class=\"share-print\"><a rel=\"nofollow noopener noreferrer\" data-shared=\"\" class=\"share-print sd-button share-icon no-text\" href=\"https:\/\/bukkleader.hu\/old\/megjelent-a-nem-mezogazdasagi-tevekenysegek-diverzifikacioja-lovas-letesitmenyek-fejlesztese-cimu-vp6-6-4-1-1-22-kodszamu-felhivas\/\" target=\"_blank\" title=\"Click to print\"><span><\/span><span class=\"sharing-screen-reader-text\">Click to print (Opens in new window)<\/span><\/a><\/li><li class=\"share-email\"><a rel=\"nofollow noopener noreferrer\" data-shared=\"\" class=\"share-email sd-button share-icon no-text\" href=\"https:\/\/bukkleader.hu\/old\/megjelent-a-nem-mezogazdasagi-tevekenysegek-diverzifikacioja-lovas-letesitmenyek-fejlesztese-cimu-vp6-6-4-1-1-22-kodszamu-felhivas\/?share=email\" target=\"_blank\" title=\"Click to email this to a friend\"><span><\/span><span class=\"sharing-screen-reader-text\">Click to email this to a friend (Opens in new window)<\/span><\/a><\/li><li class=\"share-end\"><\/li><\/ul><\/div><\/div><\/div>","protected":false},"excerpt":{"rendered":"<p>T\u00e1j\u00e9koztatjuk a Tisztelt T\u00e1mogat\u00e1st Ig\u00e9nyl\u0151ket, hogy a Sz\u00e9chenyi 2020 keret\u00e9ben megjelent a \u201eNem mez\u0151gazdas\u00e1gi tev\u00e9kenys\u00e9gek diverzifik\u00e1ci\u00f3ja \u2013 Lovas l\u00e9tes\u00edtm\u00e9nyek fejleszt\u00e9se\u201d c\u00edm\u0171 (VP6-6.4.1.1-22 k\u00f3dsz\u00e1m\u00fa) felh\u00edv\u00e1s. A t\u00e1mogat\u00e1si k\u00e9relmek beny\u00fajt\u00e1s\u00e1ra 2022. m\u00e1jus 4. napj\u00e1t\u00f3l 2022. j\u00falius 12. napj\u00e1ig van lehet\u0151s\u00e9g. A felh\u00edv\u00e1s meghirdet\u00e9sekor a t\u00e1mogat\u00e1sra rendelkez\u00e9sre \u00e1ll\u00f3 tervezett keret\u00f6sszeg 5 milli\u00e1rd Ft. A felh\u00edv\u00e1s dokumentumai el\u00e9rhet\u0151ek az [&hellip;]<\/p>\n<div class=\"sharedaddy sd-sharing-enabled\"><div class=\"robots-nocontent sd-block sd-social sd-social-icon sd-sharing\"><h3 class=\"sd-title\">Share this:<\/h3><div class=\"sd-content\"><ul><li class=\"share-facebook\"><a rel=\"nofollow noopener noreferrer\" data-shared=\"sharing-facebook-8778\" class=\"share-facebook sd-button share-icon no-text\" href=\"https:\/\/bukkleader.hu\/old\/megjelent-a-nem-mezogazdasagi-tevekenysegek-diverzifikacioja-lovas-letesitmenyek-fejlesztese-cimu-vp6-6-4-1-1-22-kodszamu-felhivas\/?share=facebook\" target=\"_blank\" title=\"Click to share on Facebook\"><span><\/span><span class=\"sharing-screen-reader-text\">Click to share on Facebook (Opens in new window)<\/span><\/a><\/li><li class=\"share-twitter\"><a rel=\"nofollow noopener noreferrer\" data-shared=\"sharing-twitter-8778\" class=\"share-twitter sd-button share-icon no-text\" href=\"https:\/\/bukkleader.hu\/old\/megjelent-a-nem-mezogazdasagi-tevekenysegek-diverzifikacioja-lovas-letesitmenyek-fejlesztese-cimu-vp6-6-4-1-1-22-kodszamu-felhivas\/?share=twitter\" target=\"_blank\" title=\"Click to share on Twitter\"><span><\/span><span class=\"sharing-screen-reader-text\">Click to share on Twitter (Opens in new window)<\/span><\/a><\/li><li class=\"share-print\"><a rel=\"nofollow noopener noreferrer\" data-shared=\"\" class=\"share-print sd-button share-icon no-text\" href=\"https:\/\/bukkleader.hu\/old\/megjelent-a-nem-mezogazdasagi-tevekenysegek-diverzifikacioja-lovas-letesitmenyek-fejlesztese-cimu-vp6-6-4-1-1-22-kodszamu-felhivas\/\" target=\"_blank\" title=\"Click to print\"><span><\/span><span class=\"sharing-screen-reader-text\">Click to print (Opens in new window)<\/span><\/a><\/li><li class=\"share-email\"><a rel=\"nofollow noopener noreferrer\" data-shared=\"\" class=\"share-email sd-button share-icon no-text\" href=\"https:\/\/bukkleader.hu\/old\/megjelent-a-nem-mezogazdasagi-tevekenysegek-diverzifikacioja-lovas-letesitmenyek-fejlesztese-cimu-vp6-6-4-1-1-22-kodszamu-felhivas\/?share=email\" target=\"_blank\" title=\"Click to email this to a friend\"><span><\/span><span class=\"sharing-screen-reader-text\">Click to email this to a friend (Opens in new window)<\/span><\/a><\/li><li class=\"share-end\"><\/li><\/ul><\/div><\/div><\/div>","protected":false},"author":4,"featured_media":8783,"comment_status":"closed","ping_status":"closed","sticky":false,"template":"","format":"standard","meta":{"_bbp_topic_count":0,"_bbp_reply_count":0,"_bbp_total_topic_count":0,"_bbp_total_reply_count":0,"_bbp_voice_count":0,"_bbp_anonymous_reply_count":0,"_bbp_topic_count_hidden":0,"_bbp_reply_count_hidden":0,"_bbp_forum_subforum_count":0,"spay_email":"","jetpack_publicize_message":"","jetpack_is_tweetstorm":false,"jetpack_publicize_feature_enabled":true},"categories":[1],"tags":[],"jetpack_featured_media_url":"https:\/\/bukkleader.hu\/old\/wp-content\/uploads\/2022\/04\/Szechenyi-2020.jpg","jetpack_publicize_connections":[],"jetpack_sharing_enabled":true,"jetpack-related-posts":[{"id":8473,"url":"https:\/\/bukkleader.hu\/old\/palyazok-figyelmebe-modosult-a-helyi-fejlesztesek-tamogatasa-cimu-felhivas\/","url_meta":{"origin":8778,"position":0},"title":"P\u00e1ly\u00e1z\u00f3k figyelm\u00e9be! M\u00f3dosult a Helyi Fejleszt\u00e9sek T\u00e1mogat\u00e1sa c\u00edm\u0171 felh\u00edv\u00e1s!","date":"2021-09-20","format":false,"excerpt":"P\u00e1ly\u00e1z\u00f3k figyelm\u00e9be! M\u00f3dosult a Helyi Fejleszt\u00e9sek T\u00e1mogat\u00e1sa c\u00edm\u0171 felh\u00edv\u00e1s! T\u00e1j\u00e9koztatjuk a t\u00e1mogat\u00e1si k\u00e9relmet beny\u00fajtani sz\u00e1nd\u00e9koz\u00f3kat, hogy m\u00f3dosult a VP6-19.2.1.-15-10-21 k\u00f3dsz\u00e1m\u00fa, Helyi Fejleszt\u00e9sek T\u00e1mogat\u00e1sa c\u00edm\u0171 felh\u00edv\u00e1s 4.3. pontja. A m\u00f3dos\u00edt\u00e1s szerint a 2. szakasz z\u00e1r\u00f3 napja 2021. 09. 25. Ennek alapj\u00e1n t\u00e1mogat\u00e1si k\u00e9relmet 2021. 09. 25-ig lehet beny\u00fajtani.","rel":"","context":"In &quot;H\u00edreink, k\u00f6zlem\u00e9nyeink&quot;","img":{"alt_text":"","src":"https:\/\/i2.wp.com\/bukkleader.hu\/old\/wp-content\/uploads\/2019\/08\/warning-icon-free-28_384x384.jpg?resize=350%2C200&ssl=1","width":350,"height":200},"classes":[]},{"id":8337,"url":"https:\/\/bukkleader.hu\/old\/megjelent-a-helyi-fejlesztesek-tamogatasa-vp6-19-2-1-15-10-21-helyi-felhivas\/","url_meta":{"origin":8778,"position":1},"title":"Megjelent a HELYI FEJLESZT\u00c9SEK T\u00c1MOGAT\u00c1SA (VP6-19.2.1.-15-10-21) helyi felh\u00edv\u00e1s!","date":"2021-07-29","format":false,"excerpt":"Megjelent a HELYI FEJLESZT\u00c9SEK T\u00c1MOGAT\u00c1SA (VP6-19.2.1.-15-10-21) helyi felh\u00edv\u00e1s! A felh\u00edv\u00e1s \u00e9s mell\u00e9kletei let\u00f6lthet\u0151k a Magyar \u00c1llamkincst\u00e1r honlapj\u00e1r\u00f3l: https:\/\/e-kerelem.mvh.allamkincstar.gov.hu\/enter\/leaderbongeszo\/leaderBongeszo.xhtml (A linkre l\u00e9pve Helyi Akci\u00f3csoportn\u00e1l v\u00e1lassz\u00e1k ki a leg\u00f6rd\u00fcl\u0151 men\u00fcb\u0151l a B\u00fckk-T\u00e9rs\u00e9gi LEADER Egyes\u00fcletet, vagy a Telep\u00fcl\u00e9sn\u00e9l a megval\u00f3s\u00edt\u00e1s tervezett helysz\u00edn\u00e9t. A megjelen\u0151 list\u00e1b\u00f3l a \"Helyi fejleszt\u00e9sek t\u00e1mogat\u00e1sa\u201d c\u00edm\u0171 felh\u00edv\u00e1s a relev\u00e1ns.\u2026","rel":"","context":"In &quot;H\u00edreink, k\u00f6zlem\u00e9nyeink&quot;","img":{"alt_text":"","src":"https:\/\/i0.wp.com\/bukkleader.hu\/old\/wp-content\/uploads\/2018\/08\/p\u00e1ly\u00e1zati-felh\u00edv\u00e1s.jpg?resize=350%2C200&ssl=1","width":350,"height":200},"classes":[]},{"id":2522,"url":"https:\/\/bukkleader.hu\/old\/turisztikai-szolgaltatasok-fejlesztese-felhivasra-tamogatasi-kerelmet-benyujtani-szandekozok-figyelmebe\/","url_meta":{"origin":8778,"position":2},"title":"Turisztikai szolg\u00e1ltat\u00e1sok fejleszt\u00e9se felh\u00edv\u00e1sra t\u00e1mogat\u00e1si k\u00e9relmet beny\u00fajtani sz\u00e1nd\u00e9koz\u00f3k figyelm\u00e9be!","date":"2020-04-20","format":false,"excerpt":"Tisztelt T\u00e1mogat\u00e1st Ig\u00e9nyl\u0151k! Felh\u00edvjuk a figyelm\u00fcket, hogy a TURISZTIKAI SZOLG\u00c1LTAT\u00c1SOK FEJLESZT\u00c9SE c\u00edm\u0171, VP6-19.2.1.-15-9-20 k\u00f3dsz\u00e1m\u00fa helyi felh\u00edv\u00e1s 1. szakasz hat\u00e1rnapja ma 23:59 \u00f3ra. Az IIER adatt\u00e1rb\u00f3l nyert inform\u00e1ci\u00f3 alapj\u00e1n nagy sz\u00e1m\u00fa t\u00e1mogat\u00e1si k\u00e9relem r\u00f6gz\u00edt\u00e9se van folyamatban, ez\u00e9rt a t\u00e1mogat\u00e1si k\u00e9relmek beny\u00fajt\u00e1sa 2020. 04. 21.-t\u0151l val\u00f3sz\u00edn\u0171leg felf\u00fcggeszt\u00e9sre ker\u00fcl.","rel":"","context":"In &quot;H\u00edreink, k\u00f6zlem\u00e9nyeink&quot;","img":{"alt_text":"","src":"https:\/\/i2.wp.com\/bukkleader.hu\/old\/wp-content\/uploads\/2016\/06\/\u00faj-k\u00e9p.jpg?resize=350%2C200&ssl=1","width":350,"height":200},"classes":[]},{"id":2527,"url":"https:\/\/bukkleader.hu\/old\/turisztikai-szolgaltatasok-fejlesztese-felhivasra-tamogatasi-kerelmet-benyujtani-szandekozok-figyelmebe-2\/","url_meta":{"origin":8778,"position":3},"title":"Turisztikai szolg\u00e1ltat\u00e1sok fejleszt\u00e9se felh\u00edv\u00e1sra t\u00e1mogat\u00e1si k\u00e9relmet beny\u00fajtani sz\u00e1nd\u00e9koz\u00f3k figyelm\u00e9be!","date":"2020-04-21","format":false,"excerpt":"Tisztelt T\u00e1mogat\u00e1st Ig\u00e9nyl\u0151k! Felh\u00edvjuk a figyelm\u00fcket, hogy a TURISZTIKAI SZOLG\u00c1LTAT\u00c1SOK FEJLESZT\u00c9SE c\u00edm\u0171, VP6-19.2.1.-15-9-20 k\u00f3dsz\u00e1m\u00fa helyi felh\u00edv\u00e1sra m\u00e9g lehet t\u00e1mogat\u00e1si k\u00e9relmeket beny\u00fajtani 2020. 04. 30. \u00e9jf\u00e9lig. Az IIER adatt\u00e1r inform\u00e1ci\u00f3 alapj\u00e1n 7 db t\u00e1mogat\u00e1si k\u00e9relem nem ker\u00fclt beny\u00fajt\u00e1sra a 2020. 04. 20.-i els\u0151 szakasz v\u00e9g\u00e9ig. Ezen k\u00e9relmek is a fenti id\u0151pontig\u2026","rel":"","context":"In &quot;H\u00edreink, k\u00f6zlem\u00e9nyeink&quot;","img":{"alt_text":"LEADER","src":"https:\/\/i0.wp.com\/bukkleader.hu\/old\/wp-content\/uploads\/2015\/08\/384-10-leader_logo.jpg?resize=350%2C200&ssl=1","width":350,"height":200},"classes":[]},{"id":5762,"url":"https:\/\/bukkleader.hu\/old\/tajekoztatas-uj-mezogazdasagi-es-videkfejlesztesi-palyazati-lehetosegekrol-nem-leader\/","url_meta":{"origin":8778,"position":4},"title":"T\u00e1j\u00e9koztat\u00e1s \u00faj mez\u0151gazdas\u00e1gi \u00e9s vid\u00e9kfejleszt\u00e9si p\u00e1ly\u00e1zati lehet\u0151s\u00e9gekr\u0151l (nem LEADER)","date":"2021-02-11","format":false,"excerpt":"Tisztelt \u00dcgyfeleink! Engedj\u00e9k meg, hogy tov\u00e1bb\u00edtsuk \u00d6n\u00f6k fel\u00e9 a\u00a0Magyar Nemzeti Vid\u00e9ki H\u00e1l\u00f3zat t\u00e1j\u00e9koztat\u00e1s\u00e1t a k\u00f6zelj\u00f6v\u0151ben megny\u00edl\u00f3 mez\u0151gazdas\u00e1gi \u00e9s vid\u00e9kfejleszt\u00e9si p\u00e1ly\u00e1zati lehet\u0151s\u00e9gekr\u0151l: P\u00e1ly\u00e1zati azonos\u00edt\u00f3 P\u00e1ly\u00e1zat c\u00edme El\u00e9rhet\u0151s\u00e9ge \u00a0 MAHOP-2.2.1-2016 Az akvakult\u00far\u00e1ba t\u00f6rt\u00e9n\u0151 termel\u00e9si c\u00e9l\u00fa beruh\u00e1z\u00e1sok t\u00e1mogat\u00e1sa https:\/\/www.palyazat.gov.hu\/mahop-22-2016-az-akvakultrba-trtn-termelsi-cl-beruhzsok-tmogatsa-1 VP2-4.1.3.7-20 Csemetekertek g\u00e9pbeszerz\u00e9se https:\/\/www.palyazat.gov.hu\/vp2-4137-20-csemetekertek-gpbeszerzse \u00a0 VP2-6.3.1-20 Mez\u0151gazdas\u00e1gi kis\u00fczemek t\u00e1mogat\u00e1sa https:\/\/www.palyazat.gov.hu\/vp2-631-20-mezgazdasgi-kiszemek-tmogatsa-1 \u00a0 VP3-17.1.1-16 Mez\u0151gazdas\u00e1gi biztos\u00edt\u00e1s\u2026","rel":"","context":"In &quot;H\u00edreink, k\u00f6zlem\u00e9nyeink&quot;","img":{"alt_text":"384-5-mnvh_logo","src":"https:\/\/i2.wp.com\/bukkleader.hu\/old\/wp-content\/uploads\/2015\/09\/384-5-mnvh_logo.jpg?resize=350%2C200&ssl=1","width":350,"height":200},"classes":[]},{"id":8471,"url":"https:\/\/bukkleader.hu\/old\/figyelem-tamogatasi-kerelmek-benyujtasanak-felfuggesztese\/","url_meta":{"origin":8778,"position":5},"title":"Figyelem! T\u00e1mogat\u00e1si k\u00e9relmek beny\u00fajt\u00e1s\u00e1nak felf\u00fcggeszt\u00e9se!","date":"2021-09-17","format":false,"excerpt":"Tisztelt P\u00e1ly\u00e1z\u00f3k! T\u00e1j\u00e9koztatjuk \u00d6n\u00f6ket, hogy a VP6-19.2.1.-15-10-21 k\u00f3dsz\u00e1m\u00fa, Helyi fejleszt\u00e9sek t\u00e1mogat\u00e1sa c\u00edm\u0171 felh\u00edv\u00e1sunkra a t\u00e1mogat\u00e1si k\u00e9relmek beny\u00fajt\u00e1sa 2021. 09. 25-\u00e9n felf\u00fcggeszt\u00e9sre ker\u00fcl, a 2021. 09. 16-i els\u0151 szakaszban be\u00e9rkezett nagy sz\u00e1m\u00fa, 240%-os t\u00e1mogat\u00e1si ig\u00e9ny miatt. A k\u00e9relmek beny\u00fajt\u00e1s\u00e1ra 2021. 09. 25. \u00e9jf\u00e9lig van lehet\u0151s\u00e9g.","rel":"","context":"In &quot;H\u00edreink, k\u00f6zlem\u00e9nyeink&quot;","img":{"alt_text":"","src":"https:\/\/i2.wp.com\/bukkleader.hu\/old\/wp-content\/uploads\/2019\/08\/warning-icon-free-28_384x384.jpg?resize=350%2C200&ssl=1","width":350,"height":200},"classes":[]}],"_links":{"self":[{"href":"https:\/\/bukkleader.hu\/old\/wp-json\/wp\/v2\/posts\/8778"}],"collection":[{"href":"https:\/\/bukkleader.hu\/old\/wp-json\/wp\/v2\/posts"}],"about":[{"href":"https:\/\/bukkleader.hu\/old\/wp-json\/wp\/v2\/types\/post"}],"author":[{"embeddable":true,"href":"https:\/\/bukkleader.hu\/old\/wp-json\/wp\/v2\/users\/4"}],"replies":[{"embeddable":true,"href":"https:\/\/bukkleader.hu\/old\/wp-json\/wp\/v2\/comments?post=8778"}],"version-history":[{"count":2,"href":"https:\/\/bukkleader.hu\/old\/wp-json\/wp\/v2\/posts\/8778\/revisions"}],"predecessor-version":[{"id":8786,"href":"https:\/\/bukkleader.hu\/old\/wp-json\/wp\/v2\/posts\/8778\/revisions\/8786"}],"wp:featuredmedia":[{"embeddable":true,"href":"https:\/\/bukkleader.hu\/old\/wp-json\/wp\/v2\/media\/8783"}],"wp:attachment":[{"href":"https:\/\/bukkleader.hu\/old\/wp-json\/wp\/v2\/media?parent=8778"}],"wp:term":[{"taxonomy":"category","embeddable":true,"href":"https:\/\/bukkleader.hu\/old\/wp-json\/wp\/v2\/categories?post=8778"},{"taxonomy":"post_tag","embeddable":true,"href":"https:\/\/bukkleader.hu\/old\/wp-json\/wp\/v2\/tags?post=8778"}],"curies":[{"name":"wp","href":"https:\/\/api.w.org\/{rel}","templated":true}]}}