{"id":8776,"date":"2022-04-05T08:31:02","date_gmt":"2022-04-05T06:31:02","guid":{"rendered":"https:\/\/bukkleader.hu\/old\/?p=8776"},"modified":"2022-04-05T09:40:28","modified_gmt":"2022-04-05T07:40:28","slug":"a-fold-baratai-cepa-szlovakiai-szervezet-osszefoglalo-riportja-nagy-lajossal-a-bukk-tersegi-leader-egyesulet-elnokevel","status":"publish","type":"post","link":"https:\/\/bukkleader.hu\/old\/a-fold-baratai-cepa-szlovakiai-szervezet-osszefoglalo-riportja-nagy-lajossal-a-bukk-tersegi-leader-egyesulet-elnokevel\/","title":{"rendered":"A F\u00f6ld Bar\u00e1tai-CEPA szlov\u00e1kiai szervezet \u00f6sszefoglal\u00f3 riportja Nagy Lajossal, a B\u00fckk T\u00e9rs\u00e9gi LEADER Egyes\u00fclet eln\u00f6k\u00e9vel"},"content":{"rendered":"\n\n\n<p><strong>A B\u00fckk-T\u00e9rs\u00e9gi LEADER Egyes\u00fclet munk\u00e1ja j\u00f3 p\u00e9lda lett a szlov\u00e1kiai \u00f6nkorm\u00e1nyzatok sz\u00e1m\u00e1ra<\/strong>.<\/p>\n\n\n\n<p>A F\u00f6ld Bar\u00e1tai-CEPA szlov\u00e1kiai szervezet region\u00e1lis energiatervez\u00e9si programot hozott l\u00e9tre helyi \u00f6nkorm\u00e1nyzatok \u00e9s r\u00e9gi\u00f3k sz\u00e1m\u00e1ra. Az el\u0151k\u00e9sz\u00edt\u0151 munk\u00e1latok sor\u00e1n, riportot k\u00e9sz\u00edtettek Nagy Lajossal, B\u00fckkaranyos K\u00f6zs\u00e9g polg\u00e1rmester\u00e9vel, a B\u00fckk-T\u00e9rs\u00e9gi LEADER Egyes\u00fclet eln\u00f6k\u00e9vel, az egyes\u00fclet \u00e1ltal m\u00e1r t\u00f6bb mint 10 \u00e9ve v\u00e9gzett, meg\u00fajul\u00f3 energia alap\u00fa fejleszt\u00e9sek t\u00e9m\u00e1ban, hogy az itt felhalmozott tud\u00e1ssal \u00e9s tapasztalatokkal seg\u00edts\u00e9k a szlov\u00e1kiai \u00f6nkorm\u00e1nyzatokat.<\/p>\n\n\n\n<p>A tapasztalatcser\u00e9vel elt\u00f6lt\u00f6tt napr\u00f3l k\u00e9sz\u00fclt vide\u00f3s \u00f6sszefoglal\u00f3t itt tekinthetik meg:<\/p>\n\n\n\n<p><a href=\"https:\/\/www.youtube.com\/watch?v=8nWFDLPTWxQ\" target=\"_blank\" rel=\"noreferrer noopener\">https:\/\/www.youtube.com\/watch?v=8nWFDLPTWxQ<\/a><\/p>\n<div class=\"sharedaddy sd-sharing-enabled\"><div class=\"robots-nocontent sd-block sd-social sd-social-icon sd-sharing\"><h3 class=\"sd-title\">Share this:<\/h3><div class=\"sd-content\"><ul><li class=\"share-facebook\"><a rel=\"nofollow noopener noreferrer\" data-shared=\"sharing-facebook-8776\" class=\"share-facebook sd-button share-icon no-text\" href=\"https:\/\/bukkleader.hu\/old\/a-fold-baratai-cepa-szlovakiai-szervezet-osszefoglalo-riportja-nagy-lajossal-a-bukk-tersegi-leader-egyesulet-elnokevel\/?share=facebook\" target=\"_blank\" title=\"Click to share on Facebook\"><span><\/span><span class=\"sharing-screen-reader-text\">Click to share on Facebook (Opens in new window)<\/span><\/a><\/li><li class=\"share-twitter\"><a rel=\"nofollow noopener noreferrer\" data-shared=\"sharing-twitter-8776\" class=\"share-twitter sd-button share-icon no-text\" href=\"https:\/\/bukkleader.hu\/old\/a-fold-baratai-cepa-szlovakiai-szervezet-osszefoglalo-riportja-nagy-lajossal-a-bukk-tersegi-leader-egyesulet-elnokevel\/?share=twitter\" target=\"_blank\" title=\"Click to share on Twitter\"><span><\/span><span class=\"sharing-screen-reader-text\">Click to share on Twitter (Opens in new window)<\/span><\/a><\/li><li class=\"share-print\"><a rel=\"nofollow noopener noreferrer\" data-shared=\"\" class=\"share-print sd-button share-icon no-text\" href=\"https:\/\/bukkleader.hu\/old\/a-fold-baratai-cepa-szlovakiai-szervezet-osszefoglalo-riportja-nagy-lajossal-a-bukk-tersegi-leader-egyesulet-elnokevel\/\" target=\"_blank\" title=\"Click to print\"><span><\/span><span class=\"sharing-screen-reader-text\">Click to print (Opens in new window)<\/span><\/a><\/li><li class=\"share-email\"><a rel=\"nofollow noopener noreferrer\" data-shared=\"\" class=\"share-email sd-button share-icon no-text\" href=\"https:\/\/bukkleader.hu\/old\/a-fold-baratai-cepa-szlovakiai-szervezet-osszefoglalo-riportja-nagy-lajossal-a-bukk-tersegi-leader-egyesulet-elnokevel\/?share=email\" target=\"_blank\" title=\"Click to email this to a friend\"><span><\/span><span class=\"sharing-screen-reader-text\">Click to email this to a friend (Opens in new window)<\/span><\/a><\/li><li class=\"share-end\"><\/li><\/ul><\/div><\/div><\/div>","protected":false},"excerpt":{"rendered":"<p>A B\u00fckk-T\u00e9rs\u00e9gi LEADER Egyes\u00fclet munk\u00e1ja j\u00f3 p\u00e9lda lett a szlov\u00e1kiai \u00f6nkorm\u00e1nyzatok sz\u00e1m\u00e1ra. A F\u00f6ld Bar\u00e1tai-CEPA szlov\u00e1kiai szervezet region\u00e1lis energiatervez\u00e9si programot hozott l\u00e9tre helyi \u00f6nkorm\u00e1nyzatok \u00e9s r\u00e9gi\u00f3k sz\u00e1m\u00e1ra. Az el\u0151k\u00e9sz\u00edt\u0151 munk\u00e1latok sor\u00e1n, riportot k\u00e9sz\u00edtettek Nagy Lajossal, B\u00fckkaranyos K\u00f6zs\u00e9g polg\u00e1rmester\u00e9vel, a B\u00fckk-T\u00e9rs\u00e9gi LEADER Egyes\u00fclet eln\u00f6k\u00e9vel, az egyes\u00fclet \u00e1ltal m\u00e1r t\u00f6bb mint 10 \u00e9ve v\u00e9gzett, meg\u00fajul\u00f3 energia alap\u00fa [&hellip;]<\/p>\n<div class=\"sharedaddy sd-sharing-enabled\"><div class=\"robots-nocontent sd-block sd-social sd-social-icon sd-sharing\"><h3 class=\"sd-title\">Share this:<\/h3><div class=\"sd-content\"><ul><li class=\"share-facebook\"><a rel=\"nofollow noopener noreferrer\" data-shared=\"sharing-facebook-8776\" class=\"share-facebook sd-button share-icon no-text\" href=\"https:\/\/bukkleader.hu\/old\/a-fold-baratai-cepa-szlovakiai-szervezet-osszefoglalo-riportja-nagy-lajossal-a-bukk-tersegi-leader-egyesulet-elnokevel\/?share=facebook\" target=\"_blank\" title=\"Click to share on Facebook\"><span><\/span><span class=\"sharing-screen-reader-text\">Click to share on Facebook (Opens in new window)<\/span><\/a><\/li><li class=\"share-twitter\"><a rel=\"nofollow noopener noreferrer\" data-shared=\"sharing-twitter-8776\" class=\"share-twitter sd-button share-icon no-text\" href=\"https:\/\/bukkleader.hu\/old\/a-fold-baratai-cepa-szlovakiai-szervezet-osszefoglalo-riportja-nagy-lajossal-a-bukk-tersegi-leader-egyesulet-elnokevel\/?share=twitter\" target=\"_blank\" title=\"Click to share on Twitter\"><span><\/span><span class=\"sharing-screen-reader-text\">Click to share on Twitter (Opens in new window)<\/span><\/a><\/li><li class=\"share-print\"><a rel=\"nofollow noopener noreferrer\" data-shared=\"\" class=\"share-print sd-button share-icon no-text\" href=\"https:\/\/bukkleader.hu\/old\/a-fold-baratai-cepa-szlovakiai-szervezet-osszefoglalo-riportja-nagy-lajossal-a-bukk-tersegi-leader-egyesulet-elnokevel\/\" target=\"_blank\" title=\"Click to print\"><span><\/span><span class=\"sharing-screen-reader-text\">Click to print (Opens in new window)<\/span><\/a><\/li><li class=\"share-email\"><a rel=\"nofollow noopener noreferrer\" data-shared=\"\" class=\"share-email sd-button share-icon no-text\" href=\"https:\/\/bukkleader.hu\/old\/a-fold-baratai-cepa-szlovakiai-szervezet-osszefoglalo-riportja-nagy-lajossal-a-bukk-tersegi-leader-egyesulet-elnokevel\/?share=email\" target=\"_blank\" title=\"Click to email this to a friend\"><span><\/span><span class=\"sharing-screen-reader-text\">Click to email this to a friend (Opens in new window)<\/span><\/a><\/li><li class=\"share-end\"><\/li><\/ul><\/div><\/div><\/div>","protected":false},"author":4,"featured_media":291,"comment_status":"closed","ping_status":"closed","sticky":false,"template":"","format":"standard","meta":{"_bbp_topic_count":0,"_bbp_reply_count":0,"_bbp_total_topic_count":0,"_bbp_total_reply_count":0,"_bbp_voice_count":0,"_bbp_anonymous_reply_count":0,"_bbp_topic_count_hidden":0,"_bbp_reply_count_hidden":0,"_bbp_forum_subforum_count":0,"spay_email":"","jetpack_publicize_message":"","jetpack_is_tweetstorm":false,"jetpack_publicize_feature_enabled":true},"categories":[1],"tags":[],"jetpack_featured_media_url":"https:\/\/bukkleader.hu\/old\/wp-content\/uploads\/2015\/09\/bukk-leader-logo-w.jpg","jetpack_publicize_connections":[],"jetpack_sharing_enabled":true,"jetpack-related-posts":[{"id":336,"url":"https:\/\/bukkleader.hu\/old\/a-klimavaltozas-hatasainak-kezelesere-adhato-helyi-valaszok-indito-szeminarium\/","url_meta":{"origin":8776,"position":0},"title":"A kl\u00edmav\u00e1ltoz\u00e1s hat\u00e1sainak kezel\u00e9s\u00e9re adhat\u00f3 helyi v\u00e1laszok \u2013 Ind\u00edt\u00f3 szemin\u00e1rium","date":"2013-09-12","format":false,"excerpt":"A Magyarorsz\u00e1g-Szlov\u00e1kia-Rom\u00e1nia-Ukrajna ENPI Hat\u00e1ron \u00c1tny\u00fal\u00f3 Egy\u00fcttm\u0171k\u00f6d\u00e9si Program keret\u00e9ben megval\u00f3sul\u00f3 \u201eLOC-CLIM-ACT\u201d projekt a helyi akci\u00f3k fontoss\u00e1g\u00e1ra helyezi a hangs\u00falyt a kl\u00edmav\u00e1ltoz\u00e1s kih\u00edv\u00e1sainak kezel\u00e9s\u00e9re.\u00a0A projekt keret\u00e9ben a hat\u00e1rmenti r\u00e9gi\u00f3k r\u00f6vid t\u00e1v\u00fa sebezhet\u0151s\u00e9g\u00e9nek cs\u00f6kkent\u00e9s\u00e9re \u00e9s a k\u00e1rok enyh\u00edt\u00e9s\u00e9re k\u00f6z\u00f6s alkalmazkod\u00e1si int\u00e9zked\u00e9sek ker\u00fclnek meghat\u00e1roz\u00e1sra, amelyek pozit\u00edv hat\u00e1ssal lehetnek a h\u00e1ztart\u00e1sokra, a helyi k\u00f6zint\u00e9zm\u00e9nyekre, az\u2026","rel":"","context":"In &quot;H\u00edreink, k\u00f6zlem\u00e9nyeink&quot;","img":{"alt_text":"epni-w","src":"https:\/\/i1.wp.com\/bukkleader.hu\/old\/wp-content\/uploads\/2015\/09\/epni-w.jpg?resize=350%2C200&ssl=1","width":350,"height":200},"classes":[]},{"id":618,"url":"https:\/\/bukkleader.hu\/old\/forum-bukkaranyoson\/","url_meta":{"origin":8776,"position":1},"title":"Megh\u00edv\u00f3 Helyi Fejleszt\u00e9si Strat\u00e9gia tervez\u00e9si f\u00f3rumra \u00f6nkorm\u00e1nyzatok sz\u00e1m\u00e1ra &#8211; B\u00fckkaranyos","date":"2015-11-16","format":false,"excerpt":"A B\u00fckk-T\u00e9rs\u00e9gi LEADER Egyes\u00fclet Helyi Fejleszt\u00e9si Strat\u00e9gia tervez\u00e9si f\u00f3rumot tart \u00f6nkorm\u00e1nyzatok sz\u00e1m\u00e1ra, a mell\u00e9kelt megh\u00edv\u00f3 szerint. Minden \u00e9rdekl\u0151d\u0151t v\u00e1runk!Megh\u00edv\u00f3 let\u00f6lt\u00e9se itt>>","rel":"","context":"In &quot;H\u00edreink, k\u00f6zlem\u00e9nyeink&quot;","img":{"alt_text":"","src":"","width":0,"height":0},"classes":[]},{"id":8654,"url":"https:\/\/bukkleader.hu\/old\/meghivo-a-bukk-tersegi-leader-egyesulet-szakmai-forumara-2021-12-17-on-line-forum\/","url_meta":{"origin":8776,"position":2},"title":"Megh\u00edv\u00f3 a B\u00fckk-T\u00e9rs\u00e9gi LEADER Egyes\u00fclet Szakmai F\u00f3rum\u00e1ra, 2021. 12. 17., online f\u00f3rum","date":"2021-12-08","format":false,"excerpt":"Nagy Lajos a B\u00fckk-T\u00e9rs\u00e9gi LEADER Egyes\u00fclet eln\u00f6ke \u00e9s Dr. Nagyn\u00e9 Mile Erzs\u00e9bet munkaszervezet vezet\u0151 tisztelettel megh\u00edvja \u00d6n\u00f6ket a 2021. 12. 17.-\u00e9n tartand\u00f3 szakmai f\u00f3rumra. A pdf let\u00f6lthet\u0151 itt.","rel":"","context":"In &quot;H\u00edreink, k\u00f6zlem\u00e9nyeink&quot;","img":{"alt_text":"bukk-leader-logo-w","src":"https:\/\/i2.wp.com\/bukkleader.hu\/old\/wp-content\/uploads\/2015\/09\/bukk-leader-logo-w.jpg?resize=350%2C200&ssl=1","width":350,"height":200},"classes":[]},{"id":375,"url":"https:\/\/bukkleader.hu\/old\/rolunk-irtak-eddigi-munkajat-ertekelte-a-bukk-makk-leader-akciocsoport\/","url_meta":{"origin":8776,"position":3},"title":"R\u00f3lunk \u00edrt\u00e1k: \u201eEddigi munk\u00e1j\u00e1t \u00e9rt\u00e9kelte a B\u00fckk-Makk Leader Akci\u00f3csoport\u201d","date":"2014-03-25","format":false,"excerpt":"\u201e2014. m\u00e1rcius 4-\u00e9n Saj\u00f3perti k\u00f6zs\u00e9gben tartotta \u00fcl\u00e9s\u00e9t a B\u00fckk-Makk Leader Akci\u00f3csoport. Az \u00fcl\u00e9sen \u00e9rt\u00e9kelt\u00e9k az eddig el\u00e9rt eredm\u00e9nyeket \u00e9s felv\u00e1zolt\u00e1k a k\u00f6vetkez\u0151 tervez\u00e9si ciklus feladatait. Egy j\u00f3l m\u0171k\u00f6d\u0151 leader csoportba r\u00e9szt v\u00e1llalnak az \u00f6nkorm\u00e1nyzatok mellett a civil szervezetek, egyes\u00fcletek \u00e9s gazdas\u00e1gi t\u00e1rsas\u00e1gok is, hogy k\u00f6z\u00f6sen tudjanak olyan feladatokat \u00e9s c\u00e9lokat\u2026","rel":"","context":"In &quot;H\u00edreink, k\u00f6zlem\u00e9nyeink&quot;","img":{"alt_text":"sajtoszemle-w","src":"https:\/\/i1.wp.com\/bukkleader.hu\/old\/wp-content\/uploads\/2015\/09\/sajtoszemle-w.jpg?resize=350%2C200&ssl=1","width":350,"height":200},"classes":[]},{"id":2339,"url":"https:\/\/bukkleader.hu\/old\/tajekoztato-forum-tardon\/","url_meta":{"origin":8776,"position":4},"title":"T\u00e1j\u00e9koztat\u00f3 f\u00f3rum Tardon 2019.12.07.","date":"2019-11-29","format":false,"excerpt":"A B\u00fckk-T\u00e9rs\u00e9gi LEADER Egyes\u00fclet 2019. december 7-\u00e9n 14:30-kor t\u00e1j\u00e9koztat\u00f3 f\u00f3rumot tart Tardon a Vid\u00e9kfejleszt\u00e9si Program aktualit\u00e1sair\u00f3l, a Helyi Fejleszt\u00e9si Strat\u00e9gia el\u0151rehalad\u00e1s\u00e1r\u00f3l, melyre szeretettel megh\u00edvjuk a HACS ter\u00fclet\u00e9r\u0151l a lakosokat, civil szervezeteket, egyh\u00e1zk\u00f6zs\u00e9geket, v\u00e1llalkoz\u00e1sokat, \u00f6nkorm\u00e1nyzatokat az al\u00e1bbiak szerint:","rel":"","context":"In &quot;H\u00edreink, k\u00f6zlem\u00e9nyeink&quot;","img":{"alt_text":"","src":"https:\/\/i1.wp.com\/bukkleader.hu\/old\/wp-content\/uploads\/2016\/10\/tard_tajhaz.jpg?resize=350%2C200&ssl=1","width":350,"height":200},"classes":[]},{"id":434,"url":"https:\/\/bukkleader.hu\/old\/mvh-ellenorzesekkel-kapcsolatos-elnoki-level\/","url_meta":{"origin":8776,"position":5},"title":"MVH ellen\u0151rz\u00e9sekkel kapcsolatos eln\u00f6ki lev\u00e9l","date":"2015-07-30","format":false,"excerpt":"Az MVH \u00fcgyfelein\u00e9l folytatott EMVA beruh\u00e1z\u00e1sos helysz\u00edni vizsg\u00e1latok eredm\u00e9nyes \u00e9s z\u00f6kken\u0151mentes v\u00e9grehajt\u00e1sa az elk\u00f6vetkez\u0151 h\u00f3napokban m\u00e9g hangs\u00falyosabb lesz.\u00a0Az ellen\u0151rz\u00e9sekkel kapcsolatos t\u00e9vhitek eloszlat\u00e1sa \u00e9rdek\u00e9ben \u00e9s a m\u00e9g hat\u00e9konyabb t\u00e1j\u00e9koztat\u00e1s \u00e9rdek\u00e9ben egy r\u00f6vid \u00f6sszefoglal\u00f3 anyagot \u00e1ll\u00edtott \u00f6ssze az MVH illet\u00e9kes f\u0151oszt\u00e1lya. A lev\u00e9l egy r\u00f6vid kivonata mindazon inform\u00e1ci\u00f3knak amely megtal\u00e1lhat\u00f3k az MVH\u2026","rel":"","context":"In &quot;H\u00edreink, k\u00f6zlem\u00e9nyeink&quot;","img":{"alt_text":"mhv-logo","src":"https:\/\/i2.wp.com\/bukkleader.hu\/old\/wp-content\/uploads\/2015\/09\/mvh-logo-w.jpg?resize=350%2C200&ssl=1","width":350,"height":200},"classes":[]}],"_links":{"self":[{"href":"https:\/\/bukkleader.hu\/old\/wp-json\/wp\/v2\/posts\/8776"}],"collection":[{"href":"https:\/\/bukkleader.hu\/old\/wp-json\/wp\/v2\/posts"}],"about":[{"href":"https:\/\/bukkleader.hu\/old\/wp-json\/wp\/v2\/types\/post"}],"author":[{"embeddable":true,"href":"https:\/\/bukkleader.hu\/old\/wp-json\/wp\/v2\/users\/4"}],"replies":[{"embeddable":true,"href":"https:\/\/bukkleader.hu\/old\/wp-json\/wp\/v2\/comments?post=8776"}],"version-history":[{"count":2,"href":"https:\/\/bukkleader.hu\/old\/wp-json\/wp\/v2\/posts\/8776\/revisions"}],"predecessor-version":[{"id":8788,"href":"https:\/\/bukkleader.hu\/old\/wp-json\/wp\/v2\/posts\/8776\/revisions\/8788"}],"wp:featuredmedia":[{"embeddable":true,"href":"https:\/\/bukkleader.hu\/old\/wp-json\/wp\/v2\/media\/291"}],"wp:attachment":[{"href":"https:\/\/bukkleader.hu\/old\/wp-json\/wp\/v2\/media?parent=8776"}],"wp:term":[{"taxonomy":"category","embeddable":true,"href":"https:\/\/bukkleader.hu\/old\/wp-json\/wp\/v2\/categories?post=8776"},{"taxonomy":"post_tag","embeddable":true,"href":"https:\/\/bukkleader.hu\/old\/wp-json\/wp\/v2\/tags?post=8776"}],"curies":[{"name":"wp","href":"https:\/\/api.w.org\/{rel}","templated":true}]}}