{"id":8719,"date":"2022-02-16T08:21:40","date_gmt":"2022-02-16T07:21:40","guid":{"rendered":"https:\/\/bukkleader.hu\/old\/?p=8719"},"modified":"2022-02-16T08:21:41","modified_gmt":"2022-02-16T07:21:41","slug":"leader-tematikus-kozpont-rendezvenye-bukkszentkereszt-2022-02-24","status":"publish","type":"post","link":"https:\/\/bukkleader.hu\/old\/leader-tematikus-kozpont-rendezvenye-bukkszentkereszt-2022-02-24\/","title":{"rendered":"LEADER TEMATIKUS K\u00d6ZPONT rendezv\u00e9nye &#8211; B\u00fckkszentkereszt, 2022.02.24."},"content":{"rendered":"\n<p>A \u201cBEITI-B\u00fckkaljai\u201d Kft. tisztelettel megh\u00edvja \u00d6n\u00f6ket a B\u00dcKK LEADER TUDOMKA- RES hasznos\u00edt\u00e1s a vid\u00e9ki lak\u00f3k\u00f6rnyezetben \u2013 TEMATIKUS K\u00d6ZPONT rendezv\u00e9ny\u00e9re. A megh\u00edv\u00f3 pdf-ben let\u00f6lthet\u0151 <a href=\"https:\/\/bukkleader.hu\/old\/wp-content\/uploads\/2022\/02\/RdvBk.pdf\" target=\"_blank\" rel=\"noreferrer noopener\">itt<\/a>.<\/p>\n\n\n\n<figure class=\"wp-block-image size-large\"><a href=\"https:\/\/bukkleader.hu\/old\/wp-content\/uploads\/2022\/02\/RdvBk.jpg\"><img data-attachment-id=\"8720\" data-permalink=\"https:\/\/bukkleader.hu\/old\/leader-tematikus-kozpont-rendezvenye-bukkszentkereszt-2022-02-24\/rdvbk\/\" data-orig-file=\"https:\/\/bukkleader.hu\/old\/wp-content\/uploads\/2022\/02\/RdvBk.jpg\" data-orig-size=\"1241,1755\" data-comments-opened=\"0\" data-image-meta=\"{&quot;aperture&quot;:&quot;0&quot;,&quot;credit&quot;:&quot;&quot;,&quot;camera&quot;:&quot;&quot;,&quot;caption&quot;:&quot;&quot;,&quot;created_timestamp&quot;:&quot;0&quot;,&quot;copyright&quot;:&quot;&quot;,&quot;focal_length&quot;:&quot;0&quot;,&quot;iso&quot;:&quot;0&quot;,&quot;shutter_speed&quot;:&quot;0&quot;,&quot;title&quot;:&quot;&quot;,&quot;orientation&quot;:&quot;0&quot;}\" data-image-title=\"RdvBk\" data-image-description=\"\" data-image-caption=\"\" data-medium-file=\"https:\/\/bukkleader.hu\/old\/wp-content\/uploads\/2022\/02\/RdvBk-212x300.jpg\" data-large-file=\"https:\/\/bukkleader.hu\/old\/wp-content\/uploads\/2022\/02\/RdvBk-724x1024.jpg\" loading=\"lazy\" width=\"724\" height=\"1024\" src=\"https:\/\/bukkleader.hu\/old\/wp-content\/uploads\/2022\/02\/RdvBk-724x1024.jpg\" alt=\"\" class=\"wp-image-8720\" srcset=\"https:\/\/bukkleader.hu\/old\/wp-content\/uploads\/2022\/02\/RdvBk-724x1024.jpg 724w, https:\/\/bukkleader.hu\/old\/wp-content\/uploads\/2022\/02\/RdvBk-212x300.jpg 212w, https:\/\/bukkleader.hu\/old\/wp-content\/uploads\/2022\/02\/RdvBk-768x1086.jpg 768w, https:\/\/bukkleader.hu\/old\/wp-content\/uploads\/2022\/02\/RdvBk-1086x1536.jpg 1086w, https:\/\/bukkleader.hu\/old\/wp-content\/uploads\/2022\/02\/RdvBk.jpg 1241w\" sizes=\"(max-width: 724px) 100vw, 724px\" \/><\/a><\/figure>\n\n\n\n<figure class=\"wp-block-image size-large\"><a href=\"https:\/\/bukkleader.hu\/old\/wp-content\/uploads\/2022\/02\/RdvBk2.jpg\"><img data-attachment-id=\"8721\" data-permalink=\"https:\/\/bukkleader.hu\/old\/leader-tematikus-kozpont-rendezvenye-bukkszentkereszt-2022-02-24\/rdvbk2\/\" data-orig-file=\"https:\/\/bukkleader.hu\/old\/wp-content\/uploads\/2022\/02\/RdvBk2.jpg\" data-orig-size=\"1241,1755\" data-comments-opened=\"0\" data-image-meta=\"{&quot;aperture&quot;:&quot;0&quot;,&quot;credit&quot;:&quot;&quot;,&quot;camera&quot;:&quot;&quot;,&quot;caption&quot;:&quot;&quot;,&quot;created_timestamp&quot;:&quot;0&quot;,&quot;copyright&quot;:&quot;&quot;,&quot;focal_length&quot;:&quot;0&quot;,&quot;iso&quot;:&quot;0&quot;,&quot;shutter_speed&quot;:&quot;0&quot;,&quot;title&quot;:&quot;&quot;,&quot;orientation&quot;:&quot;0&quot;}\" data-image-title=\"RdvBk2\" data-image-description=\"\" data-image-caption=\"\" data-medium-file=\"https:\/\/bukkleader.hu\/old\/wp-content\/uploads\/2022\/02\/RdvBk2-212x300.jpg\" data-large-file=\"https:\/\/bukkleader.hu\/old\/wp-content\/uploads\/2022\/02\/RdvBk2-724x1024.jpg\" loading=\"lazy\" width=\"724\" height=\"1024\" src=\"https:\/\/bukkleader.hu\/old\/wp-content\/uploads\/2022\/02\/RdvBk2-724x1024.jpg\" alt=\"\" class=\"wp-image-8721\" srcset=\"https:\/\/bukkleader.hu\/old\/wp-content\/uploads\/2022\/02\/RdvBk2-724x1024.jpg 724w, https:\/\/bukkleader.hu\/old\/wp-content\/uploads\/2022\/02\/RdvBk2-212x300.jpg 212w, https:\/\/bukkleader.hu\/old\/wp-content\/uploads\/2022\/02\/RdvBk2-768x1086.jpg 768w, https:\/\/bukkleader.hu\/old\/wp-content\/uploads\/2022\/02\/RdvBk2-1086x1536.jpg 1086w, https:\/\/bukkleader.hu\/old\/wp-content\/uploads\/2022\/02\/RdvBk2.jpg 1241w\" sizes=\"(max-width: 724px) 100vw, 724px\" \/><\/a><\/figure>\n<div class=\"sharedaddy sd-sharing-enabled\"><div class=\"robots-nocontent sd-block sd-social sd-social-icon sd-sharing\"><h3 class=\"sd-title\">Share this:<\/h3><div class=\"sd-content\"><ul><li class=\"share-facebook\"><a rel=\"nofollow noopener noreferrer\" data-shared=\"sharing-facebook-8719\" class=\"share-facebook sd-button share-icon no-text\" href=\"https:\/\/bukkleader.hu\/old\/leader-tematikus-kozpont-rendezvenye-bukkszentkereszt-2022-02-24\/?share=facebook\" target=\"_blank\" title=\"Click to share on Facebook\"><span><\/span><span class=\"sharing-screen-reader-text\">Click to share on Facebook (Opens in new window)<\/span><\/a><\/li><li class=\"share-twitter\"><a rel=\"nofollow noopener noreferrer\" data-shared=\"sharing-twitter-8719\" class=\"share-twitter sd-button share-icon no-text\" href=\"https:\/\/bukkleader.hu\/old\/leader-tematikus-kozpont-rendezvenye-bukkszentkereszt-2022-02-24\/?share=twitter\" target=\"_blank\" title=\"Click to share on Twitter\"><span><\/span><span class=\"sharing-screen-reader-text\">Click to share on Twitter (Opens in new window)<\/span><\/a><\/li><li class=\"share-print\"><a rel=\"nofollow noopener noreferrer\" data-shared=\"\" class=\"share-print sd-button share-icon no-text\" href=\"https:\/\/bukkleader.hu\/old\/leader-tematikus-kozpont-rendezvenye-bukkszentkereszt-2022-02-24\/\" target=\"_blank\" title=\"Click to print\"><span><\/span><span class=\"sharing-screen-reader-text\">Click to print (Opens in new window)<\/span><\/a><\/li><li class=\"share-email\"><a rel=\"nofollow noopener noreferrer\" data-shared=\"\" class=\"share-email sd-button share-icon no-text\" href=\"https:\/\/bukkleader.hu\/old\/leader-tematikus-kozpont-rendezvenye-bukkszentkereszt-2022-02-24\/?share=email\" target=\"_blank\" title=\"Click to email this to a friend\"><span><\/span><span class=\"sharing-screen-reader-text\">Click to email this to a friend (Opens in new window)<\/span><\/a><\/li><li class=\"share-end\"><\/li><\/ul><\/div><\/div><\/div>","protected":false},"excerpt":{"rendered":"<p>A \u201cBEITI-B\u00fckkaljai\u201d Kft. tisztelettel megh\u00edvja \u00d6n\u00f6ket a B\u00dcKK LEADER TUDOMKA- RES hasznos\u00edt\u00e1s a vid\u00e9ki lak\u00f3k\u00f6rnyezetben \u2013 TEMATIKUS K\u00d6ZPONT rendezv\u00e9ny\u00e9re. A megh\u00edv\u00f3 pdf-ben let\u00f6lthet\u0151 itt.<\/p>\n<div class=\"sharedaddy sd-sharing-enabled\"><div class=\"robots-nocontent sd-block sd-social sd-social-icon sd-sharing\"><h3 class=\"sd-title\">Share this:<\/h3><div class=\"sd-content\"><ul><li class=\"share-facebook\"><a rel=\"nofollow noopener noreferrer\" data-shared=\"sharing-facebook-8719\" class=\"share-facebook sd-button share-icon no-text\" href=\"https:\/\/bukkleader.hu\/old\/leader-tematikus-kozpont-rendezvenye-bukkszentkereszt-2022-02-24\/?share=facebook\" target=\"_blank\" title=\"Click to share on Facebook\"><span><\/span><span class=\"sharing-screen-reader-text\">Click to share on Facebook (Opens in new window)<\/span><\/a><\/li><li class=\"share-twitter\"><a rel=\"nofollow noopener noreferrer\" data-shared=\"sharing-twitter-8719\" class=\"share-twitter sd-button share-icon no-text\" href=\"https:\/\/bukkleader.hu\/old\/leader-tematikus-kozpont-rendezvenye-bukkszentkereszt-2022-02-24\/?share=twitter\" target=\"_blank\" title=\"Click to share on Twitter\"><span><\/span><span class=\"sharing-screen-reader-text\">Click to share on Twitter (Opens in new window)<\/span><\/a><\/li><li class=\"share-print\"><a rel=\"nofollow noopener noreferrer\" data-shared=\"\" class=\"share-print sd-button share-icon no-text\" href=\"https:\/\/bukkleader.hu\/old\/leader-tematikus-kozpont-rendezvenye-bukkszentkereszt-2022-02-24\/\" target=\"_blank\" title=\"Click to print\"><span><\/span><span class=\"sharing-screen-reader-text\">Click to print (Opens in new window)<\/span><\/a><\/li><li class=\"share-email\"><a rel=\"nofollow noopener noreferrer\" data-shared=\"\" class=\"share-email sd-button share-icon no-text\" href=\"https:\/\/bukkleader.hu\/old\/leader-tematikus-kozpont-rendezvenye-bukkszentkereszt-2022-02-24\/?share=email\" target=\"_blank\" title=\"Click to email this to a friend\"><span><\/span><span class=\"sharing-screen-reader-text\">Click to email this to a friend (Opens in new window)<\/span><\/a><\/li><li class=\"share-end\"><\/li><\/ul><\/div><\/div><\/div>","protected":false},"author":4,"featured_media":702,"comment_status":"closed","ping_status":"closed","sticky":false,"template":"","format":"standard","meta":{"_bbp_topic_count":0,"_bbp_reply_count":0,"_bbp_total_topic_count":0,"_bbp_total_reply_count":0,"_bbp_voice_count":0,"_bbp_anonymous_reply_count":0,"_bbp_topic_count_hidden":0,"_bbp_reply_count_hidden":0,"_bbp_forum_subforum_count":0,"spay_email":"","jetpack_publicize_message":"","jetpack_is_tweetstorm":false,"jetpack_publicize_feature_enabled":true},"categories":[1,38],"tags":[],"jetpack_featured_media_url":"https:\/\/bukkleader.hu\/old\/wp-content\/uploads\/2015\/11\/operat\u00edv-programok-2..jpg","jetpack_publicize_connections":[],"jetpack_sharing_enabled":true,"jetpack-related-posts":[{"id":8695,"url":"https:\/\/bukkleader.hu\/old\/leader-tematikus-kozpont-rendezvenye-repashuta-2022-02-10\/","url_meta":{"origin":8719,"position":0},"title":"LEADER TEMATIKUS K\u00d6ZPONT rendezv\u00e9nye &#8211; R\u00e9p\u00e1shuta, 2022.02.10.","date":"2022-02-07","format":false,"excerpt":"A \"BEITI-B\u00fckkaljai\" Kft. tisztelettel megh\u00edvja \u00d6n\u00f6ket a B\u00dcKK LEADER TUDOMKA- RES hasznos\u00edt\u00e1s a vid\u00e9ki lak\u00f3k\u00f6rnyezetben \u2013 TEMATIKUS K\u00d6ZPONT rendezv\u00e9ny\u00e9re. A megh\u00edv\u00f3 pdf-ben let\u00f6lthet\u0151 itt.","rel":"","context":"In &quot;H\u00edreink, k\u00f6zlem\u00e9nyeink&quot;","img":{"alt_text":"","src":"https:\/\/i1.wp.com\/bukkleader.hu\/old\/wp-content\/uploads\/2015\/11\/operat\u00edv-programok-2..jpg?resize=350%2C200&ssl=1","width":350,"height":200},"classes":[]},{"id":8700,"url":"https:\/\/bukkleader.hu\/old\/leader-tematikus-kozpont-rendezvenye-varbo-2022-02-16\/","url_meta":{"origin":8719,"position":1},"title":"LEADER TEMATIKUS K\u00d6ZPONT rendezv\u00e9nye &#8211; Varb\u00f3, 2022.02.16.","date":"2022-02-07","format":false,"excerpt":"A \u201cBEITI-B\u00fckkaljai\u201d Kft. tisztelettel megh\u00edvja \u00d6n\u00f6ket a B\u00dcKK LEADER TUDOMKA- RES hasznos\u00edt\u00e1s a vid\u00e9ki lak\u00f3k\u00f6rnyezetben \u2013 TEMATIKUS K\u00d6ZPONT rendezv\u00e9ny\u00e9re. A megh\u00edv\u00f3 pdf-ben let\u00f6lthet\u0151 itt.","rel":"","context":"In &quot;H\u00edreink, k\u00f6zlem\u00e9nyeink&quot;","img":{"alt_text":"","src":"https:\/\/i1.wp.com\/bukkleader.hu\/old\/wp-content\/uploads\/2022\/02\/BEITILTTKVb.jpg?resize=350%2C200&ssl=1","width":350,"height":200},"classes":[]},{"id":8706,"url":"https:\/\/bukkleader.hu\/old\/leader-tematikus-kozpont-rendezvenye-bukkaranyos-2022-02-17\/","url_meta":{"origin":8719,"position":2},"title":"LEADER TEMATIKUS K\u00d6ZPONT rendezv\u00e9nye &#8211; B\u00fckkaranyos, 2022.02.17.","date":"2022-02-07","format":false,"excerpt":"A \u201cBEITI-B\u00fckkaljai\u201d Kft. tisztelettel megh\u00edvja \u00d6n\u00f6ket a B\u00dcKK LEADER TUDOMKA- RES hasznos\u00edt\u00e1s a vid\u00e9ki lak\u00f3k\u00f6rnyezetben \u2013 TEMATIKUS K\u00d6ZPONT rendezv\u00e9ny\u00e9re. A megh\u00edv\u00f3 pdf-ben let\u00f6lthet\u0151 itt.","rel":"","context":"In &quot;H\u00edreink, k\u00f6zlem\u00e9nyeink&quot;","img":{"alt_text":"","src":"https:\/\/i0.wp.com\/bukkleader.hu\/old\/wp-content\/uploads\/2022\/02\/BEITILTTKBkrs-1.jpg?resize=350%2C200&ssl=1","width":350,"height":200},"classes":[]},{"id":8608,"url":"https:\/\/bukkleader.hu\/old\/bukk-leader-tudomka-tematikus-kozpont-rendezveny-2021-11-05-malyi\/","url_meta":{"origin":8719,"position":3},"title":"B\u00dcKK-LEADER TUDOMKA TEMATIKUS K\u00d6ZPONT rendezv\u00e9ny, 2021. 11. 05. M\u00e1lyi","date":"2021-11-05","format":false,"excerpt":"A \"BEITI-B\u00fckkaljai\" Kft. tisztelettel megh\u00edvja \u00d6n\u00f6ket a B\u00dcKK-LEADER TUDOMKA-RES hasznos\u00edt\u00e1s a vid\u00e9ki lak\u00f3k\u00f6rnyezetben-TEMATIKUS K\u00d6ZPONT rendezv\u00e9ny\u00e9re. A megh\u00edv\u00f3 pdf-ben let\u00f6lthet\u0151 itt.","rel":"","context":"In &quot;H\u00edreink, k\u00f6zlem\u00e9nyeink&quot;","img":{"alt_text":"","src":"https:\/\/i1.wp.com\/bukkleader.hu\/old\/wp-content\/uploads\/2015\/11\/operat\u00edv-programok-2..jpg?resize=350%2C200&ssl=1","width":350,"height":200},"classes":[]},{"id":8665,"url":"https:\/\/bukkleader.hu\/old\/bukk-leader-tudomka-tematikus-kozpont-rendezvenye-bukkszentkereszt-2022-01-17\/","url_meta":{"origin":8719,"position":4},"title":"B\u00fckk LEADER TUDOMKA TEMATIKUS K\u00d6ZPONT rendezv\u00e9nye &#8211; B\u00fckkszentkereszt, 2022.01.17.","date":"2022-01-17","format":false,"excerpt":"A \"BEITI-B\u00fckkaljai\" Kft. tisztelettel megh\u00edvja \u00d6n\u00f6ket a B\u00fckk LEADER TUDOMKA - RES hasznos\u00edt\u00e1s a vid\u00e9ki lak\u00f3k\u00f6rnyezetben - TEMATIKUS K\u00d6ZPONT rendezv\u00e9ny\u00e9re. A megh\u00edv\u00f3 pdf-ben let\u00f6lthet\u0151 itt.","rel":"","context":"In &quot;H\u00edreink, k\u00f6zlem\u00e9nyeink&quot;","img":{"alt_text":"","src":"https:\/\/i1.wp.com\/bukkleader.hu\/old\/wp-content\/uploads\/2015\/11\/operat\u00edv-programok-2..jpg?resize=350%2C200&ssl=1","width":350,"height":200},"classes":[]},{"id":8402,"url":"https:\/\/bukkleader.hu\/old\/bukk-leader-tudomka-egeszsegtudatos-prevencios-tematikus-kozpont-rendezvenye-2021-09-24-bukkabrany\/","url_meta":{"origin":8719,"position":5},"title":"B\u00fckk-LEADER TUDOMKA-Eg\u00e9szs\u00e9gtudatos Prevenci\u00f3s-Tematikus K\u00f6zpont rendezv\u00e9nye 2021.09.24. B\u00fckk\u00e1br\u00e1ny","date":"2021-08-25","format":false,"excerpt":"Dr. Ol\u00e1h Csaba a BRAIN-SURGE Eg\u00e9szs\u00e9g\u00fcgyi Szolg\u00e1ltat\u00f3 Kft. \u00fcgyvezet\u0151je tisztelettel megh\u00edvja \u00d6n\u00f6ket a B\u00fckk-LEADER-TUDOMKA-Eg\u00e9szs\u00e9gtudatos Prevenci\u00f3s-Tematikus K\u00f6zpont rendezv\u00e9nyre. A megh\u00edv\u00f3 let\u00f6lthet\u0151 pdf-ben itt.","rel":"","context":"In &quot;H\u00edreink, k\u00f6zlem\u00e9nyeink&quot;","img":{"alt_text":"","src":"https:\/\/i0.wp.com\/bukkleader.hu\/old\/wp-content\/uploads\/2021\/06\/verny.jpg?resize=350%2C200&ssl=1","width":350,"height":200},"classes":[]}],"_links":{"self":[{"href":"https:\/\/bukkleader.hu\/old\/wp-json\/wp\/v2\/posts\/8719"}],"collection":[{"href":"https:\/\/bukkleader.hu\/old\/wp-json\/wp\/v2\/posts"}],"about":[{"href":"https:\/\/bukkleader.hu\/old\/wp-json\/wp\/v2\/types\/post"}],"author":[{"embeddable":true,"href":"https:\/\/bukkleader.hu\/old\/wp-json\/wp\/v2\/users\/4"}],"replies":[{"embeddable":true,"href":"https:\/\/bukkleader.hu\/old\/wp-json\/wp\/v2\/comments?post=8719"}],"version-history":[{"count":1,"href":"https:\/\/bukkleader.hu\/old\/wp-json\/wp\/v2\/posts\/8719\/revisions"}],"predecessor-version":[{"id":8723,"href":"https:\/\/bukkleader.hu\/old\/wp-json\/wp\/v2\/posts\/8719\/revisions\/8723"}],"wp:featuredmedia":[{"embeddable":true,"href":"https:\/\/bukkleader.hu\/old\/wp-json\/wp\/v2\/media\/702"}],"wp:attachment":[{"href":"https:\/\/bukkleader.hu\/old\/wp-json\/wp\/v2\/media?parent=8719"}],"wp:term":[{"taxonomy":"category","embeddable":true,"href":"https:\/\/bukkleader.hu\/old\/wp-json\/wp\/v2\/categories?post=8719"},{"taxonomy":"post_tag","embeddable":true,"href":"https:\/\/bukkleader.hu\/old\/wp-json\/wp\/v2\/tags?post=8719"}],"curies":[{"name":"wp","href":"https:\/\/api.w.org\/{rel}","templated":true}]}}