{"id":8665,"date":"2022-01-17T08:29:53","date_gmt":"2022-01-17T07:29:53","guid":{"rendered":"https:\/\/bukkleader.hu\/old\/?p=8665"},"modified":"2022-01-17T08:33:28","modified_gmt":"2022-01-17T07:33:28","slug":"bukk-leader-tudomka-tematikus-kozpont-rendezvenye-bukkszentkereszt-2022-01-17","status":"publish","type":"post","link":"https:\/\/bukkleader.hu\/old\/bukk-leader-tudomka-tematikus-kozpont-rendezvenye-bukkszentkereszt-2022-01-17\/","title":{"rendered":"B\u00fckk LEADER TUDOMKA TEMATIKUS K\u00d6ZPONT rendezv\u00e9nye &#8211; B\u00fckkszentkereszt, 2022.01.17."},"content":{"rendered":"\n<p>A &#8220;BEITI-B\u00fckkaljai&#8221; Kft. tisztelettel megh\u00edvja \u00d6n\u00f6ket a B\u00fckk LEADER TUDOMKA &#8211; RES hasznos\u00edt\u00e1s a vid\u00e9ki lak\u00f3k\u00f6rnyezetben &#8211; TEMATIKUS K\u00d6ZPONT rendezv\u00e9ny\u00e9re. A megh\u00edv\u00f3 pdf-ben let\u00f6lthet\u0151 <a href=\"https:\/\/bukkleader.hu\/old\/wp-content\/uploads\/2022\/01\/LTTKrdvBk-1.pdf\" target=\"_blank\" rel=\"noreferrer noopener\">itt<\/a>.<\/p>\n\n\n\n<figure class=\"wp-block-image size-large\"><a href=\"https:\/\/bukkleader.hu\/old\/wp-content\/uploads\/2022\/01\/LTTKrdvBk2.jpg\"><img data-attachment-id=\"8667\" data-permalink=\"https:\/\/bukkleader.hu\/old\/bukk-leader-tudomka-tematikus-kozpont-rendezvenye-bukkszentkereszt-2022-01-17\/lttkrdvbk2\/\" data-orig-file=\"https:\/\/bukkleader.hu\/old\/wp-content\/uploads\/2022\/01\/LTTKrdvBk2.jpg\" data-orig-size=\"1241,1755\" data-comments-opened=\"0\" data-image-meta=\"{&quot;aperture&quot;:&quot;0&quot;,&quot;credit&quot;:&quot;&quot;,&quot;camera&quot;:&quot;&quot;,&quot;caption&quot;:&quot;&quot;,&quot;created_timestamp&quot;:&quot;0&quot;,&quot;copyright&quot;:&quot;&quot;,&quot;focal_length&quot;:&quot;0&quot;,&quot;iso&quot;:&quot;0&quot;,&quot;shutter_speed&quot;:&quot;0&quot;,&quot;title&quot;:&quot;&quot;,&quot;orientation&quot;:&quot;0&quot;}\" data-image-title=\"LTTKrdvBk2\" data-image-description=\"\" data-image-caption=\"\" data-medium-file=\"https:\/\/bukkleader.hu\/old\/wp-content\/uploads\/2022\/01\/LTTKrdvBk2-212x300.jpg\" data-large-file=\"https:\/\/bukkleader.hu\/old\/wp-content\/uploads\/2022\/01\/LTTKrdvBk2-724x1024.jpg\" loading=\"lazy\" width=\"724\" height=\"1024\" src=\"https:\/\/bukkleader.hu\/old\/wp-content\/uploads\/2022\/01\/LTTKrdvBk2-724x1024.jpg\" alt=\"\" class=\"wp-image-8667\" srcset=\"https:\/\/bukkleader.hu\/old\/wp-content\/uploads\/2022\/01\/LTTKrdvBk2-724x1024.jpg 724w, https:\/\/bukkleader.hu\/old\/wp-content\/uploads\/2022\/01\/LTTKrdvBk2-212x300.jpg 212w, https:\/\/bukkleader.hu\/old\/wp-content\/uploads\/2022\/01\/LTTKrdvBk2-768x1086.jpg 768w, https:\/\/bukkleader.hu\/old\/wp-content\/uploads\/2022\/01\/LTTKrdvBk2-1086x1536.jpg 1086w, https:\/\/bukkleader.hu\/old\/wp-content\/uploads\/2022\/01\/LTTKrdvBk2.jpg 1241w\" sizes=\"(max-width: 724px) 100vw, 724px\" \/><\/a><\/figure>\n\n\n\n<figure class=\"wp-block-image size-large\"><a href=\"https:\/\/bukkleader.hu\/old\/wp-content\/uploads\/2022\/01\/LTTKrdvBk.jpg\"><img data-attachment-id=\"8666\" data-permalink=\"https:\/\/bukkleader.hu\/old\/bukk-leader-tudomka-tematikus-kozpont-rendezvenye-bukkszentkereszt-2022-01-17\/lttkrdvbk\/\" data-orig-file=\"https:\/\/bukkleader.hu\/old\/wp-content\/uploads\/2022\/01\/LTTKrdvBk.jpg\" data-orig-size=\"1241,1755\" data-comments-opened=\"0\" data-image-meta=\"{&quot;aperture&quot;:&quot;0&quot;,&quot;credit&quot;:&quot;&quot;,&quot;camera&quot;:&quot;&quot;,&quot;caption&quot;:&quot;&quot;,&quot;created_timestamp&quot;:&quot;0&quot;,&quot;copyright&quot;:&quot;&quot;,&quot;focal_length&quot;:&quot;0&quot;,&quot;iso&quot;:&quot;0&quot;,&quot;shutter_speed&quot;:&quot;0&quot;,&quot;title&quot;:&quot;&quot;,&quot;orientation&quot;:&quot;0&quot;}\" data-image-title=\"LTTKrdvBk\" data-image-description=\"\" data-image-caption=\"\" data-medium-file=\"https:\/\/bukkleader.hu\/old\/wp-content\/uploads\/2022\/01\/LTTKrdvBk-212x300.jpg\" data-large-file=\"https:\/\/bukkleader.hu\/old\/wp-content\/uploads\/2022\/01\/LTTKrdvBk-724x1024.jpg\" loading=\"lazy\" width=\"724\" height=\"1024\" src=\"https:\/\/bukkleader.hu\/old\/wp-content\/uploads\/2022\/01\/LTTKrdvBk-724x1024.jpg\" alt=\"\" class=\"wp-image-8666\" srcset=\"https:\/\/bukkleader.hu\/old\/wp-content\/uploads\/2022\/01\/LTTKrdvBk-724x1024.jpg 724w, https:\/\/bukkleader.hu\/old\/wp-content\/uploads\/2022\/01\/LTTKrdvBk-212x300.jpg 212w, https:\/\/bukkleader.hu\/old\/wp-content\/uploads\/2022\/01\/LTTKrdvBk-768x1086.jpg 768w, https:\/\/bukkleader.hu\/old\/wp-content\/uploads\/2022\/01\/LTTKrdvBk-1086x1536.jpg 1086w, https:\/\/bukkleader.hu\/old\/wp-content\/uploads\/2022\/01\/LTTKrdvBk.jpg 1241w\" sizes=\"(max-width: 724px) 100vw, 724px\" \/><\/a><\/figure>\n<div class=\"sharedaddy sd-sharing-enabled\"><div class=\"robots-nocontent sd-block sd-social sd-social-icon sd-sharing\"><h3 class=\"sd-title\">Share this:<\/h3><div class=\"sd-content\"><ul><li class=\"share-facebook\"><a rel=\"nofollow noopener noreferrer\" data-shared=\"sharing-facebook-8665\" class=\"share-facebook sd-button share-icon no-text\" href=\"https:\/\/bukkleader.hu\/old\/bukk-leader-tudomka-tematikus-kozpont-rendezvenye-bukkszentkereszt-2022-01-17\/?share=facebook\" target=\"_blank\" title=\"Click to share on Facebook\"><span><\/span><span class=\"sharing-screen-reader-text\">Click to share on Facebook (Opens in new window)<\/span><\/a><\/li><li class=\"share-twitter\"><a rel=\"nofollow noopener noreferrer\" data-shared=\"sharing-twitter-8665\" class=\"share-twitter sd-button share-icon no-text\" href=\"https:\/\/bukkleader.hu\/old\/bukk-leader-tudomka-tematikus-kozpont-rendezvenye-bukkszentkereszt-2022-01-17\/?share=twitter\" target=\"_blank\" title=\"Click to share on Twitter\"><span><\/span><span class=\"sharing-screen-reader-text\">Click to share on Twitter (Opens in new window)<\/span><\/a><\/li><li class=\"share-print\"><a rel=\"nofollow noopener noreferrer\" data-shared=\"\" class=\"share-print sd-button share-icon no-text\" href=\"https:\/\/bukkleader.hu\/old\/bukk-leader-tudomka-tematikus-kozpont-rendezvenye-bukkszentkereszt-2022-01-17\/\" target=\"_blank\" title=\"Click to print\"><span><\/span><span class=\"sharing-screen-reader-text\">Click to print (Opens in new window)<\/span><\/a><\/li><li class=\"share-email\"><a rel=\"nofollow noopener noreferrer\" data-shared=\"\" class=\"share-email sd-button share-icon no-text\" href=\"https:\/\/bukkleader.hu\/old\/bukk-leader-tudomka-tematikus-kozpont-rendezvenye-bukkszentkereszt-2022-01-17\/?share=email\" target=\"_blank\" title=\"Click to email this to a friend\"><span><\/span><span class=\"sharing-screen-reader-text\">Click to email this to a friend (Opens in new window)<\/span><\/a><\/li><li class=\"share-end\"><\/li><\/ul><\/div><\/div><\/div>","protected":false},"excerpt":{"rendered":"<p>A &#8220;BEITI-B\u00fckkaljai&#8221; Kft. tisztelettel megh\u00edvja \u00d6n\u00f6ket a B\u00fckk LEADER TUDOMKA &#8211; RES hasznos\u00edt\u00e1s a vid\u00e9ki lak\u00f3k\u00f6rnyezetben &#8211; TEMATIKUS K\u00d6ZPONT rendezv\u00e9ny\u00e9re. A megh\u00edv\u00f3 pdf-ben let\u00f6lthet\u0151 itt.<\/p>\n<div class=\"sharedaddy sd-sharing-enabled\"><div class=\"robots-nocontent sd-block sd-social sd-social-icon sd-sharing\"><h3 class=\"sd-title\">Share this:<\/h3><div class=\"sd-content\"><ul><li class=\"share-facebook\"><a rel=\"nofollow noopener noreferrer\" data-shared=\"sharing-facebook-8665\" class=\"share-facebook sd-button share-icon no-text\" href=\"https:\/\/bukkleader.hu\/old\/bukk-leader-tudomka-tematikus-kozpont-rendezvenye-bukkszentkereszt-2022-01-17\/?share=facebook\" target=\"_blank\" title=\"Click to share on Facebook\"><span><\/span><span class=\"sharing-screen-reader-text\">Click to share on Facebook (Opens in new window)<\/span><\/a><\/li><li class=\"share-twitter\"><a rel=\"nofollow noopener noreferrer\" data-shared=\"sharing-twitter-8665\" class=\"share-twitter sd-button share-icon no-text\" href=\"https:\/\/bukkleader.hu\/old\/bukk-leader-tudomka-tematikus-kozpont-rendezvenye-bukkszentkereszt-2022-01-17\/?share=twitter\" target=\"_blank\" title=\"Click to share on Twitter\"><span><\/span><span class=\"sharing-screen-reader-text\">Click to share on Twitter (Opens in new window)<\/span><\/a><\/li><li class=\"share-print\"><a rel=\"nofollow noopener noreferrer\" data-shared=\"\" class=\"share-print sd-button share-icon no-text\" href=\"https:\/\/bukkleader.hu\/old\/bukk-leader-tudomka-tematikus-kozpont-rendezvenye-bukkszentkereszt-2022-01-17\/\" target=\"_blank\" title=\"Click to print\"><span><\/span><span class=\"sharing-screen-reader-text\">Click to print (Opens in new window)<\/span><\/a><\/li><li class=\"share-email\"><a rel=\"nofollow noopener noreferrer\" data-shared=\"\" class=\"share-email sd-button share-icon no-text\" href=\"https:\/\/bukkleader.hu\/old\/bukk-leader-tudomka-tematikus-kozpont-rendezvenye-bukkszentkereszt-2022-01-17\/?share=email\" target=\"_blank\" title=\"Click to email this to a friend\"><span><\/span><span class=\"sharing-screen-reader-text\">Click to email this to a friend (Opens in new window)<\/span><\/a><\/li><li class=\"share-end\"><\/li><\/ul><\/div><\/div><\/div>","protected":false},"author":4,"featured_media":702,"comment_status":"closed","ping_status":"closed","sticky":false,"template":"","format":"standard","meta":{"_bbp_topic_count":0,"_bbp_reply_count":0,"_bbp_total_topic_count":0,"_bbp_total_reply_count":0,"_bbp_voice_count":0,"_bbp_anonymous_reply_count":0,"_bbp_topic_count_hidden":0,"_bbp_reply_count_hidden":0,"_bbp_forum_subforum_count":0,"spay_email":"","jetpack_publicize_message":"","jetpack_is_tweetstorm":false,"jetpack_publicize_feature_enabled":true},"categories":[1,38],"tags":[],"jetpack_featured_media_url":"https:\/\/bukkleader.hu\/old\/wp-content\/uploads\/2015\/11\/operat\u00edv-programok-2..jpg","jetpack_publicize_connections":[],"jetpack_sharing_enabled":true,"jetpack-related-posts":[{"id":8608,"url":"https:\/\/bukkleader.hu\/old\/bukk-leader-tudomka-tematikus-kozpont-rendezveny-2021-11-05-malyi\/","url_meta":{"origin":8665,"position":0},"title":"B\u00dcKK-LEADER TUDOMKA TEMATIKUS K\u00d6ZPONT rendezv\u00e9ny, 2021. 11. 05. M\u00e1lyi","date":"2021-11-05","format":false,"excerpt":"A \"BEITI-B\u00fckkaljai\" Kft. tisztelettel megh\u00edvja \u00d6n\u00f6ket a B\u00dcKK-LEADER TUDOMKA-RES hasznos\u00edt\u00e1s a vid\u00e9ki lak\u00f3k\u00f6rnyezetben-TEMATIKUS K\u00d6ZPONT rendezv\u00e9ny\u00e9re. A megh\u00edv\u00f3 pdf-ben let\u00f6lthet\u0151 itt.","rel":"","context":"In &quot;H\u00edreink, k\u00f6zlem\u00e9nyeink&quot;","img":{"alt_text":"","src":"https:\/\/i1.wp.com\/bukkleader.hu\/old\/wp-content\/uploads\/2015\/11\/operat\u00edv-programok-2..jpg?resize=350%2C200&ssl=1","width":350,"height":200},"classes":[]},{"id":8402,"url":"https:\/\/bukkleader.hu\/old\/bukk-leader-tudomka-egeszsegtudatos-prevencios-tematikus-kozpont-rendezvenye-2021-09-24-bukkabrany\/","url_meta":{"origin":8665,"position":1},"title":"B\u00fckk-LEADER TUDOMKA-Eg\u00e9szs\u00e9gtudatos Prevenci\u00f3s-Tematikus K\u00f6zpont rendezv\u00e9nye 2021.09.24. B\u00fckk\u00e1br\u00e1ny","date":"2021-08-25","format":false,"excerpt":"Dr. Ol\u00e1h Csaba a BRAIN-SURGE Eg\u00e9szs\u00e9g\u00fcgyi Szolg\u00e1ltat\u00f3 Kft. \u00fcgyvezet\u0151je tisztelettel megh\u00edvja \u00d6n\u00f6ket a B\u00fckk-LEADER-TUDOMKA-Eg\u00e9szs\u00e9gtudatos Prevenci\u00f3s-Tematikus K\u00f6zpont rendezv\u00e9nyre. A megh\u00edv\u00f3 let\u00f6lthet\u0151 pdf-ben itt.","rel":"","context":"In &quot;H\u00edreink, k\u00f6zlem\u00e9nyeink&quot;","img":{"alt_text":"","src":"https:\/\/i0.wp.com\/bukkleader.hu\/old\/wp-content\/uploads\/2021\/06\/verny.jpg?resize=350%2C200&ssl=1","width":350,"height":200},"classes":[]},{"id":8405,"url":"https:\/\/bukkleader.hu\/old\/bukk-leader-tudomka-egeszsegtudatos-prevencios-tematikus-kozpont-rendezvenye-2021-09-23-bukkabrany\/","url_meta":{"origin":8665,"position":2},"title":"B\u00fckk LEADER Tudomka &#8211; Eg\u00e9szs\u00e9gtudatos Prevenci\u00f3s &#8211; Tematikus K\u00f6zpont rendezv\u00e9nye 2021. 09. 23. B\u00fckk\u00e1br\u00e1ny","date":"2021-08-25","format":false,"excerpt":"A BRAIN-SURGE Eg\u00e9szs\u00e9g\u00fcgyi Szolg\u00e1ltat\u00f3 Kft. tisztelettel megh\u00edvja \u00d6n\u00f6ket a B\u00fckk LEADER Tudomka - Eg\u00e9szs\u00e9gtudatos Prevenci\u00f3s - Tematikus K\u00f6zpont\u00a0rendezv\u00e9ny\u00e9re. A megh\u00edv\u00f3 \u00e9s a program let\u00f6lthet\u0151 pdf-ben itt.\u00a0","rel":"","context":"In &quot;H\u00edreink, k\u00f6zlem\u00e9nyeink&quot;","img":{"alt_text":"","src":"https:\/\/i0.wp.com\/bukkleader.hu\/old\/wp-content\/uploads\/2021\/06\/verny.jpg?resize=350%2C200&ssl=1","width":350,"height":200},"classes":[]},{"id":8618,"url":"https:\/\/bukkleader.hu\/old\/bukk-leader-tudomka-res-hasznositas-a-videki-lakokornyezetben-tematikus-kozpont-rendezvenye-bukkaranyos-2021-12-06\/","url_meta":{"origin":8665,"position":3},"title":"B\u00dcKK LEADER TUDOMKA-RES hasznos\u00edt\u00e1s a vid\u00e9ki lak\u00f3k\u00f6rnyezetben TEMATIKUS K\u00d6ZPONT rendezv\u00e9nye, B\u00fckkaranyos 2021. 12. 06.","date":"2021-12-06","format":false,"excerpt":"Nagy M\u00e1rk, a BEITI-B\u00fckkaljai Kft. \u00fcgyvezet\u0151je tisztelettel megh\u00edvja \u00d6n\u00f6ket a B\u00dcKK LEADER TUDOMKA-RES hasznos\u00edt\u00e1s a vid\u00e9ki lak\u00f3k\u00f6rnyezetben TEMATIKUS K\u00d6ZPONT rendezv\u00e9nyre. A Pdf let\u00f6lthet\u0151 itt. \u00a0 \u00a0 \u00a0","rel":"","context":"In &quot;Dokumentumok&quot;","img":{"alt_text":"","src":"https:\/\/i2.wp.com\/bukkleader.hu\/old\/wp-content\/uploads\/2021\/03\/onlinekepzes.jpg?resize=350%2C200&ssl=1","width":350,"height":200},"classes":[]},{"id":8322,"url":"https:\/\/bukkleader.hu\/old\/bukk-leader-tudomka-egeszsegtudatos-prevencios-tematikus-kozpont-rendezvenye-2021-08-28-kisgyor\/","url_meta":{"origin":8665,"position":4},"title":"&#8220;B\u00fckk LEADER Tudomka-Eg\u00e9szs\u00e9gtudatos Prevenci\u00f3s-Tematikus K\u00f6zpont\u201d rendezv\u00e9nye 2021.08.28. Kisgy\u0151r","date":"2021-07-28","format":false,"excerpt":"A BRAIN-SURGE Eg\u00e9szs\u00e9g\u00fcgyi Szolg\u00e1ltat\u00f3 Kft. tisztelettel megh\u00edvja \u00d6n\u00f6ket a 2021. 08. 28-\u00e1n Kisgy\u0151rben tartand\u00f3 \"B\u00fckk LEADER Tudomka-Eg\u00e9szs\u00e9gtudatos Prevenci\u00f3s-Tematikus K\u00f6zpont\u201d megnevez\u00e9s\u0171 rendezv\u00e9ny\u00e9re. A megh\u00edv\u00f3 \u00e9s a program pdf-ben let\u00f6lthet\u0151 itt.","rel":"","context":"In &quot;H\u00edreink, k\u00f6zlem\u00e9nyeink&quot;","img":{"alt_text":"","src":"https:\/\/i0.wp.com\/bukkleader.hu\/old\/wp-content\/uploads\/2021\/06\/verny.jpg?resize=350%2C200&ssl=1","width":350,"height":200},"classes":[]},{"id":5989,"url":"https:\/\/bukkleader.hu\/old\/bukk-leader-tudomka-egeszsegtudatos-prevencios-tematikus-kozpont-rendezveny-bukkabranyban-leader-tamogatassal-2021-07-24\/","url_meta":{"origin":8665,"position":5},"title":"\u201cB\u00fckk LEADER Tudomka-Eg\u00e9szs\u00e9gtudatos Prevenci\u00f3s-Tematikus K\u00f6zpont\u201d rendezv\u00e9ny B\u00fckk\u00e1br\u00e1nyban LEADER t\u00e1mogat\u00e1ssal \u2013 2021.07.24.","date":"2021-06-24","format":false,"excerpt":"A BRAIN-SURGE Eg\u00e9szs\u00e9g\u00fcgyi Szolg\u00e1ltat\u00f3 Kft. tisztelettel megh\u00edvja \u00d6n\u00f6ket\u00a02021. j\u00falius 24-\u00e9n\u00a0(szombat) B\u00fckk\u00e1br\u00e1nyban tartand\u00f3, LEADER t\u00e1mogat\u00e1ssal megval\u00f3sul\u00f3\u00a0\u201cB\u00fckk LEADER Tudomka-Eg\u00e9szs\u00e9gtudatos Prevenci\u00f3s-Tematikus K\u00f6zpont\u201d\u00a0c\u00edm\u0171 rendezv\u00e9ny\u00e9re. A r\u00e9szletes program (a megh\u00edv\u00f3 \u00e9s a program PDF-ben let\u00f6lthet\u0151 itt):","rel":"","context":"In &quot;H\u00edreink, k\u00f6zlem\u00e9nyeink&quot;","img":{"alt_text":"","src":"https:\/\/i0.wp.com\/bukkleader.hu\/old\/wp-content\/uploads\/2021\/06\/verny.jpg?resize=350%2C200&ssl=1","width":350,"height":200},"classes":[]}],"_links":{"self":[{"href":"https:\/\/bukkleader.hu\/old\/wp-json\/wp\/v2\/posts\/8665"}],"collection":[{"href":"https:\/\/bukkleader.hu\/old\/wp-json\/wp\/v2\/posts"}],"about":[{"href":"https:\/\/bukkleader.hu\/old\/wp-json\/wp\/v2\/types\/post"}],"author":[{"embeddable":true,"href":"https:\/\/bukkleader.hu\/old\/wp-json\/wp\/v2\/users\/4"}],"replies":[{"embeddable":true,"href":"https:\/\/bukkleader.hu\/old\/wp-json\/wp\/v2\/comments?post=8665"}],"version-history":[{"count":2,"href":"https:\/\/bukkleader.hu\/old\/wp-json\/wp\/v2\/posts\/8665\/revisions"}],"predecessor-version":[{"id":8672,"href":"https:\/\/bukkleader.hu\/old\/wp-json\/wp\/v2\/posts\/8665\/revisions\/8672"}],"wp:featuredmedia":[{"embeddable":true,"href":"https:\/\/bukkleader.hu\/old\/wp-json\/wp\/v2\/media\/702"}],"wp:attachment":[{"href":"https:\/\/bukkleader.hu\/old\/wp-json\/wp\/v2\/media?parent=8665"}],"wp:term":[{"taxonomy":"category","embeddable":true,"href":"https:\/\/bukkleader.hu\/old\/wp-json\/wp\/v2\/categories?post=8665"},{"taxonomy":"post_tag","embeddable":true,"href":"https:\/\/bukkleader.hu\/old\/wp-json\/wp\/v2\/tags?post=8665"}],"curies":[{"name":"wp","href":"https:\/\/api.w.org\/{rel}","templated":true}]}}