{"id":8649,"date":"2021-12-03T09:40:00","date_gmt":"2021-12-03T08:40:00","guid":{"rendered":"https:\/\/bukkleader.hu\/old\/?p=8649"},"modified":"2021-12-13T09:50:10","modified_gmt":"2021-12-13T08:50:10","slug":"meghivo-a-bukk-tersegi-leader-egyesulet-szakmai-forumara-sajokeresztur-2021-12-12","status":"publish","type":"post","link":"https:\/\/bukkleader.hu\/old\/meghivo-a-bukk-tersegi-leader-egyesulet-szakmai-forumara-sajokeresztur-2021-12-12\/","title":{"rendered":"Megh\u00edv\u00f3 a B\u00fckk-T\u00e9rs\u00e9gi LEADER Egyes\u00fclet Szakmai F\u00f3rum\u00e1ra \u2013 Saj\u00f3kereszt\u00far, 2021.12.12."},"content":{"rendered":"\n\n\n<p>A B\u00fckk-T\u00e9rs\u00e9gi LEADER Egyes\u00fclet szeretettel megh\u00edvja \u00d6n\u00f6ket 2021. 12. 12-\u00e9n Saj\u00f3kereszt\u00faron tartand\u00f3 szakmai f\u00f3rum\u00e1ra. A megh\u00edv\u00f3 pdf-ben let\u00f6lthet\u0151 <a href=\"https:\/\/bukkleader.hu\/old\/wp-content\/uploads\/2021\/12\/MhvSkr.pdf\" target=\"_blank\" rel=\"noreferrer noopener\">itt<\/a>.<\/p>\n\n\n\n<figure class=\"wp-block-image size-large\"><a href=\"https:\/\/bukkleader.hu\/old\/wp-content\/uploads\/2021\/12\/MhvSkr.jpg\"><img data-attachment-id=\"8650\" data-permalink=\"https:\/\/bukkleader.hu\/old\/meghivo-a-bukk-tersegi-leader-egyesulet-szakmai-forumara-sajokeresztur-2021-12-12\/mhvskr\/\" data-orig-file=\"https:\/\/bukkleader.hu\/old\/wp-content\/uploads\/2021\/12\/MhvSkr.jpg\" data-orig-size=\"1241,1755\" data-comments-opened=\"0\" data-image-meta=\"{&quot;aperture&quot;:&quot;0&quot;,&quot;credit&quot;:&quot;&quot;,&quot;camera&quot;:&quot;&quot;,&quot;caption&quot;:&quot;&quot;,&quot;created_timestamp&quot;:&quot;0&quot;,&quot;copyright&quot;:&quot;&quot;,&quot;focal_length&quot;:&quot;0&quot;,&quot;iso&quot;:&quot;0&quot;,&quot;shutter_speed&quot;:&quot;0&quot;,&quot;title&quot;:&quot;&quot;,&quot;orientation&quot;:&quot;0&quot;}\" data-image-title=\"MhvSkr\" data-image-description=\"\" data-image-caption=\"\" data-medium-file=\"https:\/\/bukkleader.hu\/old\/wp-content\/uploads\/2021\/12\/MhvSkr-212x300.jpg\" data-large-file=\"https:\/\/bukkleader.hu\/old\/wp-content\/uploads\/2021\/12\/MhvSkr-724x1024.jpg\" loading=\"lazy\" width=\"724\" height=\"1024\" src=\"https:\/\/bukkleader.hu\/old\/wp-content\/uploads\/2021\/12\/MhvSkr-724x1024.jpg\" alt=\"\" class=\"wp-image-8650\" srcset=\"https:\/\/bukkleader.hu\/old\/wp-content\/uploads\/2021\/12\/MhvSkr-724x1024.jpg 724w, https:\/\/bukkleader.hu\/old\/wp-content\/uploads\/2021\/12\/MhvSkr-212x300.jpg 212w, https:\/\/bukkleader.hu\/old\/wp-content\/uploads\/2021\/12\/MhvSkr-768x1086.jpg 768w, https:\/\/bukkleader.hu\/old\/wp-content\/uploads\/2021\/12\/MhvSkr-1086x1536.jpg 1086w, https:\/\/bukkleader.hu\/old\/wp-content\/uploads\/2021\/12\/MhvSkr.jpg 1241w\" sizes=\"(max-width: 724px) 100vw, 724px\" \/><\/a><\/figure>\n<div class=\"sharedaddy sd-sharing-enabled\"><div class=\"robots-nocontent sd-block sd-social sd-social-icon sd-sharing\"><h3 class=\"sd-title\">Share this:<\/h3><div class=\"sd-content\"><ul><li class=\"share-facebook\"><a rel=\"nofollow noopener noreferrer\" data-shared=\"sharing-facebook-8649\" class=\"share-facebook sd-button share-icon no-text\" href=\"https:\/\/bukkleader.hu\/old\/meghivo-a-bukk-tersegi-leader-egyesulet-szakmai-forumara-sajokeresztur-2021-12-12\/?share=facebook\" target=\"_blank\" title=\"Click to share on Facebook\"><span><\/span><span class=\"sharing-screen-reader-text\">Click to share on Facebook (Opens in new window)<\/span><\/a><\/li><li class=\"share-twitter\"><a rel=\"nofollow noopener noreferrer\" data-shared=\"sharing-twitter-8649\" class=\"share-twitter sd-button share-icon no-text\" href=\"https:\/\/bukkleader.hu\/old\/meghivo-a-bukk-tersegi-leader-egyesulet-szakmai-forumara-sajokeresztur-2021-12-12\/?share=twitter\" target=\"_blank\" title=\"Click to share on Twitter\"><span><\/span><span class=\"sharing-screen-reader-text\">Click to share on Twitter (Opens in new window)<\/span><\/a><\/li><li class=\"share-print\"><a rel=\"nofollow noopener noreferrer\" data-shared=\"\" class=\"share-print sd-button share-icon no-text\" href=\"https:\/\/bukkleader.hu\/old\/meghivo-a-bukk-tersegi-leader-egyesulet-szakmai-forumara-sajokeresztur-2021-12-12\/\" target=\"_blank\" title=\"Click to print\"><span><\/span><span class=\"sharing-screen-reader-text\">Click to print (Opens in new window)<\/span><\/a><\/li><li class=\"share-email\"><a rel=\"nofollow noopener noreferrer\" data-shared=\"\" class=\"share-email sd-button share-icon no-text\" href=\"https:\/\/bukkleader.hu\/old\/meghivo-a-bukk-tersegi-leader-egyesulet-szakmai-forumara-sajokeresztur-2021-12-12\/?share=email\" target=\"_blank\" title=\"Click to email this to a friend\"><span><\/span><span class=\"sharing-screen-reader-text\">Click to email this to a friend (Opens in new window)<\/span><\/a><\/li><li class=\"share-end\"><\/li><\/ul><\/div><\/div><\/div>","protected":false},"excerpt":{"rendered":"<p>A B\u00fckk-T\u00e9rs\u00e9gi LEADER Egyes\u00fclet szeretettel megh\u00edvja \u00d6n\u00f6ket 2021. 12. 12-\u00e9n Saj\u00f3kereszt\u00faron tartand\u00f3 szakmai f\u00f3rum\u00e1ra. A megh\u00edv\u00f3 pdf-ben let\u00f6lthet\u0151 itt.<\/p>\n<div class=\"sharedaddy sd-sharing-enabled\"><div class=\"robots-nocontent sd-block sd-social sd-social-icon sd-sharing\"><h3 class=\"sd-title\">Share this:<\/h3><div class=\"sd-content\"><ul><li class=\"share-facebook\"><a rel=\"nofollow noopener noreferrer\" data-shared=\"sharing-facebook-8649\" class=\"share-facebook sd-button share-icon no-text\" href=\"https:\/\/bukkleader.hu\/old\/meghivo-a-bukk-tersegi-leader-egyesulet-szakmai-forumara-sajokeresztur-2021-12-12\/?share=facebook\" target=\"_blank\" title=\"Click to share on Facebook\"><span><\/span><span class=\"sharing-screen-reader-text\">Click to share on Facebook (Opens in new window)<\/span><\/a><\/li><li class=\"share-twitter\"><a rel=\"nofollow noopener noreferrer\" data-shared=\"sharing-twitter-8649\" class=\"share-twitter sd-button share-icon no-text\" href=\"https:\/\/bukkleader.hu\/old\/meghivo-a-bukk-tersegi-leader-egyesulet-szakmai-forumara-sajokeresztur-2021-12-12\/?share=twitter\" target=\"_blank\" title=\"Click to share on Twitter\"><span><\/span><span class=\"sharing-screen-reader-text\">Click to share on Twitter (Opens in new window)<\/span><\/a><\/li><li class=\"share-print\"><a rel=\"nofollow noopener noreferrer\" data-shared=\"\" class=\"share-print sd-button share-icon no-text\" href=\"https:\/\/bukkleader.hu\/old\/meghivo-a-bukk-tersegi-leader-egyesulet-szakmai-forumara-sajokeresztur-2021-12-12\/\" target=\"_blank\" title=\"Click to print\"><span><\/span><span class=\"sharing-screen-reader-text\">Click to print (Opens in new window)<\/span><\/a><\/li><li class=\"share-email\"><a rel=\"nofollow noopener noreferrer\" data-shared=\"\" class=\"share-email sd-button share-icon no-text\" href=\"https:\/\/bukkleader.hu\/old\/meghivo-a-bukk-tersegi-leader-egyesulet-szakmai-forumara-sajokeresztur-2021-12-12\/?share=email\" target=\"_blank\" title=\"Click to email this to a friend\"><span><\/span><span class=\"sharing-screen-reader-text\">Click to email this to a friend (Opens in new window)<\/span><\/a><\/li><li class=\"share-end\"><\/li><\/ul><\/div><\/div><\/div>","protected":false},"author":4,"featured_media":291,"comment_status":"closed","ping_status":"closed","sticky":false,"template":"","format":"standard","meta":{"_bbp_topic_count":0,"_bbp_reply_count":0,"_bbp_total_topic_count":0,"_bbp_total_reply_count":0,"_bbp_voice_count":0,"_bbp_anonymous_reply_count":0,"_bbp_topic_count_hidden":0,"_bbp_reply_count_hidden":0,"_bbp_forum_subforum_count":0,"spay_email":"","jetpack_publicize_message":"","jetpack_is_tweetstorm":false,"jetpack_publicize_feature_enabled":true},"categories":[1],"tags":[],"jetpack_featured_media_url":"https:\/\/bukkleader.hu\/old\/wp-content\/uploads\/2015\/09\/bukk-leader-logo-w.jpg","jetpack_publicize_connections":[],"jetpack_sharing_enabled":true,"jetpack-related-posts":[{"id":8622,"url":"https:\/\/bukkleader.hu\/old\/meghivo-a-bukk-tersegi-leader-egyesulet-szakmai-forumara-bukkaranyos-2021-12-06\/","url_meta":{"origin":8649,"position":0},"title":"Megh\u00edv\u00f3 a B\u00fckk-T\u00e9rs\u00e9gi LEADER Egyes\u00fclet Szakmai F\u00f3rum\u00e1ra &#8211; B\u00fckkaranyos, 2021.12.06","date":"2021-11-26","format":false,"excerpt":"A B\u00fckk-T\u00e9rs\u00e9gi LEADER Egyes\u00fclet szeretettel megh\u00edvja \u00d6n\u00f6ket 2021. 12. 06-\u00e1n B\u00fckkaranyoson tartand\u00f3 szakmai f\u00f3rum\u00e1ra. A megh\u00edv\u00f3 pdf-ben let\u00f6lthet\u0151 itt.","rel":"","context":"In &quot;H\u00edreink, k\u00f6zlem\u00e9nyeink&quot;","img":{"alt_text":"","src":"https:\/\/i2.wp.com\/bukkleader.hu\/old\/wp-content\/uploads\/2021\/12\/MhvBks.jpg?resize=350%2C200&ssl=1","width":350,"height":200},"classes":[]},{"id":6516,"url":"https:\/\/bukkleader.hu\/old\/meghivo-a-bukk-tersegi-leader-egyesulet-szakmai-forumara-bukkszentkereszt-2021-07-12\/","url_meta":{"origin":8649,"position":1},"title":"Megh\u00edv\u00f3 a B\u00fckk-T\u00e9rs\u00e9gi LEADER Egyes\u00fclet Szakmai F\u00f3rum\u00e1ra- B\u00fckkszentkereszt, 2021.07.12.","date":"2021-06-28","format":false,"excerpt":"A B\u00fckk-T\u00e9rs\u00e9gi LEADER Egyes\u00fclet szeretettel megh\u00edvja \u00d6n\u00f6ket 2021. j\u00falius 12.-\u00e9n, B\u00fckkszentkereszten tartand\u00f3 szakmai f\u00f3rum\u00e1ra. (pdf let\u00f6lthet\u0151 itt)","rel":"","context":"In &quot;H\u00edreink, k\u00f6zlem\u00e9nyeink&quot;","img":{"alt_text":"","src":"https:\/\/i0.wp.com\/bukkleader.hu\/old\/wp-content\/uploads\/2017\/12\/B\u00fckkszent-t\u00e9len.jpg?resize=350%2C200&ssl=1","width":350,"height":200},"classes":[]},{"id":8654,"url":"https:\/\/bukkleader.hu\/old\/meghivo-a-bukk-tersegi-leader-egyesulet-szakmai-forumara-2021-12-17-on-line-forum\/","url_meta":{"origin":8649,"position":2},"title":"Megh\u00edv\u00f3 a B\u00fckk-T\u00e9rs\u00e9gi LEADER Egyes\u00fclet Szakmai F\u00f3rum\u00e1ra, 2021. 12. 17., online f\u00f3rum","date":"2021-12-08","format":false,"excerpt":"Nagy Lajos a B\u00fckk-T\u00e9rs\u00e9gi LEADER Egyes\u00fclet eln\u00f6ke \u00e9s Dr. Nagyn\u00e9 Mile Erzs\u00e9bet munkaszervezet vezet\u0151 tisztelettel megh\u00edvja \u00d6n\u00f6ket a 2021. 12. 17.-\u00e9n tartand\u00f3 szakmai f\u00f3rumra. A pdf let\u00f6lthet\u0151 itt.","rel":"","context":"In &quot;H\u00edreink, k\u00f6zlem\u00e9nyeink&quot;","img":{"alt_text":"bukk-leader-logo-w","src":"https:\/\/i2.wp.com\/bukkleader.hu\/old\/wp-content\/uploads\/2015\/09\/bukk-leader-logo-w.jpg?resize=350%2C200&ssl=1","width":350,"height":200},"classes":[]},{"id":6033,"url":"https:\/\/bukkleader.hu\/old\/meghivo-a-bukk-tersegi-leader-egyesulet-szakmai-forumara-parasznya-2021-julius-06\/","url_meta":{"origin":8649,"position":3},"title":"Megh\u00edv\u00f3 a B\u00fckk-T\u00e9rs\u00e9gi LEADER Egyes\u00fclet Szakmai F\u00f3rum\u00e1ra- Parasznya, 2021.07.06.","date":"2021-06-28","format":false,"excerpt":"A B\u00fckk-T\u00e9rs\u00e9gi LEADER Egyes\u00fclet szeretettel megh\u00edvja \u00d6n\u00f6ket 2021. j\u00falius 06.-\u00e1n Paraszny\u00e1n tartand\u00f3 szakmai f\u00f3rum\u00e1ra. (pdf let\u00f6lthet\u0151 itt)","rel":"","context":"In &quot;H\u00edreink, k\u00f6zlem\u00e9nyeink&quot;","img":{"alt_text":"Parasznya","src":"https:\/\/i0.wp.com\/bukkleader.hu\/old\/wp-content\/uploads\/2015\/10\/parasznya-w.jpg?resize=350%2C200&ssl=1","width":350,"height":200},"classes":[]},{"id":6763,"url":"https:\/\/bukkleader.hu\/old\/meghivo-a-bukk-tersegi-leader-egyesulet-szakmai-forumara-felsozsolca-2021-07-19\/","url_meta":{"origin":8649,"position":4},"title":"Megh\u00edv\u00f3 a B\u00fckk-T\u00e9rs\u00e9gi LEADER Egyes\u00fclet Szakmai F\u00f3rum\u00e1ra- Fels\u0151zsolca, 2021.07.19.","date":"2021-06-28","format":false,"excerpt":"A B\u00fckk-T\u00e9rs\u00e9gi LEADER Egyes\u00fclet szeretettel megh\u00edvja \u00d6n\u00f6ket 2021. j\u00falius 19.-\u00e9n, Fels\u0151zsolc\u00e1n tartand\u00f3 szakmai f\u00f3rum\u00e1ra. (pdf let\u00f6lthet\u0151 itt)","rel":"","context":"In &quot;H\u00edreink, k\u00f6zlem\u00e9nyeink&quot;","img":{"alt_text":"","src":"https:\/\/i1.wp.com\/bukkleader.hu\/old\/wp-content\/uploads\/2016\/09\/fels\u0151zsolca-\u00f6nk..jpg?resize=350%2C200&ssl=1","width":350,"height":200},"classes":[]},{"id":492,"url":"https:\/\/bukkleader.hu\/old\/bejelentkezes-a-2007-2014-es-leader-programzaro-rendezvenyre\/","url_meta":{"origin":8649,"position":5},"title":"Bejelentkez\u00e9s a 2007-2014-es LEADER programz\u00e1r\u00f3 rendezv\u00e9nyre","date":"2015-10-21","format":false,"excerpt":"A B\u00fckk-T\u00e9rs\u00e9gi LEADER Egyes\u00fclet tisztelettel megh\u00edvja a LEADER t\u00e9rs\u00e9g \u00f6nkorm\u00e1nyzatait, civil szervezeteit, v\u00e1llalkoz\u00e1sait, mag\u00e1nszem\u00e9lyeit \u00e9s a 2007-2014-es id\u0151szak nyertes projektgazd\u00e1it a k\u00e9t helysz\u00ednen megtart\u00e1sra ker\u00fcl\u0151 2007-2014-es LEADER programz\u00e1r\u00f3 rendezv\u00e9nyre.Felk\u00e9rj\u00fck. a projektgazd\u00e1kat, hogy mutass\u00e1k be a megval\u00f3sult projekteket. Lehet\u0151s\u00e9get biztos\u00edtunk projektoros kivet\u00edt\u00e9sre \u00e9s honlap, fot\u00f3, egy\u00e9b t\u00e1j\u00e9koztat\u00f3 anyagok, kiadv\u00e1nyok bemutat\u00e1s\u00e1ra.A szakmai\u2026","rel":"","context":"In &quot;H\u00edreink, k\u00f6zlem\u00e9nyeink&quot;","img":{"alt_text":"bukk-leader-logo-w","src":"https:\/\/i2.wp.com\/bukkleader.hu\/old\/wp-content\/uploads\/2015\/09\/bukk-leader-logo-w.jpg?resize=350%2C200&ssl=1","width":350,"height":200},"classes":[]}],"_links":{"self":[{"href":"https:\/\/bukkleader.hu\/old\/wp-json\/wp\/v2\/posts\/8649"}],"collection":[{"href":"https:\/\/bukkleader.hu\/old\/wp-json\/wp\/v2\/posts"}],"about":[{"href":"https:\/\/bukkleader.hu\/old\/wp-json\/wp\/v2\/types\/post"}],"author":[{"embeddable":true,"href":"https:\/\/bukkleader.hu\/old\/wp-json\/wp\/v2\/users\/4"}],"replies":[{"embeddable":true,"href":"https:\/\/bukkleader.hu\/old\/wp-json\/wp\/v2\/comments?post=8649"}],"version-history":[{"count":1,"href":"https:\/\/bukkleader.hu\/old\/wp-json\/wp\/v2\/posts\/8649\/revisions"}],"predecessor-version":[{"id":8652,"href":"https:\/\/bukkleader.hu\/old\/wp-json\/wp\/v2\/posts\/8649\/revisions\/8652"}],"wp:featuredmedia":[{"embeddable":true,"href":"https:\/\/bukkleader.hu\/old\/wp-json\/wp\/v2\/media\/291"}],"wp:attachment":[{"href":"https:\/\/bukkleader.hu\/old\/wp-json\/wp\/v2\/media?parent=8649"}],"wp:term":[{"taxonomy":"category","embeddable":true,"href":"https:\/\/bukkleader.hu\/old\/wp-json\/wp\/v2\/categories?post=8649"},{"taxonomy":"post_tag","embeddable":true,"href":"https:\/\/bukkleader.hu\/old\/wp-json\/wp\/v2\/tags?post=8649"}],"curies":[{"name":"wp","href":"https:\/\/api.w.org\/{rel}","templated":true}]}}