{"id":8635,"date":"2021-07-14T14:48:00","date_gmt":"2021-07-14T12:48:00","guid":{"rendered":"https:\/\/bukkleader.hu\/old\/?p=8635"},"modified":"2021-12-09T14:52:20","modified_gmt":"2021-12-09T13:52:20","slug":"szakmai-beszamolo-2021-aprilis-1-2021-junius-30-idoszak-tevekenysegerol","status":"publish","type":"post","link":"https:\/\/bukkleader.hu\/old\/szakmai-beszamolo-2021-aprilis-1-2021-junius-30-idoszak-tevekenysegerol\/","title":{"rendered":"Szakmai besz\u00e1mol\u00f3 2021. \u00e1prilis 1. \u2013 2021. j\u00fanius 30. id\u0151szak tev\u00e9kenys\u00e9g\u00e9r\u0151l"},"content":{"rendered":"\n<p><strong>Szakmai besz\u00e1mol\u00f3 2021. \u00e1prilis 1. \u2013 2021. j\u00fanius 30. id\u0151szak tev\u00e9kenys\u00e9g\u00e9r\u0151l.<\/strong><\/p>\n<p><a href=\"https:\/\/bukkleader.hu\/old\/wp-content\/uploads\/2021\/12\/Beszamolo20212.pdf\" target=\"_blank\" rel=\"noopener\">Megtekinthet\u0151 itt &gt;&gt;<\/a><\/p>\n<div class=\"sharedaddy sd-sharing-enabled\"><div class=\"robots-nocontent sd-block sd-social sd-social-icon sd-sharing\"><h3 class=\"sd-title\">Share this:<\/h3><div class=\"sd-content\"><ul><li class=\"share-facebook\"><a rel=\"nofollow noopener noreferrer\" data-shared=\"sharing-facebook-8635\" class=\"share-facebook sd-button share-icon no-text\" href=\"https:\/\/bukkleader.hu\/old\/szakmai-beszamolo-2021-aprilis-1-2021-junius-30-idoszak-tevekenysegerol\/?share=facebook\" target=\"_blank\" title=\"Click to share on Facebook\"><span><\/span><span class=\"sharing-screen-reader-text\">Click to share on Facebook (Opens in new window)<\/span><\/a><\/li><li class=\"share-twitter\"><a rel=\"nofollow noopener noreferrer\" data-shared=\"sharing-twitter-8635\" class=\"share-twitter sd-button share-icon no-text\" href=\"https:\/\/bukkleader.hu\/old\/szakmai-beszamolo-2021-aprilis-1-2021-junius-30-idoszak-tevekenysegerol\/?share=twitter\" target=\"_blank\" title=\"Click to share on Twitter\"><span><\/span><span class=\"sharing-screen-reader-text\">Click to share on Twitter (Opens in new window)<\/span><\/a><\/li><li class=\"share-print\"><a rel=\"nofollow noopener noreferrer\" data-shared=\"\" class=\"share-print sd-button share-icon no-text\" href=\"https:\/\/bukkleader.hu\/old\/szakmai-beszamolo-2021-aprilis-1-2021-junius-30-idoszak-tevekenysegerol\/\" target=\"_blank\" title=\"Click to print\"><span><\/span><span class=\"sharing-screen-reader-text\">Click to print (Opens in new window)<\/span><\/a><\/li><li class=\"share-email\"><a rel=\"nofollow noopener noreferrer\" data-shared=\"\" class=\"share-email sd-button share-icon no-text\" href=\"https:\/\/bukkleader.hu\/old\/szakmai-beszamolo-2021-aprilis-1-2021-junius-30-idoszak-tevekenysegerol\/?share=email\" target=\"_blank\" title=\"Click to email this to a friend\"><span><\/span><span class=\"sharing-screen-reader-text\">Click to email this to a friend (Opens in new window)<\/span><\/a><\/li><li class=\"share-end\"><\/li><\/ul><\/div><\/div><\/div>","protected":false},"excerpt":{"rendered":"<p>Szakmai besz\u00e1mol\u00f3 2021. \u00e1prilis 1. \u2013 2021. j\u00fanius 30. id\u0151szak tev\u00e9kenys\u00e9g\u00e9r\u0151l. Megtekinthet\u0151 itt &gt;&gt;<\/p>\n<div class=\"sharedaddy sd-sharing-enabled\"><div class=\"robots-nocontent sd-block sd-social sd-social-icon sd-sharing\"><h3 class=\"sd-title\">Share this:<\/h3><div class=\"sd-content\"><ul><li class=\"share-facebook\"><a rel=\"nofollow noopener noreferrer\" data-shared=\"sharing-facebook-8635\" class=\"share-facebook sd-button share-icon no-text\" href=\"https:\/\/bukkleader.hu\/old\/szakmai-beszamolo-2021-aprilis-1-2021-junius-30-idoszak-tevekenysegerol\/?share=facebook\" target=\"_blank\" title=\"Click to share on Facebook\"><span><\/span><span class=\"sharing-screen-reader-text\">Click to share on Facebook (Opens in new window)<\/span><\/a><\/li><li class=\"share-twitter\"><a rel=\"nofollow noopener noreferrer\" data-shared=\"sharing-twitter-8635\" class=\"share-twitter sd-button share-icon no-text\" href=\"https:\/\/bukkleader.hu\/old\/szakmai-beszamolo-2021-aprilis-1-2021-junius-30-idoszak-tevekenysegerol\/?share=twitter\" target=\"_blank\" title=\"Click to share on Twitter\"><span><\/span><span class=\"sharing-screen-reader-text\">Click to share on Twitter (Opens in new window)<\/span><\/a><\/li><li class=\"share-print\"><a rel=\"nofollow noopener noreferrer\" data-shared=\"\" class=\"share-print sd-button share-icon no-text\" href=\"https:\/\/bukkleader.hu\/old\/szakmai-beszamolo-2021-aprilis-1-2021-junius-30-idoszak-tevekenysegerol\/\" target=\"_blank\" title=\"Click to print\"><span><\/span><span class=\"sharing-screen-reader-text\">Click to print (Opens in new window)<\/span><\/a><\/li><li class=\"share-email\"><a rel=\"nofollow noopener noreferrer\" data-shared=\"\" class=\"share-email sd-button share-icon no-text\" href=\"https:\/\/bukkleader.hu\/old\/szakmai-beszamolo-2021-aprilis-1-2021-junius-30-idoszak-tevekenysegerol\/?share=email\" target=\"_blank\" title=\"Click to email this to a friend\"><span><\/span><span class=\"sharing-screen-reader-text\">Click to email this to a friend (Opens in new window)<\/span><\/a><\/li><li class=\"share-end\"><\/li><\/ul><\/div><\/div><\/div>","protected":false},"author":4,"featured_media":0,"comment_status":"closed","ping_status":"closed","sticky":false,"template":"","format":"standard","meta":{"_bbp_topic_count":0,"_bbp_reply_count":0,"_bbp_total_topic_count":0,"_bbp_total_reply_count":0,"_bbp_voice_count":0,"_bbp_anonymous_reply_count":0,"_bbp_topic_count_hidden":0,"_bbp_reply_count_hidden":0,"_bbp_forum_subforum_count":0,"spay_email":"","jetpack_publicize_message":"","jetpack_is_tweetstorm":false,"jetpack_publicize_feature_enabled":true},"categories":[39],"tags":[],"jetpack_featured_media_url":"","jetpack_publicize_connections":[],"jetpack_sharing_enabled":true,"jetpack-related-posts":[{"id":8638,"url":"https:\/\/bukkleader.hu\/old\/szakmai-beszamolo-2021-julius-1-2021-szeptember-30-idoszak-tevekenysegerol\/","url_meta":{"origin":8635,"position":0},"title":"Szakmai besz\u00e1mol\u00f3 2021. j\u00falius 1. \u2013 2021. szeptember 30. id\u0151szak tev\u00e9kenys\u00e9g\u00e9r\u0151l","date":"2021-10-14","format":false,"excerpt":"Szakmai besz\u00e1mol\u00f3 2021. j\u00falius 1. \u2013 2021. szeptember 30. id\u0151szak tev\u00e9kenys\u00e9g\u00e9r\u0151l. Megtekinthet\u0151 itt >>","rel":"","context":"In &quot;2021&quot;","img":{"alt_text":"","src":"","width":0,"height":0},"classes":[]},{"id":2427,"url":"https:\/\/bukkleader.hu\/old\/szakmai-beszamolo-2019-aprilis-1-2019-junius-30-idoszak-tevekenysegerol\/","url_meta":{"origin":8635,"position":1},"title":"Szakmai besz\u00e1mol\u00f3 2019. \u00e1prilis 1. \u2013 2019. j\u00fanius 30. id\u0151szak tev\u00e9kenys\u00e9g\u00e9r\u0151l","date":"2019-08-10","format":false,"excerpt":"Szakmai besz\u00e1mol\u00f3 2019. \u00e1prilis 1. \u2013 2019. j\u00fanius 30. id\u0151szak tev\u00e9kenys\u00e9g\u00e9r\u0151l. Megtekinthet\u0151 itt >>","rel":"","context":"In &quot;2019&quot;","img":{"alt_text":"","src":"","width":0,"height":0},"classes":[]},{"id":4266,"url":"https:\/\/bukkleader.hu\/old\/szakmai-beszamolo-2020-aprilis-1-2020-junius-30-idoszak-tevekenysegerol\/","url_meta":{"origin":8635,"position":2},"title":"Szakmai besz\u00e1mol\u00f3 2020. \u00e1prilis 1. \u2013 2020. j\u00fanius 30. id\u0151szak tev\u00e9kenys\u00e9g\u00e9r\u0151l","date":"2020-07-14","format":false,"excerpt":"Szakmai besz\u00e1mol\u00f3 2020. \u00e1prilis 1. \u2013 2020. j\u00fanius 30. id\u0151szak tev\u00e9kenys\u00e9g\u00e9r\u0151l. Megtekinthet\u0151 itt >>","rel":"","context":"In &quot;2020&quot;","img":{"alt_text":"","src":"","width":0,"height":0},"classes":[]},{"id":1771,"url":"https:\/\/bukkleader.hu\/old\/szakmai-beszamolo-2018-aprilis-1-2018-junius-30-ii-negyedev-idoszak-tevekenysegerol\/","url_meta":{"origin":8635,"position":3},"title":"Szakmai besz\u00e1mol\u00f3 (II. negyed\u00e9v)","date":"2018-08-15","format":false,"excerpt":"Szakmai besz\u00e1mol\u00f3 2018. \u00e1prilis 1. - 2018. j\u00fanius 30. k\u00f6z\u00f6tti id\u0151szak tev\u00e9kenys\u00e9g\u00e9r\u0151l.\u00a0(II. negyed\u00e9v) Megtekinthet\u0151 itt >>","rel":"","context":"In &quot;2018&quot;","img":{"alt_text":"","src":"","width":0,"height":0},"classes":[]},{"id":8761,"url":"https:\/\/bukkleader.hu\/old\/szakmai-beszamolo-2021-oktober-1-2021-december-31-idoszak-tevekenysegerol\/","url_meta":{"origin":8635,"position":4},"title":"Szakmai besz\u00e1mol\u00f3 2021. okt\u00f3ber 1 &#8211; 2021. december 31. id\u0151szak tev\u00e9kenys\u00e9g\u00e9r\u0151l","date":"2022-01-12","format":false,"excerpt":"Szakmai besz\u00e1mol\u00f3 2021. okt\u00f3ber 1. - 2021. december 31. id\u0151szak tev\u00e9kenys\u00e9g\u00e9r\u0151l. Megtekinthet\u0151 itt >>","rel":"","context":"In &quot;2021&quot;","img":{"alt_text":"","src":"","width":0,"height":0},"classes":[]},{"id":5848,"url":"https:\/\/bukkleader.hu\/old\/szakmai-beszamolo-2021-januar-1-2021-marcius-31-idoszak-tevekenysegerol\/","url_meta":{"origin":8635,"position":5},"title":"Szakmai besz\u00e1mol\u00f3 2021. janu\u00e1r 1. \u2013 2021. m\u00e1rcius 31. id\u0151szak tev\u00e9kenys\u00e9g\u00e9r\u0151l","date":"2021-04-14","format":false,"excerpt":"Szakmai besz\u00e1mol\u00f3 2021. janu\u00e1r 1. \u2013 2021. m\u00e1rcius 31. id\u0151szak tev\u00e9kenys\u00e9g\u00e9r\u0151l. Megtekinthet\u0151 itt >>","rel":"","context":"In &quot;2021&quot;","img":{"alt_text":"","src":"","width":0,"height":0},"classes":[]}],"_links":{"self":[{"href":"https:\/\/bukkleader.hu\/old\/wp-json\/wp\/v2\/posts\/8635"}],"collection":[{"href":"https:\/\/bukkleader.hu\/old\/wp-json\/wp\/v2\/posts"}],"about":[{"href":"https:\/\/bukkleader.hu\/old\/wp-json\/wp\/v2\/types\/post"}],"author":[{"embeddable":true,"href":"https:\/\/bukkleader.hu\/old\/wp-json\/wp\/v2\/users\/4"}],"replies":[{"embeddable":true,"href":"https:\/\/bukkleader.hu\/old\/wp-json\/wp\/v2\/comments?post=8635"}],"version-history":[{"count":2,"href":"https:\/\/bukkleader.hu\/old\/wp-json\/wp\/v2\/posts\/8635\/revisions"}],"predecessor-version":[{"id":8637,"href":"https:\/\/bukkleader.hu\/old\/wp-json\/wp\/v2\/posts\/8635\/revisions\/8637"}],"wp:attachment":[{"href":"https:\/\/bukkleader.hu\/old\/wp-json\/wp\/v2\/media?parent=8635"}],"wp:term":[{"taxonomy":"category","embeddable":true,"href":"https:\/\/bukkleader.hu\/old\/wp-json\/wp\/v2\/categories?post=8635"},{"taxonomy":"post_tag","embeddable":true,"href":"https:\/\/bukkleader.hu\/old\/wp-json\/wp\/v2\/tags?post=8635"}],"curies":[{"name":"wp","href":"https:\/\/api.w.org\/{rel}","templated":true}]}}