{"id":8618,"date":"2021-12-06T11:18:33","date_gmt":"2021-12-06T10:18:33","guid":{"rendered":"https:\/\/bukkleader.hu\/old\/?p=8618"},"modified":"2021-12-06T11:18:36","modified_gmt":"2021-12-06T10:18:36","slug":"bukk-leader-tudomka-res-hasznositas-a-videki-lakokornyezetben-tematikus-kozpont-rendezvenye-bukkaranyos-2021-12-06","status":"publish","type":"post","link":"https:\/\/bukkleader.hu\/old\/bukk-leader-tudomka-res-hasznositas-a-videki-lakokornyezetben-tematikus-kozpont-rendezvenye-bukkaranyos-2021-12-06\/","title":{"rendered":"B\u00dcKK LEADER TUDOMKA-RES hasznos\u00edt\u00e1s a vid\u00e9ki lak\u00f3k\u00f6rnyezetben TEMATIKUS K\u00d6ZPONT rendezv\u00e9nye, B\u00fckkaranyos 2021. 12. 06."},"content":{"rendered":"\n<p>Nagy M\u00e1rk, a BEITI-B\u00fckkaljai Kft. \u00fcgyvezet\u0151je tisztelettel megh\u00edvja \u00d6n\u00f6ket a B\u00dcKK LEADER TUDOMKA-RES hasznos\u00edt\u00e1s a vid\u00e9ki lak\u00f3k\u00f6rnyezetben TEMATIKUS K\u00d6ZPONT rendezv\u00e9nyre. A Pdf let\u00f6lthet\u0151 <span style=\"text-decoration: underline;\"><a href=\"https:\/\/bukkleader.hu\/old\/wp-content\/uploads\/2021\/12\/Meghivo-es-program-Baranyos-2021_12_06.pdf\">itt<\/a>.<\/span><\/p>\n<p><img src=\"https:\/\/bukkleader.hu\/old\/wp-content\/uploads\/2021\/12\/Meghivo-es-program-Baranyos-2021_12_06_page-0001-724x1024.jpg\" \/><\/p>\n<p><img src=\"https:\/\/bukkleader.hu\/old\/wp-content\/uploads\/2021\/12\/Meghivo-es-program-Baranyos-2021_12_06_page-0002-724x1024.jpg\" \/><\/p>\n<p>\u00a0<\/p>\n<p>\u00a0<\/p>\n<p>\u00a0<\/p>\n<div class=\"sharedaddy sd-sharing-enabled\"><div class=\"robots-nocontent sd-block sd-social sd-social-icon sd-sharing\"><h3 class=\"sd-title\">Share this:<\/h3><div class=\"sd-content\"><ul><li class=\"share-facebook\"><a rel=\"nofollow noopener noreferrer\" data-shared=\"sharing-facebook-8618\" class=\"share-facebook sd-button share-icon no-text\" href=\"https:\/\/bukkleader.hu\/old\/bukk-leader-tudomka-res-hasznositas-a-videki-lakokornyezetben-tematikus-kozpont-rendezvenye-bukkaranyos-2021-12-06\/?share=facebook\" target=\"_blank\" title=\"Click to share on Facebook\"><span><\/span><span class=\"sharing-screen-reader-text\">Click to share on Facebook (Opens in new window)<\/span><\/a><\/li><li class=\"share-twitter\"><a rel=\"nofollow noopener noreferrer\" data-shared=\"sharing-twitter-8618\" class=\"share-twitter sd-button share-icon no-text\" href=\"https:\/\/bukkleader.hu\/old\/bukk-leader-tudomka-res-hasznositas-a-videki-lakokornyezetben-tematikus-kozpont-rendezvenye-bukkaranyos-2021-12-06\/?share=twitter\" target=\"_blank\" title=\"Click to share on Twitter\"><span><\/span><span class=\"sharing-screen-reader-text\">Click to share on Twitter (Opens in new window)<\/span><\/a><\/li><li class=\"share-print\"><a rel=\"nofollow noopener noreferrer\" data-shared=\"\" class=\"share-print sd-button share-icon no-text\" href=\"https:\/\/bukkleader.hu\/old\/bukk-leader-tudomka-res-hasznositas-a-videki-lakokornyezetben-tematikus-kozpont-rendezvenye-bukkaranyos-2021-12-06\/\" target=\"_blank\" title=\"Click to print\"><span><\/span><span class=\"sharing-screen-reader-text\">Click to print (Opens in new window)<\/span><\/a><\/li><li class=\"share-email\"><a rel=\"nofollow noopener noreferrer\" data-shared=\"\" class=\"share-email sd-button share-icon no-text\" href=\"https:\/\/bukkleader.hu\/old\/bukk-leader-tudomka-res-hasznositas-a-videki-lakokornyezetben-tematikus-kozpont-rendezvenye-bukkaranyos-2021-12-06\/?share=email\" target=\"_blank\" title=\"Click to email this to a friend\"><span><\/span><span class=\"sharing-screen-reader-text\">Click to email this to a friend (Opens in new window)<\/span><\/a><\/li><li class=\"share-end\"><\/li><\/ul><\/div><\/div><\/div>","protected":false},"excerpt":{"rendered":"<p>Nagy M\u00e1rk, a BEITI-B\u00fckkaljai Kft. \u00fcgyvezet\u0151je tisztelettel megh\u00edvja \u00d6n\u00f6ket a B\u00dcKK LEADER TUDOMKA-RES hasznos\u00edt\u00e1s a vid\u00e9ki lak\u00f3k\u00f6rnyezetben TEMATIKUS K\u00d6ZPONT rendezv\u00e9nyre. A Pdf let\u00f6lthet\u0151 itt. \u00a0 \u00a0 \u00a0<\/p>\n<div class=\"sharedaddy sd-sharing-enabled\"><div class=\"robots-nocontent sd-block sd-social sd-social-icon sd-sharing\"><h3 class=\"sd-title\">Share this:<\/h3><div class=\"sd-content\"><ul><li class=\"share-facebook\"><a rel=\"nofollow noopener noreferrer\" data-shared=\"sharing-facebook-8618\" class=\"share-facebook sd-button share-icon no-text\" href=\"https:\/\/bukkleader.hu\/old\/bukk-leader-tudomka-res-hasznositas-a-videki-lakokornyezetben-tematikus-kozpont-rendezvenye-bukkaranyos-2021-12-06\/?share=facebook\" target=\"_blank\" title=\"Click to share on Facebook\"><span><\/span><span class=\"sharing-screen-reader-text\">Click to share on Facebook (Opens in new window)<\/span><\/a><\/li><li class=\"share-twitter\"><a rel=\"nofollow noopener noreferrer\" data-shared=\"sharing-twitter-8618\" class=\"share-twitter sd-button share-icon no-text\" href=\"https:\/\/bukkleader.hu\/old\/bukk-leader-tudomka-res-hasznositas-a-videki-lakokornyezetben-tematikus-kozpont-rendezvenye-bukkaranyos-2021-12-06\/?share=twitter\" target=\"_blank\" title=\"Click to share on Twitter\"><span><\/span><span class=\"sharing-screen-reader-text\">Click to share on Twitter (Opens in new window)<\/span><\/a><\/li><li class=\"share-print\"><a rel=\"nofollow noopener noreferrer\" data-shared=\"\" class=\"share-print sd-button share-icon no-text\" href=\"https:\/\/bukkleader.hu\/old\/bukk-leader-tudomka-res-hasznositas-a-videki-lakokornyezetben-tematikus-kozpont-rendezvenye-bukkaranyos-2021-12-06\/\" target=\"_blank\" title=\"Click to print\"><span><\/span><span class=\"sharing-screen-reader-text\">Click to print (Opens in new window)<\/span><\/a><\/li><li class=\"share-email\"><a rel=\"nofollow noopener noreferrer\" data-shared=\"\" class=\"share-email sd-button share-icon no-text\" href=\"https:\/\/bukkleader.hu\/old\/bukk-leader-tudomka-res-hasznositas-a-videki-lakokornyezetben-tematikus-kozpont-rendezvenye-bukkaranyos-2021-12-06\/?share=email\" target=\"_blank\" title=\"Click to email this to a friend\"><span><\/span><span class=\"sharing-screen-reader-text\">Click to email this to a friend (Opens in new window)<\/span><\/a><\/li><li class=\"share-end\"><\/li><\/ul><\/div><\/div><\/div>","protected":false},"author":4,"featured_media":5798,"comment_status":"closed","ping_status":"closed","sticky":false,"template":"","format":"standard","meta":{"_bbp_topic_count":0,"_bbp_reply_count":0,"_bbp_total_topic_count":0,"_bbp_total_reply_count":0,"_bbp_voice_count":0,"_bbp_anonymous_reply_count":0,"_bbp_topic_count_hidden":0,"_bbp_reply_count_hidden":0,"_bbp_forum_subforum_count":0,"spay_email":"","jetpack_publicize_message":"","jetpack_is_tweetstorm":false,"jetpack_publicize_feature_enabled":true},"categories":[28,1,38,29],"tags":[],"jetpack_featured_media_url":"https:\/\/bukkleader.hu\/old\/wp-content\/uploads\/2021\/03\/onlinekepzes.jpg","jetpack_publicize_connections":[],"jetpack_sharing_enabled":true,"jetpack-related-posts":[{"id":8361,"url":"https:\/\/bukkleader.hu\/old\/meghivo-a-bukk-leader-tudomka-res-hasznositas-a-videki-lakokornyezetben-tematikus-kozpont-tudasatadasaira-malyi\/","url_meta":{"origin":8618,"position":0},"title":"Megh\u00edv\u00f3 a B\u00dcKK LEADER TUDOMKA-RES hasznos\u00edt\u00e1s a vid\u00e9ki lak\u00f3k\u00f6rnyezetben-TEMATIKUS K\u00d6ZPONT tud\u00e1s\u00e1tad\u00e1saira, M\u00e1lyi","date":"2021-08-09","format":false,"excerpt":"A BEITI-B\u00fckkaljai Kft. tisztelettel megh\u00edvja \u00d6n\u00f6ket a B\u00dcKK LEADER TUDOMKA-RES hasznos\u00edt\u00e1s a vid\u00e9ki lak\u00f3k\u00f6rnyezetben-TEMATIKUS K\u00d6ZPONT tud\u00e1s\u00e1tad\u00e1saira. A program \u00e9s az id\u0151pontok itt \u00e9rhet\u0151ek el pdf-ben.","rel":"","context":"In &quot;H\u00edreink, k\u00f6zlem\u00e9nyeink&quot;","img":{"alt_text":"","src":"https:\/\/i2.wp.com\/bukkleader.hu\/old\/wp-content\/uploads\/2021\/03\/onlinekepzes.jpg?resize=350%2C200&ssl=1","width":350,"height":200},"classes":[]},{"id":8310,"url":"https:\/\/bukkleader.hu\/old\/bukk-leader-tudomka-res-hasznositasa-videki-lakokornyezetben-tematikus-kozpont-rendezvenye-2021-08-28\/","url_meta":{"origin":8618,"position":1},"title":"B\u00dcKK LEADER TUDOMKA-RES hasznos\u00edt\u00e1sa vid\u00e9ki lak\u00f3k\u00f6rnyezetben-TEMATIKUS K\u00d6ZPONT rendezv\u00e9nye 2021.08.28. Kisgy\u0151r","date":"2021-07-28","format":false,"excerpt":"A \"BEITI-B\u00fckkaljai\" Kft. szeretettel megh\u00edvja \u00d6n\u00f6ket 2021. 08. 28-\u00e1n tartand\u00f3 rendezv\u00e9ny\u00e9re. A megh\u00edv\u00f3 \u00e9s a program pdf-ben let\u00f6lthet\u0151 itt.","rel":"","context":"In &quot;H\u00edreink, k\u00f6zlem\u00e9nyeink&quot;","img":{"alt_text":"","src":"https:\/\/i1.wp.com\/bukkleader.hu\/old\/wp-content\/uploads\/2018\/03\/telep\u00fcl\u00e9s.jpg?resize=350%2C200&ssl=1","width":350,"height":200},"classes":[]},{"id":8608,"url":"https:\/\/bukkleader.hu\/old\/bukk-leader-tudomka-tematikus-kozpont-rendezveny-2021-11-05-malyi\/","url_meta":{"origin":8618,"position":2},"title":"B\u00dcKK-LEADER TUDOMKA TEMATIKUS K\u00d6ZPONT rendezv\u00e9ny, 2021. 11. 05. M\u00e1lyi","date":"2021-11-05","format":false,"excerpt":"A \"BEITI-B\u00fckkaljai\" Kft. tisztelettel megh\u00edvja \u00d6n\u00f6ket a B\u00dcKK-LEADER TUDOMKA-RES hasznos\u00edt\u00e1s a vid\u00e9ki lak\u00f3k\u00f6rnyezetben-TEMATIKUS K\u00d6ZPONT rendezv\u00e9ny\u00e9re. A megh\u00edv\u00f3 pdf-ben let\u00f6lthet\u0151 itt.","rel":"","context":"In &quot;H\u00edreink, k\u00f6zlem\u00e9nyeink&quot;","img":{"alt_text":"","src":"https:\/\/i1.wp.com\/bukkleader.hu\/old\/wp-content\/uploads\/2015\/11\/operat\u00edv-programok-2..jpg?resize=350%2C200&ssl=1","width":350,"height":200},"classes":[]},{"id":8665,"url":"https:\/\/bukkleader.hu\/old\/bukk-leader-tudomka-tematikus-kozpont-rendezvenye-bukkszentkereszt-2022-01-17\/","url_meta":{"origin":8618,"position":3},"title":"B\u00fckk LEADER TUDOMKA TEMATIKUS K\u00d6ZPONT rendezv\u00e9nye &#8211; B\u00fckkszentkereszt, 2022.01.17.","date":"2022-01-17","format":false,"excerpt":"A \"BEITI-B\u00fckkaljai\" Kft. tisztelettel megh\u00edvja \u00d6n\u00f6ket a B\u00fckk LEADER TUDOMKA - RES hasznos\u00edt\u00e1s a vid\u00e9ki lak\u00f3k\u00f6rnyezetben - TEMATIKUS K\u00d6ZPONT rendezv\u00e9ny\u00e9re. A megh\u00edv\u00f3 pdf-ben let\u00f6lthet\u0151 itt.","rel":"","context":"In &quot;H\u00edreink, k\u00f6zlem\u00e9nyeink&quot;","img":{"alt_text":"","src":"https:\/\/i1.wp.com\/bukkleader.hu\/old\/wp-content\/uploads\/2015\/11\/operat\u00edv-programok-2..jpg?resize=350%2C200&ssl=1","width":350,"height":200},"classes":[]},{"id":8695,"url":"https:\/\/bukkleader.hu\/old\/leader-tematikus-kozpont-rendezvenye-repashuta-2022-02-10\/","url_meta":{"origin":8618,"position":4},"title":"LEADER TEMATIKUS K\u00d6ZPONT rendezv\u00e9nye &#8211; R\u00e9p\u00e1shuta, 2022.02.10.","date":"2022-02-07","format":false,"excerpt":"A \"BEITI-B\u00fckkaljai\" Kft. tisztelettel megh\u00edvja \u00d6n\u00f6ket a B\u00dcKK LEADER TUDOMKA- RES hasznos\u00edt\u00e1s a vid\u00e9ki lak\u00f3k\u00f6rnyezetben \u2013 TEMATIKUS K\u00d6ZPONT rendezv\u00e9ny\u00e9re. A megh\u00edv\u00f3 pdf-ben let\u00f6lthet\u0151 itt.","rel":"","context":"In &quot;H\u00edreink, k\u00f6zlem\u00e9nyeink&quot;","img":{"alt_text":"","src":"https:\/\/i1.wp.com\/bukkleader.hu\/old\/wp-content\/uploads\/2015\/11\/operat\u00edv-programok-2..jpg?resize=350%2C200&ssl=1","width":350,"height":200},"classes":[]},{"id":8700,"url":"https:\/\/bukkleader.hu\/old\/leader-tematikus-kozpont-rendezvenye-varbo-2022-02-16\/","url_meta":{"origin":8618,"position":5},"title":"LEADER TEMATIKUS K\u00d6ZPONT rendezv\u00e9nye &#8211; Varb\u00f3, 2022.02.16.","date":"2022-02-07","format":false,"excerpt":"A \u201cBEITI-B\u00fckkaljai\u201d Kft. tisztelettel megh\u00edvja \u00d6n\u00f6ket a B\u00dcKK LEADER TUDOMKA- RES hasznos\u00edt\u00e1s a vid\u00e9ki lak\u00f3k\u00f6rnyezetben \u2013 TEMATIKUS K\u00d6ZPONT rendezv\u00e9ny\u00e9re. A megh\u00edv\u00f3 pdf-ben let\u00f6lthet\u0151 itt.","rel":"","context":"In &quot;H\u00edreink, k\u00f6zlem\u00e9nyeink&quot;","img":{"alt_text":"","src":"https:\/\/i1.wp.com\/bukkleader.hu\/old\/wp-content\/uploads\/2022\/02\/BEITILTTKVb.jpg?resize=350%2C200&ssl=1","width":350,"height":200},"classes":[]}],"_links":{"self":[{"href":"https:\/\/bukkleader.hu\/old\/wp-json\/wp\/v2\/posts\/8618"}],"collection":[{"href":"https:\/\/bukkleader.hu\/old\/wp-json\/wp\/v2\/posts"}],"about":[{"href":"https:\/\/bukkleader.hu\/old\/wp-json\/wp\/v2\/types\/post"}],"author":[{"embeddable":true,"href":"https:\/\/bukkleader.hu\/old\/wp-json\/wp\/v2\/users\/4"}],"replies":[{"embeddable":true,"href":"https:\/\/bukkleader.hu\/old\/wp-json\/wp\/v2\/comments?post=8618"}],"version-history":[{"count":1,"href":"https:\/\/bukkleader.hu\/old\/wp-json\/wp\/v2\/posts\/8618\/revisions"}],"predecessor-version":[{"id":8623,"href":"https:\/\/bukkleader.hu\/old\/wp-json\/wp\/v2\/posts\/8618\/revisions\/8623"}],"wp:featuredmedia":[{"embeddable":true,"href":"https:\/\/bukkleader.hu\/old\/wp-json\/wp\/v2\/media\/5798"}],"wp:attachment":[{"href":"https:\/\/bukkleader.hu\/old\/wp-json\/wp\/v2\/media?parent=8618"}],"wp:term":[{"taxonomy":"category","embeddable":true,"href":"https:\/\/bukkleader.hu\/old\/wp-json\/wp\/v2\/categories?post=8618"},{"taxonomy":"post_tag","embeddable":true,"href":"https:\/\/bukkleader.hu\/old\/wp-json\/wp\/v2\/tags?post=8618"}],"curies":[{"name":"wp","href":"https:\/\/api.w.org\/{rel}","templated":true}]}}