{"id":8591,"date":"2021-10-30T09:47:00","date_gmt":"2021-10-30T07:47:00","guid":{"rendered":"https:\/\/bukkleader.hu\/old\/?p=8591"},"modified":"2021-11-05T08:40:16","modified_gmt":"2021-11-05T07:40:16","slug":"bukk-leader-tudomka-egeszsegtudatos-prevencios-nap-rendezvenye-2021-11-30-bukkszentkereszt","status":"publish","type":"post","link":"https:\/\/bukkleader.hu\/old\/bukk-leader-tudomka-egeszsegtudatos-prevencios-nap-rendezvenye-2021-11-30-bukkszentkereszt\/","title":{"rendered":"B\u00dcKK-LEADER TUDOMKA-eg\u00e9szs\u00e9gtudatos prevenci\u00f3s nap rendezv\u00e9nye, 2021. 11. 30. B\u00fckkszentkereszt"},"content":{"rendered":"\n<p>Dr. Ol\u00e1h Csaba, a BRAIN-SURGE Eg\u00e9szs\u00e9g\u00fcgyi Szolg\u00e1ltat\u00f3 Kft. \u00fcgyvezet\u0151je tisztelettel megh\u00edvja \u00d6n\u00f6ket a &#8220;B\u00dcKK-LEADER TUDOMKA-Eg\u00e9szs\u00e9gtudatos prevenci\u00f3s nap&#8221; rendezv\u00e9nyre. A pdf let\u00f6lthet\u0151 <a href=\"https:\/\/bukkleader.hu\/old\/wp-content\/uploads\/2021\/11\/BRAINSURGE_2021.-11.-30..pdf\" data-type=\"URL\" data-id=\"https:\/\/bukkleader.hu\/old\/wp-content\/uploads\/2021\/11\/BRAINSURGE_2021.-11.-30..pdf\">itt<\/a>.<\/p>\n\n\n\n<figure class=\"wp-block-gallery columns-2 is-cropped\"><ul data-carousel-extra='{\"blog_id\":1,\"permalink\":\"https:\\\/\\\/bukkleader.hu\\\/old\\\/bukk-leader-tudomka-egeszsegtudatos-prevencios-nap-rendezvenye-2021-11-30-bukkszentkereszt\\\/\"}' class=\"blocks-gallery-grid\"><li class=\"blocks-gallery-item\"><figure><a href=\"https:\/\/bukkleader.hu\/old\/wp-content\/uploads\/2021\/11\/1-725x1024.jpg\"><img data-attachment-id=\"8592\" data-permalink=\"https:\/\/bukkleader.hu\/old\/bukk-leader-tudomka-egeszsegtudatos-prevencios-nap-rendezvenye-2021-11-30-bukkszentkereszt\/1-2\/\" data-orig-file=\"https:\/\/bukkleader.hu\/old\/wp-content\/uploads\/2021\/11\/1.jpg\" data-orig-size=\"1240,1752\" data-comments-opened=\"0\" data-image-meta=\"{&quot;aperture&quot;:&quot;0&quot;,&quot;credit&quot;:&quot;&quot;,&quot;camera&quot;:&quot;&quot;,&quot;caption&quot;:&quot;&quot;,&quot;created_timestamp&quot;:&quot;0&quot;,&quot;copyright&quot;:&quot;&quot;,&quot;focal_length&quot;:&quot;0&quot;,&quot;iso&quot;:&quot;0&quot;,&quot;shutter_speed&quot;:&quot;0&quot;,&quot;title&quot;:&quot;&quot;,&quot;orientation&quot;:&quot;0&quot;}\" data-image-title=\"1\" data-image-description=\"\" data-image-caption=\"\" data-medium-file=\"https:\/\/bukkleader.hu\/old\/wp-content\/uploads\/2021\/11\/1-212x300.jpg\" data-large-file=\"https:\/\/bukkleader.hu\/old\/wp-content\/uploads\/2021\/11\/1-725x1024.jpg\" loading=\"lazy\" width=\"725\" height=\"1024\" src=\"https:\/\/bukkleader.hu\/old\/wp-content\/uploads\/2021\/11\/1-725x1024.jpg\" alt=\"\" data-id=\"8592\" data-link=\"https:\/\/bukkleader.hu\/old\/?attachment_id=8592\" class=\"wp-image-8592\" srcset=\"https:\/\/bukkleader.hu\/old\/wp-content\/uploads\/2021\/11\/1-725x1024.jpg 725w, https:\/\/bukkleader.hu\/old\/wp-content\/uploads\/2021\/11\/1-212x300.jpg 212w, https:\/\/bukkleader.hu\/old\/wp-content\/uploads\/2021\/11\/1-768x1085.jpg 768w, https:\/\/bukkleader.hu\/old\/wp-content\/uploads\/2021\/11\/1-1087x1536.jpg 1087w, https:\/\/bukkleader.hu\/old\/wp-content\/uploads\/2021\/11\/1.jpg 1240w\" sizes=\"(max-width: 725px) 100vw, 725px\" \/><\/a><\/figure><\/li><li class=\"blocks-gallery-item\"><figure><a href=\"https:\/\/bukkleader.hu\/old\/wp-content\/uploads\/2021\/11\/2.jpg\"><img data-attachment-id=\"8593\" data-permalink=\"https:\/\/bukkleader.hu\/old\/bukk-leader-tudomka-egeszsegtudatos-prevencios-nap-rendezvenye-2021-11-30-bukkszentkereszt\/attachment\/2\/\" data-orig-file=\"https:\/\/bukkleader.hu\/old\/wp-content\/uploads\/2021\/11\/2.jpg\" data-orig-size=\"1240,1752\" data-comments-opened=\"0\" data-image-meta=\"{&quot;aperture&quot;:&quot;0&quot;,&quot;credit&quot;:&quot;&quot;,&quot;camera&quot;:&quot;&quot;,&quot;caption&quot;:&quot;&quot;,&quot;created_timestamp&quot;:&quot;0&quot;,&quot;copyright&quot;:&quot;&quot;,&quot;focal_length&quot;:&quot;0&quot;,&quot;iso&quot;:&quot;0&quot;,&quot;shutter_speed&quot;:&quot;0&quot;,&quot;title&quot;:&quot;&quot;,&quot;orientation&quot;:&quot;0&quot;}\" data-image-title=\"2\" data-image-description=\"\" data-image-caption=\"\" data-medium-file=\"https:\/\/bukkleader.hu\/old\/wp-content\/uploads\/2021\/11\/2-212x300.jpg\" data-large-file=\"https:\/\/bukkleader.hu\/old\/wp-content\/uploads\/2021\/11\/2-725x1024.jpg\" loading=\"lazy\" width=\"725\" height=\"1024\" src=\"https:\/\/bukkleader.hu\/old\/wp-content\/uploads\/2021\/11\/2-725x1024.jpg\" alt=\"\" data-id=\"8593\" data-full-url=\"https:\/\/bukkleader.hu\/old\/wp-content\/uploads\/2021\/11\/2.jpg\" data-link=\"https:\/\/bukkleader.hu\/old\/?attachment_id=8593\" class=\"wp-image-8593\" srcset=\"https:\/\/bukkleader.hu\/old\/wp-content\/uploads\/2021\/11\/2-725x1024.jpg 725w, https:\/\/bukkleader.hu\/old\/wp-content\/uploads\/2021\/11\/2-212x300.jpg 212w, https:\/\/bukkleader.hu\/old\/wp-content\/uploads\/2021\/11\/2-768x1085.jpg 768w, https:\/\/bukkleader.hu\/old\/wp-content\/uploads\/2021\/11\/2-1087x1536.jpg 1087w, https:\/\/bukkleader.hu\/old\/wp-content\/uploads\/2021\/11\/2.jpg 1240w\" sizes=\"(max-width: 725px) 100vw, 725px\" \/><\/a><\/figure><\/li><\/ul><\/figure>\n\n\n\n<p><\/p>\n<div class=\"sharedaddy sd-sharing-enabled\"><div class=\"robots-nocontent sd-block sd-social sd-social-icon sd-sharing\"><h3 class=\"sd-title\">Share this:<\/h3><div class=\"sd-content\"><ul><li class=\"share-facebook\"><a rel=\"nofollow noopener noreferrer\" data-shared=\"sharing-facebook-8591\" class=\"share-facebook sd-button share-icon no-text\" href=\"https:\/\/bukkleader.hu\/old\/bukk-leader-tudomka-egeszsegtudatos-prevencios-nap-rendezvenye-2021-11-30-bukkszentkereszt\/?share=facebook\" target=\"_blank\" title=\"Click to share on Facebook\"><span><\/span><span class=\"sharing-screen-reader-text\">Click to share on Facebook (Opens in new window)<\/span><\/a><\/li><li class=\"share-twitter\"><a rel=\"nofollow noopener noreferrer\" data-shared=\"sharing-twitter-8591\" class=\"share-twitter sd-button share-icon no-text\" href=\"https:\/\/bukkleader.hu\/old\/bukk-leader-tudomka-egeszsegtudatos-prevencios-nap-rendezvenye-2021-11-30-bukkszentkereszt\/?share=twitter\" target=\"_blank\" title=\"Click to share on Twitter\"><span><\/span><span class=\"sharing-screen-reader-text\">Click to share on Twitter (Opens in new window)<\/span><\/a><\/li><li class=\"share-print\"><a rel=\"nofollow noopener noreferrer\" data-shared=\"\" class=\"share-print sd-button share-icon no-text\" href=\"https:\/\/bukkleader.hu\/old\/bukk-leader-tudomka-egeszsegtudatos-prevencios-nap-rendezvenye-2021-11-30-bukkszentkereszt\/\" target=\"_blank\" title=\"Click to print\"><span><\/span><span class=\"sharing-screen-reader-text\">Click to print (Opens in new window)<\/span><\/a><\/li><li class=\"share-email\"><a rel=\"nofollow noopener noreferrer\" data-shared=\"\" class=\"share-email sd-button share-icon no-text\" href=\"https:\/\/bukkleader.hu\/old\/bukk-leader-tudomka-egeszsegtudatos-prevencios-nap-rendezvenye-2021-11-30-bukkszentkereszt\/?share=email\" target=\"_blank\" title=\"Click to email this to a friend\"><span><\/span><span class=\"sharing-screen-reader-text\">Click to email this to a friend (Opens in new window)<\/span><\/a><\/li><li class=\"share-end\"><\/li><\/ul><\/div><\/div><\/div>","protected":false},"excerpt":{"rendered":"<p>Dr. Ol\u00e1h Csaba, a BRAIN-SURGE Eg\u00e9szs\u00e9g\u00fcgyi Szolg\u00e1ltat\u00f3 Kft. \u00fcgyvezet\u0151je tisztelettel megh\u00edvja \u00d6n\u00f6ket a &#8220;B\u00dcKK-LEADER TUDOMKA-Eg\u00e9szs\u00e9gtudatos prevenci\u00f3s nap&#8221; rendezv\u00e9nyre. A pdf let\u00f6lthet\u0151 itt.<\/p>\n<div class=\"sharedaddy sd-sharing-enabled\"><div class=\"robots-nocontent sd-block sd-social sd-social-icon sd-sharing\"><h3 class=\"sd-title\">Share this:<\/h3><div class=\"sd-content\"><ul><li class=\"share-facebook\"><a rel=\"nofollow noopener noreferrer\" data-shared=\"sharing-facebook-8591\" class=\"share-facebook sd-button share-icon no-text\" href=\"https:\/\/bukkleader.hu\/old\/bukk-leader-tudomka-egeszsegtudatos-prevencios-nap-rendezvenye-2021-11-30-bukkszentkereszt\/?share=facebook\" target=\"_blank\" title=\"Click to share on Facebook\"><span><\/span><span class=\"sharing-screen-reader-text\">Click to share on Facebook (Opens in new window)<\/span><\/a><\/li><li class=\"share-twitter\"><a rel=\"nofollow noopener noreferrer\" data-shared=\"sharing-twitter-8591\" class=\"share-twitter sd-button share-icon no-text\" href=\"https:\/\/bukkleader.hu\/old\/bukk-leader-tudomka-egeszsegtudatos-prevencios-nap-rendezvenye-2021-11-30-bukkszentkereszt\/?share=twitter\" target=\"_blank\" title=\"Click to share on Twitter\"><span><\/span><span class=\"sharing-screen-reader-text\">Click to share on Twitter (Opens in new window)<\/span><\/a><\/li><li class=\"share-print\"><a rel=\"nofollow noopener noreferrer\" data-shared=\"\" class=\"share-print sd-button share-icon no-text\" href=\"https:\/\/bukkleader.hu\/old\/bukk-leader-tudomka-egeszsegtudatos-prevencios-nap-rendezvenye-2021-11-30-bukkszentkereszt\/\" target=\"_blank\" title=\"Click to print\"><span><\/span><span class=\"sharing-screen-reader-text\">Click to print (Opens in new window)<\/span><\/a><\/li><li class=\"share-email\"><a rel=\"nofollow noopener noreferrer\" data-shared=\"\" class=\"share-email sd-button share-icon no-text\" href=\"https:\/\/bukkleader.hu\/old\/bukk-leader-tudomka-egeszsegtudatos-prevencios-nap-rendezvenye-2021-11-30-bukkszentkereszt\/?share=email\" target=\"_blank\" title=\"Click to email this to a friend\"><span><\/span><span class=\"sharing-screen-reader-text\">Click to email this to a friend (Opens in new window)<\/span><\/a><\/li><li class=\"share-end\"><\/li><\/ul><\/div><\/div><\/div>","protected":false},"author":4,"featured_media":5994,"comment_status":"closed","ping_status":"closed","sticky":false,"template":"","format":"standard","meta":{"_bbp_topic_count":0,"_bbp_reply_count":0,"_bbp_total_topic_count":0,"_bbp_total_reply_count":0,"_bbp_voice_count":0,"_bbp_anonymous_reply_count":0,"_bbp_topic_count_hidden":0,"_bbp_reply_count_hidden":0,"_bbp_forum_subforum_count":0,"spay_email":"","jetpack_publicize_message":"","jetpack_is_tweetstorm":false,"jetpack_publicize_feature_enabled":true},"categories":[1,34,29],"tags":[],"jetpack_featured_media_url":"https:\/\/bukkleader.hu\/old\/wp-content\/uploads\/2021\/06\/verny.jpg","jetpack_publicize_connections":[],"jetpack_sharing_enabled":true,"jetpack-related-posts":[{"id":8405,"url":"https:\/\/bukkleader.hu\/old\/bukk-leader-tudomka-egeszsegtudatos-prevencios-tematikus-kozpont-rendezvenye-2021-09-23-bukkabrany\/","url_meta":{"origin":8591,"position":0},"title":"B\u00fckk LEADER Tudomka &#8211; Eg\u00e9szs\u00e9gtudatos Prevenci\u00f3s &#8211; Tematikus K\u00f6zpont rendezv\u00e9nye 2021. 09. 23. B\u00fckk\u00e1br\u00e1ny","date":"2021-08-25","format":false,"excerpt":"A BRAIN-SURGE Eg\u00e9szs\u00e9g\u00fcgyi Szolg\u00e1ltat\u00f3 Kft. tisztelettel megh\u00edvja \u00d6n\u00f6ket a B\u00fckk LEADER Tudomka - Eg\u00e9szs\u00e9gtudatos Prevenci\u00f3s - Tematikus K\u00f6zpont\u00a0rendezv\u00e9ny\u00e9re. A megh\u00edv\u00f3 \u00e9s a program let\u00f6lthet\u0151 pdf-ben itt.\u00a0","rel":"","context":"In &quot;H\u00edreink, k\u00f6zlem\u00e9nyeink&quot;","img":{"alt_text":"","src":"https:\/\/i0.wp.com\/bukkleader.hu\/old\/wp-content\/uploads\/2021\/06\/verny.jpg?resize=350%2C200&ssl=1","width":350,"height":200},"classes":[]},{"id":8402,"url":"https:\/\/bukkleader.hu\/old\/bukk-leader-tudomka-egeszsegtudatos-prevencios-tematikus-kozpont-rendezvenye-2021-09-24-bukkabrany\/","url_meta":{"origin":8591,"position":1},"title":"B\u00fckk-LEADER TUDOMKA-Eg\u00e9szs\u00e9gtudatos Prevenci\u00f3s-Tematikus K\u00f6zpont rendezv\u00e9nye 2021.09.24. B\u00fckk\u00e1br\u00e1ny","date":"2021-08-25","format":false,"excerpt":"Dr. Ol\u00e1h Csaba a BRAIN-SURGE Eg\u00e9szs\u00e9g\u00fcgyi Szolg\u00e1ltat\u00f3 Kft. \u00fcgyvezet\u0151je tisztelettel megh\u00edvja \u00d6n\u00f6ket a B\u00fckk-LEADER-TUDOMKA-Eg\u00e9szs\u00e9gtudatos Prevenci\u00f3s-Tematikus K\u00f6zpont rendezv\u00e9nyre. A megh\u00edv\u00f3 let\u00f6lthet\u0151 pdf-ben itt.","rel":"","context":"In &quot;H\u00edreink, k\u00f6zlem\u00e9nyeink&quot;","img":{"alt_text":"","src":"https:\/\/i0.wp.com\/bukkleader.hu\/old\/wp-content\/uploads\/2021\/06\/verny.jpg?resize=350%2C200&ssl=1","width":350,"height":200},"classes":[]},{"id":8322,"url":"https:\/\/bukkleader.hu\/old\/bukk-leader-tudomka-egeszsegtudatos-prevencios-tematikus-kozpont-rendezvenye-2021-08-28-kisgyor\/","url_meta":{"origin":8591,"position":2},"title":"&#8220;B\u00fckk LEADER Tudomka-Eg\u00e9szs\u00e9gtudatos Prevenci\u00f3s-Tematikus K\u00f6zpont\u201d rendezv\u00e9nye 2021.08.28. Kisgy\u0151r","date":"2021-07-28","format":false,"excerpt":"A BRAIN-SURGE Eg\u00e9szs\u00e9g\u00fcgyi Szolg\u00e1ltat\u00f3 Kft. tisztelettel megh\u00edvja \u00d6n\u00f6ket a 2021. 08. 28-\u00e1n Kisgy\u0151rben tartand\u00f3 \"B\u00fckk LEADER Tudomka-Eg\u00e9szs\u00e9gtudatos Prevenci\u00f3s-Tematikus K\u00f6zpont\u201d megnevez\u00e9s\u0171 rendezv\u00e9ny\u00e9re. A megh\u00edv\u00f3 \u00e9s a program pdf-ben let\u00f6lthet\u0151 itt.","rel":"","context":"In &quot;H\u00edreink, k\u00f6zlem\u00e9nyeink&quot;","img":{"alt_text":"","src":"https:\/\/i0.wp.com\/bukkleader.hu\/old\/wp-content\/uploads\/2021\/06\/verny.jpg?resize=350%2C200&ssl=1","width":350,"height":200},"classes":[]},{"id":5989,"url":"https:\/\/bukkleader.hu\/old\/bukk-leader-tudomka-egeszsegtudatos-prevencios-tematikus-kozpont-rendezveny-bukkabranyban-leader-tamogatassal-2021-07-24\/","url_meta":{"origin":8591,"position":3},"title":"\u201cB\u00fckk LEADER Tudomka-Eg\u00e9szs\u00e9gtudatos Prevenci\u00f3s-Tematikus K\u00f6zpont\u201d rendezv\u00e9ny B\u00fckk\u00e1br\u00e1nyban LEADER t\u00e1mogat\u00e1ssal \u2013 2021.07.24.","date":"2021-06-24","format":false,"excerpt":"A BRAIN-SURGE Eg\u00e9szs\u00e9g\u00fcgyi Szolg\u00e1ltat\u00f3 Kft. tisztelettel megh\u00edvja \u00d6n\u00f6ket\u00a02021. j\u00falius 24-\u00e9n\u00a0(szombat) B\u00fckk\u00e1br\u00e1nyban tartand\u00f3, LEADER t\u00e1mogat\u00e1ssal megval\u00f3sul\u00f3\u00a0\u201cB\u00fckk LEADER Tudomka-Eg\u00e9szs\u00e9gtudatos Prevenci\u00f3s-Tematikus K\u00f6zpont\u201d\u00a0c\u00edm\u0171 rendezv\u00e9ny\u00e9re. A r\u00e9szletes program (a megh\u00edv\u00f3 \u00e9s a program PDF-ben let\u00f6lthet\u0151 itt):","rel":"","context":"In &quot;H\u00edreink, k\u00f6zlem\u00e9nyeink&quot;","img":{"alt_text":"","src":"https:\/\/i0.wp.com\/bukkleader.hu\/old\/wp-content\/uploads\/2021\/06\/verny.jpg?resize=350%2C200&ssl=1","width":350,"height":200},"classes":[]},{"id":5786,"url":"https:\/\/bukkleader.hu\/old\/a-leader-tudomka-tematikus-kozpont-tajekoztatasa-digitalis-tanrendre-torteno-atallasrol-kepzes-elmaradasarol\/","url_meta":{"origin":8591,"position":4},"title":"A LEADER Tudomka Tematikus K\u00f6zpont t\u00e1j\u00e9koztat\u00e1sa digit\u00e1lis tanrendre t\u00f6rt\u00e9n\u0151 \u00e1t\u00e1ll\u00e1sr\u00f3l, k\u00e9pz\u00e9s elmarad\u00e1s\u00e1r\u00f3l","date":"2021-03-08","format":false,"excerpt":"A B\u00fckki Lovas Postakocsi Egyes\u00fclet, mint LEADER Tudomka Tematikus K\u00f6zpont az al\u00e1bbiakr\u00f3l t\u00e1j\u00e9koztatja az \u00e1ltala szervezett k\u00e9pz\u00e9sek ir\u00e1nt \u00e9rdekl\u0151d\u0151ket: \u00a0 Tekintettel a mai napt\u00f3l (2021.03.08.) hat\u00e1lyos korl\u00e1toz\u00f3 rendelkez\u00e9sekre a B\u00fckki Lovas Postakocsi Egyes\u00fclet, LEADER Tudomka Tematikus K\u00f6zpontja \u00e1ltal szervezett b\u00fckkaranyosi (2021.03.08-\u00e1n 09.00 \u00f3r\u00e1t\u00f3l), valamint m\u00e1lyi (2021.03.09-\u00e9n 09.00 \u00f3r\u00e1t\u00f3l) helysz\u00edni tud\u00e1s\u00e1tad\u00e1sok\u2026","rel":"","context":"In &quot;H\u00edreink, k\u00f6zlem\u00e9nyeink&quot;","img":{"alt_text":"","src":"https:\/\/i2.wp.com\/bukkleader.hu\/old\/wp-content\/uploads\/2016\/06\/\u00faj-k\u00e9p.jpg?resize=350%2C200&ssl=1","width":350,"height":200},"classes":[]},{"id":8647,"url":"https:\/\/bukkleader.hu\/old\/bukk-hegysegi-alapitvany-rendezvenye-leader-tudomka-kozpont-2021-12-12-sajokeresztur\/","url_meta":{"origin":8591,"position":5},"title":"B\u00fckk-hegys\u00e9gi Alap\u00edtv\u00e1ny rendezv\u00e9nye-LEADER Tudomka K\u00f6zpont, 2021. 12.12. , Saj\u00f3kereszt\u00far","date":"2021-12-11","format":false,"excerpt":"A B\u00fckk-hegys\u00e9gi Alap\u00edtv\u00e1ny tisztelettel megh\u00edvja \u00d6n\u00f6ket a LEADER-Tudomka K\u00f6zpont projekt keret\u00e9ben tartand\u00f3 rendezv\u00e9ny\u00e9re. A pdf let\u00f6lthet\u0151 itt. \u00a0","rel":"","context":"In &quot;Dokumentumok&quot;","img":{"alt_text":"","src":"","width":0,"height":0},"classes":[]}],"_links":{"self":[{"href":"https:\/\/bukkleader.hu\/old\/wp-json\/wp\/v2\/posts\/8591"}],"collection":[{"href":"https:\/\/bukkleader.hu\/old\/wp-json\/wp\/v2\/posts"}],"about":[{"href":"https:\/\/bukkleader.hu\/old\/wp-json\/wp\/v2\/types\/post"}],"author":[{"embeddable":true,"href":"https:\/\/bukkleader.hu\/old\/wp-json\/wp\/v2\/users\/4"}],"replies":[{"embeddable":true,"href":"https:\/\/bukkleader.hu\/old\/wp-json\/wp\/v2\/comments?post=8591"}],"version-history":[{"count":5,"href":"https:\/\/bukkleader.hu\/old\/wp-json\/wp\/v2\/posts\/8591\/revisions"}],"predecessor-version":[{"id":8600,"href":"https:\/\/bukkleader.hu\/old\/wp-json\/wp\/v2\/posts\/8591\/revisions\/8600"}],"wp:featuredmedia":[{"embeddable":true,"href":"https:\/\/bukkleader.hu\/old\/wp-json\/wp\/v2\/media\/5994"}],"wp:attachment":[{"href":"https:\/\/bukkleader.hu\/old\/wp-json\/wp\/v2\/media?parent=8591"}],"wp:term":[{"taxonomy":"category","embeddable":true,"href":"https:\/\/bukkleader.hu\/old\/wp-json\/wp\/v2\/categories?post=8591"},{"taxonomy":"post_tag","embeddable":true,"href":"https:\/\/bukkleader.hu\/old\/wp-json\/wp\/v2\/tags?post=8591"}],"curies":[{"name":"wp","href":"https:\/\/api.w.org\/{rel}","templated":true}]}}