{"id":8555,"date":"2021-09-21T13:00:36","date_gmt":"2021-09-21T11:00:36","guid":{"rendered":"https:\/\/bukkleader.hu\/old\/?p=8555"},"modified":"2021-09-23T08:08:44","modified_gmt":"2021-09-23T06:08:44","slug":"leader-tudomka-kozpont-ii-musoros-rendezvenye-2021-09-25-sajokeresztur","status":"publish","type":"post","link":"https:\/\/bukkleader.hu\/old\/leader-tudomka-kozpont-ii-musoros-rendezvenye-2021-09-25-sajokeresztur\/","title":{"rendered":"LEADER Tudomka K\u00f6zpont II. m\u0171soros rendezv\u00e9nye 2021. 09. 25. Saj\u00f3kereszt\u00far"},"content":{"rendered":"<p>A B\u00fckk-hegys\u00e9gi Alap\u00edtv\u00e1ny tisztelettel megh\u00edvja \u00d6n\u00f6ket a LEADER Tudomka K\u00f6zpont projekt keret\u00e9ben megval\u00f3sul\u00f3 II. m\u0171soros rendezv\u00e9ny\u00e9re. A megh\u00edv\u00f3 let\u00f6lthet\u0151 pdf-ben <a href=\"https:\/\/bukkleader.hu\/old\/wp-content\/uploads\/2021\/09\/RdvSk.pdf\" target=\"_blank\" rel=\"noopener\">itt<\/a>.<\/p>\n<p><img data-attachment-id=\"8556\" data-permalink=\"https:\/\/bukkleader.hu\/old\/leader-tudomka-kozpont-ii-musoros-rendezvenye-2021-09-25-sajokeresztur\/rdvsk\/\" data-orig-file=\"https:\/\/bukkleader.hu\/old\/wp-content\/uploads\/2021\/09\/RdvSk.jpg\" data-orig-size=\"1240,1755\" data-comments-opened=\"0\" data-image-meta=\"{&quot;aperture&quot;:&quot;0&quot;,&quot;credit&quot;:&quot;&quot;,&quot;camera&quot;:&quot;&quot;,&quot;caption&quot;:&quot;&quot;,&quot;created_timestamp&quot;:&quot;0&quot;,&quot;copyright&quot;:&quot;&quot;,&quot;focal_length&quot;:&quot;0&quot;,&quot;iso&quot;:&quot;0&quot;,&quot;shutter_speed&quot;:&quot;0&quot;,&quot;title&quot;:&quot;&quot;,&quot;orientation&quot;:&quot;0&quot;}\" data-image-title=\"RdvSk\" data-image-description=\"\" data-image-caption=\"\" data-medium-file=\"https:\/\/bukkleader.hu\/old\/wp-content\/uploads\/2021\/09\/RdvSk-212x300.jpg\" data-large-file=\"https:\/\/bukkleader.hu\/old\/wp-content\/uploads\/2021\/09\/RdvSk-724x1024.jpg\" loading=\"lazy\" class=\"aligncenter size-full wp-image-8556\" src=\"https:\/\/bukkleader.hu\/old\/wp-content\/uploads\/2021\/09\/RdvSk.jpg\" alt=\"\" width=\"1240\" height=\"1755\" srcset=\"https:\/\/bukkleader.hu\/old\/wp-content\/uploads\/2021\/09\/RdvSk.jpg 1240w, https:\/\/bukkleader.hu\/old\/wp-content\/uploads\/2021\/09\/RdvSk-212x300.jpg 212w, https:\/\/bukkleader.hu\/old\/wp-content\/uploads\/2021\/09\/RdvSk-768x1087.jpg 768w, https:\/\/bukkleader.hu\/old\/wp-content\/uploads\/2021\/09\/RdvSk-724x1024.jpg 724w\" sizes=\"(max-width: 1240px) 100vw, 1240px\" \/><\/p>\n<div class=\"sharedaddy sd-sharing-enabled\"><div class=\"robots-nocontent sd-block sd-social sd-social-icon sd-sharing\"><h3 class=\"sd-title\">Share this:<\/h3><div class=\"sd-content\"><ul><li class=\"share-facebook\"><a rel=\"nofollow noopener noreferrer\" data-shared=\"sharing-facebook-8555\" class=\"share-facebook sd-button share-icon no-text\" href=\"https:\/\/bukkleader.hu\/old\/leader-tudomka-kozpont-ii-musoros-rendezvenye-2021-09-25-sajokeresztur\/?share=facebook\" target=\"_blank\" title=\"Click to share on Facebook\"><span><\/span><span class=\"sharing-screen-reader-text\">Click to share on Facebook (Opens in new window)<\/span><\/a><\/li><li class=\"share-twitter\"><a rel=\"nofollow noopener noreferrer\" data-shared=\"sharing-twitter-8555\" class=\"share-twitter sd-button share-icon no-text\" href=\"https:\/\/bukkleader.hu\/old\/leader-tudomka-kozpont-ii-musoros-rendezvenye-2021-09-25-sajokeresztur\/?share=twitter\" target=\"_blank\" title=\"Click to share on Twitter\"><span><\/span><span class=\"sharing-screen-reader-text\">Click to share on Twitter (Opens in new window)<\/span><\/a><\/li><li class=\"share-print\"><a rel=\"nofollow noopener noreferrer\" data-shared=\"\" class=\"share-print sd-button share-icon no-text\" href=\"https:\/\/bukkleader.hu\/old\/leader-tudomka-kozpont-ii-musoros-rendezvenye-2021-09-25-sajokeresztur\/\" target=\"_blank\" title=\"Click to print\"><span><\/span><span class=\"sharing-screen-reader-text\">Click to print (Opens in new window)<\/span><\/a><\/li><li class=\"share-email\"><a rel=\"nofollow noopener noreferrer\" data-shared=\"\" class=\"share-email sd-button share-icon no-text\" href=\"https:\/\/bukkleader.hu\/old\/leader-tudomka-kozpont-ii-musoros-rendezvenye-2021-09-25-sajokeresztur\/?share=email\" target=\"_blank\" title=\"Click to email this to a friend\"><span><\/span><span class=\"sharing-screen-reader-text\">Click to email this to a friend (Opens in new window)<\/span><\/a><\/li><li class=\"share-end\"><\/li><\/ul><\/div><\/div><\/div>","protected":false},"excerpt":{"rendered":"<p>A B\u00fckk-hegys\u00e9gi Alap\u00edtv\u00e1ny tisztelettel megh\u00edvja \u00d6n\u00f6ket a LEADER Tudomka K\u00f6zpont projekt keret\u00e9ben megval\u00f3sul\u00f3 II. m\u0171soros rendezv\u00e9ny\u00e9re. A megh\u00edv\u00f3 let\u00f6lthet\u0151 pdf-ben itt.<\/p>\n<div class=\"sharedaddy sd-sharing-enabled\"><div class=\"robots-nocontent sd-block sd-social sd-social-icon sd-sharing\"><h3 class=\"sd-title\">Share this:<\/h3><div class=\"sd-content\"><ul><li class=\"share-facebook\"><a rel=\"nofollow noopener noreferrer\" data-shared=\"sharing-facebook-8555\" class=\"share-facebook sd-button share-icon no-text\" href=\"https:\/\/bukkleader.hu\/old\/leader-tudomka-kozpont-ii-musoros-rendezvenye-2021-09-25-sajokeresztur\/?share=facebook\" target=\"_blank\" title=\"Click to share on Facebook\"><span><\/span><span class=\"sharing-screen-reader-text\">Click to share on Facebook (Opens in new window)<\/span><\/a><\/li><li class=\"share-twitter\"><a rel=\"nofollow noopener noreferrer\" data-shared=\"sharing-twitter-8555\" class=\"share-twitter sd-button share-icon no-text\" href=\"https:\/\/bukkleader.hu\/old\/leader-tudomka-kozpont-ii-musoros-rendezvenye-2021-09-25-sajokeresztur\/?share=twitter\" target=\"_blank\" title=\"Click to share on Twitter\"><span><\/span><span class=\"sharing-screen-reader-text\">Click to share on Twitter (Opens in new window)<\/span><\/a><\/li><li class=\"share-print\"><a rel=\"nofollow noopener noreferrer\" data-shared=\"\" class=\"share-print sd-button share-icon no-text\" href=\"https:\/\/bukkleader.hu\/old\/leader-tudomka-kozpont-ii-musoros-rendezvenye-2021-09-25-sajokeresztur\/\" target=\"_blank\" title=\"Click to print\"><span><\/span><span class=\"sharing-screen-reader-text\">Click to print (Opens in new window)<\/span><\/a><\/li><li class=\"share-email\"><a rel=\"nofollow noopener noreferrer\" data-shared=\"\" class=\"share-email sd-button share-icon no-text\" href=\"https:\/\/bukkleader.hu\/old\/leader-tudomka-kozpont-ii-musoros-rendezvenye-2021-09-25-sajokeresztur\/?share=email\" target=\"_blank\" title=\"Click to email this to a friend\"><span><\/span><span class=\"sharing-screen-reader-text\">Click to email this to a friend (Opens in new window)<\/span><\/a><\/li><li class=\"share-end\"><\/li><\/ul><\/div><\/div><\/div>","protected":false},"author":4,"featured_media":1166,"comment_status":"closed","ping_status":"closed","sticky":false,"template":"","format":"standard","meta":{"_bbp_topic_count":0,"_bbp_reply_count":0,"_bbp_total_topic_count":0,"_bbp_total_reply_count":0,"_bbp_voice_count":0,"_bbp_anonymous_reply_count":0,"_bbp_topic_count_hidden":0,"_bbp_reply_count_hidden":0,"_bbp_forum_subforum_count":0,"spay_email":"","jetpack_publicize_message":"","jetpack_is_tweetstorm":false,"jetpack_publicize_feature_enabled":true},"categories":[1,34],"tags":[],"jetpack_featured_media_url":"https:\/\/bukkleader.hu\/old\/wp-content\/uploads\/2016\/10\/saj\u00f3kereszt\u00far.jpg","jetpack_publicize_connections":[],"jetpack_sharing_enabled":true,"jetpack-related-posts":[{"id":8647,"url":"https:\/\/bukkleader.hu\/old\/bukk-hegysegi-alapitvany-rendezvenye-leader-tudomka-kozpont-2021-12-12-sajokeresztur\/","url_meta":{"origin":8555,"position":0},"title":"B\u00fckk-hegys\u00e9gi Alap\u00edtv\u00e1ny rendezv\u00e9nye-LEADER Tudomka K\u00f6zpont, 2021. 12.12. , Saj\u00f3kereszt\u00far","date":"2021-12-11","format":false,"excerpt":"A B\u00fckk-hegys\u00e9gi Alap\u00edtv\u00e1ny tisztelettel megh\u00edvja \u00d6n\u00f6ket a LEADER-Tudomka K\u00f6zpont projekt keret\u00e9ben tartand\u00f3 rendezv\u00e9ny\u00e9re. A pdf let\u00f6lthet\u0151 itt. \u00a0","rel":"","context":"In &quot;Dokumentumok&quot;","img":{"alt_text":"","src":"","width":0,"height":0},"classes":[]},{"id":8608,"url":"https:\/\/bukkleader.hu\/old\/bukk-leader-tudomka-tematikus-kozpont-rendezveny-2021-11-05-malyi\/","url_meta":{"origin":8555,"position":1},"title":"B\u00dcKK-LEADER TUDOMKA TEMATIKUS K\u00d6ZPONT rendezv\u00e9ny, 2021. 11. 05. M\u00e1lyi","date":"2021-11-05","format":false,"excerpt":"A \"BEITI-B\u00fckkaljai\" Kft. tisztelettel megh\u00edvja \u00d6n\u00f6ket a B\u00dcKK-LEADER TUDOMKA-RES hasznos\u00edt\u00e1s a vid\u00e9ki lak\u00f3k\u00f6rnyezetben-TEMATIKUS K\u00d6ZPONT rendezv\u00e9ny\u00e9re. A megh\u00edv\u00f3 pdf-ben let\u00f6lthet\u0151 itt.","rel":"","context":"In &quot;H\u00edreink, k\u00f6zlem\u00e9nyeink&quot;","img":{"alt_text":"","src":"https:\/\/i1.wp.com\/bukkleader.hu\/old\/wp-content\/uploads\/2015\/11\/operat\u00edv-programok-2..jpg?resize=350%2C200&ssl=1","width":350,"height":200},"classes":[]},{"id":8665,"url":"https:\/\/bukkleader.hu\/old\/bukk-leader-tudomka-tematikus-kozpont-rendezvenye-bukkszentkereszt-2022-01-17\/","url_meta":{"origin":8555,"position":2},"title":"B\u00fckk LEADER TUDOMKA TEMATIKUS K\u00d6ZPONT rendezv\u00e9nye &#8211; B\u00fckkszentkereszt, 2022.01.17.","date":"2022-01-17","format":false,"excerpt":"A \"BEITI-B\u00fckkaljai\" Kft. tisztelettel megh\u00edvja \u00d6n\u00f6ket a B\u00fckk LEADER TUDOMKA - RES hasznos\u00edt\u00e1s a vid\u00e9ki lak\u00f3k\u00f6rnyezetben - TEMATIKUS K\u00d6ZPONT rendezv\u00e9ny\u00e9re. A megh\u00edv\u00f3 pdf-ben let\u00f6lthet\u0151 itt.","rel":"","context":"In &quot;H\u00edreink, k\u00f6zlem\u00e9nyeink&quot;","img":{"alt_text":"","src":"https:\/\/i1.wp.com\/bukkleader.hu\/old\/wp-content\/uploads\/2015\/11\/operat\u00edv-programok-2..jpg?resize=350%2C200&ssl=1","width":350,"height":200},"classes":[]},{"id":8402,"url":"https:\/\/bukkleader.hu\/old\/bukk-leader-tudomka-egeszsegtudatos-prevencios-tematikus-kozpont-rendezvenye-2021-09-24-bukkabrany\/","url_meta":{"origin":8555,"position":3},"title":"B\u00fckk-LEADER TUDOMKA-Eg\u00e9szs\u00e9gtudatos Prevenci\u00f3s-Tematikus K\u00f6zpont rendezv\u00e9nye 2021.09.24. B\u00fckk\u00e1br\u00e1ny","date":"2021-08-25","format":false,"excerpt":"Dr. Ol\u00e1h Csaba a BRAIN-SURGE Eg\u00e9szs\u00e9g\u00fcgyi Szolg\u00e1ltat\u00f3 Kft. \u00fcgyvezet\u0151je tisztelettel megh\u00edvja \u00d6n\u00f6ket a B\u00fckk-LEADER-TUDOMKA-Eg\u00e9szs\u00e9gtudatos Prevenci\u00f3s-Tematikus K\u00f6zpont rendezv\u00e9nyre. A megh\u00edv\u00f3 let\u00f6lthet\u0151 pdf-ben itt.","rel":"","context":"In &quot;H\u00edreink, k\u00f6zlem\u00e9nyeink&quot;","img":{"alt_text":"","src":"https:\/\/i0.wp.com\/bukkleader.hu\/old\/wp-content\/uploads\/2021\/06\/verny.jpg?resize=350%2C200&ssl=1","width":350,"height":200},"classes":[]},{"id":8405,"url":"https:\/\/bukkleader.hu\/old\/bukk-leader-tudomka-egeszsegtudatos-prevencios-tematikus-kozpont-rendezvenye-2021-09-23-bukkabrany\/","url_meta":{"origin":8555,"position":4},"title":"B\u00fckk LEADER Tudomka &#8211; Eg\u00e9szs\u00e9gtudatos Prevenci\u00f3s &#8211; Tematikus K\u00f6zpont rendezv\u00e9nye 2021. 09. 23. B\u00fckk\u00e1br\u00e1ny","date":"2021-08-25","format":false,"excerpt":"A BRAIN-SURGE Eg\u00e9szs\u00e9g\u00fcgyi Szolg\u00e1ltat\u00f3 Kft. tisztelettel megh\u00edvja \u00d6n\u00f6ket a B\u00fckk LEADER Tudomka - Eg\u00e9szs\u00e9gtudatos Prevenci\u00f3s - Tematikus K\u00f6zpont\u00a0rendezv\u00e9ny\u00e9re. A megh\u00edv\u00f3 \u00e9s a program let\u00f6lthet\u0151 pdf-ben itt.\u00a0","rel":"","context":"In &quot;H\u00edreink, k\u00f6zlem\u00e9nyeink&quot;","img":{"alt_text":"","src":"https:\/\/i0.wp.com\/bukkleader.hu\/old\/wp-content\/uploads\/2021\/06\/verny.jpg?resize=350%2C200&ssl=1","width":350,"height":200},"classes":[]},{"id":8618,"url":"https:\/\/bukkleader.hu\/old\/bukk-leader-tudomka-res-hasznositas-a-videki-lakokornyezetben-tematikus-kozpont-rendezvenye-bukkaranyos-2021-12-06\/","url_meta":{"origin":8555,"position":5},"title":"B\u00dcKK LEADER TUDOMKA-RES hasznos\u00edt\u00e1s a vid\u00e9ki lak\u00f3k\u00f6rnyezetben TEMATIKUS K\u00d6ZPONT rendezv\u00e9nye, B\u00fckkaranyos 2021. 12. 06.","date":"2021-12-06","format":false,"excerpt":"Nagy M\u00e1rk, a BEITI-B\u00fckkaljai Kft. \u00fcgyvezet\u0151je tisztelettel megh\u00edvja \u00d6n\u00f6ket a B\u00dcKK LEADER TUDOMKA-RES hasznos\u00edt\u00e1s a vid\u00e9ki lak\u00f3k\u00f6rnyezetben TEMATIKUS K\u00d6ZPONT rendezv\u00e9nyre. A Pdf let\u00f6lthet\u0151 itt. \u00a0 \u00a0 \u00a0","rel":"","context":"In &quot;Dokumentumok&quot;","img":{"alt_text":"","src":"https:\/\/i2.wp.com\/bukkleader.hu\/old\/wp-content\/uploads\/2021\/03\/onlinekepzes.jpg?resize=350%2C200&ssl=1","width":350,"height":200},"classes":[]}],"_links":{"self":[{"href":"https:\/\/bukkleader.hu\/old\/wp-json\/wp\/v2\/posts\/8555"}],"collection":[{"href":"https:\/\/bukkleader.hu\/old\/wp-json\/wp\/v2\/posts"}],"about":[{"href":"https:\/\/bukkleader.hu\/old\/wp-json\/wp\/v2\/types\/post"}],"author":[{"embeddable":true,"href":"https:\/\/bukkleader.hu\/old\/wp-json\/wp\/v2\/users\/4"}],"replies":[{"embeddable":true,"href":"https:\/\/bukkleader.hu\/old\/wp-json\/wp\/v2\/comments?post=8555"}],"version-history":[{"count":1,"href":"https:\/\/bukkleader.hu\/old\/wp-json\/wp\/v2\/posts\/8555\/revisions"}],"predecessor-version":[{"id":8558,"href":"https:\/\/bukkleader.hu\/old\/wp-json\/wp\/v2\/posts\/8555\/revisions\/8558"}],"wp:featuredmedia":[{"embeddable":true,"href":"https:\/\/bukkleader.hu\/old\/wp-json\/wp\/v2\/media\/1166"}],"wp:attachment":[{"href":"https:\/\/bukkleader.hu\/old\/wp-json\/wp\/v2\/media?parent=8555"}],"wp:term":[{"taxonomy":"category","embeddable":true,"href":"https:\/\/bukkleader.hu\/old\/wp-json\/wp\/v2\/categories?post=8555"},{"taxonomy":"post_tag","embeddable":true,"href":"https:\/\/bukkleader.hu\/old\/wp-json\/wp\/v2\/tags?post=8555"}],"curies":[{"name":"wp","href":"https:\/\/api.w.org\/{rel}","templated":true}]}}