{"id":8549,"date":"2021-09-21T08:29:30","date_gmt":"2021-09-21T06:29:30","guid":{"rendered":"https:\/\/bukkleader.hu\/old\/?p=8549"},"modified":"2021-09-21T08:30:26","modified_gmt":"2021-09-21T06:30:26","slug":"res-hasznositas-a-videki-lakokornyezetben-tematikus-tudaskozpont-kialakitasa-malyi-kozsegben-rendezveny-2021-09-24-malyi","status":"publish","type":"post","link":"https:\/\/bukkleader.hu\/old\/res-hasznositas-a-videki-lakokornyezetben-tematikus-tudaskozpont-kialakitasa-malyi-kozsegben-rendezveny-2021-09-24-malyi\/","title":{"rendered":"RES hasznos\u00edt\u00e1s a vid\u00e9ki lak\u00f3k\u00f6rnyezetben, tematikus tud\u00e1sk\u00f6zpont\u00a0 kialak\u00edt\u00e1sa M\u00e1lyi k\u00f6zs\u00e9gben rendezv\u00e9ny 2021. 09. 24. M\u00e1lyi"},"content":{"rendered":"<p>Nagy M\u00e1rk, a &#8220;BEITI-B\u00fckaljai&#8221; Kft. \u00fcgyvezet\u0151je tisztelettel megh\u00edvja \u00d6n\u00f6ket a &#8220;RES hasznos\u00edt\u00e1s a vid\u00e9ki lak\u00f3k\u00f6rnyezetben, tematikus tud\u00e1sk\u00f6zpont\u00a0 kialak\u00edt\u00e1sa M\u00e1lyi k\u00f6zs\u00e9gben&#8221; rendezv\u00e9nyre. A megh\u00edv\u00f3 let\u00f6lthet\u0151 pdf-ben <a href=\"https:\/\/bukkleader.hu\/old\/wp-content\/uploads\/2021\/09\/BEITI.pdf\" target=\"_blank\" rel=\"noopener\"><span style=\"text-decoration: underline;\">itt<\/span><\/a>.<\/p>\n<p><img data-attachment-id=\"8550\" data-permalink=\"https:\/\/bukkleader.hu\/old\/res-hasznositas-a-videki-lakokornyezetben-tematikus-tudaskozpont-kialakitasa-malyi-kozsegben-rendezveny-2021-09-24-malyi\/beiti_page-0001-2\/\" data-orig-file=\"https:\/\/bukkleader.hu\/old\/wp-content\/uploads\/2021\/09\/BEITI_page-0001.jpg\" data-orig-size=\"1241,1755\" data-comments-opened=\"0\" data-image-meta=\"{&quot;aperture&quot;:&quot;0&quot;,&quot;credit&quot;:&quot;&quot;,&quot;camera&quot;:&quot;&quot;,&quot;caption&quot;:&quot;&quot;,&quot;created_timestamp&quot;:&quot;0&quot;,&quot;copyright&quot;:&quot;&quot;,&quot;focal_length&quot;:&quot;0&quot;,&quot;iso&quot;:&quot;0&quot;,&quot;shutter_speed&quot;:&quot;0&quot;,&quot;title&quot;:&quot;&quot;,&quot;orientation&quot;:&quot;0&quot;}\" data-image-title=\"BEITI_page-0001\" data-image-description=\"\" data-image-caption=\"\" data-medium-file=\"https:\/\/bukkleader.hu\/old\/wp-content\/uploads\/2021\/09\/BEITI_page-0001-212x300.jpg\" data-large-file=\"https:\/\/bukkleader.hu\/old\/wp-content\/uploads\/2021\/09\/BEITI_page-0001-724x1024.jpg\" loading=\"lazy\" class=\"aligncenter size-full wp-image-8550\" src=\"https:\/\/bukkleader.hu\/old\/wp-content\/uploads\/2021\/09\/BEITI_page-0001.jpg\" alt=\"\" width=\"1241\" height=\"1755\" srcset=\"https:\/\/bukkleader.hu\/old\/wp-content\/uploads\/2021\/09\/BEITI_page-0001.jpg 1241w, https:\/\/bukkleader.hu\/old\/wp-content\/uploads\/2021\/09\/BEITI_page-0001-212x300.jpg 212w, https:\/\/bukkleader.hu\/old\/wp-content\/uploads\/2021\/09\/BEITI_page-0001-768x1086.jpg 768w, https:\/\/bukkleader.hu\/old\/wp-content\/uploads\/2021\/09\/BEITI_page-0001-724x1024.jpg 724w\" sizes=\"(max-width: 1241px) 100vw, 1241px\" \/><\/p>\n<p><img data-attachment-id=\"8551\" data-permalink=\"https:\/\/bukkleader.hu\/old\/res-hasznositas-a-videki-lakokornyezetben-tematikus-tudaskozpont-kialakitasa-malyi-kozsegben-rendezveny-2021-09-24-malyi\/beiti_page-0002-2\/\" data-orig-file=\"https:\/\/bukkleader.hu\/old\/wp-content\/uploads\/2021\/09\/BEITI_page-0002.jpg\" data-orig-size=\"1241,1755\" data-comments-opened=\"0\" data-image-meta=\"{&quot;aperture&quot;:&quot;0&quot;,&quot;credit&quot;:&quot;&quot;,&quot;camera&quot;:&quot;&quot;,&quot;caption&quot;:&quot;&quot;,&quot;created_timestamp&quot;:&quot;0&quot;,&quot;copyright&quot;:&quot;&quot;,&quot;focal_length&quot;:&quot;0&quot;,&quot;iso&quot;:&quot;0&quot;,&quot;shutter_speed&quot;:&quot;0&quot;,&quot;title&quot;:&quot;&quot;,&quot;orientation&quot;:&quot;0&quot;}\" data-image-title=\"BEITI_page-0002\" data-image-description=\"\" data-image-caption=\"\" data-medium-file=\"https:\/\/bukkleader.hu\/old\/wp-content\/uploads\/2021\/09\/BEITI_page-0002-212x300.jpg\" data-large-file=\"https:\/\/bukkleader.hu\/old\/wp-content\/uploads\/2021\/09\/BEITI_page-0002-724x1024.jpg\" loading=\"lazy\" class=\"aligncenter size-full wp-image-8551\" src=\"https:\/\/bukkleader.hu\/old\/wp-content\/uploads\/2021\/09\/BEITI_page-0002.jpg\" alt=\"\" width=\"1241\" height=\"1755\" srcset=\"https:\/\/bukkleader.hu\/old\/wp-content\/uploads\/2021\/09\/BEITI_page-0002.jpg 1241w, https:\/\/bukkleader.hu\/old\/wp-content\/uploads\/2021\/09\/BEITI_page-0002-212x300.jpg 212w, https:\/\/bukkleader.hu\/old\/wp-content\/uploads\/2021\/09\/BEITI_page-0002-768x1086.jpg 768w, https:\/\/bukkleader.hu\/old\/wp-content\/uploads\/2021\/09\/BEITI_page-0002-724x1024.jpg 724w\" sizes=\"(max-width: 1241px) 100vw, 1241px\" \/><\/p>\n<div class=\"sharedaddy sd-sharing-enabled\"><div class=\"robots-nocontent sd-block sd-social sd-social-icon sd-sharing\"><h3 class=\"sd-title\">Share this:<\/h3><div class=\"sd-content\"><ul><li class=\"share-facebook\"><a rel=\"nofollow noopener noreferrer\" data-shared=\"sharing-facebook-8549\" class=\"share-facebook sd-button share-icon no-text\" href=\"https:\/\/bukkleader.hu\/old\/res-hasznositas-a-videki-lakokornyezetben-tematikus-tudaskozpont-kialakitasa-malyi-kozsegben-rendezveny-2021-09-24-malyi\/?share=facebook\" target=\"_blank\" title=\"Click to share on Facebook\"><span><\/span><span class=\"sharing-screen-reader-text\">Click to share on Facebook (Opens in new window)<\/span><\/a><\/li><li class=\"share-twitter\"><a rel=\"nofollow noopener noreferrer\" data-shared=\"sharing-twitter-8549\" class=\"share-twitter sd-button share-icon no-text\" href=\"https:\/\/bukkleader.hu\/old\/res-hasznositas-a-videki-lakokornyezetben-tematikus-tudaskozpont-kialakitasa-malyi-kozsegben-rendezveny-2021-09-24-malyi\/?share=twitter\" target=\"_blank\" title=\"Click to share on Twitter\"><span><\/span><span class=\"sharing-screen-reader-text\">Click to share on Twitter (Opens in new window)<\/span><\/a><\/li><li class=\"share-print\"><a rel=\"nofollow noopener noreferrer\" data-shared=\"\" class=\"share-print sd-button share-icon no-text\" href=\"https:\/\/bukkleader.hu\/old\/res-hasznositas-a-videki-lakokornyezetben-tematikus-tudaskozpont-kialakitasa-malyi-kozsegben-rendezveny-2021-09-24-malyi\/\" target=\"_blank\" title=\"Click to print\"><span><\/span><span class=\"sharing-screen-reader-text\">Click to print (Opens in new window)<\/span><\/a><\/li><li class=\"share-email\"><a rel=\"nofollow noopener noreferrer\" data-shared=\"\" class=\"share-email sd-button share-icon no-text\" href=\"https:\/\/bukkleader.hu\/old\/res-hasznositas-a-videki-lakokornyezetben-tematikus-tudaskozpont-kialakitasa-malyi-kozsegben-rendezveny-2021-09-24-malyi\/?share=email\" target=\"_blank\" title=\"Click to email this to a friend\"><span><\/span><span class=\"sharing-screen-reader-text\">Click to email this to a friend (Opens in new window)<\/span><\/a><\/li><li class=\"share-end\"><\/li><\/ul><\/div><\/div><\/div>","protected":false},"excerpt":{"rendered":"<p>Nagy M\u00e1rk, a &#8220;BEITI-B\u00fckaljai&#8221; Kft. \u00fcgyvezet\u0151je tisztelettel megh\u00edvja \u00d6n\u00f6ket a &#8220;RES hasznos\u00edt\u00e1s a vid\u00e9ki lak\u00f3k\u00f6rnyezetben, tematikus tud\u00e1sk\u00f6zpont\u00a0 kialak\u00edt\u00e1sa M\u00e1lyi k\u00f6zs\u00e9gben&#8221; rendezv\u00e9nyre. A megh\u00edv\u00f3 let\u00f6lthet\u0151 pdf-ben itt.<\/p>\n<div class=\"sharedaddy sd-sharing-enabled\"><div class=\"robots-nocontent sd-block sd-social sd-social-icon sd-sharing\"><h3 class=\"sd-title\">Share this:<\/h3><div class=\"sd-content\"><ul><li class=\"share-facebook\"><a rel=\"nofollow noopener noreferrer\" data-shared=\"sharing-facebook-8549\" class=\"share-facebook sd-button share-icon no-text\" href=\"https:\/\/bukkleader.hu\/old\/res-hasznositas-a-videki-lakokornyezetben-tematikus-tudaskozpont-kialakitasa-malyi-kozsegben-rendezveny-2021-09-24-malyi\/?share=facebook\" target=\"_blank\" title=\"Click to share on Facebook\"><span><\/span><span class=\"sharing-screen-reader-text\">Click to share on Facebook (Opens in new window)<\/span><\/a><\/li><li class=\"share-twitter\"><a rel=\"nofollow noopener noreferrer\" data-shared=\"sharing-twitter-8549\" class=\"share-twitter sd-button share-icon no-text\" href=\"https:\/\/bukkleader.hu\/old\/res-hasznositas-a-videki-lakokornyezetben-tematikus-tudaskozpont-kialakitasa-malyi-kozsegben-rendezveny-2021-09-24-malyi\/?share=twitter\" target=\"_blank\" title=\"Click to share on Twitter\"><span><\/span><span class=\"sharing-screen-reader-text\">Click to share on Twitter (Opens in new window)<\/span><\/a><\/li><li class=\"share-print\"><a rel=\"nofollow noopener noreferrer\" data-shared=\"\" class=\"share-print sd-button share-icon no-text\" href=\"https:\/\/bukkleader.hu\/old\/res-hasznositas-a-videki-lakokornyezetben-tematikus-tudaskozpont-kialakitasa-malyi-kozsegben-rendezveny-2021-09-24-malyi\/\" target=\"_blank\" title=\"Click to print\"><span><\/span><span class=\"sharing-screen-reader-text\">Click to print (Opens in new window)<\/span><\/a><\/li><li class=\"share-email\"><a rel=\"nofollow noopener noreferrer\" data-shared=\"\" class=\"share-email sd-button share-icon no-text\" href=\"https:\/\/bukkleader.hu\/old\/res-hasznositas-a-videki-lakokornyezetben-tematikus-tudaskozpont-kialakitasa-malyi-kozsegben-rendezveny-2021-09-24-malyi\/?share=email\" target=\"_blank\" title=\"Click to email this to a friend\"><span><\/span><span class=\"sharing-screen-reader-text\">Click to email this to a friend (Opens in new window)<\/span><\/a><\/li><li class=\"share-end\"><\/li><\/ul><\/div><\/div><\/div>","protected":false},"author":4,"featured_media":702,"comment_status":"closed","ping_status":"closed","sticky":false,"template":"","format":"standard","meta":{"_bbp_topic_count":0,"_bbp_reply_count":0,"_bbp_total_topic_count":0,"_bbp_total_reply_count":0,"_bbp_voice_count":0,"_bbp_anonymous_reply_count":0,"_bbp_topic_count_hidden":0,"_bbp_reply_count_hidden":0,"_bbp_forum_subforum_count":0,"spay_email":"","jetpack_publicize_message":"","jetpack_is_tweetstorm":false,"jetpack_publicize_feature_enabled":true},"categories":[1,38,29],"tags":[],"jetpack_featured_media_url":"https:\/\/bukkleader.hu\/old\/wp-content\/uploads\/2015\/11\/operat\u00edv-programok-2..jpg","jetpack_publicize_connections":[],"jetpack_sharing_enabled":true,"jetpack-related-posts":[{"id":8451,"url":"https:\/\/bukkleader.hu\/old\/res-hasznositas-a-videki-lakokornyezetben-tematikus-tudaskozpont-kialakitasa-malyi-kozsegben-2021-09-11-kisgyor\/","url_meta":{"origin":8549,"position":0},"title":"&#8220;RES hasznos\u00edt\u00e1s a vid\u00e9ki lak\u00f3k\u00f6rnyezetben, tematikus tud\u00e1sk\u00f6zpont kialak\u00edt\u00e1sa M\u00e1lyi k\u00f6zs\u00e9gben&#8221; 2021.09.11. Kisgy\u0151r","date":"2021-09-09","format":false,"excerpt":"Nagy M\u00e1rk a \"BEITI-B\u00fckkaljai\" Kft. \u00fcgyvezet\u0151je tisztelettel megh\u00edvja \u00d6n\u00f6ket a \"RES hasznos\u00edt\u00e1s a vid\u00e9ki lak\u00f3k\u00f6rnyezetben, tematikus tud\u00e1sk\u00f6zpont kialak\u00edt\u00e1sa M\u00e1lyi k\u00f6zs\u00e9gben\" c\u00edm\u0171 projekthez kapcsol\u00f3d\u00f3 rendezv\u00e9nyre. A megh\u00edv\u00f3 pdf-ben let\u00f6lthet\u0151 itt.","rel":"","context":"In &quot;H\u00edreink, k\u00f6zlem\u00e9nyeink&quot;","img":{"alt_text":"","src":"https:\/\/i1.wp.com\/bukkleader.hu\/old\/wp-content\/uploads\/2015\/11\/operat\u00edv-programok-2..jpg?resize=350%2C200&ssl=1","width":350,"height":200},"classes":[]},{"id":5982,"url":"https:\/\/bukkleader.hu\/old\/res-hasznositas-a-videki-lakokornyezetben-tematikus-tudaskozpont-kialakitasa-malyi-kozsegben-rendezveny-bukkabranyban-leader-tamogatassal-2021-07-24\/","url_meta":{"origin":8549,"position":1},"title":"&#8220;RES hasznos\u00edt\u00e1s a vid\u00e9ki lak\u00f3k\u00f6rnyezetben, tematikus tud\u00e1sk\u00f6zpont kialak\u00edt\u00e1sa\u201d rendezv\u00e9ny B\u00fckk\u00e1br\u00e1nyban LEADER t\u00e1mogat\u00e1ssal \u2013 2021.07.24.","date":"2021-06-24","format":false,"excerpt":"\u00a0 A BEITI-B\u00fckkaljai Kft. tisztelettel megh\u00edvja \u00d6n\u00f6ket\u00a02021. j\u00falius 24-\u00e9n\u00a0(szombat) B\u00fckk\u00e1br\u00e1nyban tartand\u00f3, LEADER t\u00e1mogat\u00e1ssal megval\u00f3sul\u00f3\u00a0\u201cRES hasznos\u00edt\u00e1s a vid\u00e9ki lak\u00f3k\u00f6rnyezetben, tematikus tud\u00e1sk\u00f6zpont kialak\u00edt\u00e1sa\u201d\u00a0c\u00edm\u0171 rendezv\u00e9ny\u00e9re. A r\u00e9szletes program (a megh\u00edv\u00f3 \u00e9s a program PDF-ben let\u00f6lthet\u0151 itt):","rel":"","context":"In &quot;H\u00edreink, k\u00f6zlem\u00e9nyeink&quot;","img":{"alt_text":"","src":"https:\/\/i1.wp.com\/bukkleader.hu\/old\/wp-content\/uploads\/2015\/11\/operat\u00edv-programok-2..jpg?resize=350%2C200&ssl=1","width":350,"height":200},"classes":[]},{"id":8361,"url":"https:\/\/bukkleader.hu\/old\/meghivo-a-bukk-leader-tudomka-res-hasznositas-a-videki-lakokornyezetben-tematikus-kozpont-tudasatadasaira-malyi\/","url_meta":{"origin":8549,"position":2},"title":"Megh\u00edv\u00f3 a B\u00dcKK LEADER TUDOMKA-RES hasznos\u00edt\u00e1s a vid\u00e9ki lak\u00f3k\u00f6rnyezetben-TEMATIKUS K\u00d6ZPONT tud\u00e1s\u00e1tad\u00e1saira, M\u00e1lyi","date":"2021-08-09","format":false,"excerpt":"A BEITI-B\u00fckkaljai Kft. tisztelettel megh\u00edvja \u00d6n\u00f6ket a B\u00dcKK LEADER TUDOMKA-RES hasznos\u00edt\u00e1s a vid\u00e9ki lak\u00f3k\u00f6rnyezetben-TEMATIKUS K\u00d6ZPONT tud\u00e1s\u00e1tad\u00e1saira. A program \u00e9s az id\u0151pontok itt \u00e9rhet\u0151ek el pdf-ben.","rel":"","context":"In &quot;H\u00edreink, k\u00f6zlem\u00e9nyeink&quot;","img":{"alt_text":"","src":"https:\/\/i2.wp.com\/bukkleader.hu\/old\/wp-content\/uploads\/2021\/03\/onlinekepzes.jpg?resize=350%2C200&ssl=1","width":350,"height":200},"classes":[]},{"id":8608,"url":"https:\/\/bukkleader.hu\/old\/bukk-leader-tudomka-tematikus-kozpont-rendezveny-2021-11-05-malyi\/","url_meta":{"origin":8549,"position":3},"title":"B\u00dcKK-LEADER TUDOMKA TEMATIKUS K\u00d6ZPONT rendezv\u00e9ny, 2021. 11. 05. M\u00e1lyi","date":"2021-11-05","format":false,"excerpt":"A \"BEITI-B\u00fckkaljai\" Kft. tisztelettel megh\u00edvja \u00d6n\u00f6ket a B\u00dcKK-LEADER TUDOMKA-RES hasznos\u00edt\u00e1s a vid\u00e9ki lak\u00f3k\u00f6rnyezetben-TEMATIKUS K\u00d6ZPONT rendezv\u00e9ny\u00e9re. A megh\u00edv\u00f3 pdf-ben let\u00f6lthet\u0151 itt.","rel":"","context":"In &quot;H\u00edreink, k\u00f6zlem\u00e9nyeink&quot;","img":{"alt_text":"","src":"https:\/\/i1.wp.com\/bukkleader.hu\/old\/wp-content\/uploads\/2015\/11\/operat\u00edv-programok-2..jpg?resize=350%2C200&ssl=1","width":350,"height":200},"classes":[]},{"id":8618,"url":"https:\/\/bukkleader.hu\/old\/bukk-leader-tudomka-res-hasznositas-a-videki-lakokornyezetben-tematikus-kozpont-rendezvenye-bukkaranyos-2021-12-06\/","url_meta":{"origin":8549,"position":4},"title":"B\u00dcKK LEADER TUDOMKA-RES hasznos\u00edt\u00e1s a vid\u00e9ki lak\u00f3k\u00f6rnyezetben TEMATIKUS K\u00d6ZPONT rendezv\u00e9nye, B\u00fckkaranyos 2021. 12. 06.","date":"2021-12-06","format":false,"excerpt":"Nagy M\u00e1rk, a BEITI-B\u00fckkaljai Kft. \u00fcgyvezet\u0151je tisztelettel megh\u00edvja \u00d6n\u00f6ket a B\u00dcKK LEADER TUDOMKA-RES hasznos\u00edt\u00e1s a vid\u00e9ki lak\u00f3k\u00f6rnyezetben TEMATIKUS K\u00d6ZPONT rendezv\u00e9nyre. A Pdf let\u00f6lthet\u0151 itt. \u00a0 \u00a0 \u00a0","rel":"","context":"In &quot;Dokumentumok&quot;","img":{"alt_text":"","src":"https:\/\/i2.wp.com\/bukkleader.hu\/old\/wp-content\/uploads\/2021\/03\/onlinekepzes.jpg?resize=350%2C200&ssl=1","width":350,"height":200},"classes":[]},{"id":8310,"url":"https:\/\/bukkleader.hu\/old\/bukk-leader-tudomka-res-hasznositasa-videki-lakokornyezetben-tematikus-kozpont-rendezvenye-2021-08-28\/","url_meta":{"origin":8549,"position":5},"title":"B\u00dcKK LEADER TUDOMKA-RES hasznos\u00edt\u00e1sa vid\u00e9ki lak\u00f3k\u00f6rnyezetben-TEMATIKUS K\u00d6ZPONT rendezv\u00e9nye 2021.08.28. Kisgy\u0151r","date":"2021-07-28","format":false,"excerpt":"A \"BEITI-B\u00fckkaljai\" Kft. szeretettel megh\u00edvja \u00d6n\u00f6ket 2021. 08. 28-\u00e1n tartand\u00f3 rendezv\u00e9ny\u00e9re. A megh\u00edv\u00f3 \u00e9s a program pdf-ben let\u00f6lthet\u0151 itt.","rel":"","context":"In &quot;H\u00edreink, k\u00f6zlem\u00e9nyeink&quot;","img":{"alt_text":"","src":"https:\/\/i1.wp.com\/bukkleader.hu\/old\/wp-content\/uploads\/2018\/03\/telep\u00fcl\u00e9s.jpg?resize=350%2C200&ssl=1","width":350,"height":200},"classes":[]}],"_links":{"self":[{"href":"https:\/\/bukkleader.hu\/old\/wp-json\/wp\/v2\/posts\/8549"}],"collection":[{"href":"https:\/\/bukkleader.hu\/old\/wp-json\/wp\/v2\/posts"}],"about":[{"href":"https:\/\/bukkleader.hu\/old\/wp-json\/wp\/v2\/types\/post"}],"author":[{"embeddable":true,"href":"https:\/\/bukkleader.hu\/old\/wp-json\/wp\/v2\/users\/4"}],"replies":[{"embeddable":true,"href":"https:\/\/bukkleader.hu\/old\/wp-json\/wp\/v2\/comments?post=8549"}],"version-history":[{"count":2,"href":"https:\/\/bukkleader.hu\/old\/wp-json\/wp\/v2\/posts\/8549\/revisions"}],"predecessor-version":[{"id":8554,"href":"https:\/\/bukkleader.hu\/old\/wp-json\/wp\/v2\/posts\/8549\/revisions\/8554"}],"wp:featuredmedia":[{"embeddable":true,"href":"https:\/\/bukkleader.hu\/old\/wp-json\/wp\/v2\/media\/702"}],"wp:attachment":[{"href":"https:\/\/bukkleader.hu\/old\/wp-json\/wp\/v2\/media?parent=8549"}],"wp:term":[{"taxonomy":"category","embeddable":true,"href":"https:\/\/bukkleader.hu\/old\/wp-json\/wp\/v2\/categories?post=8549"},{"taxonomy":"post_tag","embeddable":true,"href":"https:\/\/bukkleader.hu\/old\/wp-json\/wp\/v2\/tags?post=8549"}],"curies":[{"name":"wp","href":"https:\/\/api.w.org\/{rel}","templated":true}]}}