{"id":8471,"date":"2021-09-17T09:33:49","date_gmt":"2021-09-17T07:33:49","guid":{"rendered":"https:\/\/bukkleader.hu\/old\/?p=8471"},"modified":"2021-09-17T09:33:49","modified_gmt":"2021-09-17T07:33:49","slug":"figyelem-tamogatasi-kerelmek-benyujtasanak-felfuggesztese","status":"publish","type":"post","link":"https:\/\/bukkleader.hu\/old\/figyelem-tamogatasi-kerelmek-benyujtasanak-felfuggesztese\/","title":{"rendered":"Figyelem! T\u00e1mogat\u00e1si k\u00e9relmek beny\u00fajt\u00e1s\u00e1nak felf\u00fcggeszt\u00e9se!"},"content":{"rendered":"<p>Tisztelt P\u00e1ly\u00e1z\u00f3k!<\/p>\n<p>T\u00e1j\u00e9koztatjuk \u00d6n\u00f6ket, hogy a <strong>VP6-19.2.1.-15-10-21 k\u00f3dsz\u00e1m\u00fa, Helyi fejleszt\u00e9sek t\u00e1mogat\u00e1sa c\u00edm\u0171 <\/strong>felh\u00edv\u00e1sunkra a t\u00e1mogat\u00e1si k\u00e9relmek beny\u00fajt\u00e1sa <strong>2021. 09. 25-\u00e9n felf\u00fcggeszt\u00e9sre ker\u00fcl<\/strong>, a 2021. 09. 16-i els\u0151 szakaszban be\u00e9rkezett nagy sz\u00e1m\u00fa, 240%-os t\u00e1mogat\u00e1si ig\u00e9ny miatt. <br \/>\nA <strong>k\u00e9relmek beny\u00fajt\u00e1s\u00e1ra 2021. 09. 25. \u00e9jf\u00e9lig van lehet\u0151s\u00e9g<\/strong>.<\/p>\n<div class=\"sharedaddy sd-sharing-enabled\"><div class=\"robots-nocontent sd-block sd-social sd-social-icon sd-sharing\"><h3 class=\"sd-title\">Share this:<\/h3><div class=\"sd-content\"><ul><li class=\"share-facebook\"><a rel=\"nofollow noopener noreferrer\" data-shared=\"sharing-facebook-8471\" class=\"share-facebook sd-button share-icon no-text\" href=\"https:\/\/bukkleader.hu\/old\/figyelem-tamogatasi-kerelmek-benyujtasanak-felfuggesztese\/?share=facebook\" target=\"_blank\" title=\"Click to share on Facebook\"><span><\/span><span class=\"sharing-screen-reader-text\">Click to share on Facebook (Opens in new window)<\/span><\/a><\/li><li class=\"share-twitter\"><a rel=\"nofollow noopener noreferrer\" data-shared=\"sharing-twitter-8471\" class=\"share-twitter sd-button share-icon no-text\" href=\"https:\/\/bukkleader.hu\/old\/figyelem-tamogatasi-kerelmek-benyujtasanak-felfuggesztese\/?share=twitter\" target=\"_blank\" title=\"Click to share on Twitter\"><span><\/span><span class=\"sharing-screen-reader-text\">Click to share on Twitter (Opens in new window)<\/span><\/a><\/li><li class=\"share-print\"><a rel=\"nofollow noopener noreferrer\" data-shared=\"\" class=\"share-print sd-button share-icon no-text\" href=\"https:\/\/bukkleader.hu\/old\/figyelem-tamogatasi-kerelmek-benyujtasanak-felfuggesztese\/\" target=\"_blank\" title=\"Click to print\"><span><\/span><span class=\"sharing-screen-reader-text\">Click to print (Opens in new window)<\/span><\/a><\/li><li class=\"share-email\"><a rel=\"nofollow noopener noreferrer\" data-shared=\"\" class=\"share-email sd-button share-icon no-text\" href=\"https:\/\/bukkleader.hu\/old\/figyelem-tamogatasi-kerelmek-benyujtasanak-felfuggesztese\/?share=email\" target=\"_blank\" title=\"Click to email this to a friend\"><span><\/span><span class=\"sharing-screen-reader-text\">Click to email this to a friend (Opens in new window)<\/span><\/a><\/li><li class=\"share-end\"><\/li><\/ul><\/div><\/div><\/div>","protected":false},"excerpt":{"rendered":"<p>Tisztelt P\u00e1ly\u00e1z\u00f3k! T\u00e1j\u00e9koztatjuk \u00d6n\u00f6ket, hogy a VP6-19.2.1.-15-10-21 k\u00f3dsz\u00e1m\u00fa, Helyi fejleszt\u00e9sek t\u00e1mogat\u00e1sa c\u00edm\u0171 felh\u00edv\u00e1sunkra a t\u00e1mogat\u00e1si k\u00e9relmek beny\u00fajt\u00e1sa 2021. 09. 25-\u00e9n felf\u00fcggeszt\u00e9sre ker\u00fcl, a 2021. 09. 16-i els\u0151 szakaszban be\u00e9rkezett nagy sz\u00e1m\u00fa, 240%-os t\u00e1mogat\u00e1si ig\u00e9ny miatt. A k\u00e9relmek beny\u00fajt\u00e1s\u00e1ra 2021. 09. 25. \u00e9jf\u00e9lig van lehet\u0151s\u00e9g.<\/p>\n<div class=\"sharedaddy sd-sharing-enabled\"><div class=\"robots-nocontent sd-block sd-social sd-social-icon sd-sharing\"><h3 class=\"sd-title\">Share this:<\/h3><div class=\"sd-content\"><ul><li class=\"share-facebook\"><a rel=\"nofollow noopener noreferrer\" data-shared=\"sharing-facebook-8471\" class=\"share-facebook sd-button share-icon no-text\" href=\"https:\/\/bukkleader.hu\/old\/figyelem-tamogatasi-kerelmek-benyujtasanak-felfuggesztese\/?share=facebook\" target=\"_blank\" title=\"Click to share on Facebook\"><span><\/span><span class=\"sharing-screen-reader-text\">Click to share on Facebook (Opens in new window)<\/span><\/a><\/li><li class=\"share-twitter\"><a rel=\"nofollow noopener noreferrer\" data-shared=\"sharing-twitter-8471\" class=\"share-twitter sd-button share-icon no-text\" href=\"https:\/\/bukkleader.hu\/old\/figyelem-tamogatasi-kerelmek-benyujtasanak-felfuggesztese\/?share=twitter\" target=\"_blank\" title=\"Click to share on Twitter\"><span><\/span><span class=\"sharing-screen-reader-text\">Click to share on Twitter (Opens in new window)<\/span><\/a><\/li><li class=\"share-print\"><a rel=\"nofollow noopener noreferrer\" data-shared=\"\" class=\"share-print sd-button share-icon no-text\" href=\"https:\/\/bukkleader.hu\/old\/figyelem-tamogatasi-kerelmek-benyujtasanak-felfuggesztese\/\" target=\"_blank\" title=\"Click to print\"><span><\/span><span class=\"sharing-screen-reader-text\">Click to print (Opens in new window)<\/span><\/a><\/li><li class=\"share-email\"><a rel=\"nofollow noopener noreferrer\" data-shared=\"\" class=\"share-email sd-button share-icon no-text\" href=\"https:\/\/bukkleader.hu\/old\/figyelem-tamogatasi-kerelmek-benyujtasanak-felfuggesztese\/?share=email\" target=\"_blank\" title=\"Click to email this to a friend\"><span><\/span><span class=\"sharing-screen-reader-text\">Click to email this to a friend (Opens in new window)<\/span><\/a><\/li><li class=\"share-end\"><\/li><\/ul><\/div><\/div><\/div>","protected":false},"author":4,"featured_media":2186,"comment_status":"closed","ping_status":"closed","sticky":false,"template":"","format":"standard","meta":{"_bbp_topic_count":0,"_bbp_reply_count":0,"_bbp_total_topic_count":0,"_bbp_total_reply_count":0,"_bbp_voice_count":0,"_bbp_anonymous_reply_count":0,"_bbp_topic_count_hidden":0,"_bbp_reply_count_hidden":0,"_bbp_forum_subforum_count":0,"spay_email":"","jetpack_publicize_message":"","jetpack_is_tweetstorm":false,"jetpack_publicize_feature_enabled":true},"categories":[1],"tags":[],"jetpack_featured_media_url":"https:\/\/bukkleader.hu\/old\/wp-content\/uploads\/2019\/08\/warning-icon-free-28_384x384.jpg","jetpack_publicize_connections":[],"jetpack_sharing_enabled":true,"jetpack-related-posts":[{"id":2532,"url":"https:\/\/bukkleader.hu\/old\/tamogatast-igenylok-figyelmebe-helyi-tamogatasi-kerelmek-benyujtasanak-felfuggesztese\/","url_meta":{"origin":8471,"position":0},"title":"T\u00e1mogat\u00e1st Ig\u00e9nyl\u0151k figyelm\u00e9be! Helyi t\u00e1mogat\u00e1si k\u00e9relmek beny\u00fajt\u00e1s\u00e1nak felf\u00fcggeszt\u00e9se!","date":"2020-04-21","format":false,"excerpt":"Helyi t\u00e1mogat\u00e1si k\u00e9relem beny\u00fajt\u00e1s\u00e1nak felf\u00fcggeszt\u00e9se! T\u00e1j\u00e9koztatjuk\u00a0Tisztelt T\u00e1mogat\u00e1st Ig\u00e9nyl\u0151ket, hogy a Turisztikai Szolg\u00e1ltat\u00e1sok Fejleszt\u00e9se elnevez\u00e9s\u0171, VP6-19.2.1.-15-9-20 k\u00f3dsz\u00e1m\u00fa felh\u00edv\u00e1sra a t\u00e1mogat\u00e1si k\u00e9relmek tov\u00e1bbi beny\u00fajt\u00e1s\u00e1t 2020. 05. 01-\u00e9n\u00a0felf\u00fcggesztj\u00fck, mivel a 2020. 04. 20.-ig be\u00e9rkezett k\u00e9relmek t\u00e1mogat\u00e1si ig\u00e9nye meghaladja a 200%-ot.","rel":"","context":"In &quot;H\u00edreink, k\u00f6zlem\u00e9nyeink&quot;","img":{"alt_text":"","src":"https:\/\/i0.wp.com\/bukkleader.hu\/old\/wp-content\/uploads\/2018\/08\/p\u00e1ly\u00e1zati-felh\u00edv\u00e1s.jpg?resize=350%2C200&ssl=1","width":350,"height":200},"classes":[]},{"id":1676,"url":"https:\/\/bukkleader.hu\/old\/palyazok-figyelmebe-helyi-tamogatasi-kerelem-benyujtasanak-felfuggesztese\/","url_meta":{"origin":8471,"position":1},"title":"P\u00e1ly\u00e1z\u00f3k figyelm\u00e9be!  Helyi t\u00e1mogat\u00e1si k\u00e9relem beny\u00fajt\u00e1s\u00e1nak felf\u00fcggeszt\u00e9se!","date":"2018-03-31","format":false,"excerpt":"P\u00e1ly\u00e1z\u00f3k figyelm\u00e9be! Helyi t\u00e1mogat\u00e1si k\u00e9relem beny\u00fajt\u00e1s\u00e1nak felf\u00fcggeszt\u00e9se! T\u00e1j\u00e9koztatjuk\u00a0Tisztelt P\u00e1ly\u00e1z\u00f3inkat, hogy a Temetkez\u00e9si hagyom\u00e1nyok \u00e1pol\u00e1sa (VP6-19.2.1.-15-8-17) elnevez\u00e9s\u0171 t\u00e1mogat\u00e1si k\u00e9relmek tov\u00e1bbi beny\u00fajt\u00e1s\u00e1t\u00a02018. 04. 01-\u00e9n\u00a0felf\u00fcggesztj\u00fck! Indoka, hogy az els\u0151 p\u00e1ly\u00e1zati szakasz z\u00e1r\u00e1sakor az ig\u00e9nyelt t\u00e1mogat\u00e1sok \u00f6sszege meghaladja a 200%-ot. \u00a0 \u00a0 \u00a0 \u00a0","rel":"","context":"In &quot;H\u00edreink, k\u00f6zlem\u00e9nyeink&quot;","img":{"alt_text":"","src":"https:\/\/i2.wp.com\/bukkleader.hu\/old\/wp-content\/uploads\/2017\/12\/danger.png?resize=350%2C200&ssl=1","width":350,"height":200},"classes":[]},{"id":8473,"url":"https:\/\/bukkleader.hu\/old\/palyazok-figyelmebe-modosult-a-helyi-fejlesztesek-tamogatasa-cimu-felhivas\/","url_meta":{"origin":8471,"position":2},"title":"P\u00e1ly\u00e1z\u00f3k figyelm\u00e9be! M\u00f3dosult a Helyi Fejleszt\u00e9sek T\u00e1mogat\u00e1sa c\u00edm\u0171 felh\u00edv\u00e1s!","date":"2021-09-20","format":false,"excerpt":"P\u00e1ly\u00e1z\u00f3k figyelm\u00e9be! M\u00f3dosult a Helyi Fejleszt\u00e9sek T\u00e1mogat\u00e1sa c\u00edm\u0171 felh\u00edv\u00e1s! T\u00e1j\u00e9koztatjuk a t\u00e1mogat\u00e1si k\u00e9relmet beny\u00fajtani sz\u00e1nd\u00e9koz\u00f3kat, hogy m\u00f3dosult a VP6-19.2.1.-15-10-21 k\u00f3dsz\u00e1m\u00fa, Helyi Fejleszt\u00e9sek T\u00e1mogat\u00e1sa c\u00edm\u0171 felh\u00edv\u00e1s 4.3. pontja. A m\u00f3dos\u00edt\u00e1s szerint a 2. szakasz z\u00e1r\u00f3 napja 2021. 09. 25. Ennek alapj\u00e1n t\u00e1mogat\u00e1si k\u00e9relmet 2021. 09. 25-ig lehet beny\u00fajtani.","rel":"","context":"In &quot;H\u00edreink, k\u00f6zlem\u00e9nyeink&quot;","img":{"alt_text":"","src":"https:\/\/i2.wp.com\/bukkleader.hu\/old\/wp-content\/uploads\/2019\/08\/warning-icon-free-28_384x384.jpg?resize=350%2C200&ssl=1","width":350,"height":200},"classes":[]},{"id":2522,"url":"https:\/\/bukkleader.hu\/old\/turisztikai-szolgaltatasok-fejlesztese-felhivasra-tamogatasi-kerelmet-benyujtani-szandekozok-figyelmebe\/","url_meta":{"origin":8471,"position":3},"title":"Turisztikai szolg\u00e1ltat\u00e1sok fejleszt\u00e9se felh\u00edv\u00e1sra t\u00e1mogat\u00e1si k\u00e9relmet beny\u00fajtani sz\u00e1nd\u00e9koz\u00f3k figyelm\u00e9be!","date":"2020-04-20","format":false,"excerpt":"Tisztelt T\u00e1mogat\u00e1st Ig\u00e9nyl\u0151k! Felh\u00edvjuk a figyelm\u00fcket, hogy a TURISZTIKAI SZOLG\u00c1LTAT\u00c1SOK FEJLESZT\u00c9SE c\u00edm\u0171, VP6-19.2.1.-15-9-20 k\u00f3dsz\u00e1m\u00fa helyi felh\u00edv\u00e1s 1. szakasz hat\u00e1rnapja ma 23:59 \u00f3ra. Az IIER adatt\u00e1rb\u00f3l nyert inform\u00e1ci\u00f3 alapj\u00e1n nagy sz\u00e1m\u00fa t\u00e1mogat\u00e1si k\u00e9relem r\u00f6gz\u00edt\u00e9se van folyamatban, ez\u00e9rt a t\u00e1mogat\u00e1si k\u00e9relmek beny\u00fajt\u00e1sa 2020. 04. 21.-t\u0151l val\u00f3sz\u00edn\u0171leg felf\u00fcggeszt\u00e9sre ker\u00fcl.","rel":"","context":"In &quot;H\u00edreink, k\u00f6zlem\u00e9nyeink&quot;","img":{"alt_text":"","src":"https:\/\/i2.wp.com\/bukkleader.hu\/old\/wp-content\/uploads\/2016\/06\/\u00faj-k\u00e9p.jpg?resize=350%2C200&ssl=1","width":350,"height":200},"classes":[]},{"id":1685,"url":"https:\/\/bukkleader.hu\/old\/mikrovallalkozasok-figyelmebe-helyi-tamogatasi-kerelmek-tovabbi-benyujtasa\/","url_meta":{"origin":8471,"position":4},"title":"Mikrov\u00e1llalkoz\u00e1sok figyelm\u00e9be! Helyi t\u00e1mogat\u00e1si k\u00e9relmek tov\u00e1bbi beny\u00fajt\u00e1sa!","date":"2018-04-03","format":false,"excerpt":"T\u00e1j\u00e9koztatjuk\u00a0Tisztelt P\u00e1ly\u00e1z\u00f3inkat, hogy a M\u00falt, jelen \u00e9s a j\u00f6v\u0151 mesters\u00e9geinek fejleszt\u00e9se (VP6-19.2.1.-15-5-17) elnevez\u00e9s\u0171 helyi felh\u00edv\u00e1sra tov\u00e1bbra is lehet t\u00e1mogat\u00e1si k\u00e9relmet beny\u00fajtani, mert a 2018. 03. 31.-i szakaszz\u00e1r\u00e1skor nem f\u00fcggesztett\u00fck fel jelen felh\u00edv\u00e1sra a k\u00e9relem beny\u00fajt\u00e1s\u00e1t.","rel":"","context":"In &quot;H\u00edreink, k\u00f6zlem\u00e9nyeink&quot;","img":{"alt_text":"","src":"https:\/\/i1.wp.com\/bukkleader.hu\/old\/wp-content\/uploads\/2018\/04\/mesters\u00e9gek-2.jpg?resize=350%2C200&ssl=1","width":350,"height":200},"classes":[]},{"id":288,"url":"https:\/\/bukkleader.hu\/old\/figyelem-december-31-en-lejar-az-egyes-kifizetesi-kerelmek-benyujtasanak-modositott-hatarideje\/","url_meta":{"origin":8471,"position":5},"title":"FIGYELEM! December 31-\u00e9n lej\u00e1r az egyes kifizet\u00e9si k\u00e9relmek beny\u00fajt\u00e1s\u00e1nak m\u00f3dos\u00edtott hat\u00e1rideje","date":"2012-12-12","format":false,"excerpt":"A 76\/2012. (VII. 27.) VM rendelet alapj\u00e1n az egyes jogc\u00edmeken megv\u00e1ltoztak az els\u0151 kifizet\u00e9si k\u00e9relem beny\u00fajt\u00e1s\u00e1ra vonatkoz\u00f3 szab\u00e1lyok az el\u0151\u00edrt felt\u00e9telek teljes\u00fcl\u00e9se mellett. \u00a0A m\u00f3dos\u00edt\u00e1s \u00e9rtelm\u00e9ben az \u00fcgyf\u00e9l 2012. december 31-\u00e9ig ny\u00fajthatja be els\u0151 kifizet\u00e9si k\u00e9relmet, amellyel olyan kiad\u00e1s is elsz\u00e1mol\u00e1sra ker\u00fcl, amely nem min\u0151s\u00fcl egy\u00e9b elsz\u00e1molhat\u00f3 kiad\u00e1snak, amennyiben azels\u0151\u2026","rel":"","context":"In &quot;H\u00edreink, k\u00f6zlem\u00e9nyeink&quot;","img":{"alt_text":"felki\u00e1llt\u00f3 jel","src":"https:\/\/i0.wp.com\/bukkleader.hu\/old\/wp-content\/uploads\/2012\/06\/felkialto-jel384w.jpg?resize=350%2C200&ssl=1","width":350,"height":200},"classes":[]}],"_links":{"self":[{"href":"https:\/\/bukkleader.hu\/old\/wp-json\/wp\/v2\/posts\/8471"}],"collection":[{"href":"https:\/\/bukkleader.hu\/old\/wp-json\/wp\/v2\/posts"}],"about":[{"href":"https:\/\/bukkleader.hu\/old\/wp-json\/wp\/v2\/types\/post"}],"author":[{"embeddable":true,"href":"https:\/\/bukkleader.hu\/old\/wp-json\/wp\/v2\/users\/4"}],"replies":[{"embeddable":true,"href":"https:\/\/bukkleader.hu\/old\/wp-json\/wp\/v2\/comments?post=8471"}],"version-history":[{"count":1,"href":"https:\/\/bukkleader.hu\/old\/wp-json\/wp\/v2\/posts\/8471\/revisions"}],"predecessor-version":[{"id":8472,"href":"https:\/\/bukkleader.hu\/old\/wp-json\/wp\/v2\/posts\/8471\/revisions\/8472"}],"wp:featuredmedia":[{"embeddable":true,"href":"https:\/\/bukkleader.hu\/old\/wp-json\/wp\/v2\/media\/2186"}],"wp:attachment":[{"href":"https:\/\/bukkleader.hu\/old\/wp-json\/wp\/v2\/media?parent=8471"}],"wp:term":[{"taxonomy":"category","embeddable":true,"href":"https:\/\/bukkleader.hu\/old\/wp-json\/wp\/v2\/categories?post=8471"},{"taxonomy":"post_tag","embeddable":true,"href":"https:\/\/bukkleader.hu\/old\/wp-json\/wp\/v2\/tags?post=8471"}],"curies":[{"name":"wp","href":"https:\/\/api.w.org\/{rel}","templated":true}]}}