{"id":8463,"date":"2021-09-16T08:26:59","date_gmt":"2021-09-16T06:26:59","guid":{"rendered":"https:\/\/bukkleader.hu\/old\/?p=8463"},"modified":"2021-09-16T08:26:59","modified_gmt":"2021-09-16T06:26:59","slug":"leader-tudomka-pont-kialakitasa-i-rendezveny-2021-09-18-sajolad","status":"publish","type":"post","link":"https:\/\/bukkleader.hu\/old\/leader-tudomka-pont-kialakitasa-i-rendezveny-2021-09-18-sajolad\/","title":{"rendered":"&#8220;LEADER Tudomka Pont kialak\u00edt\u00e1sa I.&#8221; rendezv\u00e9ny 2021. 09. 18. Saj\u00f3l\u00e1d"},"content":{"rendered":"<p>Sinkun\u00e9 Nagy Emese, a Hagyom\u00e1nyteremt\u0151 M\u0171v\u00e9szeti \u00e9s Oktat\u00e1si Nonprofit Kft. \u00fcgyvezet\u0151je tisztelettel megh\u00edvja \u00d6n\u00f6ket a &#8220;LEADER Tudomka Pont kialak\u00edt\u00e1sa I.&#8221; megnevez\u00e9s\u0171 rendezv\u00e9nyre. A megh\u00edv\u00f3 pdf-ben let\u00f6lthet\u0151 <span style=\"text-decoration: underline;\"><a href=\"https:\/\/bukkleader.hu\/old\/wp-content\/uploads\/2021\/09\/Slad-2021_09_18.pdf\" target=\"_blank\" rel=\"noopener\">itt<\/a>.<\/span><\/p>\n<p><img data-attachment-id=\"8464\" data-permalink=\"https:\/\/bukkleader.hu\/old\/leader-tudomka-pont-kialakitasa-i-rendezveny-2021-09-18-sajolad\/slad-2021_09_18_page-0001\/\" data-orig-file=\"https:\/\/bukkleader.hu\/old\/wp-content\/uploads\/2021\/09\/Slad-2021_09_18_page-0001.jpg\" data-orig-size=\"1240,1755\" data-comments-opened=\"0\" data-image-meta=\"{&quot;aperture&quot;:&quot;0&quot;,&quot;credit&quot;:&quot;&quot;,&quot;camera&quot;:&quot;&quot;,&quot;caption&quot;:&quot;&quot;,&quot;created_timestamp&quot;:&quot;0&quot;,&quot;copyright&quot;:&quot;&quot;,&quot;focal_length&quot;:&quot;0&quot;,&quot;iso&quot;:&quot;0&quot;,&quot;shutter_speed&quot;:&quot;0&quot;,&quot;title&quot;:&quot;&quot;,&quot;orientation&quot;:&quot;0&quot;}\" data-image-title=\"Slad 2021_09_18_page-0001\" data-image-description=\"\" data-image-caption=\"\" data-medium-file=\"https:\/\/bukkleader.hu\/old\/wp-content\/uploads\/2021\/09\/Slad-2021_09_18_page-0001-212x300.jpg\" data-large-file=\"https:\/\/bukkleader.hu\/old\/wp-content\/uploads\/2021\/09\/Slad-2021_09_18_page-0001-724x1024.jpg\" loading=\"lazy\" class=\"aligncenter size-full wp-image-8464\" src=\"https:\/\/bukkleader.hu\/old\/wp-content\/uploads\/2021\/09\/Slad-2021_09_18_page-0001.jpg\" alt=\"\" width=\"1240\" height=\"1755\" srcset=\"https:\/\/bukkleader.hu\/old\/wp-content\/uploads\/2021\/09\/Slad-2021_09_18_page-0001.jpg 1240w, https:\/\/bukkleader.hu\/old\/wp-content\/uploads\/2021\/09\/Slad-2021_09_18_page-0001-212x300.jpg 212w, https:\/\/bukkleader.hu\/old\/wp-content\/uploads\/2021\/09\/Slad-2021_09_18_page-0001-768x1087.jpg 768w, https:\/\/bukkleader.hu\/old\/wp-content\/uploads\/2021\/09\/Slad-2021_09_18_page-0001-724x1024.jpg 724w\" sizes=\"(max-width: 1240px) 100vw, 1240px\" \/><\/p>\n<div class=\"sharedaddy sd-sharing-enabled\"><div class=\"robots-nocontent sd-block sd-social sd-social-icon sd-sharing\"><h3 class=\"sd-title\">Share this:<\/h3><div class=\"sd-content\"><ul><li class=\"share-facebook\"><a rel=\"nofollow noopener noreferrer\" data-shared=\"sharing-facebook-8463\" class=\"share-facebook sd-button share-icon no-text\" href=\"https:\/\/bukkleader.hu\/old\/leader-tudomka-pont-kialakitasa-i-rendezveny-2021-09-18-sajolad\/?share=facebook\" target=\"_blank\" title=\"Click to share on Facebook\"><span><\/span><span class=\"sharing-screen-reader-text\">Click to share on Facebook (Opens in new window)<\/span><\/a><\/li><li class=\"share-twitter\"><a rel=\"nofollow noopener noreferrer\" data-shared=\"sharing-twitter-8463\" class=\"share-twitter sd-button share-icon no-text\" href=\"https:\/\/bukkleader.hu\/old\/leader-tudomka-pont-kialakitasa-i-rendezveny-2021-09-18-sajolad\/?share=twitter\" target=\"_blank\" title=\"Click to share on Twitter\"><span><\/span><span class=\"sharing-screen-reader-text\">Click to share on Twitter (Opens in new window)<\/span><\/a><\/li><li class=\"share-print\"><a rel=\"nofollow noopener noreferrer\" data-shared=\"\" class=\"share-print sd-button share-icon no-text\" href=\"https:\/\/bukkleader.hu\/old\/leader-tudomka-pont-kialakitasa-i-rendezveny-2021-09-18-sajolad\/\" target=\"_blank\" title=\"Click to print\"><span><\/span><span class=\"sharing-screen-reader-text\">Click to print (Opens in new window)<\/span><\/a><\/li><li class=\"share-email\"><a rel=\"nofollow noopener noreferrer\" data-shared=\"\" class=\"share-email sd-button share-icon no-text\" href=\"https:\/\/bukkleader.hu\/old\/leader-tudomka-pont-kialakitasa-i-rendezveny-2021-09-18-sajolad\/?share=email\" target=\"_blank\" title=\"Click to email this to a friend\"><span><\/span><span class=\"sharing-screen-reader-text\">Click to email this to a friend (Opens in new window)<\/span><\/a><\/li><li class=\"share-end\"><\/li><\/ul><\/div><\/div><\/div>","protected":false},"excerpt":{"rendered":"<p>Sinkun\u00e9 Nagy Emese, a Hagyom\u00e1nyteremt\u0151 M\u0171v\u00e9szeti \u00e9s Oktat\u00e1si Nonprofit Kft. \u00fcgyvezet\u0151je tisztelettel megh\u00edvja \u00d6n\u00f6ket a &#8220;LEADER Tudomka Pont kialak\u00edt\u00e1sa I.&#8221; megnevez\u00e9s\u0171 rendezv\u00e9nyre. A megh\u00edv\u00f3 pdf-ben let\u00f6lthet\u0151 itt.<\/p>\n<div class=\"sharedaddy sd-sharing-enabled\"><div class=\"robots-nocontent sd-block sd-social sd-social-icon sd-sharing\"><h3 class=\"sd-title\">Share this:<\/h3><div class=\"sd-content\"><ul><li class=\"share-facebook\"><a rel=\"nofollow noopener noreferrer\" data-shared=\"sharing-facebook-8463\" class=\"share-facebook sd-button share-icon no-text\" href=\"https:\/\/bukkleader.hu\/old\/leader-tudomka-pont-kialakitasa-i-rendezveny-2021-09-18-sajolad\/?share=facebook\" target=\"_blank\" title=\"Click to share on Facebook\"><span><\/span><span class=\"sharing-screen-reader-text\">Click to share on Facebook (Opens in new window)<\/span><\/a><\/li><li class=\"share-twitter\"><a rel=\"nofollow noopener noreferrer\" data-shared=\"sharing-twitter-8463\" class=\"share-twitter sd-button share-icon no-text\" href=\"https:\/\/bukkleader.hu\/old\/leader-tudomka-pont-kialakitasa-i-rendezveny-2021-09-18-sajolad\/?share=twitter\" target=\"_blank\" title=\"Click to share on Twitter\"><span><\/span><span class=\"sharing-screen-reader-text\">Click to share on Twitter (Opens in new window)<\/span><\/a><\/li><li class=\"share-print\"><a rel=\"nofollow noopener noreferrer\" data-shared=\"\" class=\"share-print sd-button share-icon no-text\" href=\"https:\/\/bukkleader.hu\/old\/leader-tudomka-pont-kialakitasa-i-rendezveny-2021-09-18-sajolad\/\" target=\"_blank\" title=\"Click to print\"><span><\/span><span class=\"sharing-screen-reader-text\">Click to print (Opens in new window)<\/span><\/a><\/li><li class=\"share-email\"><a rel=\"nofollow noopener noreferrer\" data-shared=\"\" class=\"share-email sd-button share-icon no-text\" href=\"https:\/\/bukkleader.hu\/old\/leader-tudomka-pont-kialakitasa-i-rendezveny-2021-09-18-sajolad\/?share=email\" target=\"_blank\" title=\"Click to email this to a friend\"><span><\/span><span class=\"sharing-screen-reader-text\">Click to email this to a friend (Opens in new window)<\/span><\/a><\/li><li class=\"share-end\"><\/li><\/ul><\/div><\/div><\/div>","protected":false},"author":4,"featured_media":8427,"comment_status":"closed","ping_status":"closed","sticky":false,"template":"","format":"standard","meta":{"_bbp_topic_count":0,"_bbp_reply_count":0,"_bbp_total_topic_count":0,"_bbp_total_reply_count":0,"_bbp_voice_count":0,"_bbp_anonymous_reply_count":0,"_bbp_topic_count_hidden":0,"_bbp_reply_count_hidden":0,"_bbp_forum_subforum_count":0,"spay_email":"","jetpack_publicize_message":"","jetpack_is_tweetstorm":false,"jetpack_publicize_feature_enabled":true},"categories":[1,30,29],"tags":[],"jetpack_featured_media_url":"https:\/\/bukkleader.hu\/old\/wp-content\/uploads\/2021\/09\/gy\u00f3gyn\u00f6vny-6.jpg","jetpack_publicize_connections":[],"jetpack_sharing_enabled":true,"jetpack-related-posts":[{"id":8569,"url":"https:\/\/bukkleader.hu\/old\/leader-tudomka-pont-kialakitasa-i-rendezveny-2021-09-29-sajolad\/","url_meta":{"origin":8463,"position":0},"title":"LEADER Tudomka Pont kialak\u00edt\u00e1sa I. rendezv\u00e9ny  2021. 09. 29. Saj\u00f3l\u00e1d","date":"2021-09-29","format":false,"excerpt":"A Hagyom\u00e1nyteremt\u0151 M\u0171v\u00e9szeti \u00e9s Oktat\u00e1si Nonprofit Kft. tisztelettel megh\u00edvja \u00d6n\u00f6ket a LEADER Tudomka Pont kialak\u00edt\u00e1sa I. megnevez\u00e9s\u0171 rendezv\u00e9ny\u00e9re. A megh\u00edv\u00f3 let\u00f6lthet\u0151 pdf-ben itt.","rel":"","context":"In &quot;H\u00edreink, k\u00f6zlem\u00e9nyeink&quot;","img":{"alt_text":"","src":"https:\/\/i1.wp.com\/bukkleader.hu\/old\/wp-content\/uploads\/2021\/08\/gy\u00f3gyn\u00f6v\u00e9nyek.jpg?resize=350%2C200&ssl=1","width":350,"height":200},"classes":[]},{"id":8465,"url":"https:\/\/bukkleader.hu\/old\/leader-tudomka-pont-kialakitasa-i-rendezveny-2021-09-16-sajopetri\/","url_meta":{"origin":8463,"position":1},"title":"LEADER Tudomka Pont kialak\u00edt\u00e1sa I. rendezv\u00e9ny 2021.09.16. Saj\u00f3petri","date":"2021-09-16","format":false,"excerpt":"A Hagyom\u00e1nyteremt\u0151 M\u0171v\u00e9szeti \u00e9s Oktat\u00e1si Nonprofit Kft. tisztelettel megh\u00edvja \u00d6n\u00f6ket a LEADER Tudomka Pont kialak\u00edt\u00e1sa I. megnevez\u00e9s\u0171 rendezv\u00e9ny\u00e9re. A megh\u00edv\u00f3 pdf-ben let\u00f6lthet\u0151 itt.","rel":"","context":"In &quot;H\u00edreink, k\u00f6zlem\u00e9nyeink&quot;","img":{"alt_text":"","src":"https:\/\/i1.wp.com\/bukkleader.hu\/old\/wp-content\/uploads\/2021\/08\/gy\u00f3gyn\u00f6v\u00e9nyek.jpg?resize=350%2C200&ssl=1","width":350,"height":200},"classes":[]},{"id":8565,"url":"https:\/\/bukkleader.hu\/old\/leader-tudomka-pont-kialakitasa-i-rendezveny-2021-09-30-bocs\/","url_meta":{"origin":8463,"position":2},"title":"LEADER Tudomka Pont kialak\u00edt\u00e1sa I. rendezv\u00e9ny 2021. 09. 30. B\u0151cs","date":"2021-09-29","format":false,"excerpt":"A Hagyom\u00e1nyteremt\u0151 M\u0171v\u00e9szeti \u00e9s Oktat\u00e1si Nonprofit Kft. tisztelettel megh\u00edvja \u00d6n\u00f6ket a LEADER Tudomka Pont kialak\u00edt\u00e1sa I. elnevez\u00e9s\u0171 rendezv\u00e9ny\u00e9re. A megh\u00edv\u00f3 let\u00f6lthet\u0151 pdf-ben itt.","rel":"","context":"In &quot;H\u00edreink, k\u00f6zlem\u00e9nyeink&quot;","img":{"alt_text":"","src":"https:\/\/i2.wp.com\/bukkleader.hu\/old\/wp-content\/uploads\/2021\/09\/gy\u00f3gyn\u00f6v\u00e9ny-3.jpg?resize=350%2C200&ssl=1","width":350,"height":200},"classes":[]},{"id":8573,"url":"https:\/\/bukkleader.hu\/old\/leader-tudomka-tematikus-kozpont-kepzes-2021-10-02-sajolad\/","url_meta":{"origin":8463,"position":3},"title":"LEADER Tudomka Pont kialak\u00edt\u00e1sa I. rendezv\u00e9ny 2021. 10. 02. Saj\u00f3l\u00e1d","date":"2021-09-29","format":false,"excerpt":"A Hagyom\u00e1nyteremt\u0151 M\u0171v\u00e9szeti \u00e9s Oktat\u00e1si Nonprofit Kft. tisztelettel megh\u00edvja \u00d6n\u00f6ket a LEADER Tudomka Pont kialak\u00edt\u00e1sa I. rendezv\u00e9ny\u00e9re. A megh\u00edv\u00f3 let\u00f6lthet\u0151 pdf-ben itt.","rel":"","context":"In &quot;H\u00edreink, k\u00f6zlem\u00e9nyeink&quot;","img":{"alt_text":"","src":"https:\/\/i1.wp.com\/bukkleader.hu\/old\/wp-content\/uploads\/2021\/09\/gy\u00f3gyn\u00f6v\u00e9ny-4.jpg?resize=350%2C200&ssl=1","width":350,"height":200},"classes":[]},{"id":8431,"url":"https:\/\/bukkleader.hu\/old\/leader-tudomka-pont-kialakitasa-rendezveny-2021-09-04-alsozsolca\/","url_meta":{"origin":8463,"position":4},"title":"&#8220;LEADER Tudomka Pont kialak\u00edt\u00e1sa&#8221; rendezv\u00e9ny 2021.09.04. Als\u00f3zsolca","date":"2021-09-02","format":false,"excerpt":"Sinkun\u00e9 Nagy Emese a Hagyom\u00e1nyteremt\u0151 M\u0171v\u00e9szeti \u00e9s Oktat\u00e1si Nonprofit Kft. \u00fcgyvezet\u0151je tisztelettel megh\u00edvja \u00d6n\u00f6ket a LEADER Tudomka Pont kialak\u00edt\u00e1sa megnevez\u00e9s\u0171 rendezv\u00e9nyre. A megh\u00edv\u00f3 pdf-ben let\u00f6lthet\u0151 itt.","rel":"","context":"In &quot;H\u00edreink, k\u00f6zlem\u00e9nyeink&quot;","img":{"alt_text":"","src":"https:\/\/i1.wp.com\/bukkleader.hu\/old\/wp-content\/uploads\/2021\/09\/gy\u00f3gyn\u00f6v\u00e9ny-4.jpg?resize=350%2C200&ssl=1","width":350,"height":200},"classes":[]},{"id":8437,"url":"https:\/\/bukkleader.hu\/old\/leader-tudomka-pont-kialakitasa-rendezveny-2021-10-01-alsozsolca\/","url_meta":{"origin":8463,"position":5},"title":"&#8220;LEADER Tudomka Pont kialak\u00edt\u00e1sa&#8221; rendezv\u00e9ny 2021.10.01. Als\u00f3zsolca","date":"2021-09-02","format":false,"excerpt":"Sinkun\u00e9 Nagy Emese a Hagyom\u00e1nyteremt\u0151 M\u0171v\u00e9szeti \u00e9s Oktat\u00e1si Nonprofit Kft. \u00fcgyvezet\u0151je tisztelettel megh\u00edvja \u00d6n\u00f6ket a LEADER Tudomka Pont kialak\u00edt\u00e1sa megnevez\u00e9s\u0171 rendezv\u00e9nyre. A megh\u00edv\u00f3 pdf-ben let\u00f6lthet\u0151 itt.","rel":"","context":"In &quot;H\u00edreink, k\u00f6zlem\u00e9nyeink&quot;","img":{"alt_text":"","src":"https:\/\/i0.wp.com\/bukkleader.hu\/old\/wp-content\/uploads\/2021\/09\/gy\u00f3gyn\u00f6v\u00e9ny.jpg?resize=350%2C200&ssl=1","width":350,"height":200},"classes":[]}],"_links":{"self":[{"href":"https:\/\/bukkleader.hu\/old\/wp-json\/wp\/v2\/posts\/8463"}],"collection":[{"href":"https:\/\/bukkleader.hu\/old\/wp-json\/wp\/v2\/posts"}],"about":[{"href":"https:\/\/bukkleader.hu\/old\/wp-json\/wp\/v2\/types\/post"}],"author":[{"embeddable":true,"href":"https:\/\/bukkleader.hu\/old\/wp-json\/wp\/v2\/users\/4"}],"replies":[{"embeddable":true,"href":"https:\/\/bukkleader.hu\/old\/wp-json\/wp\/v2\/comments?post=8463"}],"version-history":[{"count":1,"href":"https:\/\/bukkleader.hu\/old\/wp-json\/wp\/v2\/posts\/8463\/revisions"}],"predecessor-version":[{"id":8469,"href":"https:\/\/bukkleader.hu\/old\/wp-json\/wp\/v2\/posts\/8463\/revisions\/8469"}],"wp:featuredmedia":[{"embeddable":true,"href":"https:\/\/bukkleader.hu\/old\/wp-json\/wp\/v2\/media\/8427"}],"wp:attachment":[{"href":"https:\/\/bukkleader.hu\/old\/wp-json\/wp\/v2\/media?parent=8463"}],"wp:term":[{"taxonomy":"category","embeddable":true,"href":"https:\/\/bukkleader.hu\/old\/wp-json\/wp\/v2\/categories?post=8463"},{"taxonomy":"post_tag","embeddable":true,"href":"https:\/\/bukkleader.hu\/old\/wp-json\/wp\/v2\/tags?post=8463"}],"curies":[{"name":"wp","href":"https:\/\/api.w.org\/{rel}","templated":true}]}}