{"id":8442,"date":"2021-09-09T11:42:30","date_gmt":"2021-09-09T09:42:30","guid":{"rendered":"https:\/\/bukkleader.hu\/old\/?p=8442"},"modified":"2021-09-09T11:42:30","modified_gmt":"2021-09-09T09:42:30","slug":"tudomka-falu-program-lebonyolitasa-kisgyorben-ii-rendezveny-2021-09-11-kisgyor","status":"publish","type":"post","link":"https:\/\/bukkleader.hu\/old\/tudomka-falu-program-lebonyolitasa-kisgyorben-ii-rendezveny-2021-09-11-kisgyor\/","title":{"rendered":"&#8220;Tudomka falu program lebonyol\u00edt\u00e1sa Kisgy\u0151rben II&#8221; rendezv\u00e9ny 2021.09.11. Kisgy\u0151r"},"content":{"rendered":"<p>K\u00e9kedi L\u00e1szl\u00f3 Vilmos, Kisgy\u0151r k\u00f6zs\u00e9g polg\u00e1rmestere tisztelettel megh\u00edvja \u00d6n\u00f6ket a &#8220;Tudomka falu program lebonyol\u00edt\u00e1sa Kisgy\u0151rben II&#8221; megnevez\u00e9s\u0171 rendezv\u00e9ny\u00e9re. A megh\u00edv\u00f3 pdf-ben let\u00f6lthet\u0151 <a href=\"https:\/\/bukkleader.hu\/old\/wp-content\/uploads\/2021\/09\/Ksgrmhv.pdf\" target=\"_blank\" rel=\"noopener\">itt<\/a>.<\/p>\n<p><img data-attachment-id=\"8445\" data-permalink=\"https:\/\/bukkleader.hu\/old\/tudomka-falu-program-lebonyolitasa-kisgyorben-ii-rendezveny-2021-09-11-kisgyor\/ksgrmhv\/\" data-orig-file=\"https:\/\/bukkleader.hu\/old\/wp-content\/uploads\/2021\/09\/Ksgrmhv.jpg\" data-orig-size=\"1241,1755\" data-comments-opened=\"0\" data-image-meta=\"{&quot;aperture&quot;:&quot;0&quot;,&quot;credit&quot;:&quot;&quot;,&quot;camera&quot;:&quot;&quot;,&quot;caption&quot;:&quot;&quot;,&quot;created_timestamp&quot;:&quot;0&quot;,&quot;copyright&quot;:&quot;&quot;,&quot;focal_length&quot;:&quot;0&quot;,&quot;iso&quot;:&quot;0&quot;,&quot;shutter_speed&quot;:&quot;0&quot;,&quot;title&quot;:&quot;&quot;,&quot;orientation&quot;:&quot;0&quot;}\" data-image-title=\"Ksgrmhv\" data-image-description=\"\" data-image-caption=\"\" data-medium-file=\"https:\/\/bukkleader.hu\/old\/wp-content\/uploads\/2021\/09\/Ksgrmhv-212x300.jpg\" data-large-file=\"https:\/\/bukkleader.hu\/old\/wp-content\/uploads\/2021\/09\/Ksgrmhv-724x1024.jpg\" loading=\"lazy\" class=\"aligncenter size-full wp-image-8445\" src=\"https:\/\/bukkleader.hu\/old\/wp-content\/uploads\/2021\/09\/Ksgrmhv.jpg\" alt=\"\" width=\"1241\" height=\"1755\" srcset=\"https:\/\/bukkleader.hu\/old\/wp-content\/uploads\/2021\/09\/Ksgrmhv.jpg 1241w, https:\/\/bukkleader.hu\/old\/wp-content\/uploads\/2021\/09\/Ksgrmhv-212x300.jpg 212w, https:\/\/bukkleader.hu\/old\/wp-content\/uploads\/2021\/09\/Ksgrmhv-768x1086.jpg 768w, https:\/\/bukkleader.hu\/old\/wp-content\/uploads\/2021\/09\/Ksgrmhv-724x1024.jpg 724w\" sizes=\"(max-width: 1241px) 100vw, 1241px\" \/><\/p>\n<p><img data-attachment-id=\"8447\" data-permalink=\"https:\/\/bukkleader.hu\/old\/tudomka-falu-program-lebonyolitasa-kisgyorben-ii-rendezveny-2021-09-11-kisgyor\/ksgrmhv2\/\" data-orig-file=\"https:\/\/bukkleader.hu\/old\/wp-content\/uploads\/2021\/09\/Ksgrmhv2.jpg\" data-orig-size=\"1241,1755\" data-comments-opened=\"0\" data-image-meta=\"{&quot;aperture&quot;:&quot;0&quot;,&quot;credit&quot;:&quot;&quot;,&quot;camera&quot;:&quot;&quot;,&quot;caption&quot;:&quot;&quot;,&quot;created_timestamp&quot;:&quot;0&quot;,&quot;copyright&quot;:&quot;&quot;,&quot;focal_length&quot;:&quot;0&quot;,&quot;iso&quot;:&quot;0&quot;,&quot;shutter_speed&quot;:&quot;0&quot;,&quot;title&quot;:&quot;&quot;,&quot;orientation&quot;:&quot;0&quot;}\" data-image-title=\"Ksgrmhv2\" data-image-description=\"\" data-image-caption=\"\" data-medium-file=\"https:\/\/bukkleader.hu\/old\/wp-content\/uploads\/2021\/09\/Ksgrmhv2-212x300.jpg\" data-large-file=\"https:\/\/bukkleader.hu\/old\/wp-content\/uploads\/2021\/09\/Ksgrmhv2-724x1024.jpg\" loading=\"lazy\" class=\"aligncenter size-full wp-image-8447\" src=\"https:\/\/bukkleader.hu\/old\/wp-content\/uploads\/2021\/09\/Ksgrmhv2.jpg\" alt=\"\" width=\"1241\" height=\"1755\" srcset=\"https:\/\/bukkleader.hu\/old\/wp-content\/uploads\/2021\/09\/Ksgrmhv2.jpg 1241w, https:\/\/bukkleader.hu\/old\/wp-content\/uploads\/2021\/09\/Ksgrmhv2-212x300.jpg 212w, https:\/\/bukkleader.hu\/old\/wp-content\/uploads\/2021\/09\/Ksgrmhv2-768x1086.jpg 768w, https:\/\/bukkleader.hu\/old\/wp-content\/uploads\/2021\/09\/Ksgrmhv2-724x1024.jpg 724w\" sizes=\"(max-width: 1241px) 100vw, 1241px\" \/><\/p>\n<div class=\"sharedaddy sd-sharing-enabled\"><div class=\"robots-nocontent sd-block sd-social sd-social-icon sd-sharing\"><h3 class=\"sd-title\">Share this:<\/h3><div class=\"sd-content\"><ul><li class=\"share-facebook\"><a rel=\"nofollow noopener noreferrer\" data-shared=\"sharing-facebook-8442\" class=\"share-facebook sd-button share-icon no-text\" href=\"https:\/\/bukkleader.hu\/old\/tudomka-falu-program-lebonyolitasa-kisgyorben-ii-rendezveny-2021-09-11-kisgyor\/?share=facebook\" target=\"_blank\" title=\"Click to share on Facebook\"><span><\/span><span class=\"sharing-screen-reader-text\">Click to share on Facebook (Opens in new window)<\/span><\/a><\/li><li class=\"share-twitter\"><a rel=\"nofollow noopener noreferrer\" data-shared=\"sharing-twitter-8442\" class=\"share-twitter sd-button share-icon no-text\" href=\"https:\/\/bukkleader.hu\/old\/tudomka-falu-program-lebonyolitasa-kisgyorben-ii-rendezveny-2021-09-11-kisgyor\/?share=twitter\" target=\"_blank\" title=\"Click to share on Twitter\"><span><\/span><span class=\"sharing-screen-reader-text\">Click to share on Twitter (Opens in new window)<\/span><\/a><\/li><li class=\"share-print\"><a rel=\"nofollow noopener noreferrer\" data-shared=\"\" class=\"share-print sd-button share-icon no-text\" href=\"https:\/\/bukkleader.hu\/old\/tudomka-falu-program-lebonyolitasa-kisgyorben-ii-rendezveny-2021-09-11-kisgyor\/\" target=\"_blank\" title=\"Click to print\"><span><\/span><span class=\"sharing-screen-reader-text\">Click to print (Opens in new window)<\/span><\/a><\/li><li class=\"share-email\"><a rel=\"nofollow noopener noreferrer\" data-shared=\"\" class=\"share-email sd-button share-icon no-text\" href=\"https:\/\/bukkleader.hu\/old\/tudomka-falu-program-lebonyolitasa-kisgyorben-ii-rendezveny-2021-09-11-kisgyor\/?share=email\" target=\"_blank\" title=\"Click to email this to a friend\"><span><\/span><span class=\"sharing-screen-reader-text\">Click to email this to a friend (Opens in new window)<\/span><\/a><\/li><li class=\"share-end\"><\/li><\/ul><\/div><\/div><\/div>","protected":false},"excerpt":{"rendered":"<p>K\u00e9kedi L\u00e1szl\u00f3 Vilmos, Kisgy\u0151r k\u00f6zs\u00e9g polg\u00e1rmestere tisztelettel megh\u00edvja \u00d6n\u00f6ket a &#8220;Tudomka falu program lebonyol\u00edt\u00e1sa Kisgy\u0151rben II&#8221; megnevez\u00e9s\u0171 rendezv\u00e9ny\u00e9re. A megh\u00edv\u00f3 pdf-ben let\u00f6lthet\u0151 itt.<\/p>\n<div class=\"sharedaddy sd-sharing-enabled\"><div class=\"robots-nocontent sd-block sd-social sd-social-icon sd-sharing\"><h3 class=\"sd-title\">Share this:<\/h3><div class=\"sd-content\"><ul><li class=\"share-facebook\"><a rel=\"nofollow noopener noreferrer\" data-shared=\"sharing-facebook-8442\" class=\"share-facebook sd-button share-icon no-text\" href=\"https:\/\/bukkleader.hu\/old\/tudomka-falu-program-lebonyolitasa-kisgyorben-ii-rendezveny-2021-09-11-kisgyor\/?share=facebook\" target=\"_blank\" title=\"Click to share on Facebook\"><span><\/span><span class=\"sharing-screen-reader-text\">Click to share on Facebook (Opens in new window)<\/span><\/a><\/li><li class=\"share-twitter\"><a rel=\"nofollow noopener noreferrer\" data-shared=\"sharing-twitter-8442\" class=\"share-twitter sd-button share-icon no-text\" href=\"https:\/\/bukkleader.hu\/old\/tudomka-falu-program-lebonyolitasa-kisgyorben-ii-rendezveny-2021-09-11-kisgyor\/?share=twitter\" target=\"_blank\" title=\"Click to share on Twitter\"><span><\/span><span class=\"sharing-screen-reader-text\">Click to share on Twitter (Opens in new window)<\/span><\/a><\/li><li class=\"share-print\"><a rel=\"nofollow noopener noreferrer\" data-shared=\"\" class=\"share-print sd-button share-icon no-text\" href=\"https:\/\/bukkleader.hu\/old\/tudomka-falu-program-lebonyolitasa-kisgyorben-ii-rendezveny-2021-09-11-kisgyor\/\" target=\"_blank\" title=\"Click to print\"><span><\/span><span class=\"sharing-screen-reader-text\">Click to print (Opens in new window)<\/span><\/a><\/li><li class=\"share-email\"><a rel=\"nofollow noopener noreferrer\" data-shared=\"\" class=\"share-email sd-button share-icon no-text\" href=\"https:\/\/bukkleader.hu\/old\/tudomka-falu-program-lebonyolitasa-kisgyorben-ii-rendezveny-2021-09-11-kisgyor\/?share=email\" target=\"_blank\" title=\"Click to email this to a friend\"><span><\/span><span class=\"sharing-screen-reader-text\">Click to email this to a friend (Opens in new window)<\/span><\/a><\/li><li class=\"share-end\"><\/li><\/ul><\/div><\/div><\/div>","protected":false},"author":4,"featured_media":1686,"comment_status":"closed","ping_status":"closed","sticky":false,"template":"","format":"standard","meta":{"_bbp_topic_count":0,"_bbp_reply_count":0,"_bbp_total_topic_count":0,"_bbp_total_reply_count":0,"_bbp_voice_count":0,"_bbp_anonymous_reply_count":0,"_bbp_topic_count_hidden":0,"_bbp_reply_count_hidden":0,"_bbp_forum_subforum_count":0,"spay_email":"","jetpack_publicize_message":"","jetpack_is_tweetstorm":false,"jetpack_publicize_feature_enabled":true},"categories":[1,31],"tags":[],"jetpack_featured_media_url":"https:\/\/bukkleader.hu\/old\/wp-content\/uploads\/2018\/04\/mesters\u00e9gek-2.jpg","jetpack_publicize_connections":[],"jetpack_sharing_enabled":true,"jetpack-related-posts":[{"id":8317,"url":"https:\/\/bukkleader.hu\/old\/tudomka-falu-program-lebonyolitasa-kisgyorbenleader-tudomka-falu-altal-szervezett-rendezveny-2021-08-28-kisgyor\/","url_meta":{"origin":8442,"position":0},"title":"&#8220;Tudomka falu program lebonyol\u00edt\u00e1sa Kisgy\u0151rben&#8221;LEADER Tudomka falu \u00e1ltal szervezett rendezv\u00e9ny 2021.08.28. Kisgy\u0151r","date":"2021-07-28","format":false,"excerpt":"Kisgy\u0151r k\u00f6zs\u00e9g polg\u00e1rmestere, K\u00e9kedi L\u00e1szl\u00f3 Vilmos tisztelettel megh\u00edvja \u00d6n\u00f6ket \"Tudomka falu program lebonyol\u00edt\u00e1sa Kisgy\u0151rben\" megnevez\u00e9s\u0171 rendezv\u00e9nyre. A megh\u00edv\u00f3 \u00e9s a program pdf-ben let\u00f6lthet\u0151 itt.","rel":"","context":"In &quot;H\u00edreink, k\u00f6zlem\u00e9nyeink&quot;","img":{"alt_text":"","src":"https:\/\/i1.wp.com\/bukkleader.hu\/old\/wp-content\/uploads\/2020\/09\/fazekas.jpg?resize=350%2C200&ssl=1","width":350,"height":200},"classes":[]},{"id":8322,"url":"https:\/\/bukkleader.hu\/old\/bukk-leader-tudomka-egeszsegtudatos-prevencios-tematikus-kozpont-rendezvenye-2021-08-28-kisgyor\/","url_meta":{"origin":8442,"position":1},"title":"&#8220;B\u00fckk LEADER Tudomka-Eg\u00e9szs\u00e9gtudatos Prevenci\u00f3s-Tematikus K\u00f6zpont\u201d rendezv\u00e9nye 2021.08.28. Kisgy\u0151r","date":"2021-07-28","format":false,"excerpt":"A BRAIN-SURGE Eg\u00e9szs\u00e9g\u00fcgyi Szolg\u00e1ltat\u00f3 Kft. tisztelettel megh\u00edvja \u00d6n\u00f6ket a 2021. 08. 28-\u00e1n Kisgy\u0151rben tartand\u00f3 \"B\u00fckk LEADER Tudomka-Eg\u00e9szs\u00e9gtudatos Prevenci\u00f3s-Tematikus K\u00f6zpont\u201d megnevez\u00e9s\u0171 rendezv\u00e9ny\u00e9re. A megh\u00edv\u00f3 \u00e9s a program pdf-ben let\u00f6lthet\u0151 itt.","rel":"","context":"In &quot;H\u00edreink, k\u00f6zlem\u00e9nyeink&quot;","img":{"alt_text":"","src":"https:\/\/i0.wp.com\/bukkleader.hu\/old\/wp-content\/uploads\/2021\/06\/verny.jpg?resize=350%2C200&ssl=1","width":350,"height":200},"classes":[]},{"id":2220,"url":"https:\/\/bukkleader.hu\/old\/huszar-hagyomanyok-orzese-a-bukk-tersegben-program-kisgyorben-leader-tamogatassal\/","url_meta":{"origin":8442,"position":2},"title":"&#8220;Husz\u00e1r hagyom\u00e1nyok \u0151rz\u00e9se a B\u00fckk t\u00e9rs\u00e9gben\u201d program Kisgy\u0151rben LEADER t\u00e1mogat\u00e1ssal","date":"2019-08-28","format":false,"excerpt":"A Borsod-Aba\u00faj-Zempl\u00e9n Megyei Husz\u00e1r \u00e9s Lovas Hagyom\u00e1ny\u0151rz\u0151 Egyes\u00fclet tisztelettel megh\u00edvja \u00d6n\u00f6ket 2019. szeptember 27-29-\u00e9n (p\u00e9ntek-vas\u00e1rnap) tartand\u00f3, LEADER t\u00e1mogat\u00e1ssal megval\u00f3sul\u00f3 \"Husz\u00e1r hagyom\u00e1nyok \u0151rz\u00e9se a B\u00fckk t\u00e9rs\u00e9gben\u201d c\u00edm\u0171 programj\u00e1ra. A r\u00e9szletes program innen let\u00f6lthet\u0151.","rel":"","context":"In &quot;H\u00edreink, k\u00f6zlem\u00e9nyeink&quot;","img":{"alt_text":"","src":"https:\/\/i0.wp.com\/bukkleader.hu\/old\/wp-content\/uploads\/2019\/08\/huszarok.jpg?resize=350%2C200&ssl=1","width":350,"height":200},"classes":[]},{"id":2679,"url":"https:\/\/bukkleader.hu\/old\/huszar-levente-kadet-tabor-kisgyorben-leader-tamogatassal\/","url_meta":{"origin":8442,"position":3},"title":"Husz\u00e1r levente\/kad\u00e9t t\u00e1bor Kisgy\u0151rben LEADER t\u00e1mogat\u00e1ssal","date":"2020-07-11","format":false,"excerpt":"A Borsod-Aba\u00faj-Zempl\u00e9n Megyei Husz\u00e1r \u00e9s Lovas Hagyom\u00e1ny\u0151rz\u0151 Egyes\u00fclet tisztelettel megh\u00edvja \u00d6n\u00f6ket 2020. augusztus 7-8-9-\u00e9n (p\u00e9ntek-vas\u00e1rnap) tartand\u00f3, LEADER t\u00e1mogat\u00e1ssal megval\u00f3sul\u00f3 \"4. BORSODI HUSZ\u00c1R Levente\/kad\u00e9t t\u00e1bor\" c\u00edm\u0171 programj\u00e1ra. A r\u00e9szletes program:","rel":"","context":"In &quot;H\u00edreink, k\u00f6zlem\u00e9nyeink&quot;","img":{"alt_text":"","src":"https:\/\/i0.wp.com\/bukkleader.hu\/old\/wp-content\/uploads\/2019\/08\/huszarok.jpg?resize=350%2C200&ssl=1","width":350,"height":200},"classes":[]},{"id":2760,"url":"https:\/\/bukkleader.hu\/old\/5-borsodi-huszar-levente-kadet-tabor-kisgyorben-leader-tamogatassal-2020-09-25-27\/","url_meta":{"origin":8442,"position":4},"title":"5. BORSODI HUSZ\u00c1R Levente\/kad\u00e9t t\u00e1bor Kisgy\u0151rben LEADER t\u00e1mogat\u00e1ssal &#8211; 2020.09.25-27.","date":"2020-08-24","format":false,"excerpt":"A\u00a0Borsod-Aba\u00faj-Zempl\u00e9n Megyei Husz\u00e1r \u00e9s Lovas Hagyom\u00e1ny\u0151rz\u0151 Egyes\u00fclet\u00a0tisztelettel megh\u00edvja \u00d6n\u00f6ket\u00a02020. szeptember 25-26-27-\u00e9n\u00a0(p\u00e9ntek-vas\u00e1rnap) tartand\u00f3, LEADER t\u00e1mogat\u00e1ssal megval\u00f3sul\u00f3 \u201c5. BORSODI HUSZ\u00c1R Levente\/kad\u00e9t t\u00e1bor\u201d c\u00edm\u0171 programj\u00e1ra. A r\u00e9szletes program:","rel":"","context":"In &quot;H\u00edreink, k\u00f6zlem\u00e9nyeink&quot;","img":{"alt_text":"","src":"https:\/\/i0.wp.com\/bukkleader.hu\/old\/wp-content\/uploads\/2019\/08\/huszarok.jpg?resize=350%2C200&ssl=1","width":350,"height":200},"classes":[]},{"id":8310,"url":"https:\/\/bukkleader.hu\/old\/bukk-leader-tudomka-res-hasznositasa-videki-lakokornyezetben-tematikus-kozpont-rendezvenye-2021-08-28\/","url_meta":{"origin":8442,"position":5},"title":"B\u00dcKK LEADER TUDOMKA-RES hasznos\u00edt\u00e1sa vid\u00e9ki lak\u00f3k\u00f6rnyezetben-TEMATIKUS K\u00d6ZPONT rendezv\u00e9nye 2021.08.28. Kisgy\u0151r","date":"2021-07-28","format":false,"excerpt":"A \"BEITI-B\u00fckkaljai\" Kft. szeretettel megh\u00edvja \u00d6n\u00f6ket 2021. 08. 28-\u00e1n tartand\u00f3 rendezv\u00e9ny\u00e9re. A megh\u00edv\u00f3 \u00e9s a program pdf-ben let\u00f6lthet\u0151 itt.","rel":"","context":"In &quot;H\u00edreink, k\u00f6zlem\u00e9nyeink&quot;","img":{"alt_text":"","src":"https:\/\/i1.wp.com\/bukkleader.hu\/old\/wp-content\/uploads\/2018\/03\/telep\u00fcl\u00e9s.jpg?resize=350%2C200&ssl=1","width":350,"height":200},"classes":[]}],"_links":{"self":[{"href":"https:\/\/bukkleader.hu\/old\/wp-json\/wp\/v2\/posts\/8442"}],"collection":[{"href":"https:\/\/bukkleader.hu\/old\/wp-json\/wp\/v2\/posts"}],"about":[{"href":"https:\/\/bukkleader.hu\/old\/wp-json\/wp\/v2\/types\/post"}],"author":[{"embeddable":true,"href":"https:\/\/bukkleader.hu\/old\/wp-json\/wp\/v2\/users\/4"}],"replies":[{"embeddable":true,"href":"https:\/\/bukkleader.hu\/old\/wp-json\/wp\/v2\/comments?post=8442"}],"version-history":[{"count":1,"href":"https:\/\/bukkleader.hu\/old\/wp-json\/wp\/v2\/posts\/8442\/revisions"}],"predecessor-version":[{"id":8453,"href":"https:\/\/bukkleader.hu\/old\/wp-json\/wp\/v2\/posts\/8442\/revisions\/8453"}],"wp:featuredmedia":[{"embeddable":true,"href":"https:\/\/bukkleader.hu\/old\/wp-json\/wp\/v2\/media\/1686"}],"wp:attachment":[{"href":"https:\/\/bukkleader.hu\/old\/wp-json\/wp\/v2\/media?parent=8442"}],"wp:term":[{"taxonomy":"category","embeddable":true,"href":"https:\/\/bukkleader.hu\/old\/wp-json\/wp\/v2\/categories?post=8442"},{"taxonomy":"post_tag","embeddable":true,"href":"https:\/\/bukkleader.hu\/old\/wp-json\/wp\/v2\/tags?post=8442"}],"curies":[{"name":"wp","href":"https:\/\/api.w.org\/{rel}","templated":true}]}}