{"id":8414,"date":"2021-08-05T11:28:10","date_gmt":"2021-08-05T09:28:10","guid":{"rendered":"https:\/\/bukkleader.hu\/old\/?p=8414"},"modified":"2021-08-26T11:37:27","modified_gmt":"2021-08-26T09:37:27","slug":"ki-mit-tud-projektzaro-rendezveny-2021-09-05-nyekladhaza","status":"publish","type":"post","link":"https:\/\/bukkleader.hu\/old\/ki-mit-tud-projektzaro-rendezveny-2021-09-05-nyekladhaza\/","title":{"rendered":"&#8220;Ki Mit Tud?&#8221; projektz\u00e1r\u00f3 rendezv\u00e9ny 2021. 09. 05. Ny\u00e9kl\u00e1dh\u00e1za"},"content":{"rendered":"<p>Az SBS Hang-Sz\u00ednpad Nonprofit Kft. tisztelettel megh\u00edvja \u00d6nt a &#8220;Ki Mit Tud?&#8221; rendszer\u0171 projektz\u00e1r\u00f3 rendezv\u00e9ny\u00e9re. A megh\u00edv\u00f3 \u00e9s a program let\u00f6lthet\u0151 pdf-ben <a href=\"https:\/\/bukkleader.hu\/old\/wp-content\/uploads\/2021\/08\/MhvKMT.pdf\" target=\"_blank\" rel=\"noopener\">itt<\/a>.<\/p>\n<p><img data-attachment-id=\"8415\" data-permalink=\"https:\/\/bukkleader.hu\/old\/ki-mit-tud-projektzaro-rendezveny-2021-09-05-nyekladhaza\/mhvkmt\/\" data-orig-file=\"https:\/\/bukkleader.hu\/old\/wp-content\/uploads\/2021\/08\/MhvKMT.jpg\" data-orig-size=\"1241,1755\" data-comments-opened=\"0\" data-image-meta=\"{&quot;aperture&quot;:&quot;0&quot;,&quot;credit&quot;:&quot;&quot;,&quot;camera&quot;:&quot;&quot;,&quot;caption&quot;:&quot;&quot;,&quot;created_timestamp&quot;:&quot;0&quot;,&quot;copyright&quot;:&quot;&quot;,&quot;focal_length&quot;:&quot;0&quot;,&quot;iso&quot;:&quot;0&quot;,&quot;shutter_speed&quot;:&quot;0&quot;,&quot;title&quot;:&quot;&quot;,&quot;orientation&quot;:&quot;0&quot;}\" data-image-title=\"MhvKMT\" data-image-description=\"\" data-image-caption=\"\" data-medium-file=\"https:\/\/bukkleader.hu\/old\/wp-content\/uploads\/2021\/08\/MhvKMT-212x300.jpg\" data-large-file=\"https:\/\/bukkleader.hu\/old\/wp-content\/uploads\/2021\/08\/MhvKMT-724x1024.jpg\" loading=\"lazy\" class=\"aligncenter size-full wp-image-8415\" src=\"https:\/\/bukkleader.hu\/old\/wp-content\/uploads\/2021\/08\/MhvKMT.jpg\" alt=\"\" width=\"1241\" height=\"1755\" srcset=\"https:\/\/bukkleader.hu\/old\/wp-content\/uploads\/2021\/08\/MhvKMT.jpg 1241w, https:\/\/bukkleader.hu\/old\/wp-content\/uploads\/2021\/08\/MhvKMT-212x300.jpg 212w, https:\/\/bukkleader.hu\/old\/wp-content\/uploads\/2021\/08\/MhvKMT-768x1086.jpg 768w, https:\/\/bukkleader.hu\/old\/wp-content\/uploads\/2021\/08\/MhvKMT-724x1024.jpg 724w\" sizes=\"(max-width: 1241px) 100vw, 1241px\" \/><\/p>\n<div class=\"sharedaddy sd-sharing-enabled\"><div class=\"robots-nocontent sd-block sd-social sd-social-icon sd-sharing\"><h3 class=\"sd-title\">Share this:<\/h3><div class=\"sd-content\"><ul><li class=\"share-facebook\"><a rel=\"nofollow noopener noreferrer\" data-shared=\"sharing-facebook-8414\" class=\"share-facebook sd-button share-icon no-text\" href=\"https:\/\/bukkleader.hu\/old\/ki-mit-tud-projektzaro-rendezveny-2021-09-05-nyekladhaza\/?share=facebook\" target=\"_blank\" title=\"Click to share on Facebook\"><span><\/span><span class=\"sharing-screen-reader-text\">Click to share on Facebook (Opens in new window)<\/span><\/a><\/li><li class=\"share-twitter\"><a rel=\"nofollow noopener noreferrer\" data-shared=\"sharing-twitter-8414\" class=\"share-twitter sd-button share-icon no-text\" href=\"https:\/\/bukkleader.hu\/old\/ki-mit-tud-projektzaro-rendezveny-2021-09-05-nyekladhaza\/?share=twitter\" target=\"_blank\" title=\"Click to share on Twitter\"><span><\/span><span class=\"sharing-screen-reader-text\">Click to share on Twitter (Opens in new window)<\/span><\/a><\/li><li class=\"share-print\"><a rel=\"nofollow noopener noreferrer\" data-shared=\"\" class=\"share-print sd-button share-icon no-text\" href=\"https:\/\/bukkleader.hu\/old\/ki-mit-tud-projektzaro-rendezveny-2021-09-05-nyekladhaza\/\" target=\"_blank\" title=\"Click to print\"><span><\/span><span class=\"sharing-screen-reader-text\">Click to print (Opens in new window)<\/span><\/a><\/li><li class=\"share-email\"><a rel=\"nofollow noopener noreferrer\" data-shared=\"\" class=\"share-email sd-button share-icon no-text\" href=\"https:\/\/bukkleader.hu\/old\/ki-mit-tud-projektzaro-rendezveny-2021-09-05-nyekladhaza\/?share=email\" target=\"_blank\" title=\"Click to email this to a friend\"><span><\/span><span class=\"sharing-screen-reader-text\">Click to email this to a friend (Opens in new window)<\/span><\/a><\/li><li class=\"share-end\"><\/li><\/ul><\/div><\/div><\/div>","protected":false},"excerpt":{"rendered":"<p>Az SBS Hang-Sz\u00ednpad Nonprofit Kft. tisztelettel megh\u00edvja \u00d6nt a &#8220;Ki Mit Tud?&#8221; rendszer\u0171 projektz\u00e1r\u00f3 rendezv\u00e9ny\u00e9re. A megh\u00edv\u00f3 \u00e9s a program let\u00f6lthet\u0151 pdf-ben itt.<\/p>\n<div class=\"sharedaddy sd-sharing-enabled\"><div class=\"robots-nocontent sd-block sd-social sd-social-icon sd-sharing\"><h3 class=\"sd-title\">Share this:<\/h3><div class=\"sd-content\"><ul><li class=\"share-facebook\"><a rel=\"nofollow noopener noreferrer\" data-shared=\"sharing-facebook-8414\" class=\"share-facebook sd-button share-icon no-text\" href=\"https:\/\/bukkleader.hu\/old\/ki-mit-tud-projektzaro-rendezveny-2021-09-05-nyekladhaza\/?share=facebook\" target=\"_blank\" title=\"Click to share on Facebook\"><span><\/span><span class=\"sharing-screen-reader-text\">Click to share on Facebook (Opens in new window)<\/span><\/a><\/li><li class=\"share-twitter\"><a rel=\"nofollow noopener noreferrer\" data-shared=\"sharing-twitter-8414\" class=\"share-twitter sd-button share-icon no-text\" href=\"https:\/\/bukkleader.hu\/old\/ki-mit-tud-projektzaro-rendezveny-2021-09-05-nyekladhaza\/?share=twitter\" target=\"_blank\" title=\"Click to share on Twitter\"><span><\/span><span class=\"sharing-screen-reader-text\">Click to share on Twitter (Opens in new window)<\/span><\/a><\/li><li class=\"share-print\"><a rel=\"nofollow noopener noreferrer\" data-shared=\"\" class=\"share-print sd-button share-icon no-text\" href=\"https:\/\/bukkleader.hu\/old\/ki-mit-tud-projektzaro-rendezveny-2021-09-05-nyekladhaza\/\" target=\"_blank\" title=\"Click to print\"><span><\/span><span class=\"sharing-screen-reader-text\">Click to print (Opens in new window)<\/span><\/a><\/li><li class=\"share-email\"><a rel=\"nofollow noopener noreferrer\" data-shared=\"\" class=\"share-email sd-button share-icon no-text\" href=\"https:\/\/bukkleader.hu\/old\/ki-mit-tud-projektzaro-rendezveny-2021-09-05-nyekladhaza\/?share=email\" target=\"_blank\" title=\"Click to email this to a friend\"><span><\/span><span class=\"sharing-screen-reader-text\">Click to email this to a friend (Opens in new window)<\/span><\/a><\/li><li class=\"share-end\"><\/li><\/ul><\/div><\/div><\/div>","protected":false},"author":4,"featured_media":2179,"comment_status":"closed","ping_status":"closed","sticky":false,"template":"","format":"standard","meta":{"_bbp_topic_count":0,"_bbp_reply_count":0,"_bbp_total_topic_count":0,"_bbp_total_reply_count":0,"_bbp_voice_count":0,"_bbp_anonymous_reply_count":0,"_bbp_topic_count_hidden":0,"_bbp_reply_count_hidden":0,"_bbp_forum_subforum_count":0,"spay_email":"","jetpack_publicize_message":"","jetpack_is_tweetstorm":false,"jetpack_publicize_feature_enabled":true},"categories":[1,38],"tags":[],"jetpack_featured_media_url":"https:\/\/bukkleader.hu\/old\/wp-content\/uploads\/2019\/08\/bocs_neptanc.jpg","jetpack_publicize_connections":[],"jetpack_sharing_enabled":true,"jetpack-related-posts":[{"id":5928,"url":"https:\/\/bukkleader.hu\/old\/ki-mit-tud-rendezveny-sajopetriben-leader-tamogatassal-2021-06-12-13\/","url_meta":{"origin":8414,"position":0},"title":"&#8220;Ki Mit Tud?&#8221; rendezv\u00e9ny Saj\u00f3petriben LEADER t\u00e1mogat\u00e1ssal \u2013 2021.06.12-13.","date":"2021-05-12","format":false,"excerpt":"Az SBS Hang-Sz\u00ednpad Nonprofit Kft. tisztelettel megh\u00edvja \u00d6n\u00f6ket a 2021. j\u00fanius 12-13-\u00e1n (szombat-vas\u00e1rnap) Saj\u00f3petriben tartand\u00f3, LEADER t\u00e1mogat\u00e1ssal megval\u00f3sul\u00f3 \u201eKi Mit Tud?\u201d rendezv\u00e9ny\u00e9re az al\u00e1bbiak szerint (a megh\u00edv\u00f3 \u00e9s a program PDF-ben is let\u00f6lthet\u0151 itt \u00e9s itt):","rel":"","context":"In &quot;H\u00edreink, k\u00f6zlem\u00e9nyeink&quot;","img":{"alt_text":"","src":"https:\/\/i0.wp.com\/bukkleader.hu\/old\/wp-content\/uploads\/2019\/08\/bocs_neptanc.jpg?resize=350%2C200&ssl=1","width":350,"height":200},"classes":[]},{"id":2104,"url":"https:\/\/bukkleader.hu\/old\/2104-2\/","url_meta":{"origin":8414,"position":1},"title":"Rendezv\u00e9nyek bejelent\u00e9s\u00e9hez haszn\u00e1lhat\u00f3 sablon","date":"2019-07-10","format":false,"excerpt":"Tisztelt Kedvezm\u00e9nyezettek! Felh\u00edvom a figyelm\u00fcket amennyiben nyertes p\u00e1ly\u00e1zatukban bemutat\u00f3k, rendezv\u00e9nyek, ki\u00e1ll\u00edt\u00e1sok szervez\u00e9se \u00e9s lebonyol\u00edt\u00e1sa tev\u00e9kenys\u00e9get is megval\u00f3s\u00edtanak, akkor az al\u00e1bbiakban a felh\u00edv\u00e1sokb\u00f3l kiemelt bejelent\u00e9si k\u00f6telezetts\u00e9g\u00fck van:\u00a0 1) A kedvezm\u00e9nyezett az \u00e1ltala szervezett rendezv\u00e9ny vonatkoz\u00e1s\u00e1ban k\u00f6teles a rendezv\u00e9ny t\u00e9m\u00e1j\u00e1t, helysz\u00edn\u00e9t \u00e9s id\u0151pontj\u00e1t, a rendezv\u00e9ny megval\u00f3s\u00edt\u00e1si id\u0151pontj\u00e1t megel\u0151z\u0151 30. napig a rendezv\u00e9ny\u2026","rel":"","context":"In &quot;Dokumentumok&quot;","img":{"alt_text":"","src":"https:\/\/i2.wp.com\/bukkleader.hu\/old\/wp-content\/uploads\/2016\/06\/\u00faj-k\u00e9p.jpg?resize=350%2C200&ssl=1","width":350,"height":200},"classes":[]},{"id":8475,"url":"https:\/\/bukkleader.hu\/old\/brain-surge-egeszsegugyi-szolgaltato-kft-rendezvenyei\/","url_meta":{"origin":8414,"position":2},"title":"BRAIN-SURGE Eg\u00e9szs\u00e9g\u00fcgyi Szolg\u00e1ltat\u00f3 Kft. rendezv\u00e9nyei","date":"2021-09-20","format":false,"excerpt":"Dr. Ol\u00e1h Csaba Zsolt, a BRAIN-SURGE Eg\u00e9szs\u00e9g\u00fcgyi Szolg\u00e1ltat\u00f3 Kft. \u00fcgyvezet\u0151je tisztelettel megh\u00edvja \u00d6n\u00f6ket az al\u00e1bbi rendezv\u00e9nyekre. \u00a0 \u00a0 \u00a0 \u00a0 \u00a0","rel":"","context":"In &quot;H\u00edreink, k\u00f6zlem\u00e9nyeink&quot;","img":{"alt_text":"","src":"https:\/\/i0.wp.com\/bukkleader.hu\/old\/wp-content\/uploads\/2021\/06\/verny.jpg?resize=350%2C200&ssl=1","width":350,"height":200},"classes":[]},{"id":2206,"url":"https:\/\/bukkleader.hu\/old\/multat-a-jelennek-rendezveny-cserepvaraljan-leader-tamogatassal\/","url_meta":{"origin":8414,"position":3},"title":"&#8220;M\u00faltat A Jelennek!&#8221; rendezv\u00e9ny Cser\u00e9pv\u00e1ralj\u00e1n LEADER t\u00e1mogat\u00e1ssal","date":"2019-08-29","format":false,"excerpt":"Cser\u00e9pv\u00e1ralja K\u00f6zs\u00e9g \u00d6nkorm\u00e1nyzata tisztelettel megh\u00edvja \u00d6n\u00f6ket 2019. szeptember 28-\u00e1n (szombat) tartand\u00f3, LEADER t\u00e1mogat\u00e1ssal megval\u00f3sul\u00f3 \u201cM\u00faltat A Jelennek!\u201d c\u00edm\u0171 rendezv\u00e9ny\u00e9re. A r\u00e9szletes program innen let\u00f6lthet\u0151.","rel":"","context":"In &quot;H\u00edreink, k\u00f6zlem\u00e9nyeink&quot;","img":{"alt_text":"","src":"https:\/\/i0.wp.com\/bukkleader.hu\/old\/wp-content\/uploads\/2019\/08\/Cserepvaralja2-1.jpg?resize=350%2C200&ssl=1","width":350,"height":200},"classes":[]},{"id":8647,"url":"https:\/\/bukkleader.hu\/old\/bukk-hegysegi-alapitvany-rendezvenye-leader-tudomka-kozpont-2021-12-12-sajokeresztur\/","url_meta":{"origin":8414,"position":4},"title":"B\u00fckk-hegys\u00e9gi Alap\u00edtv\u00e1ny rendezv\u00e9nye-LEADER Tudomka K\u00f6zpont, 2021. 12.12. , Saj\u00f3kereszt\u00far","date":"2021-12-11","format":false,"excerpt":"A B\u00fckk-hegys\u00e9gi Alap\u00edtv\u00e1ny tisztelettel megh\u00edvja \u00d6n\u00f6ket a LEADER-Tudomka K\u00f6zpont projekt keret\u00e9ben tartand\u00f3 rendezv\u00e9ny\u00e9re. A pdf let\u00f6lthet\u0151 itt. \u00a0","rel":"","context":"In &quot;Dokumentumok&quot;","img":{"alt_text":"","src":"","width":0,"height":0},"classes":[]},{"id":2927,"url":"https:\/\/bukkleader.hu\/old\/gazdalkodj-okosan-rendezveny-cserepvaraljan-leader-tamogatassal-2020-10-17\/","url_meta":{"origin":8414,"position":5},"title":"\u201cGazd\u00e1lkodj okosan\u201d rendezv\u00e9ny Cser\u00e9pv\u00e1ralj\u00e1n LEADER t\u00e1mogat\u00e1ssal \u2013 2020.10.17.","date":"2020-09-16","format":false,"excerpt":"A Cser\u00e9pv\u00e1ralj\u00e1\u00e9rt Alap\u00edtv\u00e1ny tisztelettel megh\u00edvja \u00d6n\u00f6ket 2020. okt\u00f3ber 17-\u00e9n (szombat) Cser\u00e9pv\u00e1ralj\u00e1n tartand\u00f3, LEADER t\u00e1mogat\u00e1ssal megval\u00f3sul\u00f3 \u201cGazd\u00e1lkodj okosan\u201d c\u00edm\u0171 rendezv\u00e9ny\u00e9re. A r\u00e9szletes program: \u00a0","rel":"","context":"In &quot;H\u00edreink, k\u00f6zlem\u00e9nyeink&quot;","img":{"alt_text":"","src":"https:\/\/i2.wp.com\/bukkleader.hu\/old\/wp-content\/uploads\/2017\/11\/Cser\u00e9pv\u00e1ralja-1-1.jpg?resize=350%2C200&ssl=1","width":350,"height":200},"classes":[]}],"_links":{"self":[{"href":"https:\/\/bukkleader.hu\/old\/wp-json\/wp\/v2\/posts\/8414"}],"collection":[{"href":"https:\/\/bukkleader.hu\/old\/wp-json\/wp\/v2\/posts"}],"about":[{"href":"https:\/\/bukkleader.hu\/old\/wp-json\/wp\/v2\/types\/post"}],"author":[{"embeddable":true,"href":"https:\/\/bukkleader.hu\/old\/wp-json\/wp\/v2\/users\/4"}],"replies":[{"embeddable":true,"href":"https:\/\/bukkleader.hu\/old\/wp-json\/wp\/v2\/comments?post=8414"}],"version-history":[{"count":1,"href":"https:\/\/bukkleader.hu\/old\/wp-json\/wp\/v2\/posts\/8414\/revisions"}],"predecessor-version":[{"id":8417,"href":"https:\/\/bukkleader.hu\/old\/wp-json\/wp\/v2\/posts\/8414\/revisions\/8417"}],"wp:featuredmedia":[{"embeddable":true,"href":"https:\/\/bukkleader.hu\/old\/wp-json\/wp\/v2\/media\/2179"}],"wp:attachment":[{"href":"https:\/\/bukkleader.hu\/old\/wp-json\/wp\/v2\/media?parent=8414"}],"wp:term":[{"taxonomy":"category","embeddable":true,"href":"https:\/\/bukkleader.hu\/old\/wp-json\/wp\/v2\/categories?post=8414"},{"taxonomy":"post_tag","embeddable":true,"href":"https:\/\/bukkleader.hu\/old\/wp-json\/wp\/v2\/tags?post=8414"}],"curies":[{"name":"wp","href":"https:\/\/api.w.org\/{rel}","templated":true}]}}