{"id":8341,"date":"2021-08-02T15:21:45","date_gmt":"2021-08-02T13:21:45","guid":{"rendered":"https:\/\/bukkleader.hu\/old\/?p=8341"},"modified":"2021-08-23T08:53:08","modified_gmt":"2021-08-23T06:53:08","slug":"meghivo-a-bukk-tersegi-leader-egyesulet-szakmai-forumara-2021-08-23-harsany","status":"publish","type":"post","link":"https:\/\/bukkleader.hu\/old\/meghivo-a-bukk-tersegi-leader-egyesulet-szakmai-forumara-2021-08-23-harsany\/","title":{"rendered":"Figyelem! Megh\u00edv\u00f3 a B\u00fckk-T\u00e9rs\u00e9gi LEADER Egyes\u00fclet felh\u00edv\u00e1s ismertet\u0151 f\u00f3rum\u00e1ra 2021.08.23. Hars\u00e1ny"},"content":{"rendered":"<p><span style=\"font-family: 'Times New Roman',serif;\">A B\u00fckk-T\u00e9rs\u00e9gi LEADER Egyes\u00fclet tisztelettel megh\u00edvja \u00d6n\u00f6ket 2021. augusztus 23-\u00e1n, Hars\u00e1nyban tartand\u00f3 felh\u00edv\u00e1s ismertet\u0151 f\u00f3rum\u00e1ra. (pdf let\u00f6lthet\u0151 <a href=\"https:\/\/bukkleader.hu\/old\/wp-content\/uploads\/2021\/08\/Meghivo_Harsany.pdf\" target=\"_blank\" rel=\"noopener\">itt<\/a>)<\/span><\/p>\n<p><span style=\"font-family: 'Times New Roman',serif;\">Felh\u00edvjuk a sz\u00edves figyelm\u00fcket, hogy a t\u00e1mogat\u00e1si k\u00e9relmet beny\u00fajt\u00f3k sz\u00e1m\u00e1ra egy f\u00f3rumon val\u00f3 r\u00e9szv\u00e9tel \u00e9s ott a projekt\u00f6tlet\u00fck ismertet\u00e9se pontoz\u00e1si szempont. Ezen pontoz\u00e1si szempontnak, amennyiben az elm\u00falt hat alkalommal megtartott f\u00f3rumon nem vettek r\u00e9szt, most tudnak eleget tenni, mivel a mai az utols\u00f3 f\u00f3rum. Ezen pontoz\u00e1si szempont szem\u00e9lyes vagy telefonos konzult\u00e1ci\u00f3val nem kiv\u00e1lthat\u00f3!<\/span><\/p>\n<p><img data-attachment-id=\"8342\" data-permalink=\"https:\/\/bukkleader.hu\/old\/meghivo-a-bukk-tersegi-leader-egyesulet-szakmai-forumara-2021-08-23-harsany\/meghivo_harsany_page-0001\/\" data-orig-file=\"https:\/\/bukkleader.hu\/old\/wp-content\/uploads\/2021\/08\/Meghivo_Harsany_page-0001.jpg\" data-orig-size=\"1241,1755\" data-comments-opened=\"0\" data-image-meta=\"{&quot;aperture&quot;:&quot;0&quot;,&quot;credit&quot;:&quot;&quot;,&quot;camera&quot;:&quot;&quot;,&quot;caption&quot;:&quot;&quot;,&quot;created_timestamp&quot;:&quot;0&quot;,&quot;copyright&quot;:&quot;&quot;,&quot;focal_length&quot;:&quot;0&quot;,&quot;iso&quot;:&quot;0&quot;,&quot;shutter_speed&quot;:&quot;0&quot;,&quot;title&quot;:&quot;&quot;,&quot;orientation&quot;:&quot;0&quot;}\" data-image-title=\"Meghivo_Harsany_page-0001\" data-image-description=\"\" data-image-caption=\"\" data-medium-file=\"https:\/\/bukkleader.hu\/old\/wp-content\/uploads\/2021\/08\/Meghivo_Harsany_page-0001-212x300.jpg\" data-large-file=\"https:\/\/bukkleader.hu\/old\/wp-content\/uploads\/2021\/08\/Meghivo_Harsany_page-0001-724x1024.jpg\" loading=\"lazy\" class=\"aligncenter size-full wp-image-8342\" src=\"https:\/\/bukkleader.hu\/old\/wp-content\/uploads\/2021\/08\/Meghivo_Harsany_page-0001.jpg\" alt=\"\" width=\"1241\" height=\"1755\" srcset=\"https:\/\/bukkleader.hu\/old\/wp-content\/uploads\/2021\/08\/Meghivo_Harsany_page-0001.jpg 1241w, https:\/\/bukkleader.hu\/old\/wp-content\/uploads\/2021\/08\/Meghivo_Harsany_page-0001-212x300.jpg 212w, https:\/\/bukkleader.hu\/old\/wp-content\/uploads\/2021\/08\/Meghivo_Harsany_page-0001-768x1086.jpg 768w, https:\/\/bukkleader.hu\/old\/wp-content\/uploads\/2021\/08\/Meghivo_Harsany_page-0001-724x1024.jpg 724w\" sizes=\"(max-width: 1241px) 100vw, 1241px\" \/><\/p>\n<div class=\"sharedaddy sd-sharing-enabled\"><div class=\"robots-nocontent sd-block sd-social sd-social-icon sd-sharing\"><h3 class=\"sd-title\">Share this:<\/h3><div class=\"sd-content\"><ul><li class=\"share-facebook\"><a rel=\"nofollow noopener noreferrer\" data-shared=\"sharing-facebook-8341\" class=\"share-facebook sd-button share-icon no-text\" href=\"https:\/\/bukkleader.hu\/old\/meghivo-a-bukk-tersegi-leader-egyesulet-szakmai-forumara-2021-08-23-harsany\/?share=facebook\" target=\"_blank\" title=\"Click to share on Facebook\"><span><\/span><span class=\"sharing-screen-reader-text\">Click to share on Facebook (Opens in new window)<\/span><\/a><\/li><li class=\"share-twitter\"><a rel=\"nofollow noopener noreferrer\" data-shared=\"sharing-twitter-8341\" class=\"share-twitter sd-button share-icon no-text\" href=\"https:\/\/bukkleader.hu\/old\/meghivo-a-bukk-tersegi-leader-egyesulet-szakmai-forumara-2021-08-23-harsany\/?share=twitter\" target=\"_blank\" title=\"Click to share on Twitter\"><span><\/span><span class=\"sharing-screen-reader-text\">Click to share on Twitter (Opens in new window)<\/span><\/a><\/li><li class=\"share-print\"><a rel=\"nofollow noopener noreferrer\" data-shared=\"\" class=\"share-print sd-button share-icon no-text\" href=\"https:\/\/bukkleader.hu\/old\/meghivo-a-bukk-tersegi-leader-egyesulet-szakmai-forumara-2021-08-23-harsany\/\" target=\"_blank\" title=\"Click to print\"><span><\/span><span class=\"sharing-screen-reader-text\">Click to print (Opens in new window)<\/span><\/a><\/li><li class=\"share-email\"><a rel=\"nofollow noopener noreferrer\" data-shared=\"\" class=\"share-email sd-button share-icon no-text\" href=\"https:\/\/bukkleader.hu\/old\/meghivo-a-bukk-tersegi-leader-egyesulet-szakmai-forumara-2021-08-23-harsany\/?share=email\" target=\"_blank\" title=\"Click to email this to a friend\"><span><\/span><span class=\"sharing-screen-reader-text\">Click to email this to a friend (Opens in new window)<\/span><\/a><\/li><li class=\"share-end\"><\/li><\/ul><\/div><\/div><\/div>","protected":false},"excerpt":{"rendered":"<p>A B\u00fckk-T\u00e9rs\u00e9gi LEADER Egyes\u00fclet tisztelettel megh\u00edvja \u00d6n\u00f6ket 2021. augusztus 23-\u00e1n, Hars\u00e1nyban tartand\u00f3 felh\u00edv\u00e1s ismertet\u0151 f\u00f3rum\u00e1ra. (pdf let\u00f6lthet\u0151 itt) Felh\u00edvjuk a sz\u00edves figyelm\u00fcket, hogy a t\u00e1mogat\u00e1si k\u00e9relmet beny\u00fajt\u00f3k sz\u00e1m\u00e1ra egy f\u00f3rumon val\u00f3 r\u00e9szv\u00e9tel \u00e9s ott a projekt\u00f6tlet\u00fck ismertet\u00e9se pontoz\u00e1si szempont. Ezen pontoz\u00e1si szempontnak, amennyiben az elm\u00falt hat alkalommal megtartott f\u00f3rumon nem vettek r\u00e9szt, most tudnak eleget [&hellip;]<\/p>\n<div class=\"sharedaddy sd-sharing-enabled\"><div class=\"robots-nocontent sd-block sd-social sd-social-icon sd-sharing\"><h3 class=\"sd-title\">Share this:<\/h3><div class=\"sd-content\"><ul><li class=\"share-facebook\"><a rel=\"nofollow noopener noreferrer\" data-shared=\"sharing-facebook-8341\" class=\"share-facebook sd-button share-icon no-text\" href=\"https:\/\/bukkleader.hu\/old\/meghivo-a-bukk-tersegi-leader-egyesulet-szakmai-forumara-2021-08-23-harsany\/?share=facebook\" target=\"_blank\" title=\"Click to share on Facebook\"><span><\/span><span class=\"sharing-screen-reader-text\">Click to share on Facebook (Opens in new window)<\/span><\/a><\/li><li class=\"share-twitter\"><a rel=\"nofollow noopener noreferrer\" data-shared=\"sharing-twitter-8341\" class=\"share-twitter sd-button share-icon no-text\" href=\"https:\/\/bukkleader.hu\/old\/meghivo-a-bukk-tersegi-leader-egyesulet-szakmai-forumara-2021-08-23-harsany\/?share=twitter\" target=\"_blank\" title=\"Click to share on Twitter\"><span><\/span><span class=\"sharing-screen-reader-text\">Click to share on Twitter (Opens in new window)<\/span><\/a><\/li><li class=\"share-print\"><a rel=\"nofollow noopener noreferrer\" data-shared=\"\" class=\"share-print sd-button share-icon no-text\" href=\"https:\/\/bukkleader.hu\/old\/meghivo-a-bukk-tersegi-leader-egyesulet-szakmai-forumara-2021-08-23-harsany\/\" target=\"_blank\" title=\"Click to print\"><span><\/span><span class=\"sharing-screen-reader-text\">Click to print (Opens in new window)<\/span><\/a><\/li><li class=\"share-email\"><a rel=\"nofollow noopener noreferrer\" data-shared=\"\" class=\"share-email sd-button share-icon no-text\" href=\"https:\/\/bukkleader.hu\/old\/meghivo-a-bukk-tersegi-leader-egyesulet-szakmai-forumara-2021-08-23-harsany\/?share=email\" target=\"_blank\" title=\"Click to email this to a friend\"><span><\/span><span class=\"sharing-screen-reader-text\">Click to email this to a friend (Opens in new window)<\/span><\/a><\/li><li class=\"share-end\"><\/li><\/ul><\/div><\/div><\/div>","protected":false},"author":4,"featured_media":1554,"comment_status":"closed","ping_status":"closed","sticky":false,"template":"","format":"standard","meta":{"_bbp_topic_count":0,"_bbp_reply_count":0,"_bbp_total_topic_count":0,"_bbp_total_reply_count":0,"_bbp_voice_count":0,"_bbp_anonymous_reply_count":0,"_bbp_topic_count_hidden":0,"_bbp_reply_count_hidden":0,"_bbp_forum_subforum_count":0,"spay_email":"","jetpack_publicize_message":"","jetpack_is_tweetstorm":false,"jetpack_publicize_feature_enabled":true},"categories":[1],"tags":[],"jetpack_featured_media_url":"https:\/\/bukkleader.hu\/old\/wp-content\/uploads\/2018\/02\/hars\u00e1ny.jpg","jetpack_publicize_connections":[],"jetpack_sharing_enabled":true,"jetpack-related-posts":[{"id":8390,"url":"https:\/\/bukkleader.hu\/old\/figyelem-meghivo-a-bukk-tersegi-leader-egyesulet-felhivas-ismerteto-forumara-2021-08-23-harsany\/","url_meta":{"origin":8341,"position":0},"title":"Figyelem! Megh\u00edv\u00f3 a B\u00fckk-T\u00e9rs\u00e9gi LEADER Egyes\u00fclet felh\u00edv\u00e1s ismertet\u0151 f\u00f3rum\u00e1ra 2021.08.23. Hars\u00e1ny.","date":"2021-08-23","format":false,"excerpt":"A B\u00fckk-T\u00e9rs\u00e9gi LEADER Egyes\u00fclet tisztelettel megh\u00edvja \u00d6n\u00f6ket 2021. augusztus 23-\u00e1n, Hars\u00e1nyban tartand\u00f3 felh\u00edv\u00e1s ismertet\u0151 f\u00f3rum\u00e1ra. (pdf let\u00f6lthet\u0151 itt) Felh\u00edvjuk a sz\u00edves figyelm\u00fcket, hogy a t\u00e1mogat\u00e1si k\u00e9relmet beny\u00fajt\u00f3k sz\u00e1m\u00e1ra egy f\u00f3rumon val\u00f3 r\u00e9szv\u00e9tel \u00e9s ott a projekt\u00f6tlet\u00fck ismertet\u00e9se pontoz\u00e1si szempont. Ezen pontoz\u00e1si szempontnak, amennyiben az elm\u00falt hat alkalommal megtartott f\u00f3rumon nem\u2026","rel":"","context":"In &quot;H\u00edreink, k\u00f6zlem\u00e9nyeink&quot;","img":{"alt_text":"","src":"https:\/\/i2.wp.com\/bukkleader.hu\/old\/wp-content\/uploads\/2018\/02\/hars\u00e1ny.jpg?resize=350%2C200&ssl=1","width":350,"height":200},"classes":[]},{"id":2453,"url":"https:\/\/bukkleader.hu\/old\/turisztikai-szolgaltatasok-fejlesztese-cimu-helyi-felhivast-ismerteto-forum-sajokeresztur\/","url_meta":{"origin":8341,"position":1},"title":"Turisztikai Szolg\u00e1ltat\u00e1sok Fejleszt\u00e9se c\u00edm\u0171 helyi felh\u00edv\u00e1st ismertet\u0151 f\u00f3rum &#8211; Saj\u00f3kereszt\u00far","date":"2020-02-27","format":false,"excerpt":"A B\u00fckk-T\u00e9rs\u00e9gi LEADER Egyes\u00fclet a Turisztikai Szolg\u00e1ltat\u00e1sok Fejleszt\u00e9se c\u00edm\u0171, megjelent helyi felh\u00edv\u00e1s utols\u00f3 ismertet\u0151 f\u00f3rum\u00e1t rendezi meg 2020. 03.11-\u00e9n 17 \u00f3r\u00e1t\u00f3l Saj\u00f3kereszt\u00farban a M\u0171vel\u0151d\u00e9si H\u00e1zban, a mell\u00e9kelt megh\u00edv\u00f3 szerint. Felh\u00edvjuk sz\u00edves figyelm\u00fcket, hogy a f\u00f3rumon val\u00f3 r\u00e9szv\u00e9tel pontoz\u00e1si szempont, melyet ezen alkalommal lehet utolj\u00e1ra teljes\u00edteni.","rel":"","context":"In &quot;H\u00edreink, k\u00f6zlem\u00e9nyeink&quot;","img":{"alt_text":"","src":"https:\/\/i1.wp.com\/bukkleader.hu\/old\/wp-content\/uploads\/2020\/02\/Meghivo_Saj\u00c3\u00b3keresztur.jpg?resize=350%2C200&ssl=1","width":350,"height":200},"classes":[]},{"id":2477,"url":"https:\/\/bukkleader.hu\/old\/utolso-forum-a-turisztikai-szolgaltatasok-fejlesztesere-palyazoknak\/","url_meta":{"origin":8341,"position":2},"title":"Figyelem! Utols\u00f3 f\u00f3rum a turisztikai szolg\u00e1ltat\u00e1sok fejleszt\u00e9s\u00e9re p\u00e1ly\u00e1z\u00f3knak!","date":"2020-03-09","format":false,"excerpt":"Tisztelt P\u00e1ly\u00e1z\u00f3k! A Turisztikai Szolg\u00e1ltat\u00e1sok Fejleszt\u00e9se helyi felh\u00edv\u00e1s utols\u00f3 ismertet\u0151 f\u00f3ruma 2020.03.11.-\u00e9n Saj\u00f3kereszt\u00farban lesz megtartva. Felh\u00edvjuk a figyelm\u00fcket, hogy a f\u00f3rumon val\u00f3 r\u00e9szv\u00e9tel pontoz\u00e1si szempont, mely ezen alkalommal teljes\u00edthet\u0151 utolj\u00e1ra!","rel":"","context":"In &quot;H\u00edreink, k\u00f6zlem\u00e9nyeink&quot;","img":{"alt_text":"","src":"","width":0,"height":0},"classes":[]},{"id":2412,"url":"https:\/\/bukkleader.hu\/old\/figyelem-pontozasi-szempont-a-forumon-valo-reszvetel\/","url_meta":{"origin":8341,"position":3},"title":"Figyelem! Pontoz\u00e1si szempont a f\u00f3rumon val\u00f3 r\u00e9szv\u00e9tel!","date":"2020-02-06","format":false,"excerpt":"Tisztelt P\u00e1ly\u00e1z\u00f3k! Felh\u00edvjuk a figyelm\u00fcket, hogy a hamarosan megjelen\u0151 \"Turisztikai szolg\u00e1ltat\u00e1sok fejleszt\u00e9se\" helyi felh\u00edv\u00e1s egyik pontoz\u00e1si szempontja a\u00a0f\u00f3rumokon val\u00f3 r\u00e9szv\u00e9tel. Amennyiben t\u00e1mogat\u00e1si k\u00e9relmet k\u00edv\u00e1nnak beny\u00fajtani, k\u00e9rj\u00fck sz\u00edveskedjenek valamelyik meghirdetett f\u00f3rumon r\u00e9szt venni! Meghirdetett id\u0151pontok \u00e9s helysz\u00ednek: T\u00e1j\u00e9koztat\u00f3 f\u00f3rum a helyi szerepl\u0151k felk\u00e9sz\u00edt\u00e9s\u00e9nek \u00e9rdek\u00e9ben B\u00fckkszentkereszten - 2020.02.10. T\u00e1j\u00e9koztat\u00f3 f\u00f3rum a helyi\u2026","rel":"","context":"In &quot;H\u00edreink, k\u00f6zlem\u00e9nyeink&quot;","img":{"alt_text":"LEADER","src":"https:\/\/i0.wp.com\/bukkleader.hu\/old\/wp-content\/uploads\/2015\/08\/384-10-leader_logo.jpg?resize=350%2C200&ssl=1","width":350,"height":200},"classes":[]},{"id":5996,"url":"https:\/\/bukkleader.hu\/old\/uj-palyazati-lehetoseg\/","url_meta":{"origin":8341,"position":4},"title":"\u00daj p\u00e1ly\u00e1zati lehet\u0151s\u00e9g!","date":"2021-06-25","format":false,"excerpt":"Tisztelt P\u00e1ly\u00e1z\u00f3ink! Hamarosan megjelenik a B\u00fckk-T\u00e9rs\u00e9gi LEADER Egyes\u00fclet \u00e1ltal meghirdetett, a Helyi fejleszt\u00e9sek t\u00e1mogat\u00e1sa c\u00edm\u0171, VP6-19.2.1-15-10-21 k\u00f3dsz\u00e1m\u00fa helyi felh\u00edv\u00e1s, mely keret\u00e9ben a v\u00e1llalkoz\u00f3i-, a civil- \u00e9s az \u00f6nkorm\u00e1nyzati szf\u00e9ra is megval\u00f3s\u00edthatja fejleszt\u00e9si elk\u00e9pzel\u00e9s\u00e9t. Az \u00faj helyi felh\u00edv\u00e1s min\u00e9l sz\u00e9lesebb k\u00f6rben val\u00f3 megismertet\u00e9se \u00e9rdek\u00e9ben t\u00e1j\u00e9koztat\u00f3 f\u00f3rumokat tartunk, melyek helysz\u00ednei \u00e9s id\u0151pontjai\u2026","rel":"","context":"In &quot;H\u00edreink, k\u00f6zlem\u00e9nyeink&quot;","img":{"alt_text":"","src":"https:\/\/i1.wp.com\/bukkleader.hu\/old\/wp-content\/uploads\/2017\/10\/LEADER-logo-Jul09-32.jpg?resize=350%2C200&ssl=1","width":350,"height":200},"classes":[]},{"id":1552,"url":"https:\/\/bukkleader.hu\/old\/tajekoztato-forum-helyi-felhivasokrol-harsany\/","url_meta":{"origin":8341,"position":5},"title":"T\u00e1j\u00e9koztat\u00f3 F\u00f3rum a helyi felh\u00edv\u00e1sokr\u00f3l \u2013 Hars\u00e1ny","date":"2018-02-01","format":false,"excerpt":"A B\u00fckk-T\u00e9rs\u00e9gi LEADER Egyes\u00fclet t\u00e1j\u00e9koztat\u00f3 f\u00f3rumot tart 2018. 02. 15-\u00e9n 16 \u00f3r\u00e1t\u00f3l Hars\u00e1nyban a K\u00f6z\u00f6ss\u00e9gi H\u00e1zban a megjelent helyi felh\u00edv\u00e1sokr\u00f3l, a mell\u00e9kelt megh\u00edv\u00f3 szerint.\u00a0 MEGH\u00cdV\u00d3 >>","rel":"","context":"In &quot;H\u00edreink, k\u00f6zlem\u00e9nyeink&quot;","img":{"alt_text":"","src":"https:\/\/i2.wp.com\/bukkleader.hu\/old\/wp-content\/uploads\/2018\/02\/hars\u00e1ny.jpg?resize=350%2C200&ssl=1","width":350,"height":200},"classes":[]}],"_links":{"self":[{"href":"https:\/\/bukkleader.hu\/old\/wp-json\/wp\/v2\/posts\/8341"}],"collection":[{"href":"https:\/\/bukkleader.hu\/old\/wp-json\/wp\/v2\/posts"}],"about":[{"href":"https:\/\/bukkleader.hu\/old\/wp-json\/wp\/v2\/types\/post"}],"author":[{"embeddable":true,"href":"https:\/\/bukkleader.hu\/old\/wp-json\/wp\/v2\/users\/4"}],"replies":[{"embeddable":true,"href":"https:\/\/bukkleader.hu\/old\/wp-json\/wp\/v2\/comments?post=8341"}],"version-history":[{"count":4,"href":"https:\/\/bukkleader.hu\/old\/wp-json\/wp\/v2\/posts\/8341\/revisions"}],"predecessor-version":[{"id":8389,"href":"https:\/\/bukkleader.hu\/old\/wp-json\/wp\/v2\/posts\/8341\/revisions\/8389"}],"wp:featuredmedia":[{"embeddable":true,"href":"https:\/\/bukkleader.hu\/old\/wp-json\/wp\/v2\/media\/1554"}],"wp:attachment":[{"href":"https:\/\/bukkleader.hu\/old\/wp-json\/wp\/v2\/media?parent=8341"}],"wp:term":[{"taxonomy":"category","embeddable":true,"href":"https:\/\/bukkleader.hu\/old\/wp-json\/wp\/v2\/categories?post=8341"},{"taxonomy":"post_tag","embeddable":true,"href":"https:\/\/bukkleader.hu\/old\/wp-json\/wp\/v2\/tags?post=8341"}],"curies":[{"name":"wp","href":"https:\/\/api.w.org\/{rel}","templated":true}]}}