{"id":8337,"date":"2021-07-29T08:06:12","date_gmt":"2021-07-29T06:06:12","guid":{"rendered":"https:\/\/bukkleader.hu\/old\/?p=8337"},"modified":"2021-07-29T08:06:12","modified_gmt":"2021-07-29T06:06:12","slug":"megjelent-a-helyi-fejlesztesek-tamogatasa-vp6-19-2-1-15-10-21-helyi-felhivas","status":"publish","type":"post","link":"https:\/\/bukkleader.hu\/old\/megjelent-a-helyi-fejlesztesek-tamogatasa-vp6-19-2-1-15-10-21-helyi-felhivas\/","title":{"rendered":"Megjelent a HELYI FEJLESZT\u00c9SEK T\u00c1MOGAT\u00c1SA (VP6-19.2.1.-15-10-21) helyi felh\u00edv\u00e1s!"},"content":{"rendered":"<p><strong>Megjelent a HELYI FEJLESZT\u00c9SEK T\u00c1MOGAT\u00c1SA (VP6-19.2.1.-15-10-21) helyi felh\u00edv\u00e1s!<\/strong><\/p>\n<p>A felh\u00edv\u00e1s \u00e9s mell\u00e9kletei let\u00f6lthet\u0151k a Magyar \u00c1llamkincst\u00e1r honlapj\u00e1r\u00f3l:<\/p>\n<p><a href=\"https:\/\/e-kerelem.mvh.allamkincstar.gov.hu\/enter\/leaderbongeszo\/leaderBongeszo.xhtml\" target=\"_blank\" rel=\"noopener\">https:\/\/e-kerelem.mvh.allamkincstar.gov.hu\/enter\/leaderbongeszo\/leaderBongeszo.xhtml<\/a><\/p>\n<p>(A linkre l\u00e9pve Helyi Akci\u00f3csoportn\u00e1l v\u00e1lassz\u00e1k ki a leg\u00f6rd\u00fcl\u0151 men\u00fcb\u0151l a B\u00fckk-T\u00e9rs\u00e9gi LEADER Egyes\u00fcletet, vagy a Telep\u00fcl\u00e9sn\u00e9l a megval\u00f3s\u00edt\u00e1s tervezett helysz\u00edn\u00e9t. A megjelen\u0151 list\u00e1b\u00f3l a &#8220;Helyi fejleszt\u00e9sek t\u00e1mogat\u00e1sa\u201d c\u00edm\u0171 felh\u00edv\u00e1s a relev\u00e1ns. Az utols\u00f3 oszlopban tal\u00e1lhat\u00f3 \u201cLet\u00f6lt\u00e9sek\u201d gombbal lehet let\u00f6lteni a felh\u00edv\u00e1st \u00e9s mell\u00e9kleteit.)<\/p>\n<p>&nbsp;<\/p>\n<div class=\"sharedaddy sd-sharing-enabled\"><div class=\"robots-nocontent sd-block sd-social sd-social-icon sd-sharing\"><h3 class=\"sd-title\">Share this:<\/h3><div class=\"sd-content\"><ul><li class=\"share-facebook\"><a rel=\"nofollow noopener noreferrer\" data-shared=\"sharing-facebook-8337\" class=\"share-facebook sd-button share-icon no-text\" href=\"https:\/\/bukkleader.hu\/old\/megjelent-a-helyi-fejlesztesek-tamogatasa-vp6-19-2-1-15-10-21-helyi-felhivas\/?share=facebook\" target=\"_blank\" title=\"Click to share on Facebook\"><span><\/span><span class=\"sharing-screen-reader-text\">Click to share on Facebook (Opens in new window)<\/span><\/a><\/li><li class=\"share-twitter\"><a rel=\"nofollow noopener noreferrer\" data-shared=\"sharing-twitter-8337\" class=\"share-twitter sd-button share-icon no-text\" href=\"https:\/\/bukkleader.hu\/old\/megjelent-a-helyi-fejlesztesek-tamogatasa-vp6-19-2-1-15-10-21-helyi-felhivas\/?share=twitter\" target=\"_blank\" title=\"Click to share on Twitter\"><span><\/span><span class=\"sharing-screen-reader-text\">Click to share on Twitter (Opens in new window)<\/span><\/a><\/li><li class=\"share-print\"><a rel=\"nofollow noopener noreferrer\" data-shared=\"\" class=\"share-print sd-button share-icon no-text\" href=\"https:\/\/bukkleader.hu\/old\/megjelent-a-helyi-fejlesztesek-tamogatasa-vp6-19-2-1-15-10-21-helyi-felhivas\/\" target=\"_blank\" title=\"Click to print\"><span><\/span><span class=\"sharing-screen-reader-text\">Click to print (Opens in new window)<\/span><\/a><\/li><li class=\"share-email\"><a rel=\"nofollow noopener noreferrer\" data-shared=\"\" class=\"share-email sd-button share-icon no-text\" href=\"https:\/\/bukkleader.hu\/old\/megjelent-a-helyi-fejlesztesek-tamogatasa-vp6-19-2-1-15-10-21-helyi-felhivas\/?share=email\" target=\"_blank\" title=\"Click to email this to a friend\"><span><\/span><span class=\"sharing-screen-reader-text\">Click to email this to a friend (Opens in new window)<\/span><\/a><\/li><li class=\"share-end\"><\/li><\/ul><\/div><\/div><\/div>","protected":false},"excerpt":{"rendered":"<p>Megjelent a HELYI FEJLESZT\u00c9SEK T\u00c1MOGAT\u00c1SA (VP6-19.2.1.-15-10-21) helyi felh\u00edv\u00e1s! A felh\u00edv\u00e1s \u00e9s mell\u00e9kletei let\u00f6lthet\u0151k a Magyar \u00c1llamkincst\u00e1r honlapj\u00e1r\u00f3l: https:\/\/e-kerelem.mvh.allamkincstar.gov.hu\/enter\/leaderbongeszo\/leaderBongeszo.xhtml (A linkre l\u00e9pve Helyi Akci\u00f3csoportn\u00e1l v\u00e1lassz\u00e1k ki a leg\u00f6rd\u00fcl\u0151 men\u00fcb\u0151l a B\u00fckk-T\u00e9rs\u00e9gi LEADER Egyes\u00fcletet, vagy a Telep\u00fcl\u00e9sn\u00e9l a megval\u00f3s\u00edt\u00e1s tervezett helysz\u00edn\u00e9t. A megjelen\u0151 list\u00e1b\u00f3l a &#8220;Helyi fejleszt\u00e9sek t\u00e1mogat\u00e1sa\u201d c\u00edm\u0171 felh\u00edv\u00e1s a relev\u00e1ns. Az utols\u00f3 oszlopban tal\u00e1lhat\u00f3 \u201cLet\u00f6lt\u00e9sek\u201d [&hellip;]<\/p>\n<div class=\"sharedaddy sd-sharing-enabled\"><div class=\"robots-nocontent sd-block sd-social sd-social-icon sd-sharing\"><h3 class=\"sd-title\">Share this:<\/h3><div class=\"sd-content\"><ul><li class=\"share-facebook\"><a rel=\"nofollow noopener noreferrer\" data-shared=\"sharing-facebook-8337\" class=\"share-facebook sd-button share-icon no-text\" href=\"https:\/\/bukkleader.hu\/old\/megjelent-a-helyi-fejlesztesek-tamogatasa-vp6-19-2-1-15-10-21-helyi-felhivas\/?share=facebook\" target=\"_blank\" title=\"Click to share on Facebook\"><span><\/span><span class=\"sharing-screen-reader-text\">Click to share on Facebook (Opens in new window)<\/span><\/a><\/li><li class=\"share-twitter\"><a rel=\"nofollow noopener noreferrer\" data-shared=\"sharing-twitter-8337\" class=\"share-twitter sd-button share-icon no-text\" href=\"https:\/\/bukkleader.hu\/old\/megjelent-a-helyi-fejlesztesek-tamogatasa-vp6-19-2-1-15-10-21-helyi-felhivas\/?share=twitter\" target=\"_blank\" title=\"Click to share on Twitter\"><span><\/span><span class=\"sharing-screen-reader-text\">Click to share on Twitter (Opens in new window)<\/span><\/a><\/li><li class=\"share-print\"><a rel=\"nofollow noopener noreferrer\" data-shared=\"\" class=\"share-print sd-button share-icon no-text\" href=\"https:\/\/bukkleader.hu\/old\/megjelent-a-helyi-fejlesztesek-tamogatasa-vp6-19-2-1-15-10-21-helyi-felhivas\/\" target=\"_blank\" title=\"Click to print\"><span><\/span><span class=\"sharing-screen-reader-text\">Click to print (Opens in new window)<\/span><\/a><\/li><li class=\"share-email\"><a rel=\"nofollow noopener noreferrer\" data-shared=\"\" class=\"share-email sd-button share-icon no-text\" href=\"https:\/\/bukkleader.hu\/old\/megjelent-a-helyi-fejlesztesek-tamogatasa-vp6-19-2-1-15-10-21-helyi-felhivas\/?share=email\" target=\"_blank\" title=\"Click to email this to a friend\"><span><\/span><span class=\"sharing-screen-reader-text\">Click to email this to a friend (Opens in new window)<\/span><\/a><\/li><li class=\"share-end\"><\/li><\/ul><\/div><\/div><\/div>","protected":false},"author":4,"featured_media":1775,"comment_status":"closed","ping_status":"closed","sticky":false,"template":"","format":"standard","meta":{"_bbp_topic_count":0,"_bbp_reply_count":0,"_bbp_total_topic_count":0,"_bbp_total_reply_count":0,"_bbp_voice_count":0,"_bbp_anonymous_reply_count":0,"_bbp_topic_count_hidden":0,"_bbp_reply_count_hidden":0,"_bbp_forum_subforum_count":0,"spay_email":"","jetpack_publicize_message":"","jetpack_is_tweetstorm":false,"jetpack_publicize_feature_enabled":true},"categories":[1],"tags":[],"jetpack_featured_media_url":"https:\/\/bukkleader.hu\/old\/wp-content\/uploads\/2018\/08\/p\u00e1ly\u00e1zati-felh\u00edv\u00e1s.jpg","jetpack_publicize_connections":[],"jetpack_sharing_enabled":true,"jetpack-related-posts":[{"id":2449,"url":"https:\/\/bukkleader.hu\/old\/megjelent-a-turisztikai-szolgaltatasok-fejlesztese-vp6-19-2-1-15-9-20-helyi-felhivas\/","url_meta":{"origin":8337,"position":0},"title":"Megjelent a TURISZTIKAI SZOLG\u00c1LTAT\u00c1SOK FEJLESZT\u00c9SE (VP6-19.2.1.-15-9-20) helyi felh\u00edv\u00e1s!","date":"2020-02-25","format":false,"excerpt":"Megjelent a TURISZTIKAI SZOLG\u00c1LTAT\u00c1SOK FEJLESZT\u00c9SE (VP6-19.2.1.-15-9-20) helyi felh\u00edv\u00e1s! A felh\u00edv\u00e1s \u00e9s mell\u00e9kletei let\u00f6lthet\u0151k a Magyar \u00c1llamkincst\u00e1r honlapj\u00e1r\u00f3l: https:\/\/e-kerelem.mvh.allamkincstar.gov.hu\/enter\/leaderbongeszo\/leaderBongeszo.xhtml (A linkre l\u00e9pve Helyi Akci\u00f3csoportn\u00e1l v\u00e1lassz\u00e1k ki a leg\u00f6rd\u00fcl\u0151 men\u00fcb\u0151l a B\u00fckk-T\u00e9rs\u00e9gi LEADER Egyes\u00fcletet, vagy a Telep\u00fcl\u00e9sn\u00e9l a megval\u00f3s\u00edt\u00e1s tervezett helysz\u00edn\u00e9t. A megjelen\u0151 list\u00e1b\u00f3l a \"Turisztikai szolg\u00e1ltat\u00e1sok fejleszt\u00e9se c\u00edm\u0171\" felh\u00edv\u00e1s a relev\u00e1ns.\u2026","rel":"","context":"In &quot;Dokumentumok&quot;","img":{"alt_text":"","src":"https:\/\/i0.wp.com\/bukkleader.hu\/old\/wp-content\/uploads\/2018\/08\/p\u00e1ly\u00e1zati-felh\u00edv\u00e1s.jpg?resize=350%2C200&ssl=1","width":350,"height":200},"classes":[]},{"id":1483,"url":"https:\/\/bukkleader.hu\/old\/tisztelt-palyazok-modosultak-2018-01-02-tol-benyujthato-helyi-felhivasok\/","url_meta":{"origin":8337,"position":1},"title":"Tisztelt P\u00e1ly\u00e1z\u00f3k! M\u00f3dosultak a 2018.01.02-t\u00f3l beny\u00fajthat\u00f3 helyi felh\u00edv\u00e1sok.","date":"2017-12-21","format":false,"excerpt":"A M\u00daLT, JELEN, \u00c9S A J\u00d6V\u0150 MESTERS\u00c9GEINEK FEJLESZT\u00c9SE (VP6-19.2.1.-15-5-17) helyi felh\u00edv\u00e1s eset\u00e9ben:\u00a0\u00a04.1. T\u00e1mogat\u00e1st ig\u00e9nyl\u0151k k\u00f6re\u00a01.b. alpontja m\u00f3dosult, a 4.2. T\u00e1mogat\u00e1sban nem r\u00e9szes\u00edthet\u0151k k\u00f6re kieg\u00e9sz\u00fclt az e) alponttal valamint a 6.1. Csatoland\u00f3 mell\u00e9kletek k\u00f6z\u00fcl\u00a0 \"A felh\u00edv\u00e1s\u00a04.4.2.\/3. pontj\u00e1hoz tartoz\u00f3 Tartalmi \u00e9rt\u00e9kel\u00e9si szempontokat al\u00e1t\u00e1maszt\u00f3 igazol\u00e1sok, nyilatkozatok, dokumentumok\" e) alpontja m\u00f3dosult. A B\u00dcKKI \u00c9S\u2026","rel":"","context":"In &quot;H\u00edreink, k\u00f6zlem\u00e9nyeink&quot;","img":{"alt_text":"","src":"https:\/\/i2.wp.com\/bukkleader.hu\/old\/wp-content\/uploads\/2017\/12\/danger.png?resize=350%2C200&ssl=1","width":350,"height":200},"classes":[]},{"id":8473,"url":"https:\/\/bukkleader.hu\/old\/palyazok-figyelmebe-modosult-a-helyi-fejlesztesek-tamogatasa-cimu-felhivas\/","url_meta":{"origin":8337,"position":2},"title":"P\u00e1ly\u00e1z\u00f3k figyelm\u00e9be! M\u00f3dosult a Helyi Fejleszt\u00e9sek T\u00e1mogat\u00e1sa c\u00edm\u0171 felh\u00edv\u00e1s!","date":"2021-09-20","format":false,"excerpt":"P\u00e1ly\u00e1z\u00f3k figyelm\u00e9be! M\u00f3dosult a Helyi Fejleszt\u00e9sek T\u00e1mogat\u00e1sa c\u00edm\u0171 felh\u00edv\u00e1s! T\u00e1j\u00e9koztatjuk a t\u00e1mogat\u00e1si k\u00e9relmet beny\u00fajtani sz\u00e1nd\u00e9koz\u00f3kat, hogy m\u00f3dosult a VP6-19.2.1.-15-10-21 k\u00f3dsz\u00e1m\u00fa, Helyi Fejleszt\u00e9sek T\u00e1mogat\u00e1sa c\u00edm\u0171 felh\u00edv\u00e1s 4.3. pontja. A m\u00f3dos\u00edt\u00e1s szerint a 2. szakasz z\u00e1r\u00f3 napja 2021. 09. 25. Ennek alapj\u00e1n t\u00e1mogat\u00e1si k\u00e9relmet 2021. 09. 25-ig lehet beny\u00fajtani.","rel":"","context":"In &quot;H\u00edreink, k\u00f6zlem\u00e9nyeink&quot;","img":{"alt_text":"","src":"https:\/\/i2.wp.com\/bukkleader.hu\/old\/wp-content\/uploads\/2019\/08\/warning-icon-free-28_384x384.jpg?resize=350%2C200&ssl=1","width":350,"height":200},"classes":[]},{"id":1815,"url":"https:\/\/bukkleader.hu\/old\/palyazok-figyelmebe-valtoztak-a-helyi-felhivasok\/","url_meta":{"origin":8337,"position":3},"title":"P\u00e1ly\u00e1z\u00f3k figyelm\u00e9be! M\u00f3dosultak a helyi felh\u00edv\u00e1sok.","date":"2018-10-19","format":false,"excerpt":"Tisztelt P\u00e1ly\u00e1z\u00f3k! A B\u00fckk-T\u00e9rs\u00e9gi LEADER Egyes\u00fclet helyi felh\u00edv\u00e1sai 2018. 10. 18-t\u00f3l, az al\u00e1bbiak szerint v\u00e1ltoztak: \u00a0\u00a0\u00a0 VP6-19.2.1.-15-1-17 (Leader Tudomka Pont) \u00a0\u00a0\u00a0\u00a0VP6-19.2.1.-15-2-17 (Leader Tudomka Falu) \u00a0\u00a0\u00a0\u00a0VP6-19.2.1.-15-3-17 (Leader Tudomka Tematikus K\u00f6zpontok) \u00a0\u00a0\u00a0\u00a0VP6-19.2.1.-15-5-17 (A m\u00falt-, a jelen \u00e9s a j\u00f6v\u0151 mesters\u00e9geinek fejleszt\u00e9se)) \u00a0\u00a0\u00a0\u00a0VP6-19.2.1.-15-7-17 (Saj\u00f3-, Hern\u00e1d-v\u00f6lgyi bolg\u00e1rkert\u00e9szet) \u00a0\u00a0\u00a0\u00a0VP6-19.2.1.-15-8-17 (Temetkez\u00e9si hagyom\u00e1nyok)\u00a0 \u00a0\u00a0\u00a0\u00a0Valamennyi fenti helyi felh\u00edv\u00e1s\u2026","rel":"","context":"In &quot;H\u00edreink, k\u00f6zlem\u00e9nyeink&quot;","img":{"alt_text":"","src":"https:\/\/i2.wp.com\/bukkleader.hu\/old\/wp-content\/uploads\/2017\/12\/danger.png?resize=350%2C200&ssl=1","width":350,"height":200},"classes":[]},{"id":2529,"url":"https:\/\/bukkleader.hu\/old\/figyelem-modosult-a-turisztikai-szolgaltatasok-fejlesztese-vp6-19-2-1-15-9-20-helyi-felhivas\/","url_meta":{"origin":8337,"position":4},"title":"Figyelem! M\u00f3dosult a Turisztikai Szolg\u00e1ltat\u00e1sok Fejleszt\u00e9se (VP6-19.2.1.-15-9-20) helyi felh\u00edv\u00e1s","date":"2020-04-21","format":false,"excerpt":"Tisztelt T\u00e1mogat\u00e1st Ig\u00e9nyl\u0151k! M\u00f3dosult a TURISZTIKAI SZOLG\u00c1LTAT\u00c1SOK FEJLESZT\u00c9SE (VP6-19.2.1.-15-9-20) felh\u00edv\u00e1s\u00a04.3. pontja - \u00e9rt\u00e9kel\u00e9si hat\u00e1rnapok. A m\u00e1sodik szakasz z\u00e1r\u00e1sa\u00a0 2020. 05. 10.-r\u0151l 2020. 04. 30.-ra v\u00e1ltozott.","rel":"","context":"In &quot;H\u00edreink, k\u00f6zlem\u00e9nyeink&quot;","img":{"alt_text":"","src":"https:\/\/i2.wp.com\/bukkleader.hu\/old\/wp-content\/uploads\/2017\/12\/danger.png?resize=350%2C200&ssl=1","width":350,"height":200},"classes":[]},{"id":1774,"url":"https:\/\/bukkleader.hu\/old\/a-bukk-tersegi-leader-egyesulet-alabbi-helyi-felhivasaira-lehet-meg-palyazatokat-benyujtani\/","url_meta":{"origin":8337,"position":5},"title":"A B\u00fckk-T\u00e9rs\u00e9gi LEADER Egyes\u00fclet al\u00e1bbi helyi felh\u00edv\u00e1saira lehet m\u00e9g p\u00e1ly\u00e1zatokat beny\u00fajtani","date":"2018-08-15","format":false,"excerpt":"Tisztelt P\u00e1ly\u00e1z\u00f3k! A B\u00fckk-T\u00e9rs\u00e9gi LEADER Egyes\u00fclet\u00a0 al\u00e1bbi helyi felh\u00edv\u00e1saira lehet m\u00e9g p\u00e1ly\u00e1zatokat beny\u00fajtani: \u00a0\u00a0\u00a0\u00a0A LEADER TUDOMKA PONTOK KIALAK\u00cdT\u00c1SA\u00a0(VP6-19.2.1.-15-1-17) \u00a0\u00a0\u00a0\u00a0A LEADER TUDOMKA FALVAK FEJLESZT\u00c9SE\u00a0(VP6-19.2.1.-15-2-17) \u00a0\u00a0\u00a0\u00a0A LEADER TUDOMKA TEMATIKUS K\u00d6ZPONTOK L\u00c9TES\u00cdT\u00c9S\u00c9NEK T\u00c1MOGAT\u00c1SA\u00a0(VP6-19.2.1.-15-3-17) \u00a0 \u00a0\u00a0A\u00a0M\u00daLT, JELEN \u00c9S A J\u00d6V\u0150 MESTERS\u00c9GEINEK FEJLESZT\u00c9SE\u00a0(VP6-19.2.1.-15-5-17) \u00a0\u00a0\u00a0\u00a0B\u00dcKKI \u00c9S B\u00dcKKL\u00c1BI R\u00c9TEGVIZEK HASZNOS\u00cdT\u00c1S\u00c1NAK FEJLESZT\u00c9SE\u00a0(VP6-19.2.1.-15-6-17) \u00a0\u00a0\u00a0\u00a0SAJ\u00d3 - HERN\u00c1D V\u00d6LGYI BOLG\u00c1RKERT\u00c9SZETI HAGYOM\u00c1NYOK\u2026","rel":"","context":"In &quot;H\u00edreink, k\u00f6zlem\u00e9nyeink&quot;","img":{"alt_text":"","src":"https:\/\/i2.wp.com\/bukkleader.hu\/old\/wp-content\/uploads\/2018\/08\/p\u00e1ly\u00e1zati-lehet\u0151s\u00e9gek.3.jpg?resize=350%2C200&ssl=1","width":350,"height":200},"classes":[]}],"_links":{"self":[{"href":"https:\/\/bukkleader.hu\/old\/wp-json\/wp\/v2\/posts\/8337"}],"collection":[{"href":"https:\/\/bukkleader.hu\/old\/wp-json\/wp\/v2\/posts"}],"about":[{"href":"https:\/\/bukkleader.hu\/old\/wp-json\/wp\/v2\/types\/post"}],"author":[{"embeddable":true,"href":"https:\/\/bukkleader.hu\/old\/wp-json\/wp\/v2\/users\/4"}],"replies":[{"embeddable":true,"href":"https:\/\/bukkleader.hu\/old\/wp-json\/wp\/v2\/comments?post=8337"}],"version-history":[{"count":1,"href":"https:\/\/bukkleader.hu\/old\/wp-json\/wp\/v2\/posts\/8337\/revisions"}],"predecessor-version":[{"id":8339,"href":"https:\/\/bukkleader.hu\/old\/wp-json\/wp\/v2\/posts\/8337\/revisions\/8339"}],"wp:featuredmedia":[{"embeddable":true,"href":"https:\/\/bukkleader.hu\/old\/wp-json\/wp\/v2\/media\/1775"}],"wp:attachment":[{"href":"https:\/\/bukkleader.hu\/old\/wp-json\/wp\/v2\/media?parent=8337"}],"wp:term":[{"taxonomy":"category","embeddable":true,"href":"https:\/\/bukkleader.hu\/old\/wp-json\/wp\/v2\/categories?post=8337"},{"taxonomy":"post_tag","embeddable":true,"href":"https:\/\/bukkleader.hu\/old\/wp-json\/wp\/v2\/tags?post=8337"}],"curies":[{"name":"wp","href":"https:\/\/api.w.org\/{rel}","templated":true}]}}