{"id":8296,"date":"2021-07-07T15:37:18","date_gmt":"2021-07-07T13:37:18","guid":{"rendered":"https:\/\/bukkleader.hu\/old\/?p=8296"},"modified":"2021-07-07T15:39:07","modified_gmt":"2021-07-07T13:39:07","slug":"borsodi-vagta-2021-hernadkakonleader-tudomka-falvak-fejlesztese-leader-tamogatassal-2021-08-07","status":"publish","type":"post","link":"https:\/\/bukkleader.hu\/old\/borsodi-vagta-2021-hernadkakonleader-tudomka-falvak-fejlesztese-leader-tamogatassal-2021-08-07\/","title":{"rendered":"Borsodi V\u00e1gta 2021 Hern\u00e1dkakon LEADER TUDOMKA Falvak Fejleszt\u00e9se LEADER t\u00e1mogat\u00e1ssal 2021.08.07."},"content":{"rendered":"<p>A <strong>Hern\u00e1dkak- Belegr\u00e1d Fejleszt\u00e9s\u00e9\u00e9rt Alap\u00edtv\u00e1ny\u00a0<\/strong>(eln\u00f6ke <strong>Bodn\u00e1r Mariann<\/strong>) tisztelettel megh\u00edvja \u00d6n\u00f6ket a\u00a0<strong>2021. augusztus 07-\u00e9n Hern\u00e1dkakon\u00a0<\/strong>tartand\u00f3, LEADER t\u00e1mogat\u00e1ssal megval\u00f3sul\u00f3\u00a0<strong>Borsodi V\u00e1gta 2021\u00a0<\/strong>c\u00edm\u0171 rendezv\u00e9ny\u00e9re. A program let\u00f6lthet\u0151 <a href=\"https:\/\/bukkleader.hu\/old\/wp-content\/uploads\/2021\/07\/Hern\u00e1dkak-Alap\u00edtv\u00e1ny-megh\u00edv\u00f3-jav\u00edtott-m\u00e1solata.pdf\" target=\"_blank\" rel=\"noopener\"><span style=\"text-decoration: underline;\">itt<\/span><\/a>\u00a0pdf-ben.<\/p>\n<p><img data-attachment-id=\"8297\" data-permalink=\"https:\/\/bukkleader.hu\/old\/borsodi-vagta-2021-hernadkakonleader-tudomka-falvak-fejlesztese-leader-tamogatassal-2021-08-07\/hernadkak-alapitvany-meghivo-javitott_page-0001\/\" data-orig-file=\"https:\/\/bukkleader.hu\/old\/wp-content\/uploads\/2021\/07\/Hern\u00e1dkak-Alap\u00edtv\u00e1ny-megh\u00edv\u00f3-jav\u00edtott_page-0001.jpg\" data-orig-size=\"1241,1755\" data-comments-opened=\"0\" data-image-meta=\"{&quot;aperture&quot;:&quot;0&quot;,&quot;credit&quot;:&quot;&quot;,&quot;camera&quot;:&quot;&quot;,&quot;caption&quot;:&quot;&quot;,&quot;created_timestamp&quot;:&quot;0&quot;,&quot;copyright&quot;:&quot;&quot;,&quot;focal_length&quot;:&quot;0&quot;,&quot;iso&quot;:&quot;0&quot;,&quot;shutter_speed&quot;:&quot;0&quot;,&quot;title&quot;:&quot;&quot;,&quot;orientation&quot;:&quot;0&quot;}\" data-image-title=\"Hern\u00e1dkak Alap\u00edtv\u00e1ny megh\u00edv\u00f3 jav\u00edtott_page-0001\" data-image-description=\"\" data-image-caption=\"\" data-medium-file=\"https:\/\/bukkleader.hu\/old\/wp-content\/uploads\/2021\/07\/Hern\u00e1dkak-Alap\u00edtv\u00e1ny-megh\u00edv\u00f3-jav\u00edtott_page-0001-212x300.jpg\" data-large-file=\"https:\/\/bukkleader.hu\/old\/wp-content\/uploads\/2021\/07\/Hern\u00e1dkak-Alap\u00edtv\u00e1ny-megh\u00edv\u00f3-jav\u00edtott_page-0001-724x1024.jpg\" loading=\"lazy\" class=\"aligncenter size-full wp-image-8297\" src=\"https:\/\/bukkleader.hu\/old\/wp-content\/uploads\/2021\/07\/Hern\u00e1dkak-Alap\u00edtv\u00e1ny-megh\u00edv\u00f3-jav\u00edtott_page-0001.jpg\" alt=\"\" width=\"1241\" height=\"1755\" srcset=\"https:\/\/bukkleader.hu\/old\/wp-content\/uploads\/2021\/07\/Hern\u00e1dkak-Alap\u00edtv\u00e1ny-megh\u00edv\u00f3-jav\u00edtott_page-0001.jpg 1241w, https:\/\/bukkleader.hu\/old\/wp-content\/uploads\/2021\/07\/Hern\u00e1dkak-Alap\u00edtv\u00e1ny-megh\u00edv\u00f3-jav\u00edtott_page-0001-212x300.jpg 212w, https:\/\/bukkleader.hu\/old\/wp-content\/uploads\/2021\/07\/Hern\u00e1dkak-Alap\u00edtv\u00e1ny-megh\u00edv\u00f3-jav\u00edtott_page-0001-768x1086.jpg 768w, https:\/\/bukkleader.hu\/old\/wp-content\/uploads\/2021\/07\/Hern\u00e1dkak-Alap\u00edtv\u00e1ny-megh\u00edv\u00f3-jav\u00edtott_page-0001-724x1024.jpg 724w\" sizes=\"(max-width: 1241px) 100vw, 1241px\" \/><\/p>\n<p><img data-attachment-id=\"8298\" data-permalink=\"https:\/\/bukkleader.hu\/old\/borsodi-vagta-2021-hernadkakonleader-tudomka-falvak-fejlesztese-leader-tamogatassal-2021-08-07\/hernadkak-alapitvany-meghivo-javitott_page-0002\/\" data-orig-file=\"https:\/\/bukkleader.hu\/old\/wp-content\/uploads\/2021\/07\/Hern\u00e1dkak-Alap\u00edtv\u00e1ny-megh\u00edv\u00f3-jav\u00edtott_page-0002.jpg\" data-orig-size=\"1241,1755\" data-comments-opened=\"0\" data-image-meta=\"{&quot;aperture&quot;:&quot;0&quot;,&quot;credit&quot;:&quot;&quot;,&quot;camera&quot;:&quot;&quot;,&quot;caption&quot;:&quot;&quot;,&quot;created_timestamp&quot;:&quot;0&quot;,&quot;copyright&quot;:&quot;&quot;,&quot;focal_length&quot;:&quot;0&quot;,&quot;iso&quot;:&quot;0&quot;,&quot;shutter_speed&quot;:&quot;0&quot;,&quot;title&quot;:&quot;&quot;,&quot;orientation&quot;:&quot;0&quot;}\" data-image-title=\"Hern\u00e1dkak Alap\u00edtv\u00e1ny megh\u00edv\u00f3 jav\u00edtott_page-0002\" data-image-description=\"\" data-image-caption=\"\" data-medium-file=\"https:\/\/bukkleader.hu\/old\/wp-content\/uploads\/2021\/07\/Hern\u00e1dkak-Alap\u00edtv\u00e1ny-megh\u00edv\u00f3-jav\u00edtott_page-0002-212x300.jpg\" data-large-file=\"https:\/\/bukkleader.hu\/old\/wp-content\/uploads\/2021\/07\/Hern\u00e1dkak-Alap\u00edtv\u00e1ny-megh\u00edv\u00f3-jav\u00edtott_page-0002-724x1024.jpg\" loading=\"lazy\" class=\"aligncenter size-full wp-image-8298\" src=\"https:\/\/bukkleader.hu\/old\/wp-content\/uploads\/2021\/07\/Hern\u00e1dkak-Alap\u00edtv\u00e1ny-megh\u00edv\u00f3-jav\u00edtott_page-0002.jpg\" alt=\"\" width=\"1241\" height=\"1755\" srcset=\"https:\/\/bukkleader.hu\/old\/wp-content\/uploads\/2021\/07\/Hern\u00e1dkak-Alap\u00edtv\u00e1ny-megh\u00edv\u00f3-jav\u00edtott_page-0002.jpg 1241w, https:\/\/bukkleader.hu\/old\/wp-content\/uploads\/2021\/07\/Hern\u00e1dkak-Alap\u00edtv\u00e1ny-megh\u00edv\u00f3-jav\u00edtott_page-0002-212x300.jpg 212w, https:\/\/bukkleader.hu\/old\/wp-content\/uploads\/2021\/07\/Hern\u00e1dkak-Alap\u00edtv\u00e1ny-megh\u00edv\u00f3-jav\u00edtott_page-0002-768x1086.jpg 768w, https:\/\/bukkleader.hu\/old\/wp-content\/uploads\/2021\/07\/Hern\u00e1dkak-Alap\u00edtv\u00e1ny-megh\u00edv\u00f3-jav\u00edtott_page-0002-724x1024.jpg 724w\" sizes=\"(max-width: 1241px) 100vw, 1241px\" \/><\/p>\n<div class=\"sharedaddy sd-sharing-enabled\"><div class=\"robots-nocontent sd-block sd-social sd-social-icon sd-sharing\"><h3 class=\"sd-title\">Share this:<\/h3><div class=\"sd-content\"><ul><li class=\"share-facebook\"><a rel=\"nofollow noopener noreferrer\" data-shared=\"sharing-facebook-8296\" class=\"share-facebook sd-button share-icon no-text\" href=\"https:\/\/bukkleader.hu\/old\/borsodi-vagta-2021-hernadkakonleader-tudomka-falvak-fejlesztese-leader-tamogatassal-2021-08-07\/?share=facebook\" target=\"_blank\" title=\"Click to share on Facebook\"><span><\/span><span class=\"sharing-screen-reader-text\">Click to share on Facebook (Opens in new window)<\/span><\/a><\/li><li class=\"share-twitter\"><a rel=\"nofollow noopener noreferrer\" data-shared=\"sharing-twitter-8296\" class=\"share-twitter sd-button share-icon no-text\" href=\"https:\/\/bukkleader.hu\/old\/borsodi-vagta-2021-hernadkakonleader-tudomka-falvak-fejlesztese-leader-tamogatassal-2021-08-07\/?share=twitter\" target=\"_blank\" title=\"Click to share on Twitter\"><span><\/span><span class=\"sharing-screen-reader-text\">Click to share on Twitter (Opens in new window)<\/span><\/a><\/li><li class=\"share-print\"><a rel=\"nofollow noopener noreferrer\" data-shared=\"\" class=\"share-print sd-button share-icon no-text\" href=\"https:\/\/bukkleader.hu\/old\/borsodi-vagta-2021-hernadkakonleader-tudomka-falvak-fejlesztese-leader-tamogatassal-2021-08-07\/\" target=\"_blank\" title=\"Click to print\"><span><\/span><span class=\"sharing-screen-reader-text\">Click to print (Opens in new window)<\/span><\/a><\/li><li class=\"share-email\"><a rel=\"nofollow noopener noreferrer\" data-shared=\"\" class=\"share-email sd-button share-icon no-text\" href=\"https:\/\/bukkleader.hu\/old\/borsodi-vagta-2021-hernadkakonleader-tudomka-falvak-fejlesztese-leader-tamogatassal-2021-08-07\/?share=email\" target=\"_blank\" title=\"Click to email this to a friend\"><span><\/span><span class=\"sharing-screen-reader-text\">Click to email this to a friend (Opens in new window)<\/span><\/a><\/li><li class=\"share-end\"><\/li><\/ul><\/div><\/div><\/div>","protected":false},"excerpt":{"rendered":"<p>A Hern\u00e1dkak- Belegr\u00e1d Fejleszt\u00e9s\u00e9\u00e9rt Alap\u00edtv\u00e1ny\u00a0(eln\u00f6ke Bodn\u00e1r Mariann) tisztelettel megh\u00edvja \u00d6n\u00f6ket a\u00a02021. augusztus 07-\u00e9n Hern\u00e1dkakon\u00a0tartand\u00f3, LEADER t\u00e1mogat\u00e1ssal megval\u00f3sul\u00f3\u00a0Borsodi V\u00e1gta 2021\u00a0c\u00edm\u0171 rendezv\u00e9ny\u00e9re. A program let\u00f6lthet\u0151 itt\u00a0pdf-ben.<\/p>\n<div class=\"sharedaddy sd-sharing-enabled\"><div class=\"robots-nocontent sd-block sd-social sd-social-icon sd-sharing\"><h3 class=\"sd-title\">Share this:<\/h3><div class=\"sd-content\"><ul><li class=\"share-facebook\"><a rel=\"nofollow noopener noreferrer\" data-shared=\"sharing-facebook-8296\" class=\"share-facebook sd-button share-icon no-text\" href=\"https:\/\/bukkleader.hu\/old\/borsodi-vagta-2021-hernadkakonleader-tudomka-falvak-fejlesztese-leader-tamogatassal-2021-08-07\/?share=facebook\" target=\"_blank\" title=\"Click to share on Facebook\"><span><\/span><span class=\"sharing-screen-reader-text\">Click to share on Facebook (Opens in new window)<\/span><\/a><\/li><li class=\"share-twitter\"><a rel=\"nofollow noopener noreferrer\" data-shared=\"sharing-twitter-8296\" class=\"share-twitter sd-button share-icon no-text\" href=\"https:\/\/bukkleader.hu\/old\/borsodi-vagta-2021-hernadkakonleader-tudomka-falvak-fejlesztese-leader-tamogatassal-2021-08-07\/?share=twitter\" target=\"_blank\" title=\"Click to share on Twitter\"><span><\/span><span class=\"sharing-screen-reader-text\">Click to share on Twitter (Opens in new window)<\/span><\/a><\/li><li class=\"share-print\"><a rel=\"nofollow noopener noreferrer\" data-shared=\"\" class=\"share-print sd-button share-icon no-text\" href=\"https:\/\/bukkleader.hu\/old\/borsodi-vagta-2021-hernadkakonleader-tudomka-falvak-fejlesztese-leader-tamogatassal-2021-08-07\/\" target=\"_blank\" title=\"Click to print\"><span><\/span><span class=\"sharing-screen-reader-text\">Click to print (Opens in new window)<\/span><\/a><\/li><li class=\"share-email\"><a rel=\"nofollow noopener noreferrer\" data-shared=\"\" class=\"share-email sd-button share-icon no-text\" href=\"https:\/\/bukkleader.hu\/old\/borsodi-vagta-2021-hernadkakonleader-tudomka-falvak-fejlesztese-leader-tamogatassal-2021-08-07\/?share=email\" target=\"_blank\" title=\"Click to email this to a friend\"><span><\/span><span class=\"sharing-screen-reader-text\">Click to email this to a friend (Opens in new window)<\/span><\/a><\/li><li class=\"share-end\"><\/li><\/ul><\/div><\/div><\/div>","protected":false},"author":4,"featured_media":2223,"comment_status":"closed","ping_status":"closed","sticky":false,"template":"","format":"standard","meta":{"_bbp_topic_count":0,"_bbp_reply_count":0,"_bbp_total_topic_count":0,"_bbp_total_reply_count":0,"_bbp_voice_count":0,"_bbp_anonymous_reply_count":0,"_bbp_topic_count_hidden":0,"_bbp_reply_count_hidden":0,"_bbp_forum_subforum_count":0,"spay_email":"","jetpack_publicize_message":"","jetpack_is_tweetstorm":false,"jetpack_publicize_feature_enabled":true},"categories":[1,31,29],"tags":[],"jetpack_featured_media_url":"https:\/\/bukkleader.hu\/old\/wp-content\/uploads\/2019\/08\/huszarok.jpg","jetpack_publicize_connections":[],"jetpack_sharing_enabled":true,"jetpack-related-posts":[{"id":8347,"url":"https:\/\/bukkleader.hu\/old\/kisamerika-cserepfaluban-cimu-rendezveny-leader-tudomka-falvak-fejlesztese-leader-tamogatassal-2021-09-04-tibolddaroc\/","url_meta":{"origin":8296,"position":0},"title":"\u201eKisamerika Cser\u00e9pfaluban\u201d c\u00edm\u0171 rendezv\u00e9ny LEADER Tudomka Falvak Fejleszt\u00e9se LEADER t\u00e1mogat\u00e1ssal 2021. 09. 04. Tibolddar\u00f3c","date":"2021-08-04","format":false,"excerpt":"A Szalak\u00f3ta Egyes\u00fclet tisztelettel megh\u00edvja \u00d6nt a LEADER Tudomka Falvak fejleszt\u00e9se projekt \u201eKisamerika Cser\u00e9pfaluban\u201d c\u00edm\u0171 rendezv\u00e9ny\u00e9re. A megh\u00edv\u00f3 \u00e9s a program let\u00f6lthet\u0151 itt \u00e9s itt.","rel":"","context":"In &quot;H\u00edreink, k\u00f6zlem\u00e9nyeink&quot;","img":{"alt_text":"","src":"https:\/\/i0.wp.com\/bukkleader.hu\/old\/wp-content\/uploads\/2016\/09\/tibolddar\u00f3c-2.jpg?resize=350%2C200&ssl=1","width":350,"height":200},"classes":[]},{"id":6003,"url":"https:\/\/bukkleader.hu\/old\/tibolddaroc-kozseg-onkormanyzata-tisztelettel-meghivja-ont-a-szent-donat-borunnepe-tibolddarocon-leader-tudomka-falvak-fejlesztese-cimmel-megrendezesre-kerulo-ketnapos-programjara\/","url_meta":{"origin":8296,"position":1},"title":"\u201eSzent Don\u00e1t Bor\u00fcnnepe Tibolddar\u00f3con\u201d LEADER Tudomka Falvak Fejleszt\u00e9se LEADER t\u00e1mogat\u00e1ssal 2021. 07. 30-31.","date":"2021-06-25","format":false,"excerpt":"Tibolddar\u00f3c K\u00f6zs\u00e9g \u00d6nkorm\u00e1nyzata\u00a0tisztelettel megh\u00edvja \u00d6n\u00f6ket\u00a02021. j\u00falius 30-31.-\u00e9n\u00a0tartand\u00f3, LEADER t\u00e1mogat\u00e1ssal megval\u00f3sul\u00f3\u00a0\u201cSzent Don\u00e1t Bor\u00fcnnepe Tibolddar\u00f3con\u201d\u00a0c\u00edm\u0171 rendezv\u00e9ny\u00e9re. A r\u00e9szletes program (a megh\u00edv\u00f3 \u00e9s a program PDF-ben let\u00f6lthet\u0151 itt):","rel":"","context":"In &quot;H\u00edreink, k\u00f6zlem\u00e9nyeink&quot;","img":{"alt_text":"","src":"https:\/\/i1.wp.com\/bukkleader.hu\/old\/wp-content\/uploads\/2019\/08\/szuret.jpg?resize=350%2C200&ssl=1","width":350,"height":200},"classes":[]},{"id":2760,"url":"https:\/\/bukkleader.hu\/old\/5-borsodi-huszar-levente-kadet-tabor-kisgyorben-leader-tamogatassal-2020-09-25-27\/","url_meta":{"origin":8296,"position":2},"title":"5. BORSODI HUSZ\u00c1R Levente\/kad\u00e9t t\u00e1bor Kisgy\u0151rben LEADER t\u00e1mogat\u00e1ssal &#8211; 2020.09.25-27.","date":"2020-08-24","format":false,"excerpt":"A\u00a0Borsod-Aba\u00faj-Zempl\u00e9n Megyei Husz\u00e1r \u00e9s Lovas Hagyom\u00e1ny\u0151rz\u0151 Egyes\u00fclet\u00a0tisztelettel megh\u00edvja \u00d6n\u00f6ket\u00a02020. szeptember 25-26-27-\u00e9n\u00a0(p\u00e9ntek-vas\u00e1rnap) tartand\u00f3, LEADER t\u00e1mogat\u00e1ssal megval\u00f3sul\u00f3 \u201c5. BORSODI HUSZ\u00c1R Levente\/kad\u00e9t t\u00e1bor\u201d c\u00edm\u0171 programj\u00e1ra. A r\u00e9szletes program:","rel":"","context":"In &quot;H\u00edreink, k\u00f6zlem\u00e9nyeink&quot;","img":{"alt_text":"","src":"https:\/\/i0.wp.com\/bukkleader.hu\/old\/wp-content\/uploads\/2019\/08\/huszarok.jpg?resize=350%2C200&ssl=1","width":350,"height":200},"classes":[]},{"id":2679,"url":"https:\/\/bukkleader.hu\/old\/huszar-levente-kadet-tabor-kisgyorben-leader-tamogatassal\/","url_meta":{"origin":8296,"position":3},"title":"Husz\u00e1r levente\/kad\u00e9t t\u00e1bor Kisgy\u0151rben LEADER t\u00e1mogat\u00e1ssal","date":"2020-07-11","format":false,"excerpt":"A Borsod-Aba\u00faj-Zempl\u00e9n Megyei Husz\u00e1r \u00e9s Lovas Hagyom\u00e1ny\u0151rz\u0151 Egyes\u00fclet tisztelettel megh\u00edvja \u00d6n\u00f6ket 2020. augusztus 7-8-9-\u00e9n (p\u00e9ntek-vas\u00e1rnap) tartand\u00f3, LEADER t\u00e1mogat\u00e1ssal megval\u00f3sul\u00f3 \"4. BORSODI HUSZ\u00c1R Levente\/kad\u00e9t t\u00e1bor\" c\u00edm\u0171 programj\u00e1ra. A r\u00e9szletes program:","rel":"","context":"In &quot;H\u00edreink, k\u00f6zlem\u00e9nyeink&quot;","img":{"alt_text":"","src":"https:\/\/i0.wp.com\/bukkleader.hu\/old\/wp-content\/uploads\/2019\/08\/huszarok.jpg?resize=350%2C200&ssl=1","width":350,"height":200},"classes":[]},{"id":5865,"url":"https:\/\/bukkleader.hu\/old\/kozepkori-kezmuves-vasar-dedestapolcsanyban-leader-tamogatassal-2021-05-22-23\/","url_meta":{"origin":8296,"position":4},"title":"K\u00f6z\u00e9pkori K\u00e9zm\u0171ves V\u00e1s\u00e1r D\u00e9destapolcs\u00e1nyban LEADER t\u00e1mogat\u00e1ssal 2021.05.22-23.","date":"2021-04-20","format":false,"excerpt":"Figyelem! A rendezv\u00e9ny id\u0151pontja megv\u00e1ltozott. R\u00e9szletek itt. *** D\u00e9destapolcs\u00e1ny K\u00f6zs\u00e9g \u00d6nkorm\u00e1nyzata tisztelettel megh\u00edvja \u00d6n\u00f6ket 2021. m\u00e1jus 22-23-\u00e1n (szombat-vas\u00e1rnap) D\u00e9destapolcs\u00e1nyban tartand\u00f3, LEADER t\u00e1mogat\u00e1ssal megval\u00f3sul\u00f3 \u201eK\u00f6z\u00e9pkori K\u00e9zm\u0171ves V\u00e1s\u00e1r\u201d c\u00edm\u0171 rendezv\u00e9ny\u00e9re az al\u00e1bbiak szerint (a program PDF-ben let\u00f6lthet\u0151 itt):","rel":"","context":"In &quot;H\u00edreink, k\u00f6zlem\u00e9nyeink&quot;","img":{"alt_text":"","src":"https:\/\/i2.wp.com\/bukkleader.hu\/old\/wp-content\/uploads\/2016\/12\/D\u00e9destapolcs\u00e1ny.jpg?resize=350%2C200&ssl=1","width":350,"height":200},"classes":[]},{"id":8317,"url":"https:\/\/bukkleader.hu\/old\/tudomka-falu-program-lebonyolitasa-kisgyorbenleader-tudomka-falu-altal-szervezett-rendezveny-2021-08-28-kisgyor\/","url_meta":{"origin":8296,"position":5},"title":"&#8220;Tudomka falu program lebonyol\u00edt\u00e1sa Kisgy\u0151rben&#8221;LEADER Tudomka falu \u00e1ltal szervezett rendezv\u00e9ny 2021.08.28. Kisgy\u0151r","date":"2021-07-28","format":false,"excerpt":"Kisgy\u0151r k\u00f6zs\u00e9g polg\u00e1rmestere, K\u00e9kedi L\u00e1szl\u00f3 Vilmos tisztelettel megh\u00edvja \u00d6n\u00f6ket \"Tudomka falu program lebonyol\u00edt\u00e1sa Kisgy\u0151rben\" megnevez\u00e9s\u0171 rendezv\u00e9nyre. A megh\u00edv\u00f3 \u00e9s a program pdf-ben let\u00f6lthet\u0151 itt.","rel":"","context":"In &quot;H\u00edreink, k\u00f6zlem\u00e9nyeink&quot;","img":{"alt_text":"","src":"https:\/\/i1.wp.com\/bukkleader.hu\/old\/wp-content\/uploads\/2020\/09\/fazekas.jpg?resize=350%2C200&ssl=1","width":350,"height":200},"classes":[]}],"_links":{"self":[{"href":"https:\/\/bukkleader.hu\/old\/wp-json\/wp\/v2\/posts\/8296"}],"collection":[{"href":"https:\/\/bukkleader.hu\/old\/wp-json\/wp\/v2\/posts"}],"about":[{"href":"https:\/\/bukkleader.hu\/old\/wp-json\/wp\/v2\/types\/post"}],"author":[{"embeddable":true,"href":"https:\/\/bukkleader.hu\/old\/wp-json\/wp\/v2\/users\/4"}],"replies":[{"embeddable":true,"href":"https:\/\/bukkleader.hu\/old\/wp-json\/wp\/v2\/comments?post=8296"}],"version-history":[{"count":3,"href":"https:\/\/bukkleader.hu\/old\/wp-json\/wp\/v2\/posts\/8296\/revisions"}],"predecessor-version":[{"id":8302,"href":"https:\/\/bukkleader.hu\/old\/wp-json\/wp\/v2\/posts\/8296\/revisions\/8302"}],"wp:featuredmedia":[{"embeddable":true,"href":"https:\/\/bukkleader.hu\/old\/wp-json\/wp\/v2\/media\/2223"}],"wp:attachment":[{"href":"https:\/\/bukkleader.hu\/old\/wp-json\/wp\/v2\/media?parent=8296"}],"wp:term":[{"taxonomy":"category","embeddable":true,"href":"https:\/\/bukkleader.hu\/old\/wp-json\/wp\/v2\/categories?post=8296"},{"taxonomy":"post_tag","embeddable":true,"href":"https:\/\/bukkleader.hu\/old\/wp-json\/wp\/v2\/tags?post=8296"}],"curies":[{"name":"wp","href":"https:\/\/api.w.org\/{rel}","templated":true}]}}