{"id":782,"date":"2016-01-13T16:00:40","date_gmt":"2016-01-13T15:00:40","guid":{"rendered":"https:\/\/bukkleader.hu\/old\/?p=782"},"modified":"2016-11-03T07:49:52","modified_gmt":"2016-11-03T06:49:52","slug":"tervezesi-forum-bocs","status":"publish","type":"post","link":"https:\/\/bukkleader.hu\/old\/tervezesi-forum-bocs\/","title":{"rendered":"MEGH\u00cdV\u00d3 &#8211; Tervez\u00e9si F\u00f3rum &#8211; B\u0151cs"},"content":{"rendered":"<p>Tisztelettel megh\u00edvjuk \u00d6n\u00f6ket a 2016. janu\u00e1r 21-\u00e9n, 09 \u00f3r\u00e1t\u00f3l tartand\u00f3 fejleszt\u00e9si f\u00f3rumunkra.<\/p>\n<p>\u00a0Megh\u00edv\u00f3 let\u00f6lt\u00e9se itt &gt;&gt;\u00a0<a href=\"https:\/\/bukkleader.hu\/old\/wp-content\/uploads\/2016\/01\/megh\u00edv\u00f3-janu\u00e1r-21..pdf\">megh\u00edv\u00f3 janu\u00e1r 21.<\/a><\/p>\n<div class=\"sharedaddy sd-sharing-enabled\"><div class=\"robots-nocontent sd-block sd-social sd-social-icon sd-sharing\"><h3 class=\"sd-title\">Share this:<\/h3><div class=\"sd-content\"><ul><li class=\"share-facebook\"><a rel=\"nofollow noopener noreferrer\" data-shared=\"sharing-facebook-782\" class=\"share-facebook sd-button share-icon no-text\" href=\"https:\/\/bukkleader.hu\/old\/tervezesi-forum-bocs\/?share=facebook\" target=\"_blank\" title=\"Click to share on Facebook\"><span><\/span><span class=\"sharing-screen-reader-text\">Click to share on Facebook (Opens in new window)<\/span><\/a><\/li><li class=\"share-twitter\"><a rel=\"nofollow noopener noreferrer\" data-shared=\"sharing-twitter-782\" class=\"share-twitter sd-button share-icon no-text\" href=\"https:\/\/bukkleader.hu\/old\/tervezesi-forum-bocs\/?share=twitter\" target=\"_blank\" title=\"Click to share on Twitter\"><span><\/span><span class=\"sharing-screen-reader-text\">Click to share on Twitter (Opens in new window)<\/span><\/a><\/li><li class=\"share-print\"><a rel=\"nofollow noopener noreferrer\" data-shared=\"\" class=\"share-print sd-button share-icon no-text\" href=\"https:\/\/bukkleader.hu\/old\/tervezesi-forum-bocs\/\" target=\"_blank\" title=\"Click to print\"><span><\/span><span class=\"sharing-screen-reader-text\">Click to print (Opens in new window)<\/span><\/a><\/li><li class=\"share-email\"><a rel=\"nofollow noopener noreferrer\" data-shared=\"\" class=\"share-email sd-button share-icon no-text\" href=\"https:\/\/bukkleader.hu\/old\/tervezesi-forum-bocs\/?share=email\" target=\"_blank\" title=\"Click to email this to a friend\"><span><\/span><span class=\"sharing-screen-reader-text\">Click to email this to a friend (Opens in new window)<\/span><\/a><\/li><li class=\"share-end\"><\/li><\/ul><\/div><\/div><\/div>","protected":false},"excerpt":{"rendered":"<p>Tisztelettel megh\u00edvjuk \u00d6n\u00f6ket a 2016. janu\u00e1r 21-\u00e9n, 09 \u00f3r\u00e1t\u00f3l tartand\u00f3 fejleszt\u00e9si f\u00f3rumunkra. \u00a0Megh\u00edv\u00f3 let\u00f6lt\u00e9se itt &gt;&gt;\u00a0megh\u00edv\u00f3 janu\u00e1r 21.<\/p>\n<div class=\"sharedaddy sd-sharing-enabled\"><div class=\"robots-nocontent sd-block sd-social sd-social-icon sd-sharing\"><h3 class=\"sd-title\">Share this:<\/h3><div class=\"sd-content\"><ul><li class=\"share-facebook\"><a rel=\"nofollow noopener noreferrer\" data-shared=\"sharing-facebook-782\" class=\"share-facebook sd-button share-icon no-text\" href=\"https:\/\/bukkleader.hu\/old\/tervezesi-forum-bocs\/?share=facebook\" target=\"_blank\" title=\"Click to share on Facebook\"><span><\/span><span class=\"sharing-screen-reader-text\">Click to share on Facebook (Opens in new window)<\/span><\/a><\/li><li class=\"share-twitter\"><a rel=\"nofollow noopener noreferrer\" data-shared=\"sharing-twitter-782\" class=\"share-twitter sd-button share-icon no-text\" href=\"https:\/\/bukkleader.hu\/old\/tervezesi-forum-bocs\/?share=twitter\" target=\"_blank\" title=\"Click to share on Twitter\"><span><\/span><span class=\"sharing-screen-reader-text\">Click to share on Twitter (Opens in new window)<\/span><\/a><\/li><li class=\"share-print\"><a rel=\"nofollow noopener noreferrer\" data-shared=\"\" class=\"share-print sd-button share-icon no-text\" href=\"https:\/\/bukkleader.hu\/old\/tervezesi-forum-bocs\/\" target=\"_blank\" title=\"Click to print\"><span><\/span><span class=\"sharing-screen-reader-text\">Click to print (Opens in new window)<\/span><\/a><\/li><li class=\"share-email\"><a rel=\"nofollow noopener noreferrer\" data-shared=\"\" class=\"share-email sd-button share-icon no-text\" href=\"https:\/\/bukkleader.hu\/old\/tervezesi-forum-bocs\/?share=email\" target=\"_blank\" title=\"Click to email this to a friend\"><span><\/span><span class=\"sharing-screen-reader-text\">Click to email this to a friend (Opens in new window)<\/span><\/a><\/li><li class=\"share-end\"><\/li><\/ul><\/div><\/div><\/div>","protected":false},"author":4,"featured_media":1194,"comment_status":"open","ping_status":"closed","sticky":false,"template":"","format":"standard","meta":{"_bbp_topic_count":0,"_bbp_reply_count":0,"_bbp_total_topic_count":0,"_bbp_total_reply_count":0,"_bbp_voice_count":0,"_bbp_anonymous_reply_count":0,"_bbp_topic_count_hidden":0,"_bbp_reply_count_hidden":0,"_bbp_forum_subforum_count":0,"spay_email":"","jetpack_publicize_message":"","jetpack_is_tweetstorm":false,"jetpack_publicize_feature_enabled":true},"categories":[1],"tags":[],"jetpack_featured_media_url":"https:\/\/bukkleader.hu\/old\/wp-content\/uploads\/2016\/01\/b\u0151cs-faluh\u00e1z.jpg","jetpack_publicize_connections":[],"jetpack_sharing_enabled":true,"jetpack-related-posts":[{"id":299,"url":"https:\/\/bukkleader.hu\/old\/letolthetok-a-hacs-2013-januar-24-i-kozgyulesen-elhangzott-eloadasok-bemutatoi\/","url_meta":{"origin":782,"position":0},"title":"Let\u00f6lthet\u0151k a HACS 2013. janu\u00e1r 24-i k\u00f6zgy\u0171l\u00e9s\u00e9n elhangzott el\u0151ad\u00e1sok bemutat\u00f3i","date":"2013-01-30","format":false,"excerpt":"Az al\u00e1bbiakban linkeken let\u00f6lthet\u0151k a B\u00fckk-T\u00e9rs\u00e9gi LEADER Egyes\u00fclet 2013. janu\u00e1r 24-i k\u00f6zgy\u0171l\u00e9s\u00e9n\u00a0(megh\u00edv\u00f3, napirendi pontok >>) elhangzott el\u0151ad\u00e1sok bemutat\u00f3i:A B\u00fckk-T\u00e9rs\u00e9gi LEADER Egyes\u00fclet 2012. \u00e1prilis 26. \u2013 2012. december 31. k\u00f6z\u00f6tt el\u00e9rt eredm\u00e9nyei (T\u00f3th J. S\u00e1ndor szakmai aleln\u00f6k) -Let\u00f6lt\u00e9s >>T\u00e1j\u00e9koztat\u00f3 az EMVA III-IV. p\u00e1ly\u00e1zatok megval\u00f3s\u00edt\u00e1s\u00e1ra vonatkoz\u00f3 el\u0151\u00edr\u00e1sokr\u00f3l (Hajdu Istv\u00e1n munkaszervezet vezet\u0151) -\u2026","rel":"","context":"In &quot;H\u00edreink, k\u00f6zlem\u00e9nyeink&quot;","img":{"alt_text":"bukk-leader-logo-w","src":"https:\/\/i2.wp.com\/bukkleader.hu\/old\/wp-content\/uploads\/2015\/09\/bukk-leader-logo-w.jpg?resize=350%2C200&ssl=1","width":350,"height":200},"classes":[]},{"id":8897,"url":"https:\/\/bukkleader.hu\/old\/tematikus-tudomka-kozpont-kepzese-tard-2022-07-21\/","url_meta":{"origin":782,"position":1},"title":"TEMATIKUS TUDOMKA K\u00d6ZPONT k\u00e9pz\u00e9se &#8211; Tard, 2022.07.21.","date":"2022-07-06","format":false,"excerpt":"A B\u00fckki Kapt\u00e1rk\u0151 Tan\u00e1csad\u00f3 \u00e9s Szolg\u00e1ltat\u00f3 Szoci\u00e1lis Sz\u00f6vetkezet tisztelettel megh\u00edvja \u00d6n\u00f6ket turisztikai egy\u00fcttm\u0171k\u00f6d\u00e9sek \u00e9s fejleszt\u00e9sek megval\u00f3s\u00edt\u00e1sa t\u00e1rgy\u00e1ban tartand\u00f3 k\u00e9pz\u00e9s\u00e9re. A megh\u00edv\u00f3 pdf-ben let\u00f6lthet\u0151 itt.","rel":"","context":"In &quot;H\u00edreink, k\u00f6zlem\u00e9nyeink&quot;","img":{"alt_text":"","src":"https:\/\/i2.wp.com\/bukkleader.hu\/old\/wp-content\/uploads\/2022\/07\/kepzes-kep-2.jpg?resize=350%2C200&ssl=1","width":350,"height":200},"classes":[]},{"id":8904,"url":"https:\/\/bukkleader.hu\/old\/tematikus-tudomka-kozpont-foruma-tard-2022-07-21\/","url_meta":{"origin":782,"position":2},"title":"TEMATIKUS TUDOMKA K\u00d6ZPONT f\u00f3ruma &#8211; Tard, 2022.07.21.","date":"2022-07-06","format":false,"excerpt":"A B\u00fckki Kapt\u00e1rk\u0151 Tan\u00e1csad\u00f3 \u00e9s Szolg\u00e1ltat\u00f3 Szoci\u00e1lis Sz\u00f6vetkezet tisztelettel megh\u00edvja \u00d6n\u00f6ket a turisztikai egy\u00fcttm\u0171k\u00f6d\u00e9sek \u00e9s fejleszt\u00e9sek megval\u00f3s\u00edt\u00e1sa t\u00e1rgy\u00e1ban tartand\u00f3 f\u00f3rum\u00e1ra. A megh\u00edv\u00f3 pdf-ben let\u00f6lthet\u0151 itt.","rel":"","context":"In &quot;H\u00edreink, k\u00f6zlem\u00e9nyeink&quot;","img":{"alt_text":"","src":"https:\/\/i1.wp.com\/bukkleader.hu\/old\/wp-content\/uploads\/2022\/07\/Lovas-kep-3.jpg?resize=350%2C200&ssl=1","width":350,"height":200},"classes":[]},{"id":369,"url":"https:\/\/bukkleader.hu\/old\/kozgyulest-tart-a-bukk-tersegi-leader-egyesulet\/","url_meta":{"origin":782,"position":3},"title":"K\u00f6zgy\u0171l\u00e9st tart a B\u00fckk-T\u00e9rs\u00e9gi LEADER Egyes\u00fclet","date":"2014-01-31","format":false,"excerpt":"T\u00e1j\u00e9koztatjuk a tisztelt HACS tagokat, hogy a B\u00fckk-T\u00e9rs\u00e9gi LEADER Egyes\u00fclet a soron k\u00f6vetkez\u0151 k\u00f6zgy\u0171l\u00e9s\u00e9t 2014. janu\u00e1r 31-\u00e9n, 14:00 \u00f3rai kezdettel Ny\u00e9kl\u00e1dh\u00e1z\u00e1n, a Furmann Imre M\u0171vel\u0151d\u00e9si H\u00e1zban (Kossuth u. 56.) tartja meg.\u00a0A k\u00f6zgy\u0171l\u00e9s tervezett napirendje:1. Besz\u00e1mol\u00f3 a 2013\/2. f\u00e9l\u00e9vi LEADER t\u00e1mogat\u00e1si id\u0151szak eredm\u00e9nyeir\u0151l. (20 perc)2. Az Egyes\u00fclet Alapszab\u00e1ly\u00e1nak m\u00f3dos\u00edt\u00e1sa az \u00faj\u2026","rel":"","context":"In &quot;H\u00edreink, k\u00f6zlem\u00e9nyeink&quot;","img":{"alt_text":"bukk-leader-logo-w","src":"https:\/\/i2.wp.com\/bukkleader.hu\/old\/wp-content\/uploads\/2015\/09\/bukk-leader-logo-w.jpg?resize=350%2C200&ssl=1","width":350,"height":200},"classes":[]},{"id":288,"url":"https:\/\/bukkleader.hu\/old\/figyelem-december-31-en-lejar-az-egyes-kifizetesi-kerelmek-benyujtasanak-modositott-hatarideje\/","url_meta":{"origin":782,"position":4},"title":"FIGYELEM! December 31-\u00e9n lej\u00e1r az egyes kifizet\u00e9si k\u00e9relmek beny\u00fajt\u00e1s\u00e1nak m\u00f3dos\u00edtott hat\u00e1rideje","date":"2012-12-12","format":false,"excerpt":"A 76\/2012. (VII. 27.) VM rendelet alapj\u00e1n az egyes jogc\u00edmeken megv\u00e1ltoztak az els\u0151 kifizet\u00e9si k\u00e9relem beny\u00fajt\u00e1s\u00e1ra vonatkoz\u00f3 szab\u00e1lyok az el\u0151\u00edrt felt\u00e9telek teljes\u00fcl\u00e9se mellett. \u00a0A m\u00f3dos\u00edt\u00e1s \u00e9rtelm\u00e9ben az \u00fcgyf\u00e9l 2012. december 31-\u00e9ig ny\u00fajthatja be els\u0151 kifizet\u00e9si k\u00e9relmet, amellyel olyan kiad\u00e1s is elsz\u00e1mol\u00e1sra ker\u00fcl, amely nem min\u0151s\u00fcl egy\u00e9b elsz\u00e1molhat\u00f3 kiad\u00e1snak, amennyiben azels\u0151\u2026","rel":"","context":"In &quot;H\u00edreink, k\u00f6zlem\u00e9nyeink&quot;","img":{"alt_text":"felki\u00e1llt\u00f3 jel","src":"https:\/\/i0.wp.com\/bukkleader.hu\/old\/wp-content\/uploads\/2012\/06\/felkialto-jel384w.jpg?resize=350%2C200&ssl=1","width":350,"height":200},"classes":[]},{"id":4260,"url":"https:\/\/bukkleader.hu\/old\/szakmai-beszamolo-2020-januar-1-2020-marcius-31-idoszak-tevekenysegerol\/","url_meta":{"origin":782,"position":5},"title":"Szakmai besz\u00e1mol\u00f3 2020. janu\u00e1r 1. \u2013 2020. m\u00e1rcius 31. id\u0151szak tev\u00e9kenys\u00e9g\u00e9r\u0151l","date":"2020-04-20","format":false,"excerpt":"Szakmai besz\u00e1mol\u00f3 2020. janu\u00e1r 1. \u2013 2020. m\u00e1rcius 31. id\u0151szak tev\u00e9kenys\u00e9g\u00e9r\u0151l. Megtekinthet\u0151 itt >>","rel":"","context":"In &quot;2020&quot;","img":{"alt_text":"","src":"","width":0,"height":0},"classes":[]}],"_links":{"self":[{"href":"https:\/\/bukkleader.hu\/old\/wp-json\/wp\/v2\/posts\/782"}],"collection":[{"href":"https:\/\/bukkleader.hu\/old\/wp-json\/wp\/v2\/posts"}],"about":[{"href":"https:\/\/bukkleader.hu\/old\/wp-json\/wp\/v2\/types\/post"}],"author":[{"embeddable":true,"href":"https:\/\/bukkleader.hu\/old\/wp-json\/wp\/v2\/users\/4"}],"replies":[{"embeddable":true,"href":"https:\/\/bukkleader.hu\/old\/wp-json\/wp\/v2\/comments?post=782"}],"version-history":[{"count":1,"href":"https:\/\/bukkleader.hu\/old\/wp-json\/wp\/v2\/posts\/782\/revisions"}],"predecessor-version":[{"id":785,"href":"https:\/\/bukkleader.hu\/old\/wp-json\/wp\/v2\/posts\/782\/revisions\/785"}],"wp:featuredmedia":[{"embeddable":true,"href":"https:\/\/bukkleader.hu\/old\/wp-json\/wp\/v2\/media\/1194"}],"wp:attachment":[{"href":"https:\/\/bukkleader.hu\/old\/wp-json\/wp\/v2\/media?parent=782"}],"wp:term":[{"taxonomy":"category","embeddable":true,"href":"https:\/\/bukkleader.hu\/old\/wp-json\/wp\/v2\/categories?post=782"},{"taxonomy":"post_tag","embeddable":true,"href":"https:\/\/bukkleader.hu\/old\/wp-json\/wp\/v2\/tags?post=782"}],"curies":[{"name":"wp","href":"https:\/\/api.w.org\/{rel}","templated":true}]}}