{"id":769,"date":"2016-01-04T12:55:04","date_gmt":"2016-01-04T11:55:04","guid":{"rendered":"https:\/\/bukkleader.hu\/old\/?p=769"},"modified":"2016-01-04T12:56:40","modified_gmt":"2016-01-04T11:56:40","slug":"tisztelt-tagjaink-kerjuk-hogy-a-telepulesukon-mukodo-kommunikacios-csatornakon-ezt-a-hirdetmenyt-legyenek-szivesek-kozze-tenni","status":"publish","type":"post","link":"https:\/\/bukkleader.hu\/old\/tisztelt-tagjaink-kerjuk-hogy-a-telepulesukon-mukodo-kommunikacios-csatornakon-ezt-a-hirdetmenyt-legyenek-szivesek-kozze-tenni\/","title":{"rendered":"Tisztelt Tagjaink! K\u00e9rj\u00fck, hogy a telep\u00fcl\u00e9s\u00fck\u00f6n m\u0171k\u00f6d\u0151  kommunik\u00e1ci\u00f3s csatorn\u00e1kon ezt a hirdetm\u00e9nyt legyenek sz\u00edvesek k\u00f6zz\u00e9 tenni."},"content":{"rendered":"<p>Tisztelt Tagjaink!<br \/>K\u00e9rj\u00fck, hogy a telep\u00fcl\u00e9s\u00fck\u00f6n m\u0171k\u00f6d\u0151\u00a0 kommunik\u00e1ci\u00f3s csatorn\u00e1kon ezt a hirdetm\u00e9nyt legyenek sz\u00edvesek k\u00f6zz\u00e9 tenni.<br \/><a href=\"https:\/\/bukkleader.hu\/old\/wp-content\/uploads\/2016\/01\/Felh\u00edv\u00e1s1.pdf\">Felh\u00edv\u00e1s<\/a><\/p>\n<div class=\"sharedaddy sd-sharing-enabled\"><div class=\"robots-nocontent sd-block sd-social sd-social-icon sd-sharing\"><h3 class=\"sd-title\">Share this:<\/h3><div class=\"sd-content\"><ul><li class=\"share-facebook\"><a rel=\"nofollow noopener noreferrer\" data-shared=\"sharing-facebook-769\" class=\"share-facebook sd-button share-icon no-text\" href=\"https:\/\/bukkleader.hu\/old\/tisztelt-tagjaink-kerjuk-hogy-a-telepulesukon-mukodo-kommunikacios-csatornakon-ezt-a-hirdetmenyt-legyenek-szivesek-kozze-tenni\/?share=facebook\" target=\"_blank\" title=\"Click to share on Facebook\"><span><\/span><span class=\"sharing-screen-reader-text\">Click to share on Facebook (Opens in new window)<\/span><\/a><\/li><li class=\"share-twitter\"><a rel=\"nofollow noopener noreferrer\" data-shared=\"sharing-twitter-769\" class=\"share-twitter sd-button share-icon no-text\" href=\"https:\/\/bukkleader.hu\/old\/tisztelt-tagjaink-kerjuk-hogy-a-telepulesukon-mukodo-kommunikacios-csatornakon-ezt-a-hirdetmenyt-legyenek-szivesek-kozze-tenni\/?share=twitter\" target=\"_blank\" title=\"Click to share on Twitter\"><span><\/span><span class=\"sharing-screen-reader-text\">Click to share on Twitter (Opens in new window)<\/span><\/a><\/li><li class=\"share-print\"><a rel=\"nofollow noopener noreferrer\" data-shared=\"\" class=\"share-print sd-button share-icon no-text\" href=\"https:\/\/bukkleader.hu\/old\/tisztelt-tagjaink-kerjuk-hogy-a-telepulesukon-mukodo-kommunikacios-csatornakon-ezt-a-hirdetmenyt-legyenek-szivesek-kozze-tenni\/\" target=\"_blank\" title=\"Click to print\"><span><\/span><span class=\"sharing-screen-reader-text\">Click to print (Opens in new window)<\/span><\/a><\/li><li class=\"share-email\"><a rel=\"nofollow noopener noreferrer\" data-shared=\"\" class=\"share-email sd-button share-icon no-text\" href=\"https:\/\/bukkleader.hu\/old\/tisztelt-tagjaink-kerjuk-hogy-a-telepulesukon-mukodo-kommunikacios-csatornakon-ezt-a-hirdetmenyt-legyenek-szivesek-kozze-tenni\/?share=email\" target=\"_blank\" title=\"Click to email this to a friend\"><span><\/span><span class=\"sharing-screen-reader-text\">Click to email this to a friend (Opens in new window)<\/span><\/a><\/li><li class=\"share-end\"><\/li><\/ul><\/div><\/div><\/div>","protected":false},"excerpt":{"rendered":"<p>Tisztelt Tagjaink!K\u00e9rj\u00fck, hogy a telep\u00fcl\u00e9s\u00fck\u00f6n m\u0171k\u00f6d\u0151\u00a0 kommunik\u00e1ci\u00f3s csatorn\u00e1kon ezt a hirdetm\u00e9nyt legyenek sz\u00edvesek k\u00f6zz\u00e9 tenni.Felh\u00edv\u00e1s<\/p>\n<div class=\"sharedaddy sd-sharing-enabled\"><div class=\"robots-nocontent sd-block sd-social sd-social-icon sd-sharing\"><h3 class=\"sd-title\">Share this:<\/h3><div class=\"sd-content\"><ul><li class=\"share-facebook\"><a rel=\"nofollow noopener noreferrer\" data-shared=\"sharing-facebook-769\" class=\"share-facebook sd-button share-icon no-text\" href=\"https:\/\/bukkleader.hu\/old\/tisztelt-tagjaink-kerjuk-hogy-a-telepulesukon-mukodo-kommunikacios-csatornakon-ezt-a-hirdetmenyt-legyenek-szivesek-kozze-tenni\/?share=facebook\" target=\"_blank\" title=\"Click to share on Facebook\"><span><\/span><span class=\"sharing-screen-reader-text\">Click to share on Facebook (Opens in new window)<\/span><\/a><\/li><li class=\"share-twitter\"><a rel=\"nofollow noopener noreferrer\" data-shared=\"sharing-twitter-769\" class=\"share-twitter sd-button share-icon no-text\" href=\"https:\/\/bukkleader.hu\/old\/tisztelt-tagjaink-kerjuk-hogy-a-telepulesukon-mukodo-kommunikacios-csatornakon-ezt-a-hirdetmenyt-legyenek-szivesek-kozze-tenni\/?share=twitter\" target=\"_blank\" title=\"Click to share on Twitter\"><span><\/span><span class=\"sharing-screen-reader-text\">Click to share on Twitter (Opens in new window)<\/span><\/a><\/li><li class=\"share-print\"><a rel=\"nofollow noopener noreferrer\" data-shared=\"\" class=\"share-print sd-button share-icon no-text\" href=\"https:\/\/bukkleader.hu\/old\/tisztelt-tagjaink-kerjuk-hogy-a-telepulesukon-mukodo-kommunikacios-csatornakon-ezt-a-hirdetmenyt-legyenek-szivesek-kozze-tenni\/\" target=\"_blank\" title=\"Click to print\"><span><\/span><span class=\"sharing-screen-reader-text\">Click to print (Opens in new window)<\/span><\/a><\/li><li class=\"share-email\"><a rel=\"nofollow noopener noreferrer\" data-shared=\"\" class=\"share-email sd-button share-icon no-text\" href=\"https:\/\/bukkleader.hu\/old\/tisztelt-tagjaink-kerjuk-hogy-a-telepulesukon-mukodo-kommunikacios-csatornakon-ezt-a-hirdetmenyt-legyenek-szivesek-kozze-tenni\/?share=email\" target=\"_blank\" title=\"Click to email this to a friend\"><span><\/span><span class=\"sharing-screen-reader-text\">Click to email this to a friend (Opens in new window)<\/span><\/a><\/li><li class=\"share-end\"><\/li><\/ul><\/div><\/div><\/div>","protected":false},"author":4,"featured_media":771,"comment_status":"open","ping_status":"closed","sticky":false,"template":"","format":"standard","meta":{"_bbp_topic_count":0,"_bbp_reply_count":0,"_bbp_total_topic_count":0,"_bbp_total_reply_count":0,"_bbp_voice_count":0,"_bbp_anonymous_reply_count":0,"_bbp_topic_count_hidden":0,"_bbp_reply_count_hidden":0,"_bbp_forum_subforum_count":0,"spay_email":"","jetpack_publicize_message":"","jetpack_is_tweetstorm":false,"jetpack_publicize_feature_enabled":true},"categories":[1],"tags":[],"jetpack_featured_media_url":"https:\/\/bukkleader.hu\/old\/wp-content\/uploads\/2016\/01\/dualis-k\u00e9pz\u00e9s-szt.-istvan-e..jpg","jetpack_publicize_connections":[],"jetpack_sharing_enabled":true,"jetpack-related-posts":[{"id":777,"url":"https:\/\/bukkleader.hu\/old\/meghivo-forumra-kistokaj\/","url_meta":{"origin":769,"position":0},"title":"MEGH\u00cdV\u00d3 F\u00f3rumra &#8211; Kistokaj","date":"2016-01-11","format":false,"excerpt":"Tisztelt Tagjaink!Tisztelettel megh\u00edvjuk \u00d6n\u00f6ket a csatolt megh\u00edv\u00f3ban szerepl\u0151 rendezv\u00e9nyre. K\u00e9rj\u00fck r\u00e9szv\u00e9teli sz\u00e1nd\u00e9kukat e-mailen jelezni sz\u00edveskedjenek!Megh\u00edv\u00f3 let\u00f6lt\u00e9se itt >>Megh\u00edv\u00f3\u00a0","rel":"","context":"In &quot;H\u00edreink, k\u00f6zlem\u00e9nyeink&quot;","img":{"alt_text":"","src":"https:\/\/i2.wp.com\/bukkleader.hu\/old\/wp-content\/uploads\/2016\/01\/kistokaj-\u00c1MK.jpg?resize=350%2C200&ssl=1","width":350,"height":200},"classes":[]},{"id":787,"url":"https:\/\/bukkleader.hu\/old\/hirdetmeny-felvetel-mezogazdasagi-mernok-alapkepzesi-programra\/","url_meta":{"origin":769,"position":1},"title":"Felv\u00e9teli hirdetm\u00e9ny! LEADER du\u00e1lis mez\u0151gazdas\u00e1gi m\u00e9rn\u00f6k alapk\u00e9pz\u00e9si programra","date":"2016-01-20","format":false,"excerpt":"HIRDETM\u00c9NY! Felv\u00e9tel LEADER du\u00e1lis mez\u0151gazdas\u00e1gi m\u00e9rn\u00f6k alapk\u00e9pz\u00e9si programra\u00a0Hirdetm\u00e9ny let\u00f6lt\u00e9se itt >>LEADER mez\u0151gazdas\u00e1gi m\u00e9rn\u00f6k 2016.","rel":"","context":"In &quot;H\u00edreink, k\u00f6zlem\u00e9nyeink&quot;","img":{"alt_text":"","src":"https:\/\/i2.wp.com\/bukkleader.hu\/old\/wp-content\/uploads\/2016\/01\/dualis-21.jpeg?resize=350%2C200&ssl=1","width":350,"height":200},"classes":[]},{"id":1622,"url":"https:\/\/bukkleader.hu\/old\/segedlet-besorolt-telepulesek-listaja\/","url_meta":{"origin":769,"position":2},"title":"Seg\u00e9dlet &#8211; a besorolt telep\u00fcl\u00e9sek list\u00e1ja","date":"2018-03-06","format":false,"excerpt":"Tisztelt P\u00e1ly\u00e1z\u00f3k! Seg\u00e9dletet helyezt\u00fcnk el a LEADER FELH\u00cdV\u00c1SOK men\u00fcpont alatt, amely a 290\/2014 (XI.26) Korm\u00e1nyrendelet szerinti besorolt j\u00e1r\u00e1sokba tartoz\u00f3 telep\u00fcl\u00e9seket \u00e9s a 105\/2015. (VI:23.) Korm\u00e1nyrendelet szerinti besorolt telep\u00fcl\u00e9seket tartalmazza.\u00a0 A seg\u00e9dlet alapj\u00e1n meg\u00e1llap\u00edthat\u00f3 a projektek megval\u00f3s\u00edt\u00e1s\u00e1nak hely\u00e9n a t\u00e1mogat\u00e1s intenzit\u00e1sa.\u00a0 Telep\u00fcl\u00e9s lista>>>","rel":"","context":"In &quot;H\u00edreink, k\u00f6zlem\u00e9nyeink&quot;","img":{"alt_text":"","src":"https:\/\/i1.wp.com\/bukkleader.hu\/old\/wp-content\/uploads\/2018\/03\/telep\u00fcl\u00e9s.jpg?resize=350%2C200&ssl=1","width":350,"height":200},"classes":[]},{"id":225,"url":"https:\/\/bukkleader.hu\/old\/mvh-ertesites\/","url_meta":{"origin":769,"position":3},"title":"MVH \u00e9rtes\u00edt\u00e9s &#8211; enged\u00e9lyek beny\u00fajt\u00e1si hat\u00e1rideje 2015.09.30.","date":"2015-09-22","format":false,"excerpt":"Tisztelt P\u00e1ly\u00e1z\u00f3! Felh\u00edvjuk sz\u00edves figyelm\u00e9t, hogy az EMVA-b\u00f3l t\u00e1rsfinansz\u00edrozott beruh\u00e1z\u00e1si jogc\u00edmek eset\u00e9n a j\u00f3v\u00e1hagyott, enged\u00e9lyk\u00f6teles tev\u00e9kenys\u00e9ghez kapcsol\u00f3d\u00f3 beruh\u00e1z\u00e1sokhoz sz\u00fcks\u00e9ges joger\u0151s enged\u00e9lyeket (haszn\u00e1latbav\u00e9teli enged\u00e9ly, m\u0171k\u00f6d\u00e9si enged\u00e9ly, egy\u00e9b, a jogszab\u00e1ly \u00e1ltal k\u00f6telez\u0151en beny\u00fajtand\u00f3 enged\u00e9ly) \u00e9s min\u0151s\u00edt\u00e9st igazol\u00f3 dokumentumokat (falusi sz\u00e1ll\u00e1shelyek 4 napraforg\u00f3s min\u0151s\u00edt\u00e9se, lovas szolg\u00e1ltat\u00f3k 3 patk\u00f3s min\u0151s\u00edt\u00e9se) 2015. szeptember 30-ig be\u2026","rel":"","context":"In &quot;H\u00edreink, k\u00f6zlem\u00e9nyeink&quot;","img":{"alt_text":"mhv-logo","src":"https:\/\/i2.wp.com\/bukkleader.hu\/old\/wp-content\/uploads\/2015\/09\/mvh-logo-w.jpg?resize=350%2C200&ssl=1","width":350,"height":200},"classes":[]},{"id":5829,"url":"https:\/\/bukkleader.hu\/old\/felhivas-a-legjobb-onkormanyzati-gyakorlatok-2021-evi-palyazatara\/","url_meta":{"origin":769,"position":4},"title":"Felh\u00edv\u00e1s a Legjobb \u00d6nkorm\u00e1nyzati Gyakorlatok 2021. \u00e9vi p\u00e1ly\u00e1zat\u00e1ra","date":"2021-04-09","format":false,"excerpt":"Tisztelt \u00d6nkorm\u00e1nyzatok! A Telep\u00fcl\u00e9si \u00d6nkorm\u00e1nyzatok Orsz\u00e1gos Sz\u00f6vets\u00e9ge felh\u00edv\u00e1st tett k\u00f6zz\u00e9 a Legjobb \u00d6nkorm\u00e1nyzati Gyakorlatok 2021. \u00e9vi p\u00e1ly\u00e1zat\u00e1ra. R\u00e9szletek:\u00a0http:\/\/xn--tosz-5qa.hu\/news\/681\/73\/Felhivas-a-ToOSZ-Legjobb-onkormanyzati-Gyakorlatok-Programja-2021-evi-palyazatara\/?fbclid=IwAR21wFWgSfh1I70H70oNySnNmpraVRYMo6DMBi8dH9C25lbAEN-Qgvm6rE8","rel":"","context":"In &quot;H\u00edreink, k\u00f6zlem\u00e9nyeink&quot;","img":{"alt_text":"","src":"https:\/\/i0.wp.com\/bukkleader.hu\/old\/wp-content\/uploads\/2020\/09\/Tard2.jpg?resize=350%2C200&ssl=1","width":350,"height":200},"classes":[]},{"id":365,"url":"https:\/\/bukkleader.hu\/old\/hogyan-tervezzunk-2014-2020\/","url_meta":{"origin":769,"position":5},"title":"&#8220;Hogyan tervezz\u00fcnk? &#8211; 2014-2020&#8221;","date":"2013-11-19","format":false,"excerpt":"A B\u00fckk-T\u00e9rs\u00e9gi LEADER Egyes\u00fclet az elm\u00falt hetekben, december h\u00f3nap k\u00f6zep\u00e9ig telep\u00fcl\u00e9si szakmai f\u00f3rumokat szervez, melyek f\u0151 t\u00e9m\u00e1ja: \"hogyan kell v\u00e1llalkoz\u00e1sunkat, nonprofit szervezet\u00fcnket, egyh\u00e1zunkat, \u00f6nkorm\u00e1nyzatunkat beprogramozni a 2014-2020 tervez\u00e9si id\u0151szak t\u00e1mogat\u00e1si rendszer\u00e9be?\" Tagjaink k\u00e9r\u00e9seknek megfelel\u0151en Dr. Nagy J\u00f3zsef eln\u00f6k a szakmai f\u00f3rumokon tartott el\u0151ad\u00e1s\u00e1nak bemutat\u00f3j\u00e1t k\u00f6zz\u00e9tessz\u00fck, let\u00f6lthet\u0151 itt >","rel":"","context":"In &quot;H\u00edreink, k\u00f6zlem\u00e9nyeink&quot;","img":{"alt_text":"bukk-leader-logo-w","src":"https:\/\/i2.wp.com\/bukkleader.hu\/old\/wp-content\/uploads\/2015\/09\/bukk-leader-logo-w.jpg?resize=350%2C200&ssl=1","width":350,"height":200},"classes":[]}],"_links":{"self":[{"href":"https:\/\/bukkleader.hu\/old\/wp-json\/wp\/v2\/posts\/769"}],"collection":[{"href":"https:\/\/bukkleader.hu\/old\/wp-json\/wp\/v2\/posts"}],"about":[{"href":"https:\/\/bukkleader.hu\/old\/wp-json\/wp\/v2\/types\/post"}],"author":[{"embeddable":true,"href":"https:\/\/bukkleader.hu\/old\/wp-json\/wp\/v2\/users\/4"}],"replies":[{"embeddable":true,"href":"https:\/\/bukkleader.hu\/old\/wp-json\/wp\/v2\/comments?post=769"}],"version-history":[{"count":2,"href":"https:\/\/bukkleader.hu\/old\/wp-json\/wp\/v2\/posts\/769\/revisions"}],"predecessor-version":[{"id":774,"href":"https:\/\/bukkleader.hu\/old\/wp-json\/wp\/v2\/posts\/769\/revisions\/774"}],"wp:featuredmedia":[{"embeddable":true,"href":"https:\/\/bukkleader.hu\/old\/wp-json\/wp\/v2\/media\/771"}],"wp:attachment":[{"href":"https:\/\/bukkleader.hu\/old\/wp-json\/wp\/v2\/media?parent=769"}],"wp:term":[{"taxonomy":"category","embeddable":true,"href":"https:\/\/bukkleader.hu\/old\/wp-json\/wp\/v2\/categories?post=769"},{"taxonomy":"post_tag","embeddable":true,"href":"https:\/\/bukkleader.hu\/old\/wp-json\/wp\/v2\/tags?post=769"}],"curies":[{"name":"wp","href":"https:\/\/api.w.org\/{rel}","templated":true}]}}