{"id":766,"date":"2015-12-30T11:21:51","date_gmt":"2015-12-30T10:21:51","guid":{"rendered":"https:\/\/bukkleader.hu\/old\/?p=766"},"modified":"2015-12-30T11:21:51","modified_gmt":"2015-12-30T10:21:51","slug":"videkfejlesztesi-program-eddig-megjelent-palyazati-felhivasai","status":"publish","type":"post","link":"https:\/\/bukkleader.hu\/old\/videkfejlesztesi-program-eddig-megjelent-palyazati-felhivasai\/","title":{"rendered":"Vid\u00e9kfejleszt\u00e9si Program eddig megjelent p\u00e1ly\u00e1zati felh\u00edv\u00e1sai"},"content":{"rendered":"<p>Vid\u00e9kfejleszt\u00e9si Program eddig megjelent p\u00e1ly\u00e1zati felh\u00edv\u00e1sai<\/p>\n<p>El\u00e9rhet\u0151ek itt &gt;&gt;<a href=\"http:\/\/www.palyazat.gov.hu\/doc\/4523\" target=\"_blank\" rel=\"nofollow\">www.palyazat.gov.hu\/doc\/4523<\/a><\/p>\n<div class=\"sharedaddy sd-sharing-enabled\"><div class=\"robots-nocontent sd-block sd-social sd-social-icon sd-sharing\"><h3 class=\"sd-title\">Share this:<\/h3><div class=\"sd-content\"><ul><li class=\"share-facebook\"><a rel=\"nofollow noopener noreferrer\" data-shared=\"sharing-facebook-766\" class=\"share-facebook sd-button share-icon no-text\" href=\"https:\/\/bukkleader.hu\/old\/videkfejlesztesi-program-eddig-megjelent-palyazati-felhivasai\/?share=facebook\" target=\"_blank\" title=\"Click to share on Facebook\"><span><\/span><span class=\"sharing-screen-reader-text\">Click to share on Facebook (Opens in new window)<\/span><\/a><\/li><li class=\"share-twitter\"><a rel=\"nofollow noopener noreferrer\" data-shared=\"sharing-twitter-766\" class=\"share-twitter sd-button share-icon no-text\" href=\"https:\/\/bukkleader.hu\/old\/videkfejlesztesi-program-eddig-megjelent-palyazati-felhivasai\/?share=twitter\" target=\"_blank\" title=\"Click to share on Twitter\"><span><\/span><span class=\"sharing-screen-reader-text\">Click to share on Twitter (Opens in new window)<\/span><\/a><\/li><li class=\"share-print\"><a rel=\"nofollow noopener noreferrer\" data-shared=\"\" class=\"share-print sd-button share-icon no-text\" href=\"https:\/\/bukkleader.hu\/old\/videkfejlesztesi-program-eddig-megjelent-palyazati-felhivasai\/\" target=\"_blank\" title=\"Click to print\"><span><\/span><span class=\"sharing-screen-reader-text\">Click to print (Opens in new window)<\/span><\/a><\/li><li class=\"share-email\"><a rel=\"nofollow noopener noreferrer\" data-shared=\"\" class=\"share-email sd-button share-icon no-text\" href=\"https:\/\/bukkleader.hu\/old\/videkfejlesztesi-program-eddig-megjelent-palyazati-felhivasai\/?share=email\" target=\"_blank\" title=\"Click to email this to a friend\"><span><\/span><span class=\"sharing-screen-reader-text\">Click to email this to a friend (Opens in new window)<\/span><\/a><\/li><li class=\"share-end\"><\/li><\/ul><\/div><\/div><\/div>","protected":false},"excerpt":{"rendered":"<p>Vid\u00e9kfejleszt\u00e9si Program eddig megjelent p\u00e1ly\u00e1zati felh\u00edv\u00e1sai El\u00e9rhet\u0151ek itt &gt;&gt;www.palyazat.gov.hu\/doc\/4523<\/p>\n<div class=\"sharedaddy sd-sharing-enabled\"><div class=\"robots-nocontent sd-block sd-social sd-social-icon sd-sharing\"><h3 class=\"sd-title\">Share this:<\/h3><div class=\"sd-content\"><ul><li class=\"share-facebook\"><a rel=\"nofollow noopener noreferrer\" data-shared=\"sharing-facebook-766\" class=\"share-facebook sd-button share-icon no-text\" href=\"https:\/\/bukkleader.hu\/old\/videkfejlesztesi-program-eddig-megjelent-palyazati-felhivasai\/?share=facebook\" target=\"_blank\" title=\"Click to share on Facebook\"><span><\/span><span class=\"sharing-screen-reader-text\">Click to share on Facebook (Opens in new window)<\/span><\/a><\/li><li class=\"share-twitter\"><a rel=\"nofollow noopener noreferrer\" data-shared=\"sharing-twitter-766\" class=\"share-twitter sd-button share-icon no-text\" href=\"https:\/\/bukkleader.hu\/old\/videkfejlesztesi-program-eddig-megjelent-palyazati-felhivasai\/?share=twitter\" target=\"_blank\" title=\"Click to share on Twitter\"><span><\/span><span class=\"sharing-screen-reader-text\">Click to share on Twitter (Opens in new window)<\/span><\/a><\/li><li class=\"share-print\"><a rel=\"nofollow noopener noreferrer\" data-shared=\"\" class=\"share-print sd-button share-icon no-text\" href=\"https:\/\/bukkleader.hu\/old\/videkfejlesztesi-program-eddig-megjelent-palyazati-felhivasai\/\" target=\"_blank\" title=\"Click to print\"><span><\/span><span class=\"sharing-screen-reader-text\">Click to print (Opens in new window)<\/span><\/a><\/li><li class=\"share-email\"><a rel=\"nofollow noopener noreferrer\" data-shared=\"\" class=\"share-email sd-button share-icon no-text\" href=\"https:\/\/bukkleader.hu\/old\/videkfejlesztesi-program-eddig-megjelent-palyazati-felhivasai\/?share=email\" target=\"_blank\" title=\"Click to email this to a friend\"><span><\/span><span class=\"sharing-screen-reader-text\">Click to email this to a friend (Opens in new window)<\/span><\/a><\/li><li class=\"share-end\"><\/li><\/ul><\/div><\/div><\/div>","protected":false},"author":4,"featured_media":767,"comment_status":"open","ping_status":"closed","sticky":false,"template":"","format":"standard","meta":{"_bbp_topic_count":0,"_bbp_reply_count":0,"_bbp_total_topic_count":0,"_bbp_total_reply_count":0,"_bbp_voice_count":0,"_bbp_anonymous_reply_count":0,"_bbp_topic_count_hidden":0,"_bbp_reply_count_hidden":0,"_bbp_forum_subforum_count":0,"spay_email":"","jetpack_publicize_message":"","jetpack_is_tweetstorm":false,"jetpack_publicize_feature_enabled":true},"categories":[1],"tags":[],"jetpack_featured_media_url":"https:\/\/bukkleader.hu\/old\/wp-content\/uploads\/2015\/12\/vp_kezikonyv_nagy.jpg","jetpack_publicize_connections":[],"jetpack_sharing_enabled":true,"jetpack-related-posts":[{"id":405,"url":"https:\/\/bukkleader.hu\/old\/figyelem-uj-vallalkozas-fejlesztesi-tamogatasok-elerhetoek\/","url_meta":{"origin":766,"position":0},"title":"FIGYELEM! \u00daj v\u00e1llalkoz\u00e1s-fejleszt\u00e9si t\u00e1mogat\u00e1sok el\u00e9rhet\u0151ek!","date":"2014-10-21","format":false,"excerpt":"Megjelent a Mikro-, kis- \u00e9s k\u00f6z\u00e9pv\u00e1llalkoz\u00e1sok termel\u00e9si kapacit\u00e1sainak b\u0151v\u00edt\u00e9se \u00e9s a Fiatalok v\u00e1llalkoz\u00f3v\u00e1 v\u00e1l\u00e1s\u00e1nak t\u00e1mogat\u00e1sa\u00a0p\u00e1ly\u00e1zati felh\u00edv\u00e1s.\u00a0Mivel a 2007-2013-as programoz\u00e1si id\u0151szak mikr\u00f3v\u00e1llalkoz\u00e1sok fejleszt\u00e9se \u00e9s l\u00e9trehoz\u00e1sa t\u00e1mogat\u00e1si jogc\u00edme nem ker\u00fclt neves\u00edt\u00e9sre a 2014-2020 k\u00f6z\u00f6tti Vid\u00e9kfejleszt\u00e9si Programban, ez\u00e9rt a vid\u00e9ki v\u00e1llalkoz\u00e1sok a Gazdas\u00e1gfejleszt\u00e9si \u00e9s Innov\u00e1ci\u00f3s Operat\u00edv Program (GINOP) keret\u00e9n bel\u00fcl tudnak fejleszt\u00e9si forr\u00e1shoz\u2026","rel":"","context":"In &quot;H\u00edreink, k\u00f6zlem\u00e9nyeink&quot;","img":{"alt_text":"felki\u00e1llt\u00f3 jel","src":"https:\/\/i0.wp.com\/bukkleader.hu\/old\/wp-content\/uploads\/2012\/06\/felkialto-jel384w.jpg?resize=350%2C200&ssl=1","width":350,"height":200},"classes":[]},{"id":325,"url":"https:\/\/bukkleader.hu\/old\/leader-palyazati-lehetosegek-2013\/","url_meta":{"origin":766,"position":1},"title":"LEADER P\u00c1LY\u00c1ZATI LEHET\u0150S\u00c9GEK 2013.","date":"2013-06-06","format":false,"excerpt":"FIGYELEM! MEGJELENT AZ EMVA T\u00c1RSFINANSZ\u00cdROZ\u00c1S\u00da INT\u00c9ZKED\u00c9SEK IR\u00c1NY\u00cdT\u00d3 HAT\u00d3S\u00c1G\u00c1NAK K\u00d6ZLEM\u00c9NYE A LEADER PROGRAM HARMADIK, 2013-BAN MEGHIRDETETT P\u00c1LY\u00c1ZATI K\u00d6R\u00c9HEZ KAPCSOL\u00d3D\u00d3 LEADER INT\u00c9ZKED\u00c9SI TERVEK K\u00d6ZZ\u00c9T\u00c9TEL\u00c9R\u0150L, MELY ALAPJ\u00c1N A B\u00dcKK-T\u00c9RS\u00c9GI LEADER EGYES\u00dcLETHEZ BENY\u00daJTHAT\u00d3K A PROJEKT ADATLAPOK.A B\u00fckk-T\u00e9rs\u00e9gi LEADER Egyes\u00fclet (HACS) k\u00f6zgy\u0171l\u00e9se \u00e1ltal j\u00f3v\u00e1hagyott int\u00e9zked\u00e9seket (fejleszt\u00e9si t\u00e9m\u00e1kat), valamint az el\u0151p\u00e1ly\u00e1zati szakaszra vonatkoz\u00f3 r\u00e9szletes t\u00e1mogat\u00e1si felt\u00e9teleket\u2026","rel":"","context":"In &quot;H\u00edreink, k\u00f6zlem\u00e9nyeink&quot;","img":{"alt_text":"bukk-leader-logo-w","src":"https:\/\/i2.wp.com\/bukkleader.hu\/old\/wp-content\/uploads\/2015\/09\/bukk-leader-logo-w.jpg?resize=350%2C200&ssl=1","width":350,"height":200},"classes":[]},{"id":263,"url":"https:\/\/bukkleader.hu\/old\/megjelentek-az-emva-iii-mvh-kozlemenyek\/","url_meta":{"origin":766,"position":2},"title":"Megjelentek az EMVA III. MVH k\u00f6zlem\u00e9nyek","date":"2012-10-30","format":false,"excerpt":"Megjelentek az EMVA III. Falumeg\u00faj\u00edt\u00e1s \u00e9s \u2013fejleszt\u00e9s jogc\u00edmre vonatkoz\u00f3 MVH k\u00f6zlem\u00e9nyekMegjelent a 156\/2012. (X. 05.) MVH k\u00f6zlem\u00e9ny az Eur\u00f3pai Mez\u0151gazdas\u00e1gi Vid\u00e9kfejleszt\u00e9si Alapb\u00f3l a falumeg\u00faj\u00edt\u00e1sra \u00e9s -fejleszt\u00e9sre LEADER Helyi Akci\u00f3csoportok k\u00f6zrem\u0171k\u00f6d\u00e9s\u00e9vel 2012-t\u0151l ig\u00e9nybe vehet\u0151 t\u00e1mogat\u00e1sok r\u00e9szletes felt\u00e9teleir\u0151l, valamint az azt m\u00f3dos\u00edt\u00f3 162\/2012. (X. 19.) sz\u00e1m\u00fa MVH K\u00f6zlem\u00e9ny. A k\u00f6zlem\u00e9nyek a r\u00e9szletes\u2026","rel":"","context":"In &quot;H\u00edreink, k\u00f6zlem\u00e9nyeink&quot;","img":{"alt_text":"mhv-logo","src":"https:\/\/i2.wp.com\/bukkleader.hu\/old\/wp-content\/uploads\/2015\/09\/mvh-logo-w.jpg?resize=350%2C200&ssl=1","width":350,"height":200},"classes":[]},{"id":178,"url":"https:\/\/bukkleader.hu\/old\/vallalkozas-fejlesztesi-palyazati-lehetosegek\/","url_meta":{"origin":766,"position":3},"title":"V\u00e1llalkoz\u00e1s-fejleszt\u00e9si p\u00e1ly\u00e1zati lehet\u0151s\u00e9gek","date":"2012-06-09","format":false,"excerpt":"T\u00e1j\u00e9koztat\u00e1s EMVA \u00e9s GOP v\u00e1llalkoz\u00e1s-fejleszt\u00e9si p\u00e1ly\u00e1zati lehet\u0151s\u00e9gekr\u0151lA Vid\u00e9kfejleszt\u00e9si Miniszt\u00e9rium t\u00e1j\u00e9koztat\u00e1sa szerint 2012-ben az EMVA-b\u00f3l t\u00e1rsfinansz\u00edroz\u00e1ssal megval\u00f3sul\u00f3 \u201eMikrov\u00e1llalkoz\u00e1sok l\u00e9trehoz\u00e1sa \u00e9s fejleszt\u00e9se\u201d int\u00e9zked\u00e9s utolj\u00e1ra ker\u00fcl kihirdet\u00e9sre a 2007-2013-as id\u0151szakban, a beny\u00fajt\u00e1si id\u0151szak v\u00e9g\u00e9n a jogc\u00edm lez\u00e1rul. A t\u00e1mogat\u00e1si jogc\u00edm beny\u00fajt\u00e1si id\u0151szaka 2012. j\u00fanius 1-30-ig tart. Ezt k\u00f6vet\u0151en az \u00daj Sz\u00e9chenyi Terv keret\u00e9ben\u2026","rel":"","context":"In &quot;H\u00edreink, k\u00f6zlem\u00e9nyeink&quot;","img":{"alt_text":"inform\u00e1ci\u00f3","src":"https:\/\/i1.wp.com\/bukkleader.hu\/old\/wp-content\/uploads\/2012\/06\/info384w.jpg?resize=350%2C200&ssl=1","width":350,"height":200},"classes":[]},{"id":353,"url":"https:\/\/bukkleader.hu\/old\/palyazati-lehetoseg-a-videki-gazdasag-es-a-lakossag-szamara-nyujtott-alapszolgaltatasok-fejlesztesere\/","url_meta":{"origin":766,"position":4},"title":"P\u00e1ly\u00e1zati lehet\u0151s\u00e9g \u201ea vid\u00e9ki gazdas\u00e1g \u00e9s a lakoss\u00e1g sz\u00e1m\u00e1ra ny\u00fajtott alapszolg\u00e1ltat\u00e1sok fejleszt\u00e9s\u00e9re\u201d","date":"2013-11-14","format":false,"excerpt":"Megjelent a vid\u00e9kfejleszt\u00e9si miniszter 103\/2013. (XI. 8.) VM rendelete az Eur\u00f3pai Mez\u0151gazdas\u00e1gi Vid\u00e9kfejleszt\u00e9si Alapb\u00f3l ny\u00fajtand\u00f3, a vid\u00e9ki gazdas\u00e1g \u00e9s a lakoss\u00e1g sz\u00e1m\u00e1ra ny\u00fajtott alapszolg\u00e1ltat\u00e1sok fejleszt\u00e9s\u00e9re 2013-t\u00f3l ig\u00e9nybe vehet\u0151 t\u00e1mogat\u00e1sok r\u00e9szletes felt\u00e9teleir\u0151l. A rendelet alapj\u00e1n t\u00e1mogat\u00e1s vehet\u0151 ig\u00e9nybe t\u00f6bbek k\u00f6z\u00f6tt a\u00a0kist\u00e9rs\u00e9gi k\u00f6zleked\u00e9si szolg\u00e1ltat\u00e1s fejleszt\u00e9s\u00e9re falu- \u00e9s tanyagondnoki szolg\u00e1ltat\u00e1s ell\u00e1t\u00e1s\u00e1hoz kapcsol\u00f3d\u00f3an(1. c\u00e9lter\u00fclet).\u2026","rel":"","context":"In &quot;H\u00edreink, k\u00f6zlem\u00e9nyeink&quot;","img":{"alt_text":"elektromos-auto2-w","src":"https:\/\/i1.wp.com\/bukkleader.hu\/old\/wp-content\/uploads\/2015\/09\/elektromos-auto2-w.jpg?resize=350%2C200&ssl=1","width":350,"height":200},"classes":[]},{"id":273,"url":"https:\/\/bukkleader.hu\/old\/2012-masodik-felevi-palyazati-lehetosegek\/","url_meta":{"origin":766,"position":5},"title":"2012. m\u00e1sodik f\u00e9l\u00e9vi p\u00e1ly\u00e1zati lehet\u0151s\u00e9gek","date":"2012-11-30","format":false,"excerpt":"2012. m\u00e1sodik f\u00e9l\u00e9v\u00e9ben a Dar\u00e1nyi Ign\u00e1c Terv \u2013 \u00daj Magyarorsz\u00e1g Vid\u00e9kfejleszt\u00e9si Program keret\u00e9ben \u00fajabb EMVA III. \u00e9s LEADER vid\u00e9kfejleszt\u00e9si t\u00e1mogat\u00e1sok elnyer\u00e9s\u00e9re ny\u00edlnak lehet\u0151s\u00e9gek. A B\u00fckk-T\u00e9rs\u00e9gi LEADER Egyes\u00fclet ter\u00fclet\u00e9r\u0151l a 2012. okt\u00f3ber 15. \u2013 november 30. id\u0151szakban EMVA III. falumeg\u00faj\u00edt\u00e1s \u00e9s \u2013fejleszt\u00e9sre, valamint \u00e9v v\u00e9g\u00e9n \u2013 2013. elej\u00e9n a Helyi Vid\u00e9kfejleszt\u00e9si\u2026","rel":"","context":"In &quot;H\u00edreink, k\u00f6zlem\u00e9nyeink&quot;","img":{"alt_text":"384-1-daranyi-ignac-terv","src":"https:\/\/i1.wp.com\/bukkleader.hu\/old\/wp-content\/uploads\/2015\/09\/384-1-daranyi-ignac-terv.jpg?resize=350%2C200&ssl=1","width":350,"height":200},"classes":[]}],"_links":{"self":[{"href":"https:\/\/bukkleader.hu\/old\/wp-json\/wp\/v2\/posts\/766"}],"collection":[{"href":"https:\/\/bukkleader.hu\/old\/wp-json\/wp\/v2\/posts"}],"about":[{"href":"https:\/\/bukkleader.hu\/old\/wp-json\/wp\/v2\/types\/post"}],"author":[{"embeddable":true,"href":"https:\/\/bukkleader.hu\/old\/wp-json\/wp\/v2\/users\/4"}],"replies":[{"embeddable":true,"href":"https:\/\/bukkleader.hu\/old\/wp-json\/wp\/v2\/comments?post=766"}],"version-history":[{"count":1,"href":"https:\/\/bukkleader.hu\/old\/wp-json\/wp\/v2\/posts\/766\/revisions"}],"predecessor-version":[{"id":768,"href":"https:\/\/bukkleader.hu\/old\/wp-json\/wp\/v2\/posts\/766\/revisions\/768"}],"wp:featuredmedia":[{"embeddable":true,"href":"https:\/\/bukkleader.hu\/old\/wp-json\/wp\/v2\/media\/767"}],"wp:attachment":[{"href":"https:\/\/bukkleader.hu\/old\/wp-json\/wp\/v2\/media?parent=766"}],"wp:term":[{"taxonomy":"category","embeddable":true,"href":"https:\/\/bukkleader.hu\/old\/wp-json\/wp\/v2\/categories?post=766"},{"taxonomy":"post_tag","embeddable":true,"href":"https:\/\/bukkleader.hu\/old\/wp-json\/wp\/v2\/tags?post=766"}],"curies":[{"name":"wp","href":"https:\/\/api.w.org\/{rel}","templated":true}]}}