{"id":756,"date":"2015-12-15T11:53:17","date_gmt":"2015-12-15T10:53:17","guid":{"rendered":"https:\/\/bukkleader.hu\/old\/?p=756"},"modified":"2015-12-15T11:53:17","modified_gmt":"2015-12-15T10:53:17","slug":"kozvetlen-brusszeli-forrasok-nyitolap","status":"publish","type":"post","link":"https:\/\/bukkleader.hu\/old\/kozvetlen-brusszeli-forrasok-nyitolap\/","title":{"rendered":"K\u00f6zvetlen Br\u00fcsszeli forr\u00e1sok &#8211; Nyit\u00f3lap"},"content":{"rendered":"<p>K\u00f6zvetlen Br\u00fcsszeli forr\u00e1sok &#8211; Nyit\u00f3lap itt&gt;&gt;<a href=\"http:\/\/www.palyazatokmagyarul.eu\/\">http:\/\/www.palyazatokmagyarul.eu\/<\/a><\/p>\n<div class=\"sharedaddy sd-sharing-enabled\"><div class=\"robots-nocontent sd-block sd-social sd-social-icon sd-sharing\"><h3 class=\"sd-title\">Share this:<\/h3><div class=\"sd-content\"><ul><li class=\"share-facebook\"><a rel=\"nofollow noopener noreferrer\" data-shared=\"sharing-facebook-756\" class=\"share-facebook sd-button share-icon no-text\" href=\"https:\/\/bukkleader.hu\/old\/kozvetlen-brusszeli-forrasok-nyitolap\/?share=facebook\" target=\"_blank\" title=\"Click to share on Facebook\"><span><\/span><span class=\"sharing-screen-reader-text\">Click to share on Facebook (Opens in new window)<\/span><\/a><\/li><li class=\"share-twitter\"><a rel=\"nofollow noopener noreferrer\" data-shared=\"sharing-twitter-756\" class=\"share-twitter sd-button share-icon no-text\" href=\"https:\/\/bukkleader.hu\/old\/kozvetlen-brusszeli-forrasok-nyitolap\/?share=twitter\" target=\"_blank\" title=\"Click to share on Twitter\"><span><\/span><span class=\"sharing-screen-reader-text\">Click to share on Twitter (Opens in new window)<\/span><\/a><\/li><li class=\"share-print\"><a rel=\"nofollow noopener noreferrer\" data-shared=\"\" class=\"share-print sd-button share-icon no-text\" href=\"https:\/\/bukkleader.hu\/old\/kozvetlen-brusszeli-forrasok-nyitolap\/\" target=\"_blank\" title=\"Click to print\"><span><\/span><span class=\"sharing-screen-reader-text\">Click to print (Opens in new window)<\/span><\/a><\/li><li class=\"share-email\"><a rel=\"nofollow noopener noreferrer\" data-shared=\"\" class=\"share-email sd-button share-icon no-text\" href=\"https:\/\/bukkleader.hu\/old\/kozvetlen-brusszeli-forrasok-nyitolap\/?share=email\" target=\"_blank\" title=\"Click to email this to a friend\"><span><\/span><span class=\"sharing-screen-reader-text\">Click to email this to a friend (Opens in new window)<\/span><\/a><\/li><li class=\"share-end\"><\/li><\/ul><\/div><\/div><\/div>","protected":false},"excerpt":{"rendered":"<p>K\u00f6zvetlen Br\u00fcsszeli forr\u00e1sok &#8211; Nyit\u00f3lap itt&gt;&gt;http:\/\/www.palyazatokmagyarul.eu\/<\/p>\n<div class=\"sharedaddy sd-sharing-enabled\"><div class=\"robots-nocontent sd-block sd-social sd-social-icon sd-sharing\"><h3 class=\"sd-title\">Share this:<\/h3><div class=\"sd-content\"><ul><li class=\"share-facebook\"><a rel=\"nofollow noopener noreferrer\" data-shared=\"sharing-facebook-756\" class=\"share-facebook sd-button share-icon no-text\" href=\"https:\/\/bukkleader.hu\/old\/kozvetlen-brusszeli-forrasok-nyitolap\/?share=facebook\" target=\"_blank\" title=\"Click to share on Facebook\"><span><\/span><span class=\"sharing-screen-reader-text\">Click to share on Facebook (Opens in new window)<\/span><\/a><\/li><li class=\"share-twitter\"><a rel=\"nofollow noopener noreferrer\" data-shared=\"sharing-twitter-756\" class=\"share-twitter sd-button share-icon no-text\" href=\"https:\/\/bukkleader.hu\/old\/kozvetlen-brusszeli-forrasok-nyitolap\/?share=twitter\" target=\"_blank\" title=\"Click to share on Twitter\"><span><\/span><span class=\"sharing-screen-reader-text\">Click to share on Twitter (Opens in new window)<\/span><\/a><\/li><li class=\"share-print\"><a rel=\"nofollow noopener noreferrer\" data-shared=\"\" class=\"share-print sd-button share-icon no-text\" href=\"https:\/\/bukkleader.hu\/old\/kozvetlen-brusszeli-forrasok-nyitolap\/\" target=\"_blank\" title=\"Click to print\"><span><\/span><span class=\"sharing-screen-reader-text\">Click to print (Opens in new window)<\/span><\/a><\/li><li class=\"share-email\"><a rel=\"nofollow noopener noreferrer\" data-shared=\"\" class=\"share-email sd-button share-icon no-text\" href=\"https:\/\/bukkleader.hu\/old\/kozvetlen-brusszeli-forrasok-nyitolap\/?share=email\" target=\"_blank\" title=\"Click to email this to a friend\"><span><\/span><span class=\"sharing-screen-reader-text\">Click to email this to a friend (Opens in new window)<\/span><\/a><\/li><li class=\"share-end\"><\/li><\/ul><\/div><\/div><\/div>","protected":false},"author":4,"featured_media":757,"comment_status":"open","ping_status":"closed","sticky":false,"template":"","format":"standard","meta":{"_bbp_topic_count":0,"_bbp_reply_count":0,"_bbp_total_topic_count":0,"_bbp_total_reply_count":0,"_bbp_voice_count":0,"_bbp_anonymous_reply_count":0,"_bbp_topic_count_hidden":0,"_bbp_reply_count_hidden":0,"_bbp_forum_subforum_count":0,"spay_email":"","jetpack_publicize_message":"","jetpack_is_tweetstorm":false,"jetpack_publicize_feature_enabled":true},"categories":[1],"tags":[],"jetpack_featured_media_url":"https:\/\/bukkleader.hu\/old\/wp-content\/uploads\/2015\/12\/EU-br\u00fcsszel.jpeg","jetpack_publicize_connections":[],"jetpack_sharing_enabled":true,"jetpack-related-posts":[{"id":396,"url":"https:\/\/bukkleader.hu\/old\/3500-milliard-forint-a-videknek-2014-2020-kozott\/","url_meta":{"origin":756,"position":0},"title":"3500 milli\u00e1rd forint a vid\u00e9knek 2014-2020 k\u00f6z\u00f6tt","date":"2014-08-15","format":false,"excerpt":"\"A 2014-2020-as eur\u00f3pai uni\u00f3s id\u0151szak vid\u00e9kfejleszt\u00e9si lehet\u0151s\u00e9geir\u0151l tartottak szakmai f\u00f3rumot Zselickislakon, ahol hangs\u00falyozt\u00e1k: a f\u0151 c\u00e9l a n\u00e9pess\u00e9g \u00e9s a munkahelyek megtart\u00e1sa, valamint a gazdas\u00e1gfejleszt\u00e9s. A k\u00f6vetkez\u0151 h\u00e9t \u00e9vben vid\u00e9kfejleszt\u00e9sre kevesebb, de a k\u00f6zvetlen t\u00e1mogat\u00e1sokkal \u00f6sszess\u00e9g\u00e9ben t\u00f6bb forr\u00e1s jut a vid\u00e9k t\u00e1mogat\u00e1s\u00e1ra, mint a megel\u0151z\u0151 ciklusban.\" Tov\u00e1bb a teljes cikkhez\u2026","rel":"","context":"In &quot;H\u00edreink, k\u00f6zlem\u00e9nyeink&quot;","img":{"alt_text":"eu z\u00e1szl\u00f3","src":"https:\/\/i0.wp.com\/bukkleader.hu\/old\/wp-content\/uploads\/2012\/06\/eu-zaszlo384w.jpg?resize=350%2C200&ssl=1","width":350,"height":200},"classes":[]},{"id":236,"url":"https:\/\/bukkleader.hu\/old\/osszesites-a-hacs-altal-kipalyaztatott-forrasokrol\/","url_meta":{"origin":756,"position":1},"title":"\u00d6sszes\u00edt\u00e9s a HACS \u00e1ltal kip\u00e1ly\u00e1ztatott forr\u00e1sokr\u00f3l","date":"2012-08-22","format":false,"excerpt":"A B\u00fckk-Miskolc t\u00e9rs\u00e9gi LEADER HACS \u00e1ltal a 2008. \u2013 2012. els\u0151 f\u00e9l\u00e9ves id\u0151szakban kip\u00e1ly\u00e1ztatott EMVA III. \u00e9s LEADER forr\u00e1sokr\u00f3l k\u00e9sz\u00fcltT\u00e1bl\u00e1zat let\u00f6lt\u00e9se >>EMVA III. grafikon let\u00f6lt\u00e9se >>LEADER grafikon let\u00f6lt\u00e9se >>","rel":"","context":"In &quot;Eredm\u00e9nyeink&quot;","img":{"alt_text":"emva_harom_grafikon-w","src":"https:\/\/i2.wp.com\/bukkleader.hu\/old\/wp-content\/uploads\/2015\/09\/emva_harom_grafikon-w.jpg?resize=350%2C200&ssl=1","width":350,"height":200},"classes":[]},{"id":356,"url":"https:\/\/bukkleader.hu\/old\/emva-iii-iv-palyazati-eredmenyeink-es-tovabbi-palyazati-lehetosegek-a-2013-evben\/","url_meta":{"origin":756,"position":2},"title":"EMVA III-IV. p\u00e1ly\u00e1zati eredm\u00e9nyeink \u00e9s tov\u00e1bbi p\u00e1ly\u00e1zati lehet\u0151s\u00e9gek a 2013. \u00e9vben","date":"2013-11-14","format":false,"excerpt":"A \u201eNyertes p\u00e1ly\u00e1z\u00f3ink\u201d men\u00fcpontban el\u00e9rhet\u0151k a 2013. \u00e9vben az EMVA III. Falumeg\u00faj\u00edt\u00e1s \u00e9s \u2013 fejleszt\u00e9s jogc\u00edmen \u00e9s az EMVA IV. LEADER idei fordul\u00f3j\u00e1ban t\u00e1mogat\u00e1st nyert p\u00e1ly\u00e1z\u00f3ink list\u00e1ja, melyek szerint 16 db falufejleszt\u00e9si p\u00e1ly\u00e1zat ker\u00fclt t\u00e1mogat\u00e1sra, 142.153.203,- Ft lek\u00f6t\u00f6tt forr\u00e1ssal, valamint a LEADER 2013. \u00e9vi fordul\u00f3j\u00e1ban (2013.06.17-i beny\u00fajt\u00e1si id\u0151szak) eddig 45\u2026","rel":"","context":"In &quot;H\u00edreink, k\u00f6zlem\u00e9nyeink&quot;","img":{"alt_text":"bukk-leader-logo-w","src":"https:\/\/i2.wp.com\/bukkleader.hu\/old\/wp-content\/uploads\/2015\/09\/bukk-leader-logo-w.jpg?resize=350%2C200&ssl=1","width":350,"height":200},"classes":[]},{"id":329,"url":"https:\/\/bukkleader.hu\/old\/az-eb-elfogadta-a-2014-2020-as-magyar-partnersegi-megallapodas-elso-valtozatat\/","url_meta":{"origin":756,"position":3},"title":"Az EB elfogadta a 2014-2020-as magyar Partners\u00e9gi Meg\u00e1llapod\u00e1s els\u0151 v\u00e1ltozat\u00e1t","date":"2013-07-13","format":false,"excerpt":"\"Az Eur\u00f3pai Bizotts\u00e1g (EB) elfogadta a 2014-2020-as eur\u00f3pai uni\u00f3s fejleszt\u00e9si id\u0151szak forr\u00e1sainak tervez\u00e9s\u00e9r\u0151l sz\u00f3l\u00f3 magyar Partners\u00e9gi Meg\u00e1llapod\u00e1s els\u0151 v\u00e1ltozat\u00e1t - jelentette be keddi sajt\u00f3t\u00e1j\u00e9koztat\u00f3j\u00e1n Cs\u00e9falvay Zolt\u00e1n. A Nemzetgazdas\u00e1gi Miniszt\u00e9rium gazdas\u00e1gstrat\u00e9gi\u00e1\u00e9rt felel\u0151s \u00e1llamtitk\u00e1ra kiemelte, hogy a j\u00f6v\u0151re indul\u00f3 \u00faj tervez\u00e9si id\u0151szakban a forr\u00e1sok hatvan sz\u00e1zal\u00e9k\u00e1t gazdas\u00e1gfejleszt\u00e9sre szeretn\u00e9 ford\u00edtani Magyarorsz\u00e1g. A legt\u00f6bb\u2026","rel":"","context":"In &quot;H\u00edreink, k\u00f6zlem\u00e9nyeink&quot;","img":{"alt_text":"eu-logo2","src":"https:\/\/i1.wp.com\/bukkleader.hu\/old\/wp-content\/uploads\/2015\/09\/eu-logo21.jpg?resize=350%2C200&ssl=1","width":350,"height":200},"classes":[]},{"id":336,"url":"https:\/\/bukkleader.hu\/old\/a-klimavaltozas-hatasainak-kezelesere-adhato-helyi-valaszok-indito-szeminarium\/","url_meta":{"origin":756,"position":4},"title":"A kl\u00edmav\u00e1ltoz\u00e1s hat\u00e1sainak kezel\u00e9s\u00e9re adhat\u00f3 helyi v\u00e1laszok \u2013 Ind\u00edt\u00f3 szemin\u00e1rium","date":"2013-09-12","format":false,"excerpt":"A Magyarorsz\u00e1g-Szlov\u00e1kia-Rom\u00e1nia-Ukrajna ENPI Hat\u00e1ron \u00c1tny\u00fal\u00f3 Egy\u00fcttm\u0171k\u00f6d\u00e9si Program keret\u00e9ben megval\u00f3sul\u00f3 \u201eLOC-CLIM-ACT\u201d projekt a helyi akci\u00f3k fontoss\u00e1g\u00e1ra helyezi a hangs\u00falyt a kl\u00edmav\u00e1ltoz\u00e1s kih\u00edv\u00e1sainak kezel\u00e9s\u00e9re.\u00a0A projekt keret\u00e9ben a hat\u00e1rmenti r\u00e9gi\u00f3k r\u00f6vid t\u00e1v\u00fa sebezhet\u0151s\u00e9g\u00e9nek cs\u00f6kkent\u00e9s\u00e9re \u00e9s a k\u00e1rok enyh\u00edt\u00e9s\u00e9re k\u00f6z\u00f6s alkalmazkod\u00e1si int\u00e9zked\u00e9sek ker\u00fclnek meghat\u00e1roz\u00e1sra, amelyek pozit\u00edv hat\u00e1ssal lehetnek a h\u00e1ztart\u00e1sokra, a helyi k\u00f6zint\u00e9zm\u00e9nyekre, az\u2026","rel":"","context":"In &quot;H\u00edreink, k\u00f6zlem\u00e9nyeink&quot;","img":{"alt_text":"epni-w","src":"https:\/\/i1.wp.com\/bukkleader.hu\/old\/wp-content\/uploads\/2015\/09\/epni-w.jpg?resize=350%2C200&ssl=1","width":350,"height":200},"classes":[]},{"id":2825,"url":"https:\/\/bukkleader.hu\/old\/hogy-oroksegunk-ne-vesszen-el-rendezveny-tardon-leader-tamogatassal-2020-09-26\/","url_meta":{"origin":756,"position":5},"title":"&#8220;Hogy \u00f6r\u00f6ks\u00e9g\u00fcnk ne vesszen el&#8221; rendezv\u00e9ny Tardon LEADER t\u00e1mogat\u00e1ssal &#8211; 2020.09.26.","date":"2020-08-26","format":false,"excerpt":"A Forr\u00e1s Kereszt\u00e9ny \u00d3voda, \u00c1ltal\u00e1nos Iskola, Szakk\u00f6z\u00e9piskola \u00e9s Alapfok\u00fa M\u0171v\u00e9szeti Iskola (Forr\u00e1s Oktat\u00e1si K\u00f6zpont)\u00a0tisztelettel megh\u00edvja \u00d6n\u00f6ket\u00a02020. szeptember 26-\u00e1n\u00a0(szombat) Tardon tartand\u00f3, LEADER t\u00e1mogat\u00e1ssal megval\u00f3sul\u00f3 \"...hogy \u00f6r\u00f6ks\u00e9g\u00fcnk ne vesszen el\" c\u00edm\u0171 rendezv\u00e9ny\u00e9re. A r\u00e9szletes program:","rel":"","context":"In &quot;H\u00edreink, k\u00f6zlem\u00e9nyeink&quot;","img":{"alt_text":"","src":"https:\/\/i0.wp.com\/bukkleader.hu\/old\/wp-content\/uploads\/2020\/09\/Meghivo_page-0001.jpg?resize=350%2C200&ssl=1","width":350,"height":200},"classes":[]}],"_links":{"self":[{"href":"https:\/\/bukkleader.hu\/old\/wp-json\/wp\/v2\/posts\/756"}],"collection":[{"href":"https:\/\/bukkleader.hu\/old\/wp-json\/wp\/v2\/posts"}],"about":[{"href":"https:\/\/bukkleader.hu\/old\/wp-json\/wp\/v2\/types\/post"}],"author":[{"embeddable":true,"href":"https:\/\/bukkleader.hu\/old\/wp-json\/wp\/v2\/users\/4"}],"replies":[{"embeddable":true,"href":"https:\/\/bukkleader.hu\/old\/wp-json\/wp\/v2\/comments?post=756"}],"version-history":[{"count":1,"href":"https:\/\/bukkleader.hu\/old\/wp-json\/wp\/v2\/posts\/756\/revisions"}],"predecessor-version":[{"id":758,"href":"https:\/\/bukkleader.hu\/old\/wp-json\/wp\/v2\/posts\/756\/revisions\/758"}],"wp:featuredmedia":[{"embeddable":true,"href":"https:\/\/bukkleader.hu\/old\/wp-json\/wp\/v2\/media\/757"}],"wp:attachment":[{"href":"https:\/\/bukkleader.hu\/old\/wp-json\/wp\/v2\/media?parent=756"}],"wp:term":[{"taxonomy":"category","embeddable":true,"href":"https:\/\/bukkleader.hu\/old\/wp-json\/wp\/v2\/categories?post=756"},{"taxonomy":"post_tag","embeddable":true,"href":"https:\/\/bukkleader.hu\/old\/wp-json\/wp\/v2\/tags?post=756"}],"curies":[{"name":"wp","href":"https:\/\/api.w.org\/{rel}","templated":true}]}}