{"id":6763,"date":"2021-06-28T12:29:14","date_gmt":"2021-06-28T10:29:14","guid":{"rendered":"https:\/\/bukkleader.hu\/old\/?p=6763"},"modified":"2021-06-28T12:29:14","modified_gmt":"2021-06-28T10:29:14","slug":"meghivo-a-bukk-tersegi-leader-egyesulet-szakmai-forumara-felsozsolca-2021-07-19","status":"publish","type":"post","link":"https:\/\/bukkleader.hu\/old\/meghivo-a-bukk-tersegi-leader-egyesulet-szakmai-forumara-felsozsolca-2021-07-19\/","title":{"rendered":"Megh\u00edv\u00f3 a B\u00fckk-T\u00e9rs\u00e9gi LEADER Egyes\u00fclet Szakmai F\u00f3rum\u00e1ra- Fels\u0151zsolca, 2021.07.19."},"content":{"rendered":"<p>A B\u00fckk-T\u00e9rs\u00e9gi LEADER Egyes\u00fclet szeretettel megh\u00edvja \u00d6n\u00f6ket 2021. j\u00falius 19.-\u00e9n, Fels\u0151zsolc\u00e1n tartand\u00f3 szakmai f\u00f3rum\u00e1ra. (pdf let\u00f6lthet\u0151 <a href=\"https:\/\/bukkleader.hu\/old\/wp-content\/uploads\/2021\/06\/Megh._felsozsolca.pdf\" target=\"_blank\" rel=\"noopener\">itt<\/a>)<\/p>\n<p><img data-attachment-id=\"6772\" data-permalink=\"https:\/\/bukkleader.hu\/old\/meghivo-a-bukk-tersegi-leader-egyesulet-szakmai-forumara-felsozsolca-2021-07-19\/megh-_felsozsolca\/\" data-orig-file=\"https:\/\/bukkleader.hu\/old\/wp-content\/uploads\/2021\/06\/Megh._felsozsolca.jpg\" data-orig-size=\"1241,1755\" data-comments-opened=\"0\" data-image-meta=\"{&quot;aperture&quot;:&quot;0&quot;,&quot;credit&quot;:&quot;&quot;,&quot;camera&quot;:&quot;&quot;,&quot;caption&quot;:&quot;&quot;,&quot;created_timestamp&quot;:&quot;0&quot;,&quot;copyright&quot;:&quot;&quot;,&quot;focal_length&quot;:&quot;0&quot;,&quot;iso&quot;:&quot;0&quot;,&quot;shutter_speed&quot;:&quot;0&quot;,&quot;title&quot;:&quot;&quot;,&quot;orientation&quot;:&quot;0&quot;}\" data-image-title=\"Megh._felsozsolca\" data-image-description=\"\" data-image-caption=\"\" data-medium-file=\"https:\/\/bukkleader.hu\/old\/wp-content\/uploads\/2021\/06\/Megh._felsozsolca-212x300.jpg\" data-large-file=\"https:\/\/bukkleader.hu\/old\/wp-content\/uploads\/2021\/06\/Megh._felsozsolca-724x1024.jpg\" loading=\"lazy\" class=\"aligncenter size-full wp-image-6772\" src=\"https:\/\/bukkleader.hu\/old\/wp-content\/uploads\/2021\/06\/Megh._felsozsolca.jpg\" alt=\"\" width=\"1241\" height=\"1755\" srcset=\"https:\/\/bukkleader.hu\/old\/wp-content\/uploads\/2021\/06\/Megh._felsozsolca.jpg 1241w, https:\/\/bukkleader.hu\/old\/wp-content\/uploads\/2021\/06\/Megh._felsozsolca-212x300.jpg 212w, https:\/\/bukkleader.hu\/old\/wp-content\/uploads\/2021\/06\/Megh._felsozsolca-768x1086.jpg 768w, https:\/\/bukkleader.hu\/old\/wp-content\/uploads\/2021\/06\/Megh._felsozsolca-724x1024.jpg 724w\" sizes=\"(max-width: 1241px) 100vw, 1241px\" \/><\/p>\n<div class=\"sharedaddy sd-sharing-enabled\"><div class=\"robots-nocontent sd-block sd-social sd-social-icon sd-sharing\"><h3 class=\"sd-title\">Share this:<\/h3><div class=\"sd-content\"><ul><li class=\"share-facebook\"><a rel=\"nofollow noopener noreferrer\" data-shared=\"sharing-facebook-6763\" class=\"share-facebook sd-button share-icon no-text\" href=\"https:\/\/bukkleader.hu\/old\/meghivo-a-bukk-tersegi-leader-egyesulet-szakmai-forumara-felsozsolca-2021-07-19\/?share=facebook\" target=\"_blank\" title=\"Click to share on Facebook\"><span><\/span><span class=\"sharing-screen-reader-text\">Click to share on Facebook (Opens in new window)<\/span><\/a><\/li><li class=\"share-twitter\"><a rel=\"nofollow noopener noreferrer\" data-shared=\"sharing-twitter-6763\" class=\"share-twitter sd-button share-icon no-text\" href=\"https:\/\/bukkleader.hu\/old\/meghivo-a-bukk-tersegi-leader-egyesulet-szakmai-forumara-felsozsolca-2021-07-19\/?share=twitter\" target=\"_blank\" title=\"Click to share on Twitter\"><span><\/span><span class=\"sharing-screen-reader-text\">Click to share on Twitter (Opens in new window)<\/span><\/a><\/li><li class=\"share-print\"><a rel=\"nofollow noopener noreferrer\" data-shared=\"\" class=\"share-print sd-button share-icon no-text\" href=\"https:\/\/bukkleader.hu\/old\/meghivo-a-bukk-tersegi-leader-egyesulet-szakmai-forumara-felsozsolca-2021-07-19\/\" target=\"_blank\" title=\"Click to print\"><span><\/span><span class=\"sharing-screen-reader-text\">Click to print (Opens in new window)<\/span><\/a><\/li><li class=\"share-email\"><a rel=\"nofollow noopener noreferrer\" data-shared=\"\" class=\"share-email sd-button share-icon no-text\" href=\"https:\/\/bukkleader.hu\/old\/meghivo-a-bukk-tersegi-leader-egyesulet-szakmai-forumara-felsozsolca-2021-07-19\/?share=email\" target=\"_blank\" title=\"Click to email this to a friend\"><span><\/span><span class=\"sharing-screen-reader-text\">Click to email this to a friend (Opens in new window)<\/span><\/a><\/li><li class=\"share-end\"><\/li><\/ul><\/div><\/div><\/div>","protected":false},"excerpt":{"rendered":"<p>A B\u00fckk-T\u00e9rs\u00e9gi LEADER Egyes\u00fclet szeretettel megh\u00edvja \u00d6n\u00f6ket 2021. j\u00falius 19.-\u00e9n, Fels\u0151zsolc\u00e1n tartand\u00f3 szakmai f\u00f3rum\u00e1ra. (pdf let\u00f6lthet\u0151 itt)<\/p>\n<div class=\"sharedaddy sd-sharing-enabled\"><div class=\"robots-nocontent sd-block sd-social sd-social-icon sd-sharing\"><h3 class=\"sd-title\">Share this:<\/h3><div class=\"sd-content\"><ul><li class=\"share-facebook\"><a rel=\"nofollow noopener noreferrer\" data-shared=\"sharing-facebook-6763\" class=\"share-facebook sd-button share-icon no-text\" href=\"https:\/\/bukkleader.hu\/old\/meghivo-a-bukk-tersegi-leader-egyesulet-szakmai-forumara-felsozsolca-2021-07-19\/?share=facebook\" target=\"_blank\" title=\"Click to share on Facebook\"><span><\/span><span class=\"sharing-screen-reader-text\">Click to share on Facebook (Opens in new window)<\/span><\/a><\/li><li class=\"share-twitter\"><a rel=\"nofollow noopener noreferrer\" data-shared=\"sharing-twitter-6763\" class=\"share-twitter sd-button share-icon no-text\" href=\"https:\/\/bukkleader.hu\/old\/meghivo-a-bukk-tersegi-leader-egyesulet-szakmai-forumara-felsozsolca-2021-07-19\/?share=twitter\" target=\"_blank\" title=\"Click to share on Twitter\"><span><\/span><span class=\"sharing-screen-reader-text\">Click to share on Twitter (Opens in new window)<\/span><\/a><\/li><li class=\"share-print\"><a rel=\"nofollow noopener noreferrer\" data-shared=\"\" class=\"share-print sd-button share-icon no-text\" href=\"https:\/\/bukkleader.hu\/old\/meghivo-a-bukk-tersegi-leader-egyesulet-szakmai-forumara-felsozsolca-2021-07-19\/\" target=\"_blank\" title=\"Click to print\"><span><\/span><span class=\"sharing-screen-reader-text\">Click to print (Opens in new window)<\/span><\/a><\/li><li class=\"share-email\"><a rel=\"nofollow noopener noreferrer\" data-shared=\"\" class=\"share-email sd-button share-icon no-text\" href=\"https:\/\/bukkleader.hu\/old\/meghivo-a-bukk-tersegi-leader-egyesulet-szakmai-forumara-felsozsolca-2021-07-19\/?share=email\" target=\"_blank\" title=\"Click to email this to a friend\"><span><\/span><span class=\"sharing-screen-reader-text\">Click to email this to a friend (Opens in new window)<\/span><\/a><\/li><li class=\"share-end\"><\/li><\/ul><\/div><\/div><\/div>","protected":false},"author":4,"featured_media":1186,"comment_status":"closed","ping_status":"closed","sticky":false,"template":"","format":"standard","meta":{"_bbp_topic_count":0,"_bbp_reply_count":0,"_bbp_total_topic_count":0,"_bbp_total_reply_count":0,"_bbp_voice_count":0,"_bbp_anonymous_reply_count":0,"_bbp_topic_count_hidden":0,"_bbp_reply_count_hidden":0,"_bbp_forum_subforum_count":0,"spay_email":"","jetpack_publicize_message":"","jetpack_is_tweetstorm":false,"jetpack_publicize_feature_enabled":true},"categories":[1],"tags":[],"jetpack_featured_media_url":"https:\/\/bukkleader.hu\/old\/wp-content\/uploads\/2016\/09\/fels\u0151zsolca-\u00f6nk..jpg","jetpack_publicize_connections":[],"jetpack_sharing_enabled":true,"jetpack-related-posts":[{"id":1100,"url":"https:\/\/bukkleader.hu\/old\/szakmai-forum-felsozsolcan\/","url_meta":{"origin":6763,"position":0},"title":"Szakmai F\u00f3rum &#8211; Fels\u0151zsolc\u00e1n","date":"2016-09-01","format":false,"excerpt":"A B\u00fckk-T\u00e9rs\u00e9gi LEADER Egyes\u00fclet a LEADER \u00e9s egy\u00e9b vid\u00e9kfejleszt\u00e9si t\u00e1mogat\u00e1si t\u00e9m\u00e1kban szakmai t\u00e1j\u00e9koztat\u00f3 f\u00f3rumot tart, melyre szeretettel megh\u00edvjuk Fels\u0151zsolca V\u00e1ros lakosait, civil szervezeteit, egyh\u00e1zk\u00f6zs\u00e9geit, v\u00e1llalkoz\u00f3it az al\u00e1bbiak szerint:\u00a0https:\/\/bukkleader.hu\/old\/wp-content\/uploads\/2016\/09\/BTLE-Meghivo-Fels\u0151zsolca-\u00faj-pdf-2.pdf","rel":"","context":"In &quot;H\u00edreink, k\u00f6zlem\u00e9nyeink&quot;","img":{"alt_text":"","src":"https:\/\/i1.wp.com\/bukkleader.hu\/old\/wp-content\/uploads\/2016\/09\/fels\u0151zsolca-\u00f6nk..jpg?resize=350%2C200&ssl=1","width":350,"height":200},"classes":[]},{"id":8813,"url":"https:\/\/bukkleader.hu\/old\/tematikus-tudomka-kozpont-foruma-felsozsolca-2022-06-22\/","url_meta":{"origin":6763,"position":1},"title":"TEMATIKUS TUDOMKA K\u00d6ZPONT f\u00f3ruma &#8211; Fels\u0151zsolca, 2022.06.22.","date":"2022-05-20","format":false,"excerpt":"A B\u00fckki Kapt\u00e1rk\u0151 Tan\u00e1csad\u00f3 \u00e9s Szolg\u00e1ltat\u00f3 Szoci\u00e1lis Sz\u00f6vetkezet tisztelettel megh\u00edvja \u00d6n\u00f6ket a turisztikai egy\u00fcttm\u0171k\u00f6d\u00e9sek \u00e9s fejleszt\u00e9sek megval\u00f3s\u00edt\u00e1sa t\u00e1rgy\u00e1ban tartand\u00f3 f\u00f3rum\u00e1ra. A megh\u00edv\u00f3 pdf-ben let\u00f6lthet\u0151 itt.","rel":"","context":"In &quot;H\u00edreink, k\u00f6zlem\u00e9nyeink&quot;","img":{"alt_text":"","src":"https:\/\/i2.wp.com\/bukkleader.hu\/old\/wp-content\/uploads\/2020\/10\/l\u00f3.jpg?resize=350%2C200&ssl=1","width":350,"height":200},"classes":[]},{"id":8649,"url":"https:\/\/bukkleader.hu\/old\/meghivo-a-bukk-tersegi-leader-egyesulet-szakmai-forumara-sajokeresztur-2021-12-12\/","url_meta":{"origin":6763,"position":2},"title":"Megh\u00edv\u00f3 a B\u00fckk-T\u00e9rs\u00e9gi LEADER Egyes\u00fclet Szakmai F\u00f3rum\u00e1ra \u2013 Saj\u00f3kereszt\u00far, 2021.12.12.","date":"2021-12-03","format":false,"excerpt":"A B\u00fckk-T\u00e9rs\u00e9gi LEADER Egyes\u00fclet szeretettel megh\u00edvja \u00d6n\u00f6ket 2021. 12. 12-\u00e9n Saj\u00f3kereszt\u00faron tartand\u00f3 szakmai f\u00f3rum\u00e1ra. A megh\u00edv\u00f3 pdf-ben let\u00f6lthet\u0151 itt.","rel":"","context":"In &quot;H\u00edreink, k\u00f6zlem\u00e9nyeink&quot;","img":{"alt_text":"bukk-leader-logo-w","src":"https:\/\/i2.wp.com\/bukkleader.hu\/old\/wp-content\/uploads\/2015\/09\/bukk-leader-logo-w.jpg?resize=350%2C200&ssl=1","width":350,"height":200},"classes":[]},{"id":8622,"url":"https:\/\/bukkleader.hu\/old\/meghivo-a-bukk-tersegi-leader-egyesulet-szakmai-forumara-bukkaranyos-2021-12-06\/","url_meta":{"origin":6763,"position":3},"title":"Megh\u00edv\u00f3 a B\u00fckk-T\u00e9rs\u00e9gi LEADER Egyes\u00fclet Szakmai F\u00f3rum\u00e1ra &#8211; B\u00fckkaranyos, 2021.12.06","date":"2021-11-26","format":false,"excerpt":"A B\u00fckk-T\u00e9rs\u00e9gi LEADER Egyes\u00fclet szeretettel megh\u00edvja \u00d6n\u00f6ket 2021. 12. 06-\u00e1n B\u00fckkaranyoson tartand\u00f3 szakmai f\u00f3rum\u00e1ra. A megh\u00edv\u00f3 pdf-ben let\u00f6lthet\u0151 itt.","rel":"","context":"In &quot;H\u00edreink, k\u00f6zlem\u00e9nyeink&quot;","img":{"alt_text":"","src":"https:\/\/i2.wp.com\/bukkleader.hu\/old\/wp-content\/uploads\/2021\/12\/MhvBks.jpg?resize=350%2C200&ssl=1","width":350,"height":200},"classes":[]},{"id":6033,"url":"https:\/\/bukkleader.hu\/old\/meghivo-a-bukk-tersegi-leader-egyesulet-szakmai-forumara-parasznya-2021-julius-06\/","url_meta":{"origin":6763,"position":4},"title":"Megh\u00edv\u00f3 a B\u00fckk-T\u00e9rs\u00e9gi LEADER Egyes\u00fclet Szakmai F\u00f3rum\u00e1ra- Parasznya, 2021.07.06.","date":"2021-06-28","format":false,"excerpt":"A B\u00fckk-T\u00e9rs\u00e9gi LEADER Egyes\u00fclet szeretettel megh\u00edvja \u00d6n\u00f6ket 2021. j\u00falius 06.-\u00e1n Paraszny\u00e1n tartand\u00f3 szakmai f\u00f3rum\u00e1ra. (pdf let\u00f6lthet\u0151 itt)","rel":"","context":"In &quot;H\u00edreink, k\u00f6zlem\u00e9nyeink&quot;","img":{"alt_text":"Parasznya","src":"https:\/\/i0.wp.com\/bukkleader.hu\/old\/wp-content\/uploads\/2015\/10\/parasznya-w.jpg?resize=350%2C200&ssl=1","width":350,"height":200},"classes":[]},{"id":6516,"url":"https:\/\/bukkleader.hu\/old\/meghivo-a-bukk-tersegi-leader-egyesulet-szakmai-forumara-bukkszentkereszt-2021-07-12\/","url_meta":{"origin":6763,"position":5},"title":"Megh\u00edv\u00f3 a B\u00fckk-T\u00e9rs\u00e9gi LEADER Egyes\u00fclet Szakmai F\u00f3rum\u00e1ra- B\u00fckkszentkereszt, 2021.07.12.","date":"2021-06-28","format":false,"excerpt":"A B\u00fckk-T\u00e9rs\u00e9gi LEADER Egyes\u00fclet szeretettel megh\u00edvja \u00d6n\u00f6ket 2021. j\u00falius 12.-\u00e9n, B\u00fckkszentkereszten tartand\u00f3 szakmai f\u00f3rum\u00e1ra. (pdf let\u00f6lthet\u0151 itt)","rel":"","context":"In &quot;H\u00edreink, k\u00f6zlem\u00e9nyeink&quot;","img":{"alt_text":"","src":"https:\/\/i0.wp.com\/bukkleader.hu\/old\/wp-content\/uploads\/2017\/12\/B\u00fckkszent-t\u00e9len.jpg?resize=350%2C200&ssl=1","width":350,"height":200},"classes":[]}],"_links":{"self":[{"href":"https:\/\/bukkleader.hu\/old\/wp-json\/wp\/v2\/posts\/6763"}],"collection":[{"href":"https:\/\/bukkleader.hu\/old\/wp-json\/wp\/v2\/posts"}],"about":[{"href":"https:\/\/bukkleader.hu\/old\/wp-json\/wp\/v2\/types\/post"}],"author":[{"embeddable":true,"href":"https:\/\/bukkleader.hu\/old\/wp-json\/wp\/v2\/users\/4"}],"replies":[{"embeddable":true,"href":"https:\/\/bukkleader.hu\/old\/wp-json\/wp\/v2\/comments?post=6763"}],"version-history":[{"count":1,"href":"https:\/\/bukkleader.hu\/old\/wp-json\/wp\/v2\/posts\/6763\/revisions"}],"predecessor-version":[{"id":6860,"href":"https:\/\/bukkleader.hu\/old\/wp-json\/wp\/v2\/posts\/6763\/revisions\/6860"}],"wp:featuredmedia":[{"embeddable":true,"href":"https:\/\/bukkleader.hu\/old\/wp-json\/wp\/v2\/media\/1186"}],"wp:attachment":[{"href":"https:\/\/bukkleader.hu\/old\/wp-json\/wp\/v2\/media?parent=6763"}],"wp:term":[{"taxonomy":"category","embeddable":true,"href":"https:\/\/bukkleader.hu\/old\/wp-json\/wp\/v2\/categories?post=6763"},{"taxonomy":"post_tag","embeddable":true,"href":"https:\/\/bukkleader.hu\/old\/wp-json\/wp\/v2\/tags?post=6763"}],"curies":[{"name":"wp","href":"https:\/\/api.w.org\/{rel}","templated":true}]}}