{"id":661,"date":"2015-11-19T12:59:42","date_gmt":"2015-11-19T11:59:42","guid":{"rendered":"https:\/\/bukkleader.hu\/old\/?p=661"},"modified":"2015-11-24T13:19:39","modified_gmt":"2015-11-24T12:19:39","slug":"operativ-programok","status":"publish","type":"post","link":"https:\/\/bukkleader.hu\/old\/operativ-programok\/","title":{"rendered":"Operat\u00edv Programok"},"content":{"rendered":"<p>A B\u00fckk-T\u00e9rs\u00e9gi LEADER Egyes\u00fclet Helyi Fejleszt\u00e9si Strat\u00e9gi\u00e1j\u00e1nak elk\u00e9sz\u00edt\u00e9s\u00e9hez felhaszn\u00e1lt Operat\u00edv Programok el\u00e9rhet\u0151ek itt:\u00a0https:\/\/www.palyazat.gov.hu<\/p>\n<p>&nbsp;<\/p>\n<p>&nbsp;<\/p>\n<p><!--more--><\/p>\n<div class=\"sharedaddy sd-sharing-enabled\"><div class=\"robots-nocontent sd-block sd-social sd-social-icon sd-sharing\"><h3 class=\"sd-title\">Share this:<\/h3><div class=\"sd-content\"><ul><li class=\"share-facebook\"><a rel=\"nofollow noopener noreferrer\" data-shared=\"sharing-facebook-661\" class=\"share-facebook sd-button share-icon no-text\" href=\"https:\/\/bukkleader.hu\/old\/operativ-programok\/?share=facebook\" target=\"_blank\" title=\"Click to share on Facebook\"><span><\/span><span class=\"sharing-screen-reader-text\">Click to share on Facebook (Opens in new window)<\/span><\/a><\/li><li class=\"share-twitter\"><a rel=\"nofollow noopener noreferrer\" data-shared=\"sharing-twitter-661\" class=\"share-twitter sd-button share-icon no-text\" href=\"https:\/\/bukkleader.hu\/old\/operativ-programok\/?share=twitter\" target=\"_blank\" title=\"Click to share on Twitter\"><span><\/span><span class=\"sharing-screen-reader-text\">Click to share on Twitter (Opens in new window)<\/span><\/a><\/li><li class=\"share-print\"><a rel=\"nofollow noopener noreferrer\" data-shared=\"\" class=\"share-print sd-button share-icon no-text\" href=\"https:\/\/bukkleader.hu\/old\/operativ-programok\/\" target=\"_blank\" title=\"Click to print\"><span><\/span><span class=\"sharing-screen-reader-text\">Click to print (Opens in new window)<\/span><\/a><\/li><li class=\"share-email\"><a rel=\"nofollow noopener noreferrer\" data-shared=\"\" class=\"share-email sd-button share-icon no-text\" href=\"https:\/\/bukkleader.hu\/old\/operativ-programok\/?share=email\" target=\"_blank\" title=\"Click to email this to a friend\"><span><\/span><span class=\"sharing-screen-reader-text\">Click to email this to a friend (Opens in new window)<\/span><\/a><\/li><li class=\"share-end\"><\/li><\/ul><\/div><\/div><\/div>","protected":false},"excerpt":{"rendered":"<p>A B\u00fckk-T\u00e9rs\u00e9gi LEADER Egyes\u00fclet Helyi Fejleszt\u00e9si Strat\u00e9gi\u00e1j\u00e1nak elk\u00e9sz\u00edt\u00e9s\u00e9hez felhaszn\u00e1lt Operat\u00edv Programok el\u00e9rhet\u0151ek itt:\u00a0https:\/\/www.palyazat.gov.hu &nbsp; &nbsp;<\/p>\n<div class=\"sharedaddy sd-sharing-enabled\"><div class=\"robots-nocontent sd-block sd-social sd-social-icon sd-sharing\"><h3 class=\"sd-title\">Share this:<\/h3><div class=\"sd-content\"><ul><li class=\"share-facebook\"><a rel=\"nofollow noopener noreferrer\" data-shared=\"sharing-facebook-661\" class=\"share-facebook sd-button share-icon no-text\" href=\"https:\/\/bukkleader.hu\/old\/operativ-programok\/?share=facebook\" target=\"_blank\" title=\"Click to share on Facebook\"><span><\/span><span class=\"sharing-screen-reader-text\">Click to share on Facebook (Opens in new window)<\/span><\/a><\/li><li class=\"share-twitter\"><a rel=\"nofollow noopener noreferrer\" data-shared=\"sharing-twitter-661\" class=\"share-twitter sd-button share-icon no-text\" href=\"https:\/\/bukkleader.hu\/old\/operativ-programok\/?share=twitter\" target=\"_blank\" title=\"Click to share on Twitter\"><span><\/span><span class=\"sharing-screen-reader-text\">Click to share on Twitter (Opens in new window)<\/span><\/a><\/li><li class=\"share-print\"><a rel=\"nofollow noopener noreferrer\" data-shared=\"\" class=\"share-print sd-button share-icon no-text\" href=\"https:\/\/bukkleader.hu\/old\/operativ-programok\/\" target=\"_blank\" title=\"Click to print\"><span><\/span><span class=\"sharing-screen-reader-text\">Click to print (Opens in new window)<\/span><\/a><\/li><li class=\"share-email\"><a rel=\"nofollow noopener noreferrer\" data-shared=\"\" class=\"share-email sd-button share-icon no-text\" href=\"https:\/\/bukkleader.hu\/old\/operativ-programok\/?share=email\" target=\"_blank\" title=\"Click to email this to a friend\"><span><\/span><span class=\"sharing-screen-reader-text\">Click to email this to a friend (Opens in new window)<\/span><\/a><\/li><li class=\"share-end\"><\/li><\/ul><\/div><\/div><\/div>","protected":false},"author":4,"featured_media":702,"comment_status":"open","ping_status":"closed","sticky":false,"template":"","format":"standard","meta":{"_bbp_topic_count":0,"_bbp_reply_count":0,"_bbp_total_topic_count":0,"_bbp_total_reply_count":0,"_bbp_voice_count":0,"_bbp_anonymous_reply_count":0,"_bbp_topic_count_hidden":0,"_bbp_reply_count_hidden":0,"_bbp_forum_subforum_count":0,"spay_email":"","jetpack_publicize_message":"","jetpack_is_tweetstorm":false,"jetpack_publicize_feature_enabled":true},"categories":[1],"tags":[],"jetpack_featured_media_url":"https:\/\/bukkleader.hu\/old\/wp-content\/uploads\/2015\/11\/operat\u00edv-programok-2..jpg","jetpack_publicize_connections":[],"jetpack_sharing_enabled":true,"jetpack-related-posts":[{"id":359,"url":"https:\/\/bukkleader.hu\/old\/a-2014-2020-as-operativ-programok-tarsadalmi-egyeztetese\/","url_meta":{"origin":661,"position":0},"title":"A 2014-2020-as operat\u00edv programok t\u00e1rsadalmi egyeztet\u00e9se","date":"2013-11-18","format":false,"excerpt":"Magyarorsz\u00e1g kiemelt nemzeti \u00e9rdeke, hogy a rendelkez\u00e9s\u00e9re \u00e1ll\u00f3 uni\u00f3s forr\u00e1sokat min\u00e9l hat\u00e9konyabban haszn\u00e1lja fel, ennek \u00e9rdek\u00e9ben a 2014-2020-as id\u0151szakra vonatkoz\u00f3 operat\u00edv programok t\u00e1rsadalmi egyeztet\u00e9se folyik. Az operat\u00edv programokkal kapcsolatos \u00e9szrev\u00e9telek, javaslatok\u00a0az adott operat\u00edv programhoz kapcsol\u00f3d\u00f3 internetes f\u00f3rumon k\u00fcldhet\u0151k meg, 2013. december 15-ig, az al\u00e1bbi weboldalr\u00f3l >>","rel":"","context":"In &quot;H\u00edreink, k\u00f6zlem\u00e9nyeink&quot;","img":{"alt_text":"eu z\u00e1szl\u00f3","src":"https:\/\/i0.wp.com\/bukkleader.hu\/old\/wp-content\/uploads\/2012\/06\/eu-zaszlo384w.jpg?resize=350%2C200&ssl=1","width":350,"height":200},"classes":[]},{"id":405,"url":"https:\/\/bukkleader.hu\/old\/figyelem-uj-vallalkozas-fejlesztesi-tamogatasok-elerhetoek\/","url_meta":{"origin":661,"position":1},"title":"FIGYELEM! \u00daj v\u00e1llalkoz\u00e1s-fejleszt\u00e9si t\u00e1mogat\u00e1sok el\u00e9rhet\u0151ek!","date":"2014-10-21","format":false,"excerpt":"Megjelent a Mikro-, kis- \u00e9s k\u00f6z\u00e9pv\u00e1llalkoz\u00e1sok termel\u00e9si kapacit\u00e1sainak b\u0151v\u00edt\u00e9se \u00e9s a Fiatalok v\u00e1llalkoz\u00f3v\u00e1 v\u00e1l\u00e1s\u00e1nak t\u00e1mogat\u00e1sa\u00a0p\u00e1ly\u00e1zati felh\u00edv\u00e1s.\u00a0Mivel a 2007-2013-as programoz\u00e1si id\u0151szak mikr\u00f3v\u00e1llalkoz\u00e1sok fejleszt\u00e9se \u00e9s l\u00e9trehoz\u00e1sa t\u00e1mogat\u00e1si jogc\u00edme nem ker\u00fclt neves\u00edt\u00e9sre a 2014-2020 k\u00f6z\u00f6tti Vid\u00e9kfejleszt\u00e9si Programban, ez\u00e9rt a vid\u00e9ki v\u00e1llalkoz\u00e1sok a Gazdas\u00e1gfejleszt\u00e9si \u00e9s Innov\u00e1ci\u00f3s Operat\u00edv Program (GINOP) keret\u00e9n bel\u00fcl tudnak fejleszt\u00e9si forr\u00e1shoz\u2026","rel":"","context":"In &quot;H\u00edreink, k\u00f6zlem\u00e9nyeink&quot;","img":{"alt_text":"felki\u00e1llt\u00f3 jel","src":"https:\/\/i0.wp.com\/bukkleader.hu\/old\/wp-content\/uploads\/2012\/06\/felkialto-jel384w.jpg?resize=350%2C200&ssl=1","width":350,"height":200},"classes":[]},{"id":178,"url":"https:\/\/bukkleader.hu\/old\/vallalkozas-fejlesztesi-palyazati-lehetosegek\/","url_meta":{"origin":661,"position":2},"title":"V\u00e1llalkoz\u00e1s-fejleszt\u00e9si p\u00e1ly\u00e1zati lehet\u0151s\u00e9gek","date":"2012-06-09","format":false,"excerpt":"T\u00e1j\u00e9koztat\u00e1s EMVA \u00e9s GOP v\u00e1llalkoz\u00e1s-fejleszt\u00e9si p\u00e1ly\u00e1zati lehet\u0151s\u00e9gekr\u0151lA Vid\u00e9kfejleszt\u00e9si Miniszt\u00e9rium t\u00e1j\u00e9koztat\u00e1sa szerint 2012-ben az EMVA-b\u00f3l t\u00e1rsfinansz\u00edroz\u00e1ssal megval\u00f3sul\u00f3 \u201eMikrov\u00e1llalkoz\u00e1sok l\u00e9trehoz\u00e1sa \u00e9s fejleszt\u00e9se\u201d int\u00e9zked\u00e9s utolj\u00e1ra ker\u00fcl kihirdet\u00e9sre a 2007-2013-as id\u0151szakban, a beny\u00fajt\u00e1si id\u0151szak v\u00e9g\u00e9n a jogc\u00edm lez\u00e1rul. A t\u00e1mogat\u00e1si jogc\u00edm beny\u00fajt\u00e1si id\u0151szaka 2012. j\u00fanius 1-30-ig tart. Ezt k\u00f6vet\u0151en az \u00daj Sz\u00e9chenyi Terv keret\u00e9ben\u2026","rel":"","context":"In &quot;H\u00edreink, k\u00f6zlem\u00e9nyeink&quot;","img":{"alt_text":"inform\u00e1ci\u00f3","src":"https:\/\/i1.wp.com\/bukkleader.hu\/old\/wp-content\/uploads\/2012\/06\/info384w.jpg?resize=350%2C200&ssl=1","width":350,"height":200},"classes":[]},{"id":2625,"url":"https:\/\/bukkleader.hu\/old\/faismereti-eloadasok-es-bemutatok-okologiai-faapolasi-eloadas-gyogynovenyismereti-eloadas-tardon-leader-tamogatassal\/","url_meta":{"origin":661,"position":3},"title":"Faismereti el\u0151ad\u00e1sok \u00e9s bemutat\u00f3k, \u00f6kol\u00f3giai fa\u00e1pol\u00e1si el\u0151ad\u00e1s, gy\u00f3gyn\u00f6v\u00e9nyismereti el\u0151ad\u00e1s Tardon LEADER t\u00e1mogat\u00e1ssal","date":"2020-06-11","format":false,"excerpt":"A Forr\u00e1sfakaszt\u00f3 Nonprofit Kft (Tard) tisztelettel megh\u00edvja \u00d6n\u00f6ket az al\u00e1bbi, LEADER t\u00e1mogat\u00e1ssal megval\u00f3sul\u00f3 interakt\u00edv bemutat\u00f3 el\u0151ad\u00e1sokra, amely programok eredetileg 2020. m\u00e1rcius-\u00e1prilisban ker\u00fcltek volna megval\u00f3s\u00edt\u00e1sra, azonban a koronav\u00edrus j\u00e1rv\u00e1ny miatt elhalaszt\u00e1sra ker\u00fcltek. A programok egy h\u00e9tr\u00e9szes sorozat rendezv\u00e9nyei, melynek els\u0151 k\u00e9t rendezv\u00e9ny\u00e9re 2019. december\u00e9ben ker\u00fclt sor.","rel":"","context":"In &quot;H\u00edreink, k\u00f6zlem\u00e9nyeink&quot;","img":{"alt_text":"","src":"https:\/\/i2.wp.com\/bukkleader.hu\/old\/wp-content\/uploads\/2020\/03\/rsz_fa2.jpg?resize=350%2C200&ssl=1","width":350,"height":200},"classes":[]},{"id":1285,"url":"https:\/\/bukkleader.hu\/old\/felhivas-efop-1-7-1-17\/","url_meta":{"origin":661,"position":4},"title":"FELH\u00cdV\u00c1S EFOP-1.7.1-17","date":"2017-02-03","format":false,"excerpt":"FELH\u00cdV\u00c1S a t\u00e1rsadalmi felz\u00e1rk\u00f3z\u00e1s, a ter\u00fcleti k\u00fcl\u00f6nbs\u00e9gek cs\u00f6kkent\u00e9se, a szakter\u00fcleteken \u00e1t\u00edvel\u0151 komplex programok megval\u00f3s\u00edt\u00e1s\u00e1ra a helyi akci\u00f3csoportok bevon\u00e1s\u00e1val\u00a0Let\u00f6lt\u00e9s","rel":"","context":"In &quot;H\u00edreink, k\u00f6zlem\u00e9nyeink&quot;","img":{"alt_text":"","src":"https:\/\/i2.wp.com\/bukkleader.hu\/old\/wp-content\/uploads\/2017\/02\/romatelep.jpg?resize=350%2C200&ssl=1","width":350,"height":200},"classes":[]},{"id":277,"url":"https:\/\/bukkleader.hu\/old\/palyazat-ikszt-k-szolgaltatas-bovitesere\/","url_meta":{"origin":661,"position":5},"title":"P\u00e1ly\u00e1zat IKSZT-k szolg\u00e1ltat\u00e1s-b\u0151v\u00edt\u00e9s\u00e9re","date":"2012-12-11","format":false,"excerpt":"A Nemzeti Fejleszt\u00e9si \u00dcgyn\u00f6ks\u00e9g (NF\u00dc) gondoz\u00e1s\u00e1ban megjelent az IKSZT-k szolg\u00e1ltat\u00e1sb\u0151v\u00edt\u00e9s\u00e9hez kapcsol\u00f3d\u00f3 T\u00c1MOP 3.2.3.B-12\/1 jel\u0171 \u201e\u00c9p\u00edt\u0151 k\u00f6z\u00f6ss\u00e9gek\u201d - B) A korszer\u0171, t\u00f6bbfunkci\u00f3s (multifunkcion\u00e1lis) k\u00f6zm\u0171vel\u0151d\u00e9si fejleszt\u00e9seket szolg\u00e1l\u00f3 k\u00f6z\u00f6ss\u00e9gi programok, egy\u00fcttm\u0171k\u00f6d\u00e9sek, \u00faj tanul\u00e1si form\u00e1k kialakul\u00e1s\u00e1nak el\u0151seg\u00edt\u00e9se c\u00edm\u0171 \u00daj Sz\u00e9chenyi Terv p\u00e1ly\u00e1zat. A p\u00e1ly\u00e1zattal kapcsolatban r\u00e9szletes inform\u00e1ci\u00f3k az al\u00e1bbi linken olvashat\u00f3ak >>","rel":"","context":"In &quot;H\u00edreink, k\u00f6zlem\u00e9nyeink&quot;","img":{"alt_text":"ikszt.logo","src":"https:\/\/i2.wp.com\/bukkleader.hu\/old\/wp-content\/uploads\/2015\/09\/ikszt.logo_1.jpg?resize=350%2C200&ssl=1","width":350,"height":200},"classes":[]}],"_links":{"self":[{"href":"https:\/\/bukkleader.hu\/old\/wp-json\/wp\/v2\/posts\/661"}],"collection":[{"href":"https:\/\/bukkleader.hu\/old\/wp-json\/wp\/v2\/posts"}],"about":[{"href":"https:\/\/bukkleader.hu\/old\/wp-json\/wp\/v2\/types\/post"}],"author":[{"embeddable":true,"href":"https:\/\/bukkleader.hu\/old\/wp-json\/wp\/v2\/users\/4"}],"replies":[{"embeddable":true,"href":"https:\/\/bukkleader.hu\/old\/wp-json\/wp\/v2\/comments?post=661"}],"version-history":[{"count":5,"href":"https:\/\/bukkleader.hu\/old\/wp-json\/wp\/v2\/posts\/661\/revisions"}],"predecessor-version":[{"id":703,"href":"https:\/\/bukkleader.hu\/old\/wp-json\/wp\/v2\/posts\/661\/revisions\/703"}],"wp:featuredmedia":[{"embeddable":true,"href":"https:\/\/bukkleader.hu\/old\/wp-json\/wp\/v2\/media\/702"}],"wp:attachment":[{"href":"https:\/\/bukkleader.hu\/old\/wp-json\/wp\/v2\/media?parent=661"}],"wp:term":[{"taxonomy":"category","embeddable":true,"href":"https:\/\/bukkleader.hu\/old\/wp-json\/wp\/v2\/categories?post=661"},{"taxonomy":"post_tag","embeddable":true,"href":"https:\/\/bukkleader.hu\/old\/wp-json\/wp\/v2\/tags?post=661"}],"curies":[{"name":"wp","href":"https:\/\/api.w.org\/{rel}","templated":true}]}}