{"id":6010,"date":"2021-06-28T09:40:18","date_gmt":"2021-06-28T07:40:18","guid":{"rendered":"https:\/\/bukkleader.hu\/old\/?p=6010"},"modified":"2021-06-28T12:25:14","modified_gmt":"2021-06-28T10:25:14","slug":"meghivo-a-bukk-tersegi-leader-egyesulet-szakmai-forumara-2021-07-01","status":"publish","type":"post","link":"https:\/\/bukkleader.hu\/old\/meghivo-a-bukk-tersegi-leader-egyesulet-szakmai-forumara-2021-07-01\/","title":{"rendered":"Megh\u00edv\u00f3 a B\u00fckk-T\u00e9rs\u00e9gi LEADER Egyes\u00fclet Szakmai F\u00f3rum\u00e1ra \u2013 Tard, 2021.07.01."},"content":{"rendered":"<p>A B\u00fckk-T\u00e9rs\u00e9gi LEADER Egyes\u00fclet 2021. j\u00falius 01-\u00e9n 17:00 \u00f3r\u00e1t\u00f3l szakmai f\u00f3rumot tart Tardon, melyre minden \u00e9rdekl\u0151d\u0151t tisztelettel megh\u00edvunk. A f\u00f3rum programja (a program PDF-ben let\u00f6lthet\u0151 <a href=\"https:\/\/bukkleader.hu\/old\/wp-content\/uploads\/2021\/06\/Megh\u00edv\u00f3_Tard-003-1.pdf\" target=\"_blank\" rel=\"noopener\">itt<\/a>):<img data-attachment-id=\"6012\" data-permalink=\"https:\/\/bukkleader.hu\/old\/meghivo-a-bukk-tersegi-leader-egyesulet-szakmai-forumara-2021-07-01\/mhvtard-2\/\" data-orig-file=\"https:\/\/bukkleader.hu\/old\/wp-content\/uploads\/2021\/06\/MhvTard-1.jpg\" data-orig-size=\"1241,1755\" data-comments-opened=\"1\" data-image-meta=\"{&quot;aperture&quot;:&quot;0&quot;,&quot;credit&quot;:&quot;&quot;,&quot;camera&quot;:&quot;&quot;,&quot;caption&quot;:&quot;&quot;,&quot;created_timestamp&quot;:&quot;0&quot;,&quot;copyright&quot;:&quot;&quot;,&quot;focal_length&quot;:&quot;0&quot;,&quot;iso&quot;:&quot;0&quot;,&quot;shutter_speed&quot;:&quot;0&quot;,&quot;title&quot;:&quot;&quot;,&quot;orientation&quot;:&quot;0&quot;}\" data-image-title=\"MhvTard\" data-image-description=\"\" data-image-caption=\"\" data-medium-file=\"https:\/\/bukkleader.hu\/old\/wp-content\/uploads\/2021\/06\/MhvTard-1-212x300.jpg\" data-large-file=\"https:\/\/bukkleader.hu\/old\/wp-content\/uploads\/2021\/06\/MhvTard-1-724x1024.jpg\" loading=\"lazy\" class=\"aligncenter size-full wp-image-6012\" src=\"https:\/\/bukkleader.hu\/old\/wp-content\/uploads\/2021\/06\/MhvTard-1.jpg\" alt=\"\" width=\"1241\" height=\"1755\" srcset=\"https:\/\/bukkleader.hu\/old\/wp-content\/uploads\/2021\/06\/MhvTard-1.jpg 1241w, https:\/\/bukkleader.hu\/old\/wp-content\/uploads\/2021\/06\/MhvTard-1-212x300.jpg 212w, https:\/\/bukkleader.hu\/old\/wp-content\/uploads\/2021\/06\/MhvTard-1-768x1086.jpg 768w, https:\/\/bukkleader.hu\/old\/wp-content\/uploads\/2021\/06\/MhvTard-1-724x1024.jpg 724w\" sizes=\"(max-width: 1241px) 100vw, 1241px\" \/><\/p>\n<div class=\"sharedaddy sd-sharing-enabled\"><div class=\"robots-nocontent sd-block sd-social sd-social-icon sd-sharing\"><h3 class=\"sd-title\">Share this:<\/h3><div class=\"sd-content\"><ul><li class=\"share-facebook\"><a rel=\"nofollow noopener noreferrer\" data-shared=\"sharing-facebook-6010\" class=\"share-facebook sd-button share-icon no-text\" href=\"https:\/\/bukkleader.hu\/old\/meghivo-a-bukk-tersegi-leader-egyesulet-szakmai-forumara-2021-07-01\/?share=facebook\" target=\"_blank\" title=\"Click to share on Facebook\"><span><\/span><span class=\"sharing-screen-reader-text\">Click to share on Facebook (Opens in new window)<\/span><\/a><\/li><li class=\"share-twitter\"><a rel=\"nofollow noopener noreferrer\" data-shared=\"sharing-twitter-6010\" class=\"share-twitter sd-button share-icon no-text\" href=\"https:\/\/bukkleader.hu\/old\/meghivo-a-bukk-tersegi-leader-egyesulet-szakmai-forumara-2021-07-01\/?share=twitter\" target=\"_blank\" title=\"Click to share on Twitter\"><span><\/span><span class=\"sharing-screen-reader-text\">Click to share on Twitter (Opens in new window)<\/span><\/a><\/li><li class=\"share-print\"><a rel=\"nofollow noopener noreferrer\" data-shared=\"\" class=\"share-print sd-button share-icon no-text\" href=\"https:\/\/bukkleader.hu\/old\/meghivo-a-bukk-tersegi-leader-egyesulet-szakmai-forumara-2021-07-01\/\" target=\"_blank\" title=\"Click to print\"><span><\/span><span class=\"sharing-screen-reader-text\">Click to print (Opens in new window)<\/span><\/a><\/li><li class=\"share-email\"><a rel=\"nofollow noopener noreferrer\" data-shared=\"\" class=\"share-email sd-button share-icon no-text\" href=\"https:\/\/bukkleader.hu\/old\/meghivo-a-bukk-tersegi-leader-egyesulet-szakmai-forumara-2021-07-01\/?share=email\" target=\"_blank\" title=\"Click to email this to a friend\"><span><\/span><span class=\"sharing-screen-reader-text\">Click to email this to a friend (Opens in new window)<\/span><\/a><\/li><li class=\"share-end\"><\/li><\/ul><\/div><\/div><\/div>","protected":false},"excerpt":{"rendered":"<p>A B\u00fckk-T\u00e9rs\u00e9gi LEADER Egyes\u00fclet 2021. j\u00falius 01-\u00e9n 17:00 \u00f3r\u00e1t\u00f3l szakmai f\u00f3rumot tart Tardon, melyre minden \u00e9rdekl\u0151d\u0151t tisztelettel megh\u00edvunk. A f\u00f3rum programja (a program PDF-ben let\u00f6lthet\u0151 itt):<\/p>\n<div class=\"sharedaddy sd-sharing-enabled\"><div class=\"robots-nocontent sd-block sd-social sd-social-icon sd-sharing\"><h3 class=\"sd-title\">Share this:<\/h3><div class=\"sd-content\"><ul><li class=\"share-facebook\"><a rel=\"nofollow noopener noreferrer\" data-shared=\"sharing-facebook-6010\" class=\"share-facebook sd-button share-icon no-text\" href=\"https:\/\/bukkleader.hu\/old\/meghivo-a-bukk-tersegi-leader-egyesulet-szakmai-forumara-2021-07-01\/?share=facebook\" target=\"_blank\" title=\"Click to share on Facebook\"><span><\/span><span class=\"sharing-screen-reader-text\">Click to share on Facebook (Opens in new window)<\/span><\/a><\/li><li class=\"share-twitter\"><a rel=\"nofollow noopener noreferrer\" data-shared=\"sharing-twitter-6010\" class=\"share-twitter sd-button share-icon no-text\" href=\"https:\/\/bukkleader.hu\/old\/meghivo-a-bukk-tersegi-leader-egyesulet-szakmai-forumara-2021-07-01\/?share=twitter\" target=\"_blank\" title=\"Click to share on Twitter\"><span><\/span><span class=\"sharing-screen-reader-text\">Click to share on Twitter (Opens in new window)<\/span><\/a><\/li><li class=\"share-print\"><a rel=\"nofollow noopener noreferrer\" data-shared=\"\" class=\"share-print sd-button share-icon no-text\" href=\"https:\/\/bukkleader.hu\/old\/meghivo-a-bukk-tersegi-leader-egyesulet-szakmai-forumara-2021-07-01\/\" target=\"_blank\" title=\"Click to print\"><span><\/span><span class=\"sharing-screen-reader-text\">Click to print (Opens in new window)<\/span><\/a><\/li><li class=\"share-email\"><a rel=\"nofollow noopener noreferrer\" data-shared=\"\" class=\"share-email sd-button share-icon no-text\" href=\"https:\/\/bukkleader.hu\/old\/meghivo-a-bukk-tersegi-leader-egyesulet-szakmai-forumara-2021-07-01\/?share=email\" target=\"_blank\" title=\"Click to email this to a friend\"><span><\/span><span class=\"sharing-screen-reader-text\">Click to email this to a friend (Opens in new window)<\/span><\/a><\/li><li class=\"share-end\"><\/li><\/ul><\/div><\/div><\/div>","protected":false},"author":4,"featured_media":2827,"comment_status":"open","ping_status":"closed","sticky":false,"template":"","format":"standard","meta":{"_bbp_topic_count":0,"_bbp_reply_count":0,"_bbp_total_topic_count":0,"_bbp_total_reply_count":0,"_bbp_voice_count":0,"_bbp_anonymous_reply_count":0,"_bbp_topic_count_hidden":0,"_bbp_reply_count_hidden":0,"_bbp_forum_subforum_count":0,"spay_email":"","jetpack_publicize_message":"","jetpack_is_tweetstorm":false,"jetpack_publicize_feature_enabled":true},"categories":[1],"tags":[],"jetpack_featured_media_url":"https:\/\/bukkleader.hu\/old\/wp-content\/uploads\/2020\/09\/Tard2.jpg","jetpack_publicize_connections":[],"jetpack_sharing_enabled":true,"jetpack-related-posts":[{"id":1150,"url":"https:\/\/bukkleader.hu\/old\/szakmai-forum-tard\/","url_meta":{"origin":6010,"position":0},"title":"Szakmai F\u00f3rum &#8211; Tard","date":"2016-10-15","format":false,"excerpt":"A B\u00fckk-T\u00e9rs\u00e9gi LEADER Egyes\u00fclet Vid\u00e9kfejleszt\u00e9si Szakmai F\u00f3rumot tart 2016. okt\u00f3ber 19-\u00e9n (szerd\u00e1n) Tard k\u00f6zs\u00e9gben a mell\u00e9kelt megh\u00edv\u00f3 szerint.\u00a0Megh\u00edv\u00f3 >>\u00a0\u00a0","rel":"","context":"In &quot;H\u00edreink, k\u00f6zlem\u00e9nyeink&quot;","img":{"alt_text":"","src":"https:\/\/i1.wp.com\/bukkleader.hu\/old\/wp-content\/uploads\/2016\/10\/tard_tajhaz.jpg?resize=350%2C200&ssl=1","width":350,"height":200},"classes":[]},{"id":741,"url":"https:\/\/bukkleader.hu\/old\/meghivo-helyi-fejlesztesi-strategia-tervezesi-forum-tard\/","url_meta":{"origin":6010,"position":1},"title":"Megh\u00edv\u00f3 &#8211; Helyi Fejleszt\u00e9si Strat\u00e9gia tervez\u00e9si f\u00f3rum &#8211; Tard","date":"2015-12-07","format":false,"excerpt":"A B\u00fckk-T\u00e9rs\u00e9gi LEADER Egyes\u00fclet Helyi Fejleszt\u00e9si Strat\u00e9gia tervez\u00e9si f\u00f3rumot tart Tardon, a mell\u00e9kelt megh\u00edv\u00f3 szerint. Minden \u00e9rdekl\u0151d\u0151t v\u00e1runk!Megh\u00edv\u00f3 let\u00f6lt\u00e9se itt >>Meghivo Tard","rel":"","context":"In &quot;H\u00edreink, k\u00f6zlem\u00e9nyeink&quot;","img":{"alt_text":"","src":"https:\/\/i2.wp.com\/bukkleader.hu\/old\/wp-content\/uploads\/2015\/12\/tard_tajhaz.jpg?resize=350%2C200&ssl=1","width":350,"height":200},"classes":[]},{"id":1866,"url":"https:\/\/bukkleader.hu\/old\/tajekoztato-forum-a-videkfejlesztesi-program-aktualitasairol-es-a-helyi-fejlesztesi-strategia-elorehaladasarol-tard\/","url_meta":{"origin":6010,"position":2},"title":"T\u00e1j\u00e9koztat\u00f3 F\u00f3rum a Vid\u00e9kfejleszt\u00e9si Program  aktualit\u00e1sair\u00f3l \u00e9s a Helyi Fejleszt\u00e9si Strat\u00e9gia el\u0151rehalad\u00e1s\u00e1r\u00f3l &#8211; Tard","date":"2018-11-19","format":false,"excerpt":"A B\u00fckk-T\u00e9rs\u00e9gi LEADER Egyes\u00fclet t\u00e1j\u00e9koztat\u00f3 f\u00f3rumot tart 2018. 11. 29-\u00e9n 16:30 \u00f3r\u00e1t\u00f3l Tardon, a Forr\u00e1s Oktat\u00e1si K\u00f6zpont Tangazdas\u00e1g\u00e1ban a mell\u00e9kelt megh\u00edv\u00f3 szerint. Megh\u00edv\u00f3 >>","rel":"","context":"In &quot;H\u00edreink, k\u00f6zlem\u00e9nyeink&quot;","img":{"alt_text":"","src":"https:\/\/i1.wp.com\/bukkleader.hu\/old\/wp-content\/uploads\/2016\/10\/tard_tajhaz.jpg?resize=350%2C200&ssl=1","width":350,"height":200},"classes":[]},{"id":8654,"url":"https:\/\/bukkleader.hu\/old\/meghivo-a-bukk-tersegi-leader-egyesulet-szakmai-forumara-2021-12-17-on-line-forum\/","url_meta":{"origin":6010,"position":3},"title":"Megh\u00edv\u00f3 a B\u00fckk-T\u00e9rs\u00e9gi LEADER Egyes\u00fclet Szakmai F\u00f3rum\u00e1ra, 2021. 12. 17., online f\u00f3rum","date":"2021-12-08","format":false,"excerpt":"Nagy Lajos a B\u00fckk-T\u00e9rs\u00e9gi LEADER Egyes\u00fclet eln\u00f6ke \u00e9s Dr. Nagyn\u00e9 Mile Erzs\u00e9bet munkaszervezet vezet\u0151 tisztelettel megh\u00edvja \u00d6n\u00f6ket a 2021. 12. 17.-\u00e9n tartand\u00f3 szakmai f\u00f3rumra. A pdf let\u00f6lthet\u0151 itt.","rel":"","context":"In &quot;H\u00edreink, k\u00f6zlem\u00e9nyeink&quot;","img":{"alt_text":"bukk-leader-logo-w","src":"https:\/\/i2.wp.com\/bukkleader.hu\/old\/wp-content\/uploads\/2015\/09\/bukk-leader-logo-w.jpg?resize=350%2C200&ssl=1","width":350,"height":200},"classes":[]},{"id":4541,"url":"https:\/\/bukkleader.hu\/old\/meghivo-a-bukk-tersegi-leader-egyesulet-szakmai-forumara-2020-11-06\/","url_meta":{"origin":6010,"position":4},"title":"Megh\u00edv\u00f3 a B\u00fckk-T\u00e9rs\u00e9gi LEADER Egyes\u00fclet Szakmai F\u00f3rum\u00e1ra &#8211; 2020.11.06.","date":"2020-10-26","format":false,"excerpt":"A B\u00fckk-T\u00e9rs\u00e9gi LEADER Egyes\u00fclet 2020. november 6-\u00e1n 16:00 \u00f3r\u00e1t\u00f3l szakmai f\u00f3rumot tart Borsodgeszten, melyre minden \u00e9rdekl\u0151d\u0151t tisztelettel megh\u00edvunk. A f\u00f3rum programja:","rel":"","context":"In &quot;H\u00edreink, k\u00f6zlem\u00e9nyeink&quot;","img":{"alt_text":"","src":"https:\/\/i1.wp.com\/bukkleader.hu\/old\/wp-content\/uploads\/2020\/11\/Megh\u00c3\u00adv\u00c3\u00b3_Borsodgeszt_page-0001.jpg?resize=350%2C200&ssl=1","width":350,"height":200},"classes":[]},{"id":6034,"url":"https:\/\/bukkleader.hu\/old\/meghivo-a-bukk-tersegi-leader-egyesulet-szakmai-forumara-2021-07-08\/","url_meta":{"origin":6010,"position":5},"title":"Megh\u00edv\u00f3 a B\u00fckk-T\u00e9rs\u00e9gi LEADER Egyes\u00fclet Szakmai F\u00f3rum\u00e1ra \u2013 Ny\u00e9kl\u00e1dh\u00e1za, 2021.07.08.","date":"2021-06-28","format":false,"excerpt":"A B\u00fckk-T\u00e9rs\u00e9gi LEADER Egyes\u00fclet 2021. j\u00falius 08-\u00e1n 17:00 \u00f3r\u00e1t\u00f3l szakmai f\u00f3rumot tart Ny\u00e9kl\u00e1dh\u00e1z\u00e1n, melyre minden \u00e9rdekl\u0151d\u0151t tisztelettel megh\u00edvunk. A f\u00f3rum programja (a program PDF-ben let\u00f6lthet\u0151 itt):","rel":"","context":"In &quot;H\u00edreink, k\u00f6zlem\u00e9nyeink&quot;","img":{"alt_text":"","src":"https:\/\/i1.wp.com\/bukkleader.hu\/old\/wp-content\/uploads\/2016\/08\/Ny\u00e9kl\u00e1dh\u00e1za.jpg?resize=350%2C200&ssl=1","width":350,"height":200},"classes":[]}],"_links":{"self":[{"href":"https:\/\/bukkleader.hu\/old\/wp-json\/wp\/v2\/posts\/6010"}],"collection":[{"href":"https:\/\/bukkleader.hu\/old\/wp-json\/wp\/v2\/posts"}],"about":[{"href":"https:\/\/bukkleader.hu\/old\/wp-json\/wp\/v2\/types\/post"}],"author":[{"embeddable":true,"href":"https:\/\/bukkleader.hu\/old\/wp-json\/wp\/v2\/users\/4"}],"replies":[{"embeddable":true,"href":"https:\/\/bukkleader.hu\/old\/wp-json\/wp\/v2\/comments?post=6010"}],"version-history":[{"count":3,"href":"https:\/\/bukkleader.hu\/old\/wp-json\/wp\/v2\/posts\/6010\/revisions"}],"predecessor-version":[{"id":6794,"href":"https:\/\/bukkleader.hu\/old\/wp-json\/wp\/v2\/posts\/6010\/revisions\/6794"}],"wp:featuredmedia":[{"embeddable":true,"href":"https:\/\/bukkleader.hu\/old\/wp-json\/wp\/v2\/media\/2827"}],"wp:attachment":[{"href":"https:\/\/bukkleader.hu\/old\/wp-json\/wp\/v2\/media?parent=6010"}],"wp:term":[{"taxonomy":"category","embeddable":true,"href":"https:\/\/bukkleader.hu\/old\/wp-json\/wp\/v2\/categories?post=6010"},{"taxonomy":"post_tag","embeddable":true,"href":"https:\/\/bukkleader.hu\/old\/wp-json\/wp\/v2\/tags?post=6010"}],"curies":[{"name":"wp","href":"https:\/\/api.w.org\/{rel}","templated":true}]}}