{"id":5996,"date":"2021-06-25T12:03:55","date_gmt":"2021-06-25T10:03:55","guid":{"rendered":"https:\/\/bukkleader.hu\/old\/?p=5996"},"modified":"2021-06-25T12:06:16","modified_gmt":"2021-06-25T10:06:16","slug":"uj-palyazati-lehetoseg","status":"publish","type":"post","link":"https:\/\/bukkleader.hu\/old\/uj-palyazati-lehetoseg\/","title":{"rendered":"\u00daj p\u00e1ly\u00e1zati lehet\u0151s\u00e9g!"},"content":{"rendered":"<p><span style=\"font-family: 'Times New Roman',serif;\">Tisztelt P\u00e1ly\u00e1z\u00f3ink!<\/span><\/p>\n<p><span style=\"font-family: 'Times New Roman',serif;\">Hamarosan megjelenik a B\u00fckk-T\u00e9rs\u00e9gi LEADER Egyes\u00fclet \u00e1ltal meghirdetett, a <b>Helyi fejleszt\u00e9sek t\u00e1mogat\u00e1sa c\u00edm\u0171, VP6-19.2.1-15-10-21 k\u00f3dsz\u00e1m\u00fa helyi felh\u00edv\u00e1s, mely keret\u00e9ben a v\u00e1llalkoz\u00f3i-, a civil- \u00e9s az \u00f6nkorm\u00e1nyzati szf\u00e9ra is megval\u00f3s\u00edthatja fejleszt\u00e9si elk\u00e9pzel\u00e9s\u00e9t<\/b>.<br \/>\nAz \u00faj helyi felh\u00edv\u00e1s min\u00e9l sz\u00e9lesebb k\u00f6rben val\u00f3 megismertet\u00e9se \u00e9rdek\u00e9ben t\u00e1j\u00e9koztat\u00f3 f\u00f3rumokat tartunk, melyek helysz\u00ednei \u00e9s id\u0151pontjai az al\u00e1bbiak:<br \/>\n2021. 07. 01. 17:00 \u00f3ra, Tard<br \/>\n2021. 07. 05. 17:00 \u00f3ra, Fels\u0151zsolca (tervezett, id\u0151pont v\u00e1ltozhat)<br \/>\n2021. 07. 06. 17:00 \u00f3ra, Parasznya<br \/>\n2021. 07. 08. 17:00 \u00f3ra, Ny\u00e9kl\u00e1dh\u00e1za<br \/>\n2021. 07. 12. 17:00 \u00f3ra, B\u00fckkszentkereszt<br \/>\n2021. 07. 15. 17:00 \u00f3ra, Szirmabeseny\u0151 (tervezett, id\u0151pont v\u00e1ltozhat)<\/span><\/p>\n<p style=\"margin-bottom: 12.0pt;\"><span style=\"font-family: 'Times New Roman',serif;\">A f\u00f3rumok megh\u00edv\u00f3i h\u00e9tf\u0151n (2021. 06. 28.) megtal\u00e1lhat\u00f3ak lesznek a honlapunkon.<br \/>\nFelh\u00edvjuk a figyelm\u00fcket, hogy legal\u00e1bb egy f\u00f3rumon val\u00f3 r\u00e9szv\u00e9tel pontoz\u00e1si szempont, mely szem\u00e9lyes konzult\u00e1ci\u00f3val nem v\u00e1lthat\u00f3 ki! Ett\u0151l f\u00fcggetlen\u00fcl, lehet\u0151s\u00e9g van szem\u00e9lyes konzult\u00e1ci\u00f3ra is, melyre k\u00e9rj\u00fck, hogy a 06\/46 576 280 telefonsz\u00e1mon el\u0151zetesen jelentkezzenek be.<\/span><\/p>\n<div class=\"sharedaddy sd-sharing-enabled\"><div class=\"robots-nocontent sd-block sd-social sd-social-icon sd-sharing\"><h3 class=\"sd-title\">Share this:<\/h3><div class=\"sd-content\"><ul><li class=\"share-facebook\"><a rel=\"nofollow noopener noreferrer\" data-shared=\"sharing-facebook-5996\" class=\"share-facebook sd-button share-icon no-text\" href=\"https:\/\/bukkleader.hu\/old\/uj-palyazati-lehetoseg\/?share=facebook\" target=\"_blank\" title=\"Click to share on Facebook\"><span><\/span><span class=\"sharing-screen-reader-text\">Click to share on Facebook (Opens in new window)<\/span><\/a><\/li><li class=\"share-twitter\"><a rel=\"nofollow noopener noreferrer\" data-shared=\"sharing-twitter-5996\" class=\"share-twitter sd-button share-icon no-text\" href=\"https:\/\/bukkleader.hu\/old\/uj-palyazati-lehetoseg\/?share=twitter\" target=\"_blank\" title=\"Click to share on Twitter\"><span><\/span><span class=\"sharing-screen-reader-text\">Click to share on Twitter (Opens in new window)<\/span><\/a><\/li><li class=\"share-print\"><a rel=\"nofollow noopener noreferrer\" data-shared=\"\" class=\"share-print sd-button share-icon no-text\" href=\"https:\/\/bukkleader.hu\/old\/uj-palyazati-lehetoseg\/\" target=\"_blank\" title=\"Click to print\"><span><\/span><span class=\"sharing-screen-reader-text\">Click to print (Opens in new window)<\/span><\/a><\/li><li class=\"share-email\"><a rel=\"nofollow noopener noreferrer\" data-shared=\"\" class=\"share-email sd-button share-icon no-text\" href=\"https:\/\/bukkleader.hu\/old\/uj-palyazati-lehetoseg\/?share=email\" target=\"_blank\" title=\"Click to email this to a friend\"><span><\/span><span class=\"sharing-screen-reader-text\">Click to email this to a friend (Opens in new window)<\/span><\/a><\/li><li class=\"share-end\"><\/li><\/ul><\/div><\/div><\/div>","protected":false},"excerpt":{"rendered":"<p>Tisztelt P\u00e1ly\u00e1z\u00f3ink! Hamarosan megjelenik a B\u00fckk-T\u00e9rs\u00e9gi LEADER Egyes\u00fclet \u00e1ltal meghirdetett, a Helyi fejleszt\u00e9sek t\u00e1mogat\u00e1sa c\u00edm\u0171, VP6-19.2.1-15-10-21 k\u00f3dsz\u00e1m\u00fa helyi felh\u00edv\u00e1s, mely keret\u00e9ben a v\u00e1llalkoz\u00f3i-, a civil- \u00e9s az \u00f6nkorm\u00e1nyzati szf\u00e9ra is megval\u00f3s\u00edthatja fejleszt\u00e9si elk\u00e9pzel\u00e9s\u00e9t. Az \u00faj helyi felh\u00edv\u00e1s min\u00e9l sz\u00e9lesebb k\u00f6rben val\u00f3 megismertet\u00e9se \u00e9rdek\u00e9ben t\u00e1j\u00e9koztat\u00f3 f\u00f3rumokat tartunk, melyek helysz\u00ednei \u00e9s id\u0151pontjai az al\u00e1bbiak: 2021. 07. 01. [&hellip;]<\/p>\n<div class=\"sharedaddy sd-sharing-enabled\"><div class=\"robots-nocontent sd-block sd-social sd-social-icon sd-sharing\"><h3 class=\"sd-title\">Share this:<\/h3><div class=\"sd-content\"><ul><li class=\"share-facebook\"><a rel=\"nofollow noopener noreferrer\" data-shared=\"sharing-facebook-5996\" class=\"share-facebook sd-button share-icon no-text\" href=\"https:\/\/bukkleader.hu\/old\/uj-palyazati-lehetoseg\/?share=facebook\" target=\"_blank\" title=\"Click to share on Facebook\"><span><\/span><span class=\"sharing-screen-reader-text\">Click to share on Facebook (Opens in new window)<\/span><\/a><\/li><li class=\"share-twitter\"><a rel=\"nofollow noopener noreferrer\" data-shared=\"sharing-twitter-5996\" class=\"share-twitter sd-button share-icon no-text\" href=\"https:\/\/bukkleader.hu\/old\/uj-palyazati-lehetoseg\/?share=twitter\" target=\"_blank\" title=\"Click to share on Twitter\"><span><\/span><span class=\"sharing-screen-reader-text\">Click to share on Twitter (Opens in new window)<\/span><\/a><\/li><li class=\"share-print\"><a rel=\"nofollow noopener noreferrer\" data-shared=\"\" class=\"share-print sd-button share-icon no-text\" href=\"https:\/\/bukkleader.hu\/old\/uj-palyazati-lehetoseg\/\" target=\"_blank\" title=\"Click to print\"><span><\/span><span class=\"sharing-screen-reader-text\">Click to print (Opens in new window)<\/span><\/a><\/li><li class=\"share-email\"><a rel=\"nofollow noopener noreferrer\" data-shared=\"\" class=\"share-email sd-button share-icon no-text\" href=\"https:\/\/bukkleader.hu\/old\/uj-palyazati-lehetoseg\/?share=email\" target=\"_blank\" title=\"Click to email this to a friend\"><span><\/span><span class=\"sharing-screen-reader-text\">Click to email this to a friend (Opens in new window)<\/span><\/a><\/li><li class=\"share-end\"><\/li><\/ul><\/div><\/div><\/div>","protected":false},"author":4,"featured_media":1384,"comment_status":"open","ping_status":"closed","sticky":false,"template":"","format":"standard","meta":{"_bbp_topic_count":0,"_bbp_reply_count":0,"_bbp_total_topic_count":0,"_bbp_total_reply_count":0,"_bbp_voice_count":0,"_bbp_anonymous_reply_count":0,"_bbp_topic_count_hidden":0,"_bbp_reply_count_hidden":0,"_bbp_forum_subforum_count":0,"spay_email":"","jetpack_publicize_message":"","jetpack_is_tweetstorm":false,"jetpack_publicize_feature_enabled":true},"categories":[1],"tags":[],"jetpack_featured_media_url":"https:\/\/bukkleader.hu\/old\/wp-content\/uploads\/2017\/10\/LEADER-logo-Jul09-32.jpg","jetpack_publicize_connections":[],"jetpack_sharing_enabled":true,"jetpack-related-posts":[{"id":6010,"url":"https:\/\/bukkleader.hu\/old\/meghivo-a-bukk-tersegi-leader-egyesulet-szakmai-forumara-2021-07-01\/","url_meta":{"origin":5996,"position":0},"title":"Megh\u00edv\u00f3 a B\u00fckk-T\u00e9rs\u00e9gi LEADER Egyes\u00fclet Szakmai F\u00f3rum\u00e1ra \u2013 Tard, 2021.07.01.","date":"2021-06-28","format":false,"excerpt":"A B\u00fckk-T\u00e9rs\u00e9gi LEADER Egyes\u00fclet 2021. j\u00falius 01-\u00e9n 17:00 \u00f3r\u00e1t\u00f3l szakmai f\u00f3rumot tart Tardon, melyre minden \u00e9rdekl\u0151d\u0151t tisztelettel megh\u00edvunk. A f\u00f3rum programja (a program PDF-ben let\u00f6lthet\u0151 itt):","rel":"","context":"In &quot;H\u00edreink, k\u00f6zlem\u00e9nyeink&quot;","img":{"alt_text":"","src":"https:\/\/i1.wp.com\/bukkleader.hu\/old\/wp-content\/uploads\/2021\/06\/MhvTard-1.jpg?resize=350%2C200&ssl=1","width":350,"height":200},"classes":[]},{"id":6034,"url":"https:\/\/bukkleader.hu\/old\/meghivo-a-bukk-tersegi-leader-egyesulet-szakmai-forumara-2021-07-08\/","url_meta":{"origin":5996,"position":1},"title":"Megh\u00edv\u00f3 a B\u00fckk-T\u00e9rs\u00e9gi LEADER Egyes\u00fclet Szakmai F\u00f3rum\u00e1ra \u2013 Ny\u00e9kl\u00e1dh\u00e1za, 2021.07.08.","date":"2021-06-28","format":false,"excerpt":"A B\u00fckk-T\u00e9rs\u00e9gi LEADER Egyes\u00fclet 2021. j\u00falius 08-\u00e1n 17:00 \u00f3r\u00e1t\u00f3l szakmai f\u00f3rumot tart Ny\u00e9kl\u00e1dh\u00e1z\u00e1n, melyre minden \u00e9rdekl\u0151d\u0151t tisztelettel megh\u00edvunk. A f\u00f3rum programja (a program PDF-ben let\u00f6lthet\u0151 itt):","rel":"","context":"In &quot;H\u00edreink, k\u00f6zlem\u00e9nyeink&quot;","img":{"alt_text":"","src":"https:\/\/i1.wp.com\/bukkleader.hu\/old\/wp-content\/uploads\/2016\/08\/Ny\u00e9kl\u00e1dh\u00e1za.jpg?resize=350%2C200&ssl=1","width":350,"height":200},"classes":[]},{"id":6313,"url":"https:\/\/bukkleader.hu\/old\/meghivo-a-bukk-tersegi-leader-egyesulet-szakmai-forumara-szirmabesenyo-2021-07-14\/","url_meta":{"origin":5996,"position":2},"title":"Megh\u00edv\u00f3 a B\u00fckk-T\u00e9rs\u00e9gi LEADER Egyes\u00fclet Szakmai F\u00f3rum\u00e1ra \u2013 Szirmabeseny\u0151, 2021.07.14.","date":"2021-06-28","format":false,"excerpt":"A B\u00fckk-T\u00e9rs\u00e9gi LEADER Egyes\u00fclet 2021. j\u00falius 14-\u00e9n 17:00 \u00f3r\u00e1t\u00f3l szakmai f\u00f3rumot tart Szirmabeseny\u0151n, melyre minden \u00e9rdekl\u0151d\u0151t tisztelettel megh\u00edvunk. A f\u00f3rum programja (a program PDF-ben let\u00f6lthet\u0151 itt):","rel":"","context":"In &quot;H\u00edreink, k\u00f6zlem\u00e9nyeink&quot;","img":{"alt_text":"Szirmabeseny\u0151","src":"https:\/\/i1.wp.com\/bukkleader.hu\/old\/wp-content\/uploads\/2015\/11\/szirmabesenyo-w.jpg?resize=350%2C200&ssl=1","width":350,"height":200},"classes":[]},{"id":2503,"url":"https:\/\/bukkleader.hu\/old\/tajekoztatas-szabadsagolasokrol\/","url_meta":{"origin":5996,"position":3},"title":"T\u00e1j\u00e9koztat\u00e1s szabads\u00e1gol\u00e1sokr\u00f3l","date":"2020-04-09","format":false,"excerpt":"Tisztelt \u00dcgyfeleink! T\u00e1j\u00e9koztatjuk \u00d6n\u00f6ket, hogy 2020. \u00e1prilis 14. \u00e9s 17. k\u00f6z\u00f6tt irod\u00e1nk dolgoz\u00f3i szabads\u00e1gon lesznek.\u00a0 S\u00fcrg\u0151s esetben, munkanapokon 8:00 \u00e9s 16:00 \u00f3ra k\u00f6z\u00f6tt a munkaszervezet vezet\u0151je, Dr. Nagyn\u00e9 Mile Erzs\u00e9bet el\u00e9rhet\u0151 a 06\/30-565-2882 telefonsz\u00e1mon. E-mailen \u00e9rkezett k\u00e9rd\u00e9sekre munkanapokon 15:00 \u00e9s 16:00 \u00f3ra k\u00f6z\u00f6tt v\u00e1laszolunk.\u00a0 Meg\u00e9rt\u00e9s\u00fcket k\u00f6sz\u00f6nj\u00fck! \u00a0","rel":"","context":"In &quot;H\u00edreink, k\u00f6zlem\u00e9nyeink&quot;","img":{"alt_text":"","src":"https:\/\/i2.wp.com\/bukkleader.hu\/old\/wp-content\/uploads\/2016\/11\/b\u00fckkzserc.jpg?resize=350%2C200&ssl=1","width":350,"height":200},"classes":[]},{"id":1880,"url":"https:\/\/bukkleader.hu\/old\/tajekoztato-forum-a-videkfejlesztesi-program-aktualitasairol-es-a-helyi-fejlesztesi-strategia-elorehaladasarol-nyekladhaza\/","url_meta":{"origin":5996,"position":4},"title":"T\u00e1j\u00e9koztat\u00f3 F\u00f3rum a Vid\u00e9kfejleszt\u00e9si Program  aktualit\u00e1sair\u00f3l \u00e9s a Helyi Fejleszt\u00e9si Strat\u00e9gia el\u0151rehalad\u00e1s\u00e1r\u00f3l &#8211; Ny\u00e9kl\u00e1dh\u00e1za","date":"2018-11-29","format":false,"excerpt":"A B\u00fckk-T\u00e9rs\u00e9gi LEADER Egyes\u00fclet t\u00e1j\u00e9koztat\u00f3 f\u00f3rumot tart 2018. 12. 07-\u00e9n 16:00 \u00f3r\u00e1t\u00f3l Ny\u00e9kl\u00e1dh\u00e1z\u00e1n a Furmann Imre M\u0171vel\u0151d\u00e9si H\u00e1zban a mell\u00e9kelt megh\u00edv\u00f3 szerint. \u00a0 Megh\u00edv\u00f3 >> \u00a0 \u00a0 \u00a0 \u00a0 \u00a0","rel":"","context":"In &quot;H\u00edreink, k\u00f6zlem\u00e9nyeink&quot;","img":{"alt_text":"","src":"https:\/\/i1.wp.com\/bukkleader.hu\/old\/wp-content\/uploads\/2016\/08\/Ny\u00e9kl\u00e1dh\u00e1za.jpg?resize=350%2C200&ssl=1","width":350,"height":200},"classes":[]},{"id":2394,"url":"https:\/\/bukkleader.hu\/old\/meghivo-szakmai-forumra-a-megjeleno-turisztikai-felhivasrol-2020-02-10-bukkszentkereszt\/","url_meta":{"origin":5996,"position":5},"title":"T\u00e1j\u00e9koztat\u00f3 f\u00f3rum a helyi szerepl\u0151k felk\u00e9sz\u00edt\u00e9s\u00e9nek \u00e9rdek\u00e9ben B\u00fckkszentkereszten","date":"2020-02-03","format":false,"excerpt":"A B\u00fckk-T\u00e9rs\u00e9gi LEADER Egyes\u00fclet t\u00e1j\u00e9koztat\u00f3 f\u00f3rumot tart 2020. 02. 10-\u00e9n 17:00 \u00f3r\u00e1t\u00f3l B\u00fckkszentkereszten a helyi szerepl\u0151k felk\u00e9sz\u00edt\u00e9s\u00e9nek \u00e9rdek\u00e9ben a megjelen\u0151 helyi felh\u00edv\u00e1sr\u00f3l, melyre szeretettel megh\u00edvjuk a HACS ter\u00fclet\u00e9r\u0151l a lakosokat, civil szervezeteket, egyh\u00e1zk\u00f6zs\u00e9geket, v\u00e1llalkoz\u00e1sokat, \u00f6nkorm\u00e1nyzatokat.","rel":"","context":"In &quot;H\u00edreink, k\u00f6zlem\u00e9nyeink&quot;","img":{"alt_text":"","src":"https:\/\/i0.wp.com\/bukkleader.hu\/old\/wp-content\/uploads\/2017\/12\/B\u00fckkszent-t\u00e9len.jpg?resize=350%2C200&ssl=1","width":350,"height":200},"classes":[]}],"_links":{"self":[{"href":"https:\/\/bukkleader.hu\/old\/wp-json\/wp\/v2\/posts\/5996"}],"collection":[{"href":"https:\/\/bukkleader.hu\/old\/wp-json\/wp\/v2\/posts"}],"about":[{"href":"https:\/\/bukkleader.hu\/old\/wp-json\/wp\/v2\/types\/post"}],"author":[{"embeddable":true,"href":"https:\/\/bukkleader.hu\/old\/wp-json\/wp\/v2\/users\/4"}],"replies":[{"embeddable":true,"href":"https:\/\/bukkleader.hu\/old\/wp-json\/wp\/v2\/comments?post=5996"}],"version-history":[{"count":1,"href":"https:\/\/bukkleader.hu\/old\/wp-json\/wp\/v2\/posts\/5996\/revisions"}],"predecessor-version":[{"id":5997,"href":"https:\/\/bukkleader.hu\/old\/wp-json\/wp\/v2\/posts\/5996\/revisions\/5997"}],"wp:featuredmedia":[{"embeddable":true,"href":"https:\/\/bukkleader.hu\/old\/wp-json\/wp\/v2\/media\/1384"}],"wp:attachment":[{"href":"https:\/\/bukkleader.hu\/old\/wp-json\/wp\/v2\/media?parent=5996"}],"wp:term":[{"taxonomy":"category","embeddable":true,"href":"https:\/\/bukkleader.hu\/old\/wp-json\/wp\/v2\/categories?post=5996"},{"taxonomy":"post_tag","embeddable":true,"href":"https:\/\/bukkleader.hu\/old\/wp-json\/wp\/v2\/tags?post=5996"}],"curies":[{"name":"wp","href":"https:\/\/api.w.org\/{rel}","templated":true}]}}