{"id":5928,"date":"2021-05-12T14:56:34","date_gmt":"2021-05-12T12:56:34","guid":{"rendered":"https:\/\/bukkleader.hu\/old\/?p=5928"},"modified":"2021-05-13T10:07:17","modified_gmt":"2021-05-13T08:07:17","slug":"ki-mit-tud-rendezveny-sajopetriben-leader-tamogatassal-2021-06-12-13","status":"publish","type":"post","link":"https:\/\/bukkleader.hu\/old\/ki-mit-tud-rendezveny-sajopetriben-leader-tamogatassal-2021-06-12-13\/","title":{"rendered":"&#8220;Ki Mit Tud?&#8221; rendezv\u00e9ny Saj\u00f3petriben LEADER t\u00e1mogat\u00e1ssal \u2013 2021.06.12-13."},"content":{"rendered":"<p>Az <strong>SBS Hang-Sz\u00ednpad Nonprofit Kft.<\/strong> tisztelettel megh\u00edvja \u00d6n\u00f6ket a <strong>2021. j\u00fanius 12-13-\u00e1n (szombat-vas\u00e1rnap) Saj\u00f3petriben<\/strong> tartand\u00f3, LEADER t\u00e1mogat\u00e1ssal megval\u00f3sul\u00f3 <strong>\u201eKi Mit Tud?\u201d rendezv\u00e9ny\u00e9re<\/strong> az al\u00e1bbiak szerint (a megh\u00edv\u00f3 \u00e9s a program PDF-ben is let\u00f6lthet\u0151 <a href=\"https:\/\/bukkleader.hu\/old\/wp-content\/uploads\/2021\/05\/MeghivoKMT.pdf\" target=\"_blank\" rel=\"noopener\">itt<\/a> \u00e9s <a href=\"https:\/\/bukkleader.hu\/old\/wp-content\/uploads\/2021\/05\/KMTprogram.pdf\" target=\"_blank\" rel=\"noopener\">itt<\/a>):<\/p>\n<p><img data-attachment-id=\"5925\" data-permalink=\"https:\/\/bukkleader.hu\/old\/portfolio\/ki-mit-tud-rendezveny-sajopetriben-leader-tamogatassal-2021-06-12-13\/meghivokmt\/\" data-orig-file=\"https:\/\/bukkleader.hu\/old\/wp-content\/uploads\/2021\/05\/MeghivoKMT.jpg\" data-orig-size=\"1241,1754\" data-comments-opened=\"1\" data-image-meta=\"{&quot;aperture&quot;:&quot;0&quot;,&quot;credit&quot;:&quot;&quot;,&quot;camera&quot;:&quot;&quot;,&quot;caption&quot;:&quot;&quot;,&quot;created_timestamp&quot;:&quot;0&quot;,&quot;copyright&quot;:&quot;&quot;,&quot;focal_length&quot;:&quot;0&quot;,&quot;iso&quot;:&quot;0&quot;,&quot;shutter_speed&quot;:&quot;0&quot;,&quot;title&quot;:&quot;&quot;,&quot;orientation&quot;:&quot;0&quot;}\" data-image-title=\"MeghivoKMT\" data-image-description=\"\" data-image-caption=\"\" data-medium-file=\"https:\/\/bukkleader.hu\/old\/wp-content\/uploads\/2021\/05\/MeghivoKMT-212x300.jpg\" data-large-file=\"https:\/\/bukkleader.hu\/old\/wp-content\/uploads\/2021\/05\/MeghivoKMT-725x1024.jpg\" loading=\"lazy\" class=\"aligncenter size-full wp-image-5925\" src=\"https:\/\/bukkleader.hu\/old\/wp-content\/uploads\/2021\/05\/MeghivoKMT.jpg\" alt=\"\" width=\"1241\" height=\"1754\" srcset=\"https:\/\/bukkleader.hu\/old\/wp-content\/uploads\/2021\/05\/MeghivoKMT.jpg 1241w, https:\/\/bukkleader.hu\/old\/wp-content\/uploads\/2021\/05\/MeghivoKMT-212x300.jpg 212w, https:\/\/bukkleader.hu\/old\/wp-content\/uploads\/2021\/05\/MeghivoKMT-768x1085.jpg 768w, https:\/\/bukkleader.hu\/old\/wp-content\/uploads\/2021\/05\/MeghivoKMT-725x1024.jpg 725w\" sizes=\"(max-width: 1241px) 100vw, 1241px\" \/><\/p>\n<p><img data-attachment-id=\"5923\" data-permalink=\"https:\/\/bukkleader.hu\/old\/portfolio\/ki-mit-tud-rendezveny-sajopetriben-leader-tamogatassal-2021-06-12-13\/kmtprogram\/\" data-orig-file=\"https:\/\/bukkleader.hu\/old\/wp-content\/uploads\/2021\/05\/KMTprogram.jpg\" data-orig-size=\"1241,1754\" data-comments-opened=\"1\" data-image-meta=\"{&quot;aperture&quot;:&quot;0&quot;,&quot;credit&quot;:&quot;&quot;,&quot;camera&quot;:&quot;&quot;,&quot;caption&quot;:&quot;&quot;,&quot;created_timestamp&quot;:&quot;0&quot;,&quot;copyright&quot;:&quot;&quot;,&quot;focal_length&quot;:&quot;0&quot;,&quot;iso&quot;:&quot;0&quot;,&quot;shutter_speed&quot;:&quot;0&quot;,&quot;title&quot;:&quot;&quot;,&quot;orientation&quot;:&quot;0&quot;}\" data-image-title=\"KMTprogram\" data-image-description=\"\" data-image-caption=\"\" data-medium-file=\"https:\/\/bukkleader.hu\/old\/wp-content\/uploads\/2021\/05\/KMTprogram-212x300.jpg\" data-large-file=\"https:\/\/bukkleader.hu\/old\/wp-content\/uploads\/2021\/05\/KMTprogram-725x1024.jpg\" loading=\"lazy\" class=\"aligncenter size-full wp-image-5923\" src=\"https:\/\/bukkleader.hu\/old\/wp-content\/uploads\/2021\/05\/KMTprogram.jpg\" alt=\"\" width=\"1241\" height=\"1754\" srcset=\"https:\/\/bukkleader.hu\/old\/wp-content\/uploads\/2021\/05\/KMTprogram.jpg 1241w, https:\/\/bukkleader.hu\/old\/wp-content\/uploads\/2021\/05\/KMTprogram-212x300.jpg 212w, https:\/\/bukkleader.hu\/old\/wp-content\/uploads\/2021\/05\/KMTprogram-768x1085.jpg 768w, https:\/\/bukkleader.hu\/old\/wp-content\/uploads\/2021\/05\/KMTprogram-725x1024.jpg 725w\" sizes=\"(max-width: 1241px) 100vw, 1241px\" \/><\/p>\n<div class=\"sharedaddy sd-sharing-enabled\"><div class=\"robots-nocontent sd-block sd-social sd-social-icon sd-sharing\"><h3 class=\"sd-title\">Share this:<\/h3><div class=\"sd-content\"><ul><li class=\"share-facebook\"><a rel=\"nofollow noopener noreferrer\" data-shared=\"sharing-facebook-5928\" class=\"share-facebook sd-button share-icon no-text\" href=\"https:\/\/bukkleader.hu\/old\/ki-mit-tud-rendezveny-sajopetriben-leader-tamogatassal-2021-06-12-13\/?share=facebook\" target=\"_blank\" title=\"Click to share on Facebook\"><span><\/span><span class=\"sharing-screen-reader-text\">Click to share on Facebook (Opens in new window)<\/span><\/a><\/li><li class=\"share-twitter\"><a rel=\"nofollow noopener noreferrer\" data-shared=\"sharing-twitter-5928\" class=\"share-twitter sd-button share-icon no-text\" href=\"https:\/\/bukkleader.hu\/old\/ki-mit-tud-rendezveny-sajopetriben-leader-tamogatassal-2021-06-12-13\/?share=twitter\" target=\"_blank\" title=\"Click to share on Twitter\"><span><\/span><span class=\"sharing-screen-reader-text\">Click to share on Twitter (Opens in new window)<\/span><\/a><\/li><li class=\"share-print\"><a rel=\"nofollow noopener noreferrer\" data-shared=\"\" class=\"share-print sd-button share-icon no-text\" href=\"https:\/\/bukkleader.hu\/old\/ki-mit-tud-rendezveny-sajopetriben-leader-tamogatassal-2021-06-12-13\/\" target=\"_blank\" title=\"Click to print\"><span><\/span><span class=\"sharing-screen-reader-text\">Click to print (Opens in new window)<\/span><\/a><\/li><li class=\"share-email\"><a rel=\"nofollow noopener noreferrer\" data-shared=\"\" class=\"share-email sd-button share-icon no-text\" href=\"https:\/\/bukkleader.hu\/old\/ki-mit-tud-rendezveny-sajopetriben-leader-tamogatassal-2021-06-12-13\/?share=email\" target=\"_blank\" title=\"Click to email this to a friend\"><span><\/span><span class=\"sharing-screen-reader-text\">Click to email this to a friend (Opens in new window)<\/span><\/a><\/li><li class=\"share-end\"><\/li><\/ul><\/div><\/div><\/div>","protected":false},"excerpt":{"rendered":"<p>Az SBS Hang-Sz\u00ednpad Nonprofit Kft. tisztelettel megh\u00edvja \u00d6n\u00f6ket a 2021. j\u00fanius 12-13-\u00e1n (szombat-vas\u00e1rnap) Saj\u00f3petriben tartand\u00f3, LEADER t\u00e1mogat\u00e1ssal megval\u00f3sul\u00f3 \u201eKi Mit Tud?\u201d rendezv\u00e9ny\u00e9re az al\u00e1bbiak szerint (a megh\u00edv\u00f3 \u00e9s a program PDF-ben is let\u00f6lthet\u0151 itt \u00e9s itt):<\/p>\n<div class=\"sharedaddy sd-sharing-enabled\"><div class=\"robots-nocontent sd-block sd-social sd-social-icon sd-sharing\"><h3 class=\"sd-title\">Share this:<\/h3><div class=\"sd-content\"><ul><li class=\"share-facebook\"><a rel=\"nofollow noopener noreferrer\" data-shared=\"sharing-facebook-5928\" class=\"share-facebook sd-button share-icon no-text\" href=\"https:\/\/bukkleader.hu\/old\/ki-mit-tud-rendezveny-sajopetriben-leader-tamogatassal-2021-06-12-13\/?share=facebook\" target=\"_blank\" title=\"Click to share on Facebook\"><span><\/span><span class=\"sharing-screen-reader-text\">Click to share on Facebook (Opens in new window)<\/span><\/a><\/li><li class=\"share-twitter\"><a rel=\"nofollow noopener noreferrer\" data-shared=\"sharing-twitter-5928\" class=\"share-twitter sd-button share-icon no-text\" href=\"https:\/\/bukkleader.hu\/old\/ki-mit-tud-rendezveny-sajopetriben-leader-tamogatassal-2021-06-12-13\/?share=twitter\" target=\"_blank\" title=\"Click to share on Twitter\"><span><\/span><span class=\"sharing-screen-reader-text\">Click to share on Twitter (Opens in new window)<\/span><\/a><\/li><li class=\"share-print\"><a rel=\"nofollow noopener noreferrer\" data-shared=\"\" class=\"share-print sd-button share-icon no-text\" href=\"https:\/\/bukkleader.hu\/old\/ki-mit-tud-rendezveny-sajopetriben-leader-tamogatassal-2021-06-12-13\/\" target=\"_blank\" title=\"Click to print\"><span><\/span><span class=\"sharing-screen-reader-text\">Click to print (Opens in new window)<\/span><\/a><\/li><li class=\"share-email\"><a rel=\"nofollow noopener noreferrer\" data-shared=\"\" class=\"share-email sd-button share-icon no-text\" href=\"https:\/\/bukkleader.hu\/old\/ki-mit-tud-rendezveny-sajopetriben-leader-tamogatassal-2021-06-12-13\/?share=email\" target=\"_blank\" title=\"Click to email this to a friend\"><span><\/span><span class=\"sharing-screen-reader-text\">Click to email this to a friend (Opens in new window)<\/span><\/a><\/li><li class=\"share-end\"><\/li><\/ul><\/div><\/div><\/div>","protected":false},"author":4,"featured_media":2179,"comment_status":"open","ping_status":"closed","sticky":false,"template":"","format":"standard","meta":{"_bbp_topic_count":0,"_bbp_reply_count":0,"_bbp_total_topic_count":0,"_bbp_total_reply_count":0,"_bbp_voice_count":0,"_bbp_anonymous_reply_count":0,"_bbp_topic_count_hidden":0,"_bbp_reply_count_hidden":0,"_bbp_forum_subforum_count":0,"spay_email":"","jetpack_publicize_message":"","jetpack_is_tweetstorm":false,"jetpack_publicize_feature_enabled":true},"categories":[1,38,29],"tags":[],"jetpack_featured_media_url":"https:\/\/bukkleader.hu\/old\/wp-content\/uploads\/2019\/08\/bocs_neptanc.jpg","jetpack_publicize_connections":[],"jetpack_sharing_enabled":true,"jetpack-related-posts":[{"id":8457,"url":"https:\/\/bukkleader.hu\/old\/leader-tudomka-pont-kialakitasa-rendezveny-2021-09-11-sajopetri\/","url_meta":{"origin":5928,"position":0},"title":"LEADER Tudomka Pont kialak\u00edt\u00e1sa rendezv\u00e9ny 2021.09.11. Saj\u00f3petri","date":"2021-09-09","format":false,"excerpt":"A Hagyom\u00e1nyteremt\u0151 M\u0171v\u00e9szeti \u00e9s Oktat\u00e1si Nonprofit Kft. tisztelettel megh\u00edvja \u00d6n\u00f6ket a LEADER Tudomka Pont kialak\u00edt\u00e1sa megnevez\u00e9s\u0171 rendezv\u00e9ny\u00e9re. A megh\u00edv\u00f3 pdf-ben let\u00f6lthet\u0151 itt.","rel":"","context":"In &quot;H\u00edreink, k\u00f6zlem\u00e9nyeink&quot;","img":{"alt_text":"","src":"https:\/\/i2.wp.com\/bukkleader.hu\/old\/wp-content\/uploads\/2021\/09\/gy\u00f3gyn\u00f6v\u00e9ny-3.jpg?resize=350%2C200&ssl=1","width":350,"height":200},"classes":[]},{"id":8465,"url":"https:\/\/bukkleader.hu\/old\/leader-tudomka-pont-kialakitasa-i-rendezveny-2021-09-16-sajopetri\/","url_meta":{"origin":5928,"position":1},"title":"LEADER Tudomka Pont kialak\u00edt\u00e1sa I. rendezv\u00e9ny 2021.09.16. Saj\u00f3petri","date":"2021-09-16","format":false,"excerpt":"A Hagyom\u00e1nyteremt\u0151 M\u0171v\u00e9szeti \u00e9s Oktat\u00e1si Nonprofit Kft. tisztelettel megh\u00edvja \u00d6n\u00f6ket a LEADER Tudomka Pont kialak\u00edt\u00e1sa I. megnevez\u00e9s\u0171 rendezv\u00e9ny\u00e9re. A megh\u00edv\u00f3 pdf-ben let\u00f6lthet\u0151 itt.","rel":"","context":"In &quot;H\u00edreink, k\u00f6zlem\u00e9nyeink&quot;","img":{"alt_text":"","src":"https:\/\/i1.wp.com\/bukkleader.hu\/old\/wp-content\/uploads\/2021\/08\/gy\u00f3gyn\u00f6v\u00e9nyek.jpg?resize=350%2C200&ssl=1","width":350,"height":200},"classes":[]},{"id":2183,"url":"https:\/\/bukkleader.hu\/old\/a-mult-jelen-es-a-jovo-mestersegeinek-fejlesztese-cimu-intezkedesunk-nyertes-palyazoinak-figyelmebe\/","url_meta":{"origin":5928,"position":2},"title":"&#8220;A m\u00falt, jelen, \u00e9s a j\u00f6v\u0151 mesters\u00e9geinek fejleszt\u00e9se&#8221; c\u00edm\u0171 int\u00e9zked\u00e9s\u00fcnk nyertes p\u00e1ly\u00e1z\u00f3inak figyelm\u00e9be!","date":"2019-08-13","format":false,"excerpt":"\"A m\u00falt, jelen, \u00e9s a j\u00f6v\u0151 mesters\u00e9geinek fejleszt\u00e9se\" (VP6-19.2.1.-15-5-17) c\u00edmmel ki\u00edrt helyi felh\u00edv\u00e1sunk nyertes p\u00e1ly\u00e1z\u00f3i a t\u00e1mogat\u00e1si k\u00e9relem 6. sz\u00e1m\u00fa mell\u00e9klet\u00e9ben v\u00e1llalt\u00e1k, hogy a t\u00e1mogat\u00e1ssal \u00e9rintett term\u00e9keikkel\/szolg\u00e1ltat\u00e1saikkal vagy azok n\u00e9pszer\u0171s\u00edt\u00e9s\u00e9vel r\u00e9szt vesznek LEADER Tudomka programokon 2 vagy 3 alkalommal (a p\u00e1ly\u00e1z\u00f3 egy\u00e9ni v\u00e1llal\u00e1s\u00e1t\u00f3l f\u00fcgg\u0151en). Felh\u00edvjuk a figyelm\u00fcket, hogy ezt a\u2026","rel":"","context":"In &quot;H\u00edreink, k\u00f6zlem\u00e9nyeink&quot;","img":{"alt_text":"","src":"https:\/\/i2.wp.com\/bukkleader.hu\/old\/wp-content\/uploads\/2019\/08\/warning-icon-free-28_384x384.jpg?resize=350%2C200&ssl=1","width":350,"height":200},"classes":[]},{"id":2656,"url":"https:\/\/bukkleader.hu\/old\/hagyomany-termeszetkozelseg-es-turizmus-malyinkaban-rendezveny-leader-tamogatassal\/","url_meta":{"origin":5928,"position":3},"title":"&#8220;Hagyom\u00e1ny, Term\u00e9szetk\u00f6zels\u00e9g \u00e9s Turizmus M\u00e1lyink\u00e1ban&#8221; rendezv\u00e9ny LEADER t\u00e1mogat\u00e1ssal","date":"2020-06-10","format":false,"excerpt":"A K\u00e9k-Kreat\u00fara Nonprofit Kft (M\u00e1lyinka)\u00a0tisztelettel megh\u00edvja \u00d6n\u00f6ket\u00a02020. j\u00falius 11-12-\u00e9n (szombat-vas\u00e1rnap)\u00a0tartand\u00f3, LEADER t\u00e1mogat\u00e1ssal megval\u00f3sul\u00f3\u00a0\"Hagyom\u00e1ny, Term\u00e9szetk\u00f6zels\u00e9g \u00e9s Turizmus M\u00e1lyink\u00e1ban\" c\u00edm\u0171 rendezv\u00e9ny\u00e9re. R\u00e9szletes program:","rel":"","context":"In &quot;H\u00edreink, k\u00f6zlem\u00e9nyeink&quot;","img":{"alt_text":"","src":"https:\/\/i2.wp.com\/bukkleader.hu\/old\/wp-content\/uploads\/2016\/11\/m\u00e1lyinka.jpg?resize=350%2C200&ssl=1","width":350,"height":200},"classes":[]},{"id":8347,"url":"https:\/\/bukkleader.hu\/old\/kisamerika-cserepfaluban-cimu-rendezveny-leader-tudomka-falvak-fejlesztese-leader-tamogatassal-2021-09-04-tibolddaroc\/","url_meta":{"origin":5928,"position":4},"title":"\u201eKisamerika Cser\u00e9pfaluban\u201d c\u00edm\u0171 rendezv\u00e9ny LEADER Tudomka Falvak Fejleszt\u00e9se LEADER t\u00e1mogat\u00e1ssal 2021. 09. 04. Tibolddar\u00f3c","date":"2021-08-04","format":false,"excerpt":"A Szalak\u00f3ta Egyes\u00fclet tisztelettel megh\u00edvja \u00d6nt a LEADER Tudomka Falvak fejleszt\u00e9se projekt \u201eKisamerika Cser\u00e9pfaluban\u201d c\u00edm\u0171 rendezv\u00e9ny\u00e9re. A megh\u00edv\u00f3 \u00e9s a program let\u00f6lthet\u0151 itt \u00e9s itt.","rel":"","context":"In &quot;H\u00edreink, k\u00f6zlem\u00e9nyeink&quot;","img":{"alt_text":"","src":"https:\/\/i0.wp.com\/bukkleader.hu\/old\/wp-content\/uploads\/2016\/09\/tibolddar\u00f3c-2.jpg?resize=350%2C200&ssl=1","width":350,"height":200},"classes":[]},{"id":2825,"url":"https:\/\/bukkleader.hu\/old\/hogy-oroksegunk-ne-vesszen-el-rendezveny-tardon-leader-tamogatassal-2020-09-26\/","url_meta":{"origin":5928,"position":5},"title":"&#8220;Hogy \u00f6r\u00f6ks\u00e9g\u00fcnk ne vesszen el&#8221; rendezv\u00e9ny Tardon LEADER t\u00e1mogat\u00e1ssal &#8211; 2020.09.26.","date":"2020-08-26","format":false,"excerpt":"A Forr\u00e1s Kereszt\u00e9ny \u00d3voda, \u00c1ltal\u00e1nos Iskola, Szakk\u00f6z\u00e9piskola \u00e9s Alapfok\u00fa M\u0171v\u00e9szeti Iskola (Forr\u00e1s Oktat\u00e1si K\u00f6zpont)\u00a0tisztelettel megh\u00edvja \u00d6n\u00f6ket\u00a02020. szeptember 26-\u00e1n\u00a0(szombat) Tardon tartand\u00f3, LEADER t\u00e1mogat\u00e1ssal megval\u00f3sul\u00f3 \"...hogy \u00f6r\u00f6ks\u00e9g\u00fcnk ne vesszen el\" c\u00edm\u0171 rendezv\u00e9ny\u00e9re. A r\u00e9szletes program:","rel":"","context":"In &quot;H\u00edreink, k\u00f6zlem\u00e9nyeink&quot;","img":{"alt_text":"","src":"https:\/\/i0.wp.com\/bukkleader.hu\/old\/wp-content\/uploads\/2020\/09\/Meghivo_page-0001.jpg?resize=350%2C200&ssl=1","width":350,"height":200},"classes":[]}],"_links":{"self":[{"href":"https:\/\/bukkleader.hu\/old\/wp-json\/wp\/v2\/posts\/5928"}],"collection":[{"href":"https:\/\/bukkleader.hu\/old\/wp-json\/wp\/v2\/posts"}],"about":[{"href":"https:\/\/bukkleader.hu\/old\/wp-json\/wp\/v2\/types\/post"}],"author":[{"embeddable":true,"href":"https:\/\/bukkleader.hu\/old\/wp-json\/wp\/v2\/users\/4"}],"replies":[{"embeddable":true,"href":"https:\/\/bukkleader.hu\/old\/wp-json\/wp\/v2\/comments?post=5928"}],"version-history":[{"count":1,"href":"https:\/\/bukkleader.hu\/old\/wp-json\/wp\/v2\/posts\/5928\/revisions"}],"predecessor-version":[{"id":5929,"href":"https:\/\/bukkleader.hu\/old\/wp-json\/wp\/v2\/posts\/5928\/revisions\/5929"}],"wp:featuredmedia":[{"embeddable":true,"href":"https:\/\/bukkleader.hu\/old\/wp-json\/wp\/v2\/media\/2179"}],"wp:attachment":[{"href":"https:\/\/bukkleader.hu\/old\/wp-json\/wp\/v2\/media?parent=5928"}],"wp:term":[{"taxonomy":"category","embeddable":true,"href":"https:\/\/bukkleader.hu\/old\/wp-json\/wp\/v2\/categories?post=5928"},{"taxonomy":"post_tag","embeddable":true,"href":"https:\/\/bukkleader.hu\/old\/wp-json\/wp\/v2\/tags?post=5928"}],"curies":[{"name":"wp","href":"https:\/\/api.w.org\/{rel}","templated":true}]}}