{"id":5919,"date":"2021-05-07T08:47:31","date_gmt":"2021-05-07T06:47:31","guid":{"rendered":"https:\/\/bukkleader.hu\/old\/?p=5919"},"modified":"2021-05-07T08:48:10","modified_gmt":"2021-05-07T06:48:10","slug":"figyelem-a-magyar-allamkincstar-uj-kozlemenye-a-kifizetesi-igenylessel-kapcsolatban","status":"publish","type":"post","link":"https:\/\/bukkleader.hu\/old\/figyelem-a-magyar-allamkincstar-uj-kozlemenye-a-kifizetesi-igenylessel-kapcsolatban\/","title":{"rendered":"FIGYELEM! A Magyar \u00c1llamkincst\u00e1r \u00faj k\u00f6zlem\u00e9nye a kifizet\u00e9si ig\u00e9nyl\u00e9ssel kapcsolatban"},"content":{"rendered":"<p><strong>Tisztelt Kedvezm\u00e9nyezettek!<\/strong><\/p>\n<p>T\u00e1j\u00e9koztatjuk \u00d6n\u00f6ket, hogy a Magyar \u00c1llamkincst\u00e1r k\u00fcls\u0151 honlapj\u00e1n k\u00f6zz\u00e9t\u00e9telre ker\u00fclt a <strong><span style=\"color: #000080;\"><a style=\"color: #000080;\" href=\"https:\/\/www.mvh.allamkincstar.gov.hu\/kozlemenyek\/-\/kozlemeny\/30-2021-v-5-szamu-kincstar-kozlemeny\" target=\"_blank\" rel=\"noopener\">30\/2021. (V. 5.) Kincst\u00e1r K\u00f6zlem\u00e9ny<\/a><\/span> a Vid\u00e9kfejleszt\u00e9si Program keret\u00e9ben ny\u00fajtand\u00f3 t\u00e1mogat\u00e1s ig\u00e9nybev\u00e9tele ir\u00e1nti kifizet\u00e9si ig\u00e9nyl\u00e9ssel kapcsolatos \u00e1ltal\u00e1nos t\u00e1j\u00e9koztat\u00e1sr\u00f3l.<\/strong><\/p>\n<p>A k\u00f6zlem\u00e9ny hat\u00e1lyba l\u00e9p\u00e9s\u00e9vel egyidej\u0171leg hat\u00e1ly\u00e1t veszti a Vid\u00e9kfejleszt\u00e9si Program keret\u00e9ben ny\u00fajtand\u00f3 t\u00e1mogat\u00e1s ig\u00e9nybev\u00e9tele ir\u00e1nti kifizet\u00e9si ig\u00e9nyl\u00e9ssel kapcsolatos \u00e1ltal\u00e1nos t\u00e1j\u00e9koztat\u00e1sr\u00f3l sz\u00f3l\u00f3 31\/2018. (V. 30.) sz\u00e1m\u00fa Kincst\u00e1r K\u00f6zlem\u00e9ny.<\/p>\n<div class=\"sharedaddy sd-sharing-enabled\"><div class=\"robots-nocontent sd-block sd-social sd-social-icon sd-sharing\"><h3 class=\"sd-title\">Share this:<\/h3><div class=\"sd-content\"><ul><li class=\"share-facebook\"><a rel=\"nofollow noopener noreferrer\" data-shared=\"sharing-facebook-5919\" class=\"share-facebook sd-button share-icon no-text\" href=\"https:\/\/bukkleader.hu\/old\/figyelem-a-magyar-allamkincstar-uj-kozlemenye-a-kifizetesi-igenylessel-kapcsolatban\/?share=facebook\" target=\"_blank\" title=\"Click to share on Facebook\"><span><\/span><span class=\"sharing-screen-reader-text\">Click to share on Facebook (Opens in new window)<\/span><\/a><\/li><li class=\"share-twitter\"><a rel=\"nofollow noopener noreferrer\" data-shared=\"sharing-twitter-5919\" class=\"share-twitter sd-button share-icon no-text\" href=\"https:\/\/bukkleader.hu\/old\/figyelem-a-magyar-allamkincstar-uj-kozlemenye-a-kifizetesi-igenylessel-kapcsolatban\/?share=twitter\" target=\"_blank\" title=\"Click to share on Twitter\"><span><\/span><span class=\"sharing-screen-reader-text\">Click to share on Twitter (Opens in new window)<\/span><\/a><\/li><li class=\"share-print\"><a rel=\"nofollow noopener noreferrer\" data-shared=\"\" class=\"share-print sd-button share-icon no-text\" href=\"https:\/\/bukkleader.hu\/old\/figyelem-a-magyar-allamkincstar-uj-kozlemenye-a-kifizetesi-igenylessel-kapcsolatban\/\" target=\"_blank\" title=\"Click to print\"><span><\/span><span class=\"sharing-screen-reader-text\">Click to print (Opens in new window)<\/span><\/a><\/li><li class=\"share-email\"><a rel=\"nofollow noopener noreferrer\" data-shared=\"\" class=\"share-email sd-button share-icon no-text\" href=\"https:\/\/bukkleader.hu\/old\/figyelem-a-magyar-allamkincstar-uj-kozlemenye-a-kifizetesi-igenylessel-kapcsolatban\/?share=email\" target=\"_blank\" title=\"Click to email this to a friend\"><span><\/span><span class=\"sharing-screen-reader-text\">Click to email this to a friend (Opens in new window)<\/span><\/a><\/li><li class=\"share-end\"><\/li><\/ul><\/div><\/div><\/div>","protected":false},"excerpt":{"rendered":"<p>Tisztelt Kedvezm\u00e9nyezettek! T\u00e1j\u00e9koztatjuk \u00d6n\u00f6ket, hogy a Magyar \u00c1llamkincst\u00e1r k\u00fcls\u0151 honlapj\u00e1n k\u00f6zz\u00e9t\u00e9telre ker\u00fclt a 30\/2021. (V. 5.) Kincst\u00e1r K\u00f6zlem\u00e9ny a Vid\u00e9kfejleszt\u00e9si Program keret\u00e9ben ny\u00fajtand\u00f3 t\u00e1mogat\u00e1s ig\u00e9nybev\u00e9tele ir\u00e1nti kifizet\u00e9si ig\u00e9nyl\u00e9ssel kapcsolatos \u00e1ltal\u00e1nos t\u00e1j\u00e9koztat\u00e1sr\u00f3l. A k\u00f6zlem\u00e9ny hat\u00e1lyba l\u00e9p\u00e9s\u00e9vel egyidej\u0171leg hat\u00e1ly\u00e1t veszti a Vid\u00e9kfejleszt\u00e9si Program keret\u00e9ben ny\u00fajtand\u00f3 t\u00e1mogat\u00e1s ig\u00e9nybev\u00e9tele ir\u00e1nti kifizet\u00e9si ig\u00e9nyl\u00e9ssel kapcsolatos \u00e1ltal\u00e1nos t\u00e1j\u00e9koztat\u00e1sr\u00f3l sz\u00f3l\u00f3 31\/2018. (V. 30.) [&hellip;]<\/p>\n<div class=\"sharedaddy sd-sharing-enabled\"><div class=\"robots-nocontent sd-block sd-social sd-social-icon sd-sharing\"><h3 class=\"sd-title\">Share this:<\/h3><div class=\"sd-content\"><ul><li class=\"share-facebook\"><a rel=\"nofollow noopener noreferrer\" data-shared=\"sharing-facebook-5919\" class=\"share-facebook sd-button share-icon no-text\" href=\"https:\/\/bukkleader.hu\/old\/figyelem-a-magyar-allamkincstar-uj-kozlemenye-a-kifizetesi-igenylessel-kapcsolatban\/?share=facebook\" target=\"_blank\" title=\"Click to share on Facebook\"><span><\/span><span class=\"sharing-screen-reader-text\">Click to share on Facebook (Opens in new window)<\/span><\/a><\/li><li class=\"share-twitter\"><a rel=\"nofollow noopener noreferrer\" data-shared=\"sharing-twitter-5919\" class=\"share-twitter sd-button share-icon no-text\" href=\"https:\/\/bukkleader.hu\/old\/figyelem-a-magyar-allamkincstar-uj-kozlemenye-a-kifizetesi-igenylessel-kapcsolatban\/?share=twitter\" target=\"_blank\" title=\"Click to share on Twitter\"><span><\/span><span class=\"sharing-screen-reader-text\">Click to share on Twitter (Opens in new window)<\/span><\/a><\/li><li class=\"share-print\"><a rel=\"nofollow noopener noreferrer\" data-shared=\"\" class=\"share-print sd-button share-icon no-text\" href=\"https:\/\/bukkleader.hu\/old\/figyelem-a-magyar-allamkincstar-uj-kozlemenye-a-kifizetesi-igenylessel-kapcsolatban\/\" target=\"_blank\" title=\"Click to print\"><span><\/span><span class=\"sharing-screen-reader-text\">Click to print (Opens in new window)<\/span><\/a><\/li><li class=\"share-email\"><a rel=\"nofollow noopener noreferrer\" data-shared=\"\" class=\"share-email sd-button share-icon no-text\" href=\"https:\/\/bukkleader.hu\/old\/figyelem-a-magyar-allamkincstar-uj-kozlemenye-a-kifizetesi-igenylessel-kapcsolatban\/?share=email\" target=\"_blank\" title=\"Click to email this to a friend\"><span><\/span><span class=\"sharing-screen-reader-text\">Click to email this to a friend (Opens in new window)<\/span><\/a><\/li><li class=\"share-end\"><\/li><\/ul><\/div><\/div><\/div>","protected":false},"author":4,"featured_media":244,"comment_status":"open","ping_status":"closed","sticky":false,"template":"","format":"standard","meta":{"_bbp_topic_count":0,"_bbp_reply_count":0,"_bbp_total_topic_count":0,"_bbp_total_reply_count":0,"_bbp_voice_count":0,"_bbp_anonymous_reply_count":0,"_bbp_topic_count_hidden":0,"_bbp_reply_count_hidden":0,"_bbp_forum_subforum_count":0,"spay_email":"","jetpack_publicize_message":"","jetpack_is_tweetstorm":false,"jetpack_publicize_feature_enabled":true},"categories":[1],"tags":[],"jetpack_featured_media_url":"https:\/\/bukkleader.hu\/old\/wp-content\/uploads\/2015\/09\/magyar-cimer.jpg","jetpack_publicize_connections":[],"jetpack_sharing_enabled":true,"jetpack-related-posts":[{"id":5906,"url":"https:\/\/bukkleader.hu\/old\/tajekoztatas-a-tenylegesen-megvalosult-tevekenysegekkel-tetelekkel-es-igazoltan-felmerult-koltsegekkel-kapcsolatos-elszamolas-fontossagarol-es-a-tamogatas-kifizetesevel-zarult-kifizetesi-igenyles-kapc\/","url_meta":{"origin":5919,"position":0},"title":"A Magyar \u00c1llamkincst\u00e1r t\u00e1j\u00e9koztat\u00e1sa az elsz\u00e1mol\u00e1sokkal kapcsolatban","date":"2021-04-29","format":false,"excerpt":"Tisztelt Kedvezm\u00e9nyezettek! A Magyar \u00c1llamkincst\u00e1r t\u00e1j\u00e9koztat\u00e1sa alapj\u00e1n a https:\/\/www.mvh.allamkincstar.gov.hu\/ internetes honlap T\u00e1mogat\u00e1sok\/Vid\u00e9kfejleszt\u00e9si Program 2014-2020 men\u00fcpontj\u00e1ban a Hasznos inform\u00e1ci\u00f3k beruh\u00e1z\u00e1si int\u00e9zked\u00e9sekhez pontb\u00f3l, illetve a https:\/\/www.mvh.allamkincstar.gov.hu\/hasznos-informaciok-beruhazasi-intezkedesekhez linken kereszt\u00fcl el\u00e9rhet\u0151 R\u00f6vid t\u00e1j\u00e9koztat\u00f3k k\u00f6z\u00f6tt \u00faj tartalom jelent meg T\u00e1j\u00e9koztat\u00e1s a t\u00e9nylegesen megval\u00f3sult tev\u00e9kenys\u00e9gekkel\/t\u00e9telekkel \u00e9s igazoltan felmer\u00fclt k\u00f6lts\u00e9gekkel kapcsolatos elsz\u00e1mol\u00e1s fontoss\u00e1g\u00e1r\u00f3l \u00e9s a t\u00e1mogat\u00e1s kifizet\u00e9s\u00e9vel\u2026","rel":"","context":"In &quot;H\u00edreink, k\u00f6zlem\u00e9nyeink&quot;","img":{"alt_text":"magyar-cimer","src":"https:\/\/i0.wp.com\/bukkleader.hu\/old\/wp-content\/uploads\/2015\/09\/magyar-cimer.jpg?resize=350%2C200&ssl=1","width":350,"height":200},"classes":[]},{"id":2104,"url":"https:\/\/bukkleader.hu\/old\/2104-2\/","url_meta":{"origin":5919,"position":1},"title":"Rendezv\u00e9nyek bejelent\u00e9s\u00e9hez haszn\u00e1lhat\u00f3 sablon","date":"2019-07-10","format":false,"excerpt":"Tisztelt Kedvezm\u00e9nyezettek! Felh\u00edvom a figyelm\u00fcket amennyiben nyertes p\u00e1ly\u00e1zatukban bemutat\u00f3k, rendezv\u00e9nyek, ki\u00e1ll\u00edt\u00e1sok szervez\u00e9se \u00e9s lebonyol\u00edt\u00e1sa tev\u00e9kenys\u00e9get is megval\u00f3s\u00edtanak, akkor az al\u00e1bbiakban a felh\u00edv\u00e1sokb\u00f3l kiemelt bejelent\u00e9si k\u00f6telezetts\u00e9g\u00fck van:\u00a0 1) A kedvezm\u00e9nyezett az \u00e1ltala szervezett rendezv\u00e9ny vonatkoz\u00e1s\u00e1ban k\u00f6teles a rendezv\u00e9ny t\u00e9m\u00e1j\u00e1t, helysz\u00edn\u00e9t \u00e9s id\u0151pontj\u00e1t, a rendezv\u00e9ny megval\u00f3s\u00edt\u00e1si id\u0151pontj\u00e1t megel\u0151z\u0151 30. napig a rendezv\u00e9ny\u2026","rel":"","context":"In &quot;Dokumentumok&quot;","img":{"alt_text":"","src":"https:\/\/i2.wp.com\/bukkleader.hu\/old\/wp-content\/uploads\/2016\/06\/\u00faj-k\u00e9p.jpg?resize=350%2C200&ssl=1","width":350,"height":200},"classes":[]},{"id":222,"url":"https:\/\/bukkleader.hu\/old\/elektronikus-uton-is-benyujthatok-a-leader-kifizetesi-kerelmek\/","url_meta":{"origin":5919,"position":2},"title":"Elektronikus \u00faton is beny\u00fajthat\u00f3k a LEADER kifizet\u00e9si k\u00e9relmek","date":"2012-08-22","format":false,"excerpt":"Megjelent a 128\/2012. (VIII. 06.) MVH k\u00f6zlem\u00e9ny az Eur\u00f3pai Mez\u0151gazdas\u00e1gi Vid\u00e9kfejleszt\u00e9si Alapb\u00f3l a Helyi Vid\u00e9kfejleszt\u00e9si Strat\u00e9gi\u00e1k LEADER fejezet\u00e9nek v\u00e9grehajt\u00e1s\u00e1hoz ny\u00fajtand\u00f3 t\u00e1mogat\u00e1s kifizet\u00e9s\u00e9nek ig\u00e9nyl\u00e9s\u00e9r\u0151l sz\u00f3l\u00f3 107\/2012. (VII. 20.) sz\u00e1m\u00fa MVH k\u00f6zlem\u00e9ny m\u00f3dos\u00edt\u00e1s\u00e1r\u00f3l. A k\u00f6zlem\u00e9ny szerint a kifizet\u00e9si k\u00e9relmek elektronikus m\u00f3don t\u00f6rt\u00e9n\u0151 beny\u00fajt\u00e1s\u00e1hoz rendelkez\u00e9sre \u00e1ll a megfelel\u0151 fel\u00fclet, \u00edgy a kifizet\u00e9si k\u00e9relmek\u2026","rel":"","context":"In &quot;H\u00edreink, k\u00f6zlem\u00e9nyeink&quot;","img":{"alt_text":"mhv-logo","src":"https:\/\/i2.wp.com\/bukkleader.hu\/old\/wp-content\/uploads\/2015\/09\/mvh-logo-w.jpg?resize=350%2C200&ssl=1","width":350,"height":200},"classes":[]},{"id":202,"url":"https:\/\/bukkleader.hu\/old\/mvh-kozlemeny\/","url_meta":{"origin":5919,"position":3},"title":"MVH k\u00f6zlem\u00e9ny","date":"2012-08-01","format":false,"excerpt":"Megjelent a LEADER p\u00e1ly\u00e1zatok elsz\u00e1mol\u00e1s\u00e1ra vonatkoz\u00f3 MVH k\u00f6zlem\u00e9nyMegjelent a 107\/2012. (VII. 20.) sz\u00e1m\u00fa MVH K\u00f6zlem\u00e9ny az Eur\u00f3pai Mez\u0151gazdas\u00e1gi Vid\u00e9kfejleszt\u00e9si Alapb\u00f3l a Helyi Vid\u00e9kfejleszt\u00e9si Strat\u00e9gi\u00e1k LEADER fejezet\u00e9nek v\u00e9grehajt\u00e1s\u00e1hoz ny\u00fajtand\u00f3 t\u00e1mogat\u00e1s kifizet\u00e9s\u00e9nek ig\u00e9nyl\u00e9s\u00e9r\u0151l.A k\u00f6zlem\u00e9ny \u00e9s mell\u00e9kleteinek let\u00f6lt\u00e9se >>\u00a0 A k\u00f6zlem\u00e9ny m\u00f3dos\u00edt\u00e1s\u00e1nak let\u00f6lt\u00e9se >>","rel":"","context":"In &quot;H\u00edreink, k\u00f6zlem\u00e9nyeink&quot;","img":{"alt_text":"","src":"","width":0,"height":0},"classes":[]},{"id":303,"url":"https:\/\/bukkleader.hu\/old\/2013-februar-01-tol-2013-majus-31-ig-nyujthatok-be-a-leader-kifizetesi-kerelmek\/","url_meta":{"origin":5919,"position":4},"title":"2013. febru\u00e1r 01-t\u0151l 2013. m\u00e1jus 31-ig ny\u00fajthat\u00f3k be a LEADER kifizet\u00e9si k\u00e9relmek","date":"2013-01-31","format":false,"excerpt":"Megjelent a 19\/2013. (I.22.) sz\u00e1m\u00fa MVH k\u00f6zlem\u00e9ny az Eur\u00f3pai Mez\u0151gazdas\u00e1gi Vid\u00e9kfejleszt\u00e9si Alapb\u00f3l a Helyi Vid\u00e9kfejleszt\u00e9si Strat\u00e9gi\u00e1k LEADER fejezet\u00e9nek v\u00e9grehajt\u00e1s\u00e1hoz ny\u00fajtand\u00f3 t\u00e1mogat\u00e1s kifizet\u00e9s\u00e9nek ig\u00e9nyl\u00e9s\u00e9r\u0151l. A k\u00f6zlem\u00e9ny szerint az EMVA IV. \u2013 LEADER kifizet\u00e9si k\u00e9relmek 2013. febru\u00e1r 01. \u2013 2013. m\u00e1jus 31. id\u0151szakban elektronikus \u00faton ny\u00fajthat\u00f3k be.Az MVH k\u00f6zlem\u00e9ny \u00e9s az azzal\u2026","rel":"","context":"In &quot;H\u00edreink, k\u00f6zlem\u00e9nyeink&quot;","img":{"alt_text":"mhv-logo","src":"https:\/\/i2.wp.com\/bukkleader.hu\/old\/wp-content\/uploads\/2015\/09\/mvh-logo-w.jpg?resize=350%2C200&ssl=1","width":350,"height":200},"classes":[]},{"id":2091,"url":"https:\/\/bukkleader.hu\/old\/segedletek-eloleg-igenyleshez\/","url_meta":{"origin":5919,"position":5},"title":"Seg\u00e9dletek el\u0151leg ig\u00e9nyl\u00e9shez","date":"2019-07-04","format":false,"excerpt":"Tisztelt P\u00e1ly\u00e1z\u00f3k! T\u00e1j\u00e9koztatjuk \u00d6n\u00f6ket, hogy azon T\u00e1mogat\u00f3i Okirattal rendelkez\u0151 p\u00e1ly\u00e1z\u00f3inkat, akik a projekt megval\u00f3s\u00edt\u00e1s\u00e1hoz\u00a0el\u0151leget szeretn\u00e9nek ig\u00e9nyelni\u00a0illetve\u00a0kifizet\u00e9si k\u00e9relmet beny\u00fajtani, a seg\u00e9dletek az al\u00e1bbi linken \u00e9rhet\u0151k el: https:\/\/www.mvh.allamkincstar.gov.hu\/tamogatasok-listazo\/-\/tamogatas\/5746072\/tajekoztatok Javasoljuk, hogy az al\u00e1bbi linken tal\u00e1lhat\u00f3 t\u00e1j\u00e9koztat\u00f3t (b\u00e1r az nem a LEADER felh\u00edv\u00e1sokhoz k\u00e9sz\u00fclt, de hasznos) is n\u00e9zz\u00e9k \u00e1t, annak \u00e9rdek\u00e9ben, hogy minden, az\u2026","rel":"","context":"In &quot;Dokumentumok&quot;","img":{"alt_text":"","src":"https:\/\/i0.wp.com\/bukkleader.hu\/old\/wp-content\/uploads\/2018\/12\/hat\u00e1rid\u0151-modos\u00edt\u00e1s-2.jpg?resize=350%2C200&ssl=1","width":350,"height":200},"classes":[]}],"_links":{"self":[{"href":"https:\/\/bukkleader.hu\/old\/wp-json\/wp\/v2\/posts\/5919"}],"collection":[{"href":"https:\/\/bukkleader.hu\/old\/wp-json\/wp\/v2\/posts"}],"about":[{"href":"https:\/\/bukkleader.hu\/old\/wp-json\/wp\/v2\/types\/post"}],"author":[{"embeddable":true,"href":"https:\/\/bukkleader.hu\/old\/wp-json\/wp\/v2\/users\/4"}],"replies":[{"embeddable":true,"href":"https:\/\/bukkleader.hu\/old\/wp-json\/wp\/v2\/comments?post=5919"}],"version-history":[{"count":2,"href":"https:\/\/bukkleader.hu\/old\/wp-json\/wp\/v2\/posts\/5919\/revisions"}],"predecessor-version":[{"id":5921,"href":"https:\/\/bukkleader.hu\/old\/wp-json\/wp\/v2\/posts\/5919\/revisions\/5921"}],"wp:featuredmedia":[{"embeddable":true,"href":"https:\/\/bukkleader.hu\/old\/wp-json\/wp\/v2\/media\/244"}],"wp:attachment":[{"href":"https:\/\/bukkleader.hu\/old\/wp-json\/wp\/v2\/media?parent=5919"}],"wp:term":[{"taxonomy":"category","embeddable":true,"href":"https:\/\/bukkleader.hu\/old\/wp-json\/wp\/v2\/categories?post=5919"},{"taxonomy":"post_tag","embeddable":true,"href":"https:\/\/bukkleader.hu\/old\/wp-json\/wp\/v2\/tags?post=5919"}],"curies":[{"name":"wp","href":"https:\/\/api.w.org\/{rel}","templated":true}]}}