{"id":5872,"date":"2021-04-22T14:40:24","date_gmt":"2021-04-22T12:40:24","guid":{"rendered":"https:\/\/bukkleader.hu\/old\/?p=5872"},"modified":"2021-04-23T09:31:47","modified_gmt":"2021-04-23T07:31:47","slug":"a-malyi-termeszetvedelmi-egyesulet-online-tudasatado-rendezvenye-leader-tamogatassal-2021-05-25","status":"publish","type":"post","link":"https:\/\/bukkleader.hu\/old\/a-malyi-termeszetvedelmi-egyesulet-online-tudasatado-rendezvenye-leader-tamogatassal-2021-05-25\/","title":{"rendered":"A M\u00e1lyi Term\u00e9szetv\u00e9delmi Egyes\u00fclet online tud\u00e1s\u00e1tad\u00f3 rendezv\u00e9nye LEADER t\u00e1mogat\u00e1ssal &#8211; 2021.05.25."},"content":{"rendered":"<p>A <strong>M\u00e1lyi Term\u00e9szetv\u00e9delmi Egyes\u00fclet<\/strong> tisztelettel megh\u00edvja \u00d6n\u00f6ket <strong>2021. m\u00e1jus 25-\u00e9n<\/strong> (<strong>kedd<\/strong>) online tartand\u00f3, LEADER t\u00e1mogat\u00e1ssal megval\u00f3sul\u00f3 <strong>\u201e\u00c9leteket ment\u00fcnk minden nap\u201d c\u00edm\u0171 tud\u00e1s\u00e1tad\u00f3 rendezv\u00e9ny\u00e9re<\/strong> az al\u00e1bbiak szerint (a program PDF-ben <span style=\"color: #0000ff;\"><a style=\"color: #0000ff;\" href=\"https:\/\/bukkleader.hu\/old\/wp-content\/uploads\/2021\/04\/Madaronline1.pdf\" target=\"_blank\" rel=\"noopener\">let\u00f6lthet\u0151 itt<\/a><\/span>):<\/p>\n<p><img data-attachment-id=\"5898\" data-permalink=\"https:\/\/bukkleader.hu\/old\/a-malyi-termeszetvedelmi-egyesulet-online-tudasatado-rendezvenye-leader-tamogatassal-2021-05-25\/madaronline1_page-0001\/\" data-orig-file=\"https:\/\/bukkleader.hu\/old\/wp-content\/uploads\/2021\/04\/Madaronline1_page-0001.jpg\" data-orig-size=\"1241,1755\" data-comments-opened=\"1\" data-image-meta=\"{&quot;aperture&quot;:&quot;0&quot;,&quot;credit&quot;:&quot;&quot;,&quot;camera&quot;:&quot;&quot;,&quot;caption&quot;:&quot;&quot;,&quot;created_timestamp&quot;:&quot;0&quot;,&quot;copyright&quot;:&quot;&quot;,&quot;focal_length&quot;:&quot;0&quot;,&quot;iso&quot;:&quot;0&quot;,&quot;shutter_speed&quot;:&quot;0&quot;,&quot;title&quot;:&quot;&quot;,&quot;orientation&quot;:&quot;0&quot;}\" data-image-title=\"Madaronline1_page-0001\" data-image-description=\"\" data-image-caption=\"\" data-medium-file=\"https:\/\/bukkleader.hu\/old\/wp-content\/uploads\/2021\/04\/Madaronline1_page-0001-212x300.jpg\" data-large-file=\"https:\/\/bukkleader.hu\/old\/wp-content\/uploads\/2021\/04\/Madaronline1_page-0001-724x1024.jpg\" loading=\"lazy\" class=\"aligncenter size-full wp-image-5898\" src=\"https:\/\/bukkleader.hu\/old\/wp-content\/uploads\/2021\/04\/Madaronline1_page-0001.jpg\" alt=\"\" width=\"1241\" height=\"1755\" srcset=\"https:\/\/bukkleader.hu\/old\/wp-content\/uploads\/2021\/04\/Madaronline1_page-0001.jpg 1241w, https:\/\/bukkleader.hu\/old\/wp-content\/uploads\/2021\/04\/Madaronline1_page-0001-212x300.jpg 212w, https:\/\/bukkleader.hu\/old\/wp-content\/uploads\/2021\/04\/Madaronline1_page-0001-768x1086.jpg 768w, https:\/\/bukkleader.hu\/old\/wp-content\/uploads\/2021\/04\/Madaronline1_page-0001-724x1024.jpg 724w\" sizes=\"(max-width: 1241px) 100vw, 1241px\" \/><\/p>\n<div class=\"sharedaddy sd-sharing-enabled\"><div class=\"robots-nocontent sd-block sd-social sd-social-icon sd-sharing\"><h3 class=\"sd-title\">Share this:<\/h3><div class=\"sd-content\"><ul><li class=\"share-facebook\"><a rel=\"nofollow noopener noreferrer\" data-shared=\"sharing-facebook-5872\" class=\"share-facebook sd-button share-icon no-text\" href=\"https:\/\/bukkleader.hu\/old\/a-malyi-termeszetvedelmi-egyesulet-online-tudasatado-rendezvenye-leader-tamogatassal-2021-05-25\/?share=facebook\" target=\"_blank\" title=\"Click to share on Facebook\"><span><\/span><span class=\"sharing-screen-reader-text\">Click to share on Facebook (Opens in new window)<\/span><\/a><\/li><li class=\"share-twitter\"><a rel=\"nofollow noopener noreferrer\" data-shared=\"sharing-twitter-5872\" class=\"share-twitter sd-button share-icon no-text\" href=\"https:\/\/bukkleader.hu\/old\/a-malyi-termeszetvedelmi-egyesulet-online-tudasatado-rendezvenye-leader-tamogatassal-2021-05-25\/?share=twitter\" target=\"_blank\" title=\"Click to share on Twitter\"><span><\/span><span class=\"sharing-screen-reader-text\">Click to share on Twitter (Opens in new window)<\/span><\/a><\/li><li class=\"share-print\"><a rel=\"nofollow noopener noreferrer\" data-shared=\"\" class=\"share-print sd-button share-icon no-text\" href=\"https:\/\/bukkleader.hu\/old\/a-malyi-termeszetvedelmi-egyesulet-online-tudasatado-rendezvenye-leader-tamogatassal-2021-05-25\/\" target=\"_blank\" title=\"Click to print\"><span><\/span><span class=\"sharing-screen-reader-text\">Click to print (Opens in new window)<\/span><\/a><\/li><li class=\"share-email\"><a rel=\"nofollow noopener noreferrer\" data-shared=\"\" class=\"share-email sd-button share-icon no-text\" href=\"https:\/\/bukkleader.hu\/old\/a-malyi-termeszetvedelmi-egyesulet-online-tudasatado-rendezvenye-leader-tamogatassal-2021-05-25\/?share=email\" target=\"_blank\" title=\"Click to email this to a friend\"><span><\/span><span class=\"sharing-screen-reader-text\">Click to email this to a friend (Opens in new window)<\/span><\/a><\/li><li class=\"share-end\"><\/li><\/ul><\/div><\/div><\/div>","protected":false},"excerpt":{"rendered":"<p>A M\u00e1lyi Term\u00e9szetv\u00e9delmi Egyes\u00fclet tisztelettel megh\u00edvja \u00d6n\u00f6ket 2021. m\u00e1jus 25-\u00e9n (kedd) online tartand\u00f3, LEADER t\u00e1mogat\u00e1ssal megval\u00f3sul\u00f3 \u201e\u00c9leteket ment\u00fcnk minden nap\u201d c\u00edm\u0171 tud\u00e1s\u00e1tad\u00f3 rendezv\u00e9ny\u00e9re az al\u00e1bbiak szerint (a program PDF-ben let\u00f6lthet\u0151 itt):<\/p>\n<div class=\"sharedaddy sd-sharing-enabled\"><div class=\"robots-nocontent sd-block sd-social sd-social-icon sd-sharing\"><h3 class=\"sd-title\">Share this:<\/h3><div class=\"sd-content\"><ul><li class=\"share-facebook\"><a rel=\"nofollow noopener noreferrer\" data-shared=\"sharing-facebook-5872\" class=\"share-facebook sd-button share-icon no-text\" href=\"https:\/\/bukkleader.hu\/old\/a-malyi-termeszetvedelmi-egyesulet-online-tudasatado-rendezvenye-leader-tamogatassal-2021-05-25\/?share=facebook\" target=\"_blank\" title=\"Click to share on Facebook\"><span><\/span><span class=\"sharing-screen-reader-text\">Click to share on Facebook (Opens in new window)<\/span><\/a><\/li><li class=\"share-twitter\"><a rel=\"nofollow noopener noreferrer\" data-shared=\"sharing-twitter-5872\" class=\"share-twitter sd-button share-icon no-text\" href=\"https:\/\/bukkleader.hu\/old\/a-malyi-termeszetvedelmi-egyesulet-online-tudasatado-rendezvenye-leader-tamogatassal-2021-05-25\/?share=twitter\" target=\"_blank\" title=\"Click to share on Twitter\"><span><\/span><span class=\"sharing-screen-reader-text\">Click to share on Twitter (Opens in new window)<\/span><\/a><\/li><li class=\"share-print\"><a rel=\"nofollow noopener noreferrer\" data-shared=\"\" class=\"share-print sd-button share-icon no-text\" href=\"https:\/\/bukkleader.hu\/old\/a-malyi-termeszetvedelmi-egyesulet-online-tudasatado-rendezvenye-leader-tamogatassal-2021-05-25\/\" target=\"_blank\" title=\"Click to print\"><span><\/span><span class=\"sharing-screen-reader-text\">Click to print (Opens in new window)<\/span><\/a><\/li><li class=\"share-email\"><a rel=\"nofollow noopener noreferrer\" data-shared=\"\" class=\"share-email sd-button share-icon no-text\" href=\"https:\/\/bukkleader.hu\/old\/a-malyi-termeszetvedelmi-egyesulet-online-tudasatado-rendezvenye-leader-tamogatassal-2021-05-25\/?share=email\" target=\"_blank\" title=\"Click to email this to a friend\"><span><\/span><span class=\"sharing-screen-reader-text\">Click to email this to a friend (Opens in new window)<\/span><\/a><\/li><li class=\"share-end\"><\/li><\/ul><\/div><\/div><\/div>","protected":false},"author":4,"featured_media":5882,"comment_status":"open","ping_status":"closed","sticky":false,"template":"","format":"standard","meta":{"_bbp_topic_count":0,"_bbp_reply_count":0,"_bbp_total_topic_count":0,"_bbp_total_reply_count":0,"_bbp_voice_count":0,"_bbp_anonymous_reply_count":0,"_bbp_topic_count_hidden":0,"_bbp_reply_count_hidden":0,"_bbp_forum_subforum_count":0,"spay_email":"","jetpack_publicize_message":"","jetpack_is_tweetstorm":false,"jetpack_publicize_feature_enabled":true},"categories":[1,30,29],"tags":[],"jetpack_featured_media_url":"https:\/\/bukkleader.hu\/old\/wp-content\/uploads\/2021\/04\/denever.jpg","jetpack_publicize_connections":[],"jetpack_sharing_enabled":true,"jetpack-related-posts":[{"id":5884,"url":"https:\/\/bukkleader.hu\/old\/a-malyi-termeszetvedelmi-egyesulet-online-tudasatado-rendezvenye-leader-tamogatassal-2021-05-26\/","url_meta":{"origin":5872,"position":0},"title":"A M\u00e1lyi Term\u00e9szetv\u00e9delmi Egyes\u00fclet online tud\u00e1s\u00e1tad\u00f3 rendezv\u00e9nye LEADER t\u00e1mogat\u00e1ssal &#8211; 2021.05.26.","date":"2021-04-22","format":false,"excerpt":"A M\u00e1lyi Term\u00e9szetv\u00e9delmi Egyes\u00fclet tisztelettel megh\u00edvja \u00d6n\u00f6ket 2021. m\u00e1jus 26-\u00e1n (szerda) online tartand\u00f3, LEADER t\u00e1mogat\u00e1ssal megval\u00f3sul\u00f3 \u201e\u00c9leteket ment\u00fcnk minden nap\u201d c\u00edm\u0171 tud\u00e1s\u00e1tad\u00f3 rendezv\u00e9ny\u00e9re az al\u00e1bbiak szerint (a program PDF-ben let\u00f6lthet\u0151 itt):","rel":"","context":"In &quot;H\u00edreink, k\u00f6zlem\u00e9nyeink&quot;","img":{"alt_text":"","src":"https:\/\/i2.wp.com\/bukkleader.hu\/old\/wp-content\/uploads\/2021\/04\/Madaronline2_page-0001.jpg?resize=350%2C200&ssl=1","width":350,"height":200},"classes":[]},{"id":5889,"url":"https:\/\/bukkleader.hu\/old\/a-malyi-termeszetvedelmi-egyesulet-online-tudasatado-rendezvenye-leader-tamogatassal-2021-05-27\/","url_meta":{"origin":5872,"position":1},"title":"A M\u00e1lyi Term\u00e9szetv\u00e9delmi Egyes\u00fclet online tud\u00e1s\u00e1tad\u00f3 rendezv\u00e9nye LEADER t\u00e1mogat\u00e1ssal &#8211; 2021.05.27.","date":"2021-04-22","format":false,"excerpt":"A M\u00e1lyi Term\u00e9szetv\u00e9delmi Egyes\u00fclet tisztelettel megh\u00edvja \u00d6n\u00f6ket 2021. m\u00e1jus 27-\u00e9n (cs\u00fct\u00f6rt\u00f6k) online tartand\u00f3, LEADER t\u00e1mogat\u00e1ssal megval\u00f3sul\u00f3 \u201e\u00c9leteket ment\u00fcnk minden nap\u201d c\u00edm\u0171 tud\u00e1s\u00e1tad\u00f3 rendezv\u00e9ny\u00e9re az al\u00e1bbiak szerint (a program PDF-ben let\u00f6lthet\u0151 itt):","rel":"","context":"In &quot;H\u00edreink, k\u00f6zlem\u00e9nyeink&quot;","img":{"alt_text":"","src":"https:\/\/i2.wp.com\/bukkleader.hu\/old\/wp-content\/uploads\/2021\/04\/madarmento.jpg?resize=350%2C200&ssl=1","width":350,"height":200},"classes":[]},{"id":5982,"url":"https:\/\/bukkleader.hu\/old\/res-hasznositas-a-videki-lakokornyezetben-tematikus-tudaskozpont-kialakitasa-malyi-kozsegben-rendezveny-bukkabranyban-leader-tamogatassal-2021-07-24\/","url_meta":{"origin":5872,"position":2},"title":"&#8220;RES hasznos\u00edt\u00e1s a vid\u00e9ki lak\u00f3k\u00f6rnyezetben, tematikus tud\u00e1sk\u00f6zpont kialak\u00edt\u00e1sa\u201d rendezv\u00e9ny B\u00fckk\u00e1br\u00e1nyban LEADER t\u00e1mogat\u00e1ssal \u2013 2021.07.24.","date":"2021-06-24","format":false,"excerpt":"\u00a0 A BEITI-B\u00fckkaljai Kft. tisztelettel megh\u00edvja \u00d6n\u00f6ket\u00a02021. j\u00falius 24-\u00e9n\u00a0(szombat) B\u00fckk\u00e1br\u00e1nyban tartand\u00f3, LEADER t\u00e1mogat\u00e1ssal megval\u00f3sul\u00f3\u00a0\u201cRES hasznos\u00edt\u00e1s a vid\u00e9ki lak\u00f3k\u00f6rnyezetben, tematikus tud\u00e1sk\u00f6zpont kialak\u00edt\u00e1sa\u201d\u00a0c\u00edm\u0171 rendezv\u00e9ny\u00e9re. A r\u00e9szletes program (a megh\u00edv\u00f3 \u00e9s a program PDF-ben let\u00f6lthet\u0151 itt):","rel":"","context":"In &quot;H\u00edreink, k\u00f6zlem\u00e9nyeink&quot;","img":{"alt_text":"","src":"https:\/\/i1.wp.com\/bukkleader.hu\/old\/wp-content\/uploads\/2015\/11\/operat\u00edv-programok-2..jpg?resize=350%2C200&ssl=1","width":350,"height":200},"classes":[]},{"id":8608,"url":"https:\/\/bukkleader.hu\/old\/bukk-leader-tudomka-tematikus-kozpont-rendezveny-2021-11-05-malyi\/","url_meta":{"origin":5872,"position":3},"title":"B\u00dcKK-LEADER TUDOMKA TEMATIKUS K\u00d6ZPONT rendezv\u00e9ny, 2021. 11. 05. M\u00e1lyi","date":"2021-11-05","format":false,"excerpt":"A \"BEITI-B\u00fckkaljai\" Kft. tisztelettel megh\u00edvja \u00d6n\u00f6ket a B\u00dcKK-LEADER TUDOMKA-RES hasznos\u00edt\u00e1s a vid\u00e9ki lak\u00f3k\u00f6rnyezetben-TEMATIKUS K\u00d6ZPONT rendezv\u00e9ny\u00e9re. A megh\u00edv\u00f3 pdf-ben let\u00f6lthet\u0151 itt.","rel":"","context":"In &quot;H\u00edreink, k\u00f6zlem\u00e9nyeink&quot;","img":{"alt_text":"","src":"https:\/\/i1.wp.com\/bukkleader.hu\/old\/wp-content\/uploads\/2015\/11\/operat\u00edv-programok-2..jpg?resize=350%2C200&ssl=1","width":350,"height":200},"classes":[]},{"id":8549,"url":"https:\/\/bukkleader.hu\/old\/res-hasznositas-a-videki-lakokornyezetben-tematikus-tudaskozpont-kialakitasa-malyi-kozsegben-rendezveny-2021-09-24-malyi\/","url_meta":{"origin":5872,"position":4},"title":"RES hasznos\u00edt\u00e1s a vid\u00e9ki lak\u00f3k\u00f6rnyezetben, tematikus tud\u00e1sk\u00f6zpont\u00a0 kialak\u00edt\u00e1sa M\u00e1lyi k\u00f6zs\u00e9gben rendezv\u00e9ny 2021. 09. 24. M\u00e1lyi","date":"2021-09-21","format":false,"excerpt":"Nagy M\u00e1rk, a \"BEITI-B\u00fckaljai\" Kft. \u00fcgyvezet\u0151je tisztelettel megh\u00edvja \u00d6n\u00f6ket a \"RES hasznos\u00edt\u00e1s a vid\u00e9ki lak\u00f3k\u00f6rnyezetben, tematikus tud\u00e1sk\u00f6zpont\u00a0 kialak\u00edt\u00e1sa M\u00e1lyi k\u00f6zs\u00e9gben\" rendezv\u00e9nyre. A megh\u00edv\u00f3 let\u00f6lthet\u0151 pdf-ben itt.","rel":"","context":"In &quot;H\u00edreink, k\u00f6zlem\u00e9nyeink&quot;","img":{"alt_text":"","src":"https:\/\/i1.wp.com\/bukkleader.hu\/old\/wp-content\/uploads\/2015\/11\/operat\u00edv-programok-2..jpg?resize=350%2C200&ssl=1","width":350,"height":200},"classes":[]},{"id":5795,"url":"https:\/\/bukkleader.hu\/old\/meghivo-a-baratainkkal-az-uton-alapitvany-leader-tamogatassal-megvalosulo-online-kepzesere-2021-04-09-tol\/","url_meta":{"origin":5872,"position":5},"title":"Megh\u00edv\u00f3 a &#8220;Bar\u00e1tainkkal az \u00faton&#8221; Alap\u00edtv\u00e1ny LEADER t\u00e1mogat\u00e1ssal megval\u00f3sul\u00f3 online k\u00e9pz\u00e9s\u00e9re \u2013 2021.04.09-t\u0151l","date":"2021-03-08","format":false,"excerpt":"A \"Bar\u00e1tainkkal az \u00faton\" Alap\u00edtv\u00e1ny tisztelettel megh\u00edvja \u00d6n\u00f6ket \u201eSaj\u00f3-Hern\u00e1d V\u00f6lgyi bolg\u00e1rkert\u00e9szeti hagyom\u00e1nyok \u00e1pol\u00e1s\u00e1nak fejleszt\u00e9se VP6-19.2.1-15-7-17\u201d c\u00edm\u0171 p\u00e1ly\u00e1zata keret\u00e9ben megval\u00f3sul\u00f3 online k\u00e9pz\u00e9sre, amelyre 2021. \u00e1prilis 9-t\u0151l (p\u00e9ntek) ker\u00fcl sor az al\u00e1bbiak szerint (a Megh\u00edv\u00f3 PDF-ben let\u00f6lthet\u0151 innen):","rel":"","context":"In &quot;Bolg\u00e1rkert\u00e9szeti hagyom\u00e1nyok rendezv\u00e9nyei&quot;","img":{"alt_text":"","src":"https:\/\/i2.wp.com\/bukkleader.hu\/old\/wp-content\/uploads\/2021\/03\/onlinekepzes.jpg?resize=350%2C200&ssl=1","width":350,"height":200},"classes":[]}],"_links":{"self":[{"href":"https:\/\/bukkleader.hu\/old\/wp-json\/wp\/v2\/posts\/5872"}],"collection":[{"href":"https:\/\/bukkleader.hu\/old\/wp-json\/wp\/v2\/posts"}],"about":[{"href":"https:\/\/bukkleader.hu\/old\/wp-json\/wp\/v2\/types\/post"}],"author":[{"embeddable":true,"href":"https:\/\/bukkleader.hu\/old\/wp-json\/wp\/v2\/users\/4"}],"replies":[{"embeddable":true,"href":"https:\/\/bukkleader.hu\/old\/wp-json\/wp\/v2\/comments?post=5872"}],"version-history":[{"count":5,"href":"https:\/\/bukkleader.hu\/old\/wp-json\/wp\/v2\/posts\/5872\/revisions"}],"predecessor-version":[{"id":5902,"href":"https:\/\/bukkleader.hu\/old\/wp-json\/wp\/v2\/posts\/5872\/revisions\/5902"}],"wp:featuredmedia":[{"embeddable":true,"href":"https:\/\/bukkleader.hu\/old\/wp-json\/wp\/v2\/media\/5882"}],"wp:attachment":[{"href":"https:\/\/bukkleader.hu\/old\/wp-json\/wp\/v2\/media?parent=5872"}],"wp:term":[{"taxonomy":"category","embeddable":true,"href":"https:\/\/bukkleader.hu\/old\/wp-json\/wp\/v2\/categories?post=5872"},{"taxonomy":"post_tag","embeddable":true,"href":"https:\/\/bukkleader.hu\/old\/wp-json\/wp\/v2\/tags?post=5872"}],"curies":[{"name":"wp","href":"https:\/\/api.w.org\/{rel}","templated":true}]}}