{"id":5865,"date":"2021-04-20T13:06:47","date_gmt":"2021-04-20T11:06:47","guid":{"rendered":"https:\/\/bukkleader.hu\/old\/?p=5865"},"modified":"2021-05-21T11:59:10","modified_gmt":"2021-05-21T09:59:10","slug":"kozepkori-kezmuves-vasar-dedestapolcsanyban-leader-tamogatassal-2021-05-22-23","status":"publish","type":"post","link":"https:\/\/bukkleader.hu\/old\/kozepkori-kezmuves-vasar-dedestapolcsanyban-leader-tamogatassal-2021-05-22-23\/","title":{"rendered":"K\u00f6z\u00e9pkori K\u00e9zm\u0171ves V\u00e1s\u00e1r D\u00e9destapolcs\u00e1nyban LEADER t\u00e1mogat\u00e1ssal 2021.05.22-23."},"content":{"rendered":"<p><span style=\"color: #ff0000;\">Figyelem! A rendezv\u00e9ny id\u0151pontja megv\u00e1ltozott. R\u00e9szletek<\/span> <a href=\"https:\/\/bukkleader.hu\/old\/figyelem-idopont-valtozas-a-kozepkori-kezmuves-vasar-dedestapolcsanyban-2021-05-29-30-an-kerul-megrendezesre\/\" target=\"_blank\" rel=\"noopener\">itt<\/a>.<\/p>\n<p style=\"text-align: center;\">***<\/p>\n<p><strong>D\u00e9destapolcs\u00e1ny K\u00f6zs\u00e9g \u00d6nkorm\u00e1nyzata<\/strong> tisztelettel megh\u00edvja \u00d6n\u00f6ket <strong>2021. m\u00e1jus 22-23-\u00e1n (szombat-vas\u00e1rnap)<\/strong> <strong>D\u00e9destapolcs\u00e1nyban<\/strong> tartand\u00f3, LEADER t\u00e1mogat\u00e1ssal megval\u00f3sul\u00f3 <strong>\u201eK\u00f6z\u00e9pkori K\u00e9zm\u0171ves V\u00e1s\u00e1r\u201d<\/strong> c\u00edm\u0171 rendezv\u00e9ny\u00e9re az al\u00e1bbiak szerint (a program PDF-ben <span style=\"color: #000080;\"><a style=\"color: #000080;\" href=\"https:\/\/bukkleader.hu\/old\/wp-content\/uploads\/2021\/04\/ProgramDedest.pdf\" target=\"_blank\" rel=\"noopener\">let\u00f6lthet\u0151 itt<\/a><\/span>):<\/p>\n<p><img data-attachment-id=\"5866\" data-permalink=\"https:\/\/bukkleader.hu\/old\/kozepkori-kezmuves-vasar-dedestapolcsanyban-leader-tamogatassal-2021-05-22-23\/meghivo_kozepk_vasar_dedestapolcsany_page-0001\/\" data-orig-file=\"https:\/\/bukkleader.hu\/old\/wp-content\/uploads\/2021\/04\/Megh\u00edv\u00f3_K\u00f6z\u00e9pk_v\u00e1s\u00e1r_D\u00e9destapolcs\u00e1ny_page-0001.jpg\" data-orig-size=\"1241,1755\" data-comments-opened=\"1\" data-image-meta=\"{&quot;aperture&quot;:&quot;0&quot;,&quot;credit&quot;:&quot;&quot;,&quot;camera&quot;:&quot;&quot;,&quot;caption&quot;:&quot;&quot;,&quot;created_timestamp&quot;:&quot;0&quot;,&quot;copyright&quot;:&quot;&quot;,&quot;focal_length&quot;:&quot;0&quot;,&quot;iso&quot;:&quot;0&quot;,&quot;shutter_speed&quot;:&quot;0&quot;,&quot;title&quot;:&quot;&quot;,&quot;orientation&quot;:&quot;0&quot;}\" data-image-title=\"Megh\u00edv\u00f3_K\u00f6z\u00e9pk_v\u00e1s\u00e1r_D\u00e9destapolcs\u00e1ny_page-0001\" data-image-description=\"\" data-image-caption=\"\" data-medium-file=\"https:\/\/bukkleader.hu\/old\/wp-content\/uploads\/2021\/04\/Megh\u00edv\u00f3_K\u00f6z\u00e9pk_v\u00e1s\u00e1r_D\u00e9destapolcs\u00e1ny_page-0001-212x300.jpg\" data-large-file=\"https:\/\/bukkleader.hu\/old\/wp-content\/uploads\/2021\/04\/Megh\u00edv\u00f3_K\u00f6z\u00e9pk_v\u00e1s\u00e1r_D\u00e9destapolcs\u00e1ny_page-0001-724x1024.jpg\" loading=\"lazy\" class=\"aligncenter size-full wp-image-5866\" src=\"https:\/\/bukkleader.hu\/old\/wp-content\/uploads\/2021\/04\/Megh\u00edv\u00f3_K\u00f6z\u00e9pk_v\u00e1s\u00e1r_D\u00e9destapolcs\u00e1ny_page-0001.jpg\" alt=\"\" width=\"1241\" height=\"1755\" srcset=\"https:\/\/bukkleader.hu\/old\/wp-content\/uploads\/2021\/04\/Megh\u00edv\u00f3_K\u00f6z\u00e9pk_v\u00e1s\u00e1r_D\u00e9destapolcs\u00e1ny_page-0001.jpg 1241w, https:\/\/bukkleader.hu\/old\/wp-content\/uploads\/2021\/04\/Megh\u00edv\u00f3_K\u00f6z\u00e9pk_v\u00e1s\u00e1r_D\u00e9destapolcs\u00e1ny_page-0001-212x300.jpg 212w, https:\/\/bukkleader.hu\/old\/wp-content\/uploads\/2021\/04\/Megh\u00edv\u00f3_K\u00f6z\u00e9pk_v\u00e1s\u00e1r_D\u00e9destapolcs\u00e1ny_page-0001-768x1086.jpg 768w, https:\/\/bukkleader.hu\/old\/wp-content\/uploads\/2021\/04\/Megh\u00edv\u00f3_K\u00f6z\u00e9pk_v\u00e1s\u00e1r_D\u00e9destapolcs\u00e1ny_page-0001-724x1024.jpg 724w\" sizes=\"(max-width: 1241px) 100vw, 1241px\" \/><\/p>\n<p><img data-attachment-id=\"5867\" data-permalink=\"https:\/\/bukkleader.hu\/old\/kozepkori-kezmuves-vasar-dedestapolcsanyban-leader-tamogatassal-2021-05-22-23\/program_kozepk_vasar_rendezv_dedestapolcsanyban_page-0001\/\" data-orig-file=\"https:\/\/bukkleader.hu\/old\/wp-content\/uploads\/2021\/04\/Program_K\u00f6z\u00e9pk_v\u00e1s\u00e1r_rendezv_D\u00e9destapolcs\u00e1nyban_page-0001.jpg\" data-orig-size=\"1241,1755\" data-comments-opened=\"1\" data-image-meta=\"{&quot;aperture&quot;:&quot;0&quot;,&quot;credit&quot;:&quot;&quot;,&quot;camera&quot;:&quot;&quot;,&quot;caption&quot;:&quot;&quot;,&quot;created_timestamp&quot;:&quot;0&quot;,&quot;copyright&quot;:&quot;&quot;,&quot;focal_length&quot;:&quot;0&quot;,&quot;iso&quot;:&quot;0&quot;,&quot;shutter_speed&quot;:&quot;0&quot;,&quot;title&quot;:&quot;&quot;,&quot;orientation&quot;:&quot;0&quot;}\" data-image-title=\"Program_K\u00f6z\u00e9pk_v\u00e1s\u00e1r_rendezv_D\u00e9destapolcs\u00e1nyban_page-0001\" data-image-description=\"\" data-image-caption=\"\" data-medium-file=\"https:\/\/bukkleader.hu\/old\/wp-content\/uploads\/2021\/04\/Program_K\u00f6z\u00e9pk_v\u00e1s\u00e1r_rendezv_D\u00e9destapolcs\u00e1nyban_page-0001-212x300.jpg\" data-large-file=\"https:\/\/bukkleader.hu\/old\/wp-content\/uploads\/2021\/04\/Program_K\u00f6z\u00e9pk_v\u00e1s\u00e1r_rendezv_D\u00e9destapolcs\u00e1nyban_page-0001-724x1024.jpg\" loading=\"lazy\" class=\"aligncenter size-full wp-image-5867\" src=\"https:\/\/bukkleader.hu\/old\/wp-content\/uploads\/2021\/04\/Program_K\u00f6z\u00e9pk_v\u00e1s\u00e1r_rendezv_D\u00e9destapolcs\u00e1nyban_page-0001.jpg\" alt=\"\" width=\"1241\" height=\"1755\" srcset=\"https:\/\/bukkleader.hu\/old\/wp-content\/uploads\/2021\/04\/Program_K\u00f6z\u00e9pk_v\u00e1s\u00e1r_rendezv_D\u00e9destapolcs\u00e1nyban_page-0001.jpg 1241w, https:\/\/bukkleader.hu\/old\/wp-content\/uploads\/2021\/04\/Program_K\u00f6z\u00e9pk_v\u00e1s\u00e1r_rendezv_D\u00e9destapolcs\u00e1nyban_page-0001-212x300.jpg 212w, https:\/\/bukkleader.hu\/old\/wp-content\/uploads\/2021\/04\/Program_K\u00f6z\u00e9pk_v\u00e1s\u00e1r_rendezv_D\u00e9destapolcs\u00e1nyban_page-0001-768x1086.jpg 768w, https:\/\/bukkleader.hu\/old\/wp-content\/uploads\/2021\/04\/Program_K\u00f6z\u00e9pk_v\u00e1s\u00e1r_rendezv_D\u00e9destapolcs\u00e1nyban_page-0001-724x1024.jpg 724w\" sizes=\"(max-width: 1241px) 100vw, 1241px\" \/><\/p>\n<p><img data-attachment-id=\"5868\" data-permalink=\"https:\/\/bukkleader.hu\/old\/kozepkori-kezmuves-vasar-dedestapolcsanyban-leader-tamogatassal-2021-05-22-23\/program_kozepk_vasar_rendezv_dedestapolcsanyban_page-0002\/\" data-orig-file=\"https:\/\/bukkleader.hu\/old\/wp-content\/uploads\/2021\/04\/Program_K\u00f6z\u00e9pk_v\u00e1s\u00e1r_rendezv_D\u00e9destapolcs\u00e1nyban_page-0002.jpg\" data-orig-size=\"1241,1755\" data-comments-opened=\"1\" data-image-meta=\"{&quot;aperture&quot;:&quot;0&quot;,&quot;credit&quot;:&quot;&quot;,&quot;camera&quot;:&quot;&quot;,&quot;caption&quot;:&quot;&quot;,&quot;created_timestamp&quot;:&quot;0&quot;,&quot;copyright&quot;:&quot;&quot;,&quot;focal_length&quot;:&quot;0&quot;,&quot;iso&quot;:&quot;0&quot;,&quot;shutter_speed&quot;:&quot;0&quot;,&quot;title&quot;:&quot;&quot;,&quot;orientation&quot;:&quot;0&quot;}\" data-image-title=\"Program_K\u00f6z\u00e9pk_v\u00e1s\u00e1r_rendezv_D\u00e9destapolcs\u00e1nyban_page-0002\" data-image-description=\"\" data-image-caption=\"\" data-medium-file=\"https:\/\/bukkleader.hu\/old\/wp-content\/uploads\/2021\/04\/Program_K\u00f6z\u00e9pk_v\u00e1s\u00e1r_rendezv_D\u00e9destapolcs\u00e1nyban_page-0002-212x300.jpg\" data-large-file=\"https:\/\/bukkleader.hu\/old\/wp-content\/uploads\/2021\/04\/Program_K\u00f6z\u00e9pk_v\u00e1s\u00e1r_rendezv_D\u00e9destapolcs\u00e1nyban_page-0002-724x1024.jpg\" loading=\"lazy\" class=\"aligncenter size-full wp-image-5868\" src=\"https:\/\/bukkleader.hu\/old\/wp-content\/uploads\/2021\/04\/Program_K\u00f6z\u00e9pk_v\u00e1s\u00e1r_rendezv_D\u00e9destapolcs\u00e1nyban_page-0002.jpg\" alt=\"\" width=\"1241\" height=\"1755\" srcset=\"https:\/\/bukkleader.hu\/old\/wp-content\/uploads\/2021\/04\/Program_K\u00f6z\u00e9pk_v\u00e1s\u00e1r_rendezv_D\u00e9destapolcs\u00e1nyban_page-0002.jpg 1241w, https:\/\/bukkleader.hu\/old\/wp-content\/uploads\/2021\/04\/Program_K\u00f6z\u00e9pk_v\u00e1s\u00e1r_rendezv_D\u00e9destapolcs\u00e1nyban_page-0002-212x300.jpg 212w, https:\/\/bukkleader.hu\/old\/wp-content\/uploads\/2021\/04\/Program_K\u00f6z\u00e9pk_v\u00e1s\u00e1r_rendezv_D\u00e9destapolcs\u00e1nyban_page-0002-768x1086.jpg 768w, https:\/\/bukkleader.hu\/old\/wp-content\/uploads\/2021\/04\/Program_K\u00f6z\u00e9pk_v\u00e1s\u00e1r_rendezv_D\u00e9destapolcs\u00e1nyban_page-0002-724x1024.jpg 724w\" sizes=\"(max-width: 1241px) 100vw, 1241px\" \/><\/p>\n<div class=\"sharedaddy sd-sharing-enabled\"><div class=\"robots-nocontent sd-block sd-social sd-social-icon sd-sharing\"><h3 class=\"sd-title\">Share this:<\/h3><div class=\"sd-content\"><ul><li class=\"share-facebook\"><a rel=\"nofollow noopener noreferrer\" data-shared=\"sharing-facebook-5865\" class=\"share-facebook sd-button share-icon no-text\" href=\"https:\/\/bukkleader.hu\/old\/kozepkori-kezmuves-vasar-dedestapolcsanyban-leader-tamogatassal-2021-05-22-23\/?share=facebook\" target=\"_blank\" title=\"Click to share on Facebook\"><span><\/span><span class=\"sharing-screen-reader-text\">Click to share on Facebook (Opens in new window)<\/span><\/a><\/li><li class=\"share-twitter\"><a rel=\"nofollow noopener noreferrer\" data-shared=\"sharing-twitter-5865\" class=\"share-twitter sd-button share-icon no-text\" href=\"https:\/\/bukkleader.hu\/old\/kozepkori-kezmuves-vasar-dedestapolcsanyban-leader-tamogatassal-2021-05-22-23\/?share=twitter\" target=\"_blank\" title=\"Click to share on Twitter\"><span><\/span><span class=\"sharing-screen-reader-text\">Click to share on Twitter (Opens in new window)<\/span><\/a><\/li><li class=\"share-print\"><a rel=\"nofollow noopener noreferrer\" data-shared=\"\" class=\"share-print sd-button share-icon no-text\" href=\"https:\/\/bukkleader.hu\/old\/kozepkori-kezmuves-vasar-dedestapolcsanyban-leader-tamogatassal-2021-05-22-23\/\" target=\"_blank\" title=\"Click to print\"><span><\/span><span class=\"sharing-screen-reader-text\">Click to print (Opens in new window)<\/span><\/a><\/li><li class=\"share-email\"><a rel=\"nofollow noopener noreferrer\" data-shared=\"\" class=\"share-email sd-button share-icon no-text\" href=\"https:\/\/bukkleader.hu\/old\/kozepkori-kezmuves-vasar-dedestapolcsanyban-leader-tamogatassal-2021-05-22-23\/?share=email\" target=\"_blank\" title=\"Click to email this to a friend\"><span><\/span><span class=\"sharing-screen-reader-text\">Click to email this to a friend (Opens in new window)<\/span><\/a><\/li><li class=\"share-end\"><\/li><\/ul><\/div><\/div><\/div>","protected":false},"excerpt":{"rendered":"<p>Figyelem! A rendezv\u00e9ny id\u0151pontja megv\u00e1ltozott. R\u00e9szletek itt. *** D\u00e9destapolcs\u00e1ny K\u00f6zs\u00e9g \u00d6nkorm\u00e1nyzata tisztelettel megh\u00edvja \u00d6n\u00f6ket 2021. m\u00e1jus 22-23-\u00e1n (szombat-vas\u00e1rnap) D\u00e9destapolcs\u00e1nyban tartand\u00f3, LEADER t\u00e1mogat\u00e1ssal megval\u00f3sul\u00f3 \u201eK\u00f6z\u00e9pkori K\u00e9zm\u0171ves V\u00e1s\u00e1r\u201d c\u00edm\u0171 rendezv\u00e9ny\u00e9re az al\u00e1bbiak szerint (a program PDF-ben let\u00f6lthet\u0151 itt):<\/p>\n<div class=\"sharedaddy sd-sharing-enabled\"><div class=\"robots-nocontent sd-block sd-social sd-social-icon sd-sharing\"><h3 class=\"sd-title\">Share this:<\/h3><div class=\"sd-content\"><ul><li class=\"share-facebook\"><a rel=\"nofollow noopener noreferrer\" data-shared=\"sharing-facebook-5865\" class=\"share-facebook sd-button share-icon no-text\" href=\"https:\/\/bukkleader.hu\/old\/kozepkori-kezmuves-vasar-dedestapolcsanyban-leader-tamogatassal-2021-05-22-23\/?share=facebook\" target=\"_blank\" title=\"Click to share on Facebook\"><span><\/span><span class=\"sharing-screen-reader-text\">Click to share on Facebook (Opens in new window)<\/span><\/a><\/li><li class=\"share-twitter\"><a rel=\"nofollow noopener noreferrer\" data-shared=\"sharing-twitter-5865\" class=\"share-twitter sd-button share-icon no-text\" href=\"https:\/\/bukkleader.hu\/old\/kozepkori-kezmuves-vasar-dedestapolcsanyban-leader-tamogatassal-2021-05-22-23\/?share=twitter\" target=\"_blank\" title=\"Click to share on Twitter\"><span><\/span><span class=\"sharing-screen-reader-text\">Click to share on Twitter (Opens in new window)<\/span><\/a><\/li><li class=\"share-print\"><a rel=\"nofollow noopener noreferrer\" data-shared=\"\" class=\"share-print sd-button share-icon no-text\" href=\"https:\/\/bukkleader.hu\/old\/kozepkori-kezmuves-vasar-dedestapolcsanyban-leader-tamogatassal-2021-05-22-23\/\" target=\"_blank\" title=\"Click to print\"><span><\/span><span class=\"sharing-screen-reader-text\">Click to print (Opens in new window)<\/span><\/a><\/li><li class=\"share-email\"><a rel=\"nofollow noopener noreferrer\" data-shared=\"\" class=\"share-email sd-button share-icon no-text\" href=\"https:\/\/bukkleader.hu\/old\/kozepkori-kezmuves-vasar-dedestapolcsanyban-leader-tamogatassal-2021-05-22-23\/?share=email\" target=\"_blank\" title=\"Click to email this to a friend\"><span><\/span><span class=\"sharing-screen-reader-text\">Click to email this to a friend (Opens in new window)<\/span><\/a><\/li><li class=\"share-end\"><\/li><\/ul><\/div><\/div><\/div>","protected":false},"author":4,"featured_media":1248,"comment_status":"open","ping_status":"closed","sticky":false,"template":"","format":"standard","meta":{"_bbp_topic_count":0,"_bbp_reply_count":0,"_bbp_total_topic_count":0,"_bbp_total_reply_count":0,"_bbp_voice_count":0,"_bbp_anonymous_reply_count":0,"_bbp_topic_count_hidden":0,"_bbp_reply_count_hidden":0,"_bbp_forum_subforum_count":0,"spay_email":"","jetpack_publicize_message":"","jetpack_is_tweetstorm":false,"jetpack_publicize_feature_enabled":true},"categories":[1,31,29],"tags":[],"jetpack_featured_media_url":"https:\/\/bukkleader.hu\/old\/wp-content\/uploads\/2016\/12\/D\u00e9destapolcs\u00e1ny.jpg","jetpack_publicize_connections":[],"jetpack_sharing_enabled":true,"jetpack-related-posts":[{"id":5931,"url":"https:\/\/bukkleader.hu\/old\/figyelem-idopont-valtozas-a-kozepkori-kezmuves-vasar-dedestapolcsanyban-2021-05-29-30-an-kerul-megrendezesre\/","url_meta":{"origin":5865,"position":0},"title":"Figyelem! Id\u0151pont v\u00e1ltoz\u00e1s! A K\u00f6z\u00e9pkori K\u00e9zm\u0171ves V\u00e1s\u00e1r D\u00e9destapolcs\u00e1nyban 2021.05.29-30-\u00e1n ker\u00fcl megrendez\u00e9sre!","date":"2021-05-21","format":false,"excerpt":"Figyelem! A\u00a0honlapunkon 2021.04.30-\u00e1n meghirdetett d\u00e9destapolcs\u00e1nyi \u201eK\u00f6z\u00e9pkori K\u00e9zm\u0171ves V\u00e1s\u00e1r\u201d c\u00edm\u0171 rendezv\u00e9ny id\u0151pontj\u00e1ban \u00e9s programj\u00e1ban v\u00e1ltoz\u00e1s \u00e1llt be az al\u00e1bbiak szerint (a megh\u00edv\u00f3 \u00e9s a program PDF f\u00e1jlban let\u00f6lthet\u0151 itt \u00e9s itt): \u00a0","rel":"","context":"In &quot;H\u00edreink, k\u00f6zlem\u00e9nyeink&quot;","img":{"alt_text":"","src":"https:\/\/i2.wp.com\/bukkleader.hu\/old\/wp-content\/uploads\/2016\/12\/D\u00e9destapolcs\u00e1ny.jpg?resize=350%2C200&ssl=1","width":350,"height":200},"classes":[]},{"id":2123,"url":"https:\/\/bukkleader.hu\/old\/kozepkori-piac-es-vasar-sajokereszturban-leader-tamogatassal\/","url_meta":{"origin":5865,"position":1},"title":"K\u00f6z\u00e9pkori piac \u00e9s v\u00e1s\u00e1r Saj\u00f3kereszt\u00farban LEADER t\u00e1mogat\u00e1ssal","date":"2019-07-16","format":false,"excerpt":"Tisztelt \u00c9rdekl\u0151d\u0151k! Saj\u00f3kereszt\u00far K\u00f6zs\u00e9g \u00d6nkorm\u00e1nyzata tisztelettel megh\u00edvja \u00d6n\u00f6ket 2019. augusztus 17-18-\u00e1n tartand\u00f3, LEADER t\u00e1mogat\u00e1ssal megval\u00f3sul\u00f3 K\u00f6z\u00e9pkori Piac \u00e9s V\u00e1s\u00e1r Saj\u00f3kereszt\u00farban c\u00edm\u0171 rendezv\u00e9ny\u00e9re. A r\u00e9szletes program innen let\u00f6lthet\u0151.\u00a0 \u00a0 \u00a0 \u00a0 \u00a0","rel":"","context":"In &quot;H\u00edreink, k\u00f6zlem\u00e9nyeink&quot;","img":{"alt_text":"","src":"https:\/\/i0.wp.com\/bukkleader.hu\/old\/wp-content\/uploads\/2019\/07\/kozepkorivasar.jpg?resize=350%2C200&ssl=1","width":350,"height":200},"classes":[]},{"id":2214,"url":"https:\/\/bukkleader.hu\/old\/mihaly-napi-vasar-bocson-leader-tamogatassal\/","url_meta":{"origin":5865,"position":2},"title":"&#8220;Mih\u00e1ly napi v\u00e1s\u00e1r&#8221; B\u0151cs\u00f6n LEADER t\u00e1mogat\u00e1ssal","date":"2019-08-29","format":false,"excerpt":"A R\u00f3zsafa Hagyom\u00e1ny\u0151rz\u0151 Egyes\u00fclet (B\u0151cs) tisztelettel megh\u00edvja \u00d6n\u00f6ket 2019. szeptember 28-\u00e1n (szombat) tartand\u00f3, LEADER t\u00e1mogat\u00e1ssal megval\u00f3sul\u00f3 \u201cMih\u00e1ly napi v\u00e1s\u00e1r\u201d c\u00edm\u0171 rendezv\u00e9ny\u00e9re. A r\u00e9szletes program innen let\u00f6lthet\u0151.","rel":"","context":"In &quot;H\u00edreink, k\u00f6zlem\u00e9nyeink&quot;","img":{"alt_text":"","src":"https:\/\/i0.wp.com\/bukkleader.hu\/old\/wp-content\/uploads\/2019\/08\/bocs_neptanc2.jpg?resize=350%2C200&ssl=1","width":350,"height":200},"classes":[]},{"id":1246,"url":"https:\/\/bukkleader.hu\/old\/szakmai-forum-dedestapolcsany\/","url_meta":{"origin":5865,"position":3},"title":"Szakmai F\u00f3rum &#8211; D\u00e9destapolcs\u00e1ny","date":"2016-12-06","format":false,"excerpt":"A B\u00fckk-T\u00e9rs\u00e9gi LEADER Egyes\u00fclet a LEADER \u00e9s egy\u00e9b vid\u00e9kfejleszt\u00e9si t\u00e1mogat\u00e1si t\u00e9m\u00e1kban szakmai t\u00e1j\u00e9koztat\u00f3 f\u00f3rumot tart, 2016. december 08-\u00e1n, 17 \u00f3rakor, melyre szeretettel megh\u00edvjuk D\u00e9destapolcs\u00e1ny k\u00f6zs\u00e9g lakosait, civil szervezeteit, egyh\u00e1zk\u00f6zs\u00e9geit, v\u00e1llalkoz\u00f3it az al\u00e1bbi megh\u00edv\u00f3 szerint:MEGH\u00cdV\u00d3","rel":"","context":"In &quot;H\u00edreink, k\u00f6zlem\u00e9nyeink&quot;","img":{"alt_text":"","src":"https:\/\/i2.wp.com\/bukkleader.hu\/old\/wp-content\/uploads\/2016\/12\/D\u00e9destapolcs\u00e1ny.jpg?resize=350%2C200&ssl=1","width":350,"height":200},"classes":[]},{"id":560,"url":"https:\/\/bukkleader.hu\/old\/meghivo-helyi-fejlesztesi-strategia-tervezesi-forumra-dedestapolcsany\/","url_meta":{"origin":5865,"position":4},"title":"Megh\u00edv\u00f3 Helyi Fejleszt\u00e9si Strat\u00e9gia tervez\u00e9si f\u00f3rumra &#8211; D\u00e9destapolcs\u00e1ny","date":"2015-11-09","format":false,"excerpt":"A B\u00fckk-T\u00e9rs\u00e9gi LEADER Egyes\u00fclet Helyi Fejleszt\u00e9si Strat\u00e9gia tervez\u00e9si f\u00f3rumot tart D\u00e9destapolcs\u00e1nyban, a mell\u00e9kelt megh\u00edv\u00f3 szerint.\u00a0Minden \u00e9rdekl\u0151d\u0151t v\u00e1runk!\u00a0Megh\u00edv\u00f3 let\u00f6lt\u00e9se itt>>\u00a0","rel":"","context":"In &quot;H\u00edreink, k\u00f6zlem\u00e9nyeink&quot;","img":{"alt_text":"D\u00e9destapolcs\u00e1ny","src":"https:\/\/i2.wp.com\/bukkleader.hu\/old\/wp-content\/uploads\/2015\/11\/dedestapolcsany-w.jpg?resize=350%2C200&ssl=1","width":350,"height":200},"classes":[]},{"id":8405,"url":"https:\/\/bukkleader.hu\/old\/bukk-leader-tudomka-egeszsegtudatos-prevencios-tematikus-kozpont-rendezvenye-2021-09-23-bukkabrany\/","url_meta":{"origin":5865,"position":5},"title":"B\u00fckk LEADER Tudomka &#8211; Eg\u00e9szs\u00e9gtudatos Prevenci\u00f3s &#8211; Tematikus K\u00f6zpont rendezv\u00e9nye 2021. 09. 23. B\u00fckk\u00e1br\u00e1ny","date":"2021-08-25","format":false,"excerpt":"A BRAIN-SURGE Eg\u00e9szs\u00e9g\u00fcgyi Szolg\u00e1ltat\u00f3 Kft. tisztelettel megh\u00edvja \u00d6n\u00f6ket a B\u00fckk LEADER Tudomka - Eg\u00e9szs\u00e9gtudatos Prevenci\u00f3s - Tematikus K\u00f6zpont\u00a0rendezv\u00e9ny\u00e9re. A megh\u00edv\u00f3 \u00e9s a program let\u00f6lthet\u0151 pdf-ben itt.\u00a0","rel":"","context":"In &quot;H\u00edreink, k\u00f6zlem\u00e9nyeink&quot;","img":{"alt_text":"","src":"https:\/\/i0.wp.com\/bukkleader.hu\/old\/wp-content\/uploads\/2021\/06\/verny.jpg?resize=350%2C200&ssl=1","width":350,"height":200},"classes":[]}],"_links":{"self":[{"href":"https:\/\/bukkleader.hu\/old\/wp-json\/wp\/v2\/posts\/5865"}],"collection":[{"href":"https:\/\/bukkleader.hu\/old\/wp-json\/wp\/v2\/posts"}],"about":[{"href":"https:\/\/bukkleader.hu\/old\/wp-json\/wp\/v2\/types\/post"}],"author":[{"embeddable":true,"href":"https:\/\/bukkleader.hu\/old\/wp-json\/wp\/v2\/users\/4"}],"replies":[{"embeddable":true,"href":"https:\/\/bukkleader.hu\/old\/wp-json\/wp\/v2\/comments?post=5865"}],"version-history":[{"count":4,"href":"https:\/\/bukkleader.hu\/old\/wp-json\/wp\/v2\/posts\/5865\/revisions"}],"predecessor-version":[{"id":5942,"href":"https:\/\/bukkleader.hu\/old\/wp-json\/wp\/v2\/posts\/5865\/revisions\/5942"}],"wp:featuredmedia":[{"embeddable":true,"href":"https:\/\/bukkleader.hu\/old\/wp-json\/wp\/v2\/media\/1248"}],"wp:attachment":[{"href":"https:\/\/bukkleader.hu\/old\/wp-json\/wp\/v2\/media?parent=5865"}],"wp:term":[{"taxonomy":"category","embeddable":true,"href":"https:\/\/bukkleader.hu\/old\/wp-json\/wp\/v2\/categories?post=5865"},{"taxonomy":"post_tag","embeddable":true,"href":"https:\/\/bukkleader.hu\/old\/wp-json\/wp\/v2\/tags?post=5865"}],"curies":[{"name":"wp","href":"https:\/\/api.w.org\/{rel}","templated":true}]}}