{"id":5852,"date":"2021-04-15T12:36:41","date_gmt":"2021-04-15T10:36:41","guid":{"rendered":"https:\/\/bukkleader.hu\/old\/?p=5852"},"modified":"2021-04-15T13:44:59","modified_gmt":"2021-04-15T11:44:59","slug":"tajekoztatas-a-magyar-allamkincstar-honlapjan-elerheto-a-veszhelyzettel-osszefuggo-hasznos-informaciokrol","status":"publish","type":"post","link":"https:\/\/bukkleader.hu\/old\/tajekoztatas-a-magyar-allamkincstar-honlapjan-elerheto-a-veszhelyzettel-osszefuggo-hasznos-informaciokrol\/","title":{"rendered":"T\u00e1j\u00e9koztat\u00e1s a projekt megval\u00f3s\u00edt\u00e1shoz kapcsol\u00f3d\u00f3 hat\u00e1rid\u0151k v\u00e1ltoz\u00e1sair\u00f3l a vesz\u00e9lyhelyzettel \u00f6sszef\u00fcgg\u00e9sben"},"content":{"rendered":"<p><strong>Tisztelt Kedvezm\u00e9nyezettek!<\/strong><\/p>\n<p>A Magyar \u00c1llamkincst\u00e1r t\u00e1j\u00e9koztat\u00e1sa alapj\u00e1n a <a href=\"https:\/\/www.mvh.allamkincstar.gov.hu\/\" target=\"_blank\" rel=\"noopener\" data-saferedirecturl=\"https:\/\/www.google.com\/url?q=https:\/\/www.mvh.allamkincstar.gov.hu\/&amp;source=gmail&amp;ust=1618568181511000&amp;usg=AFQjCNE-Kba9KI0vSG_1ZHqk6H5RbiJUjw\">https:\/\/www.mvh.allamkincstar.gov.hu\/<\/a> internetes honlap <strong>T\u00e1mogat\u00e1sok\/Vid\u00e9kfejleszt\u00e9si Program 2014-2020<\/strong> men\u00fcpontj\u00e1ban a <strong>Hasznos inform\u00e1ci\u00f3k beruh\u00e1z\u00e1si int\u00e9zked\u00e9sekhez<\/strong> pontb\u00f3l, illetve a <a href=\"https:\/\/www.mvh.allamkincstar.gov.hu\/hasznos-informaciok-beruhazasi-intezkedesekhez\" target=\"_blank\" rel=\"noopener\" data-saferedirecturl=\"https:\/\/www.google.com\/url?q=https:\/\/www.mvh.allamkincstar.gov.hu\/hasznos-informaciok-beruhazasi-intezkedesekhez&amp;source=gmail&amp;ust=1618568181511000&amp;usg=AFQjCNHtNcvfp-I8ER47mLdoNbhzTi8r6Q\">https:\/\/www.mvh.allamkincstar.gov.hu\/hasznos-informaciok-beruhazasi-intezkedesekhez<\/a> linken kereszt\u00fcl el\u00e9rhet\u0151\u00a0 <strong>R\u00f6vid t\u00e1j\u00e9koztat\u00f3k<\/strong> k\u00f6z\u00f6tt \u00faj tartalom jelent meg \u00a0<strong>T\u00e1j\u00e9koztat\u00e1s a projekt megval\u00f3s\u00edt\u00e1shoz kapcsol\u00f3d\u00f3 hat\u00e1rid\u0151k v\u00e1ltoz\u00e1sair\u00f3l a vesz\u00e9lyhelyzettel \u00f6sszef\u00fcgg\u00e9sben<\/strong> c\u00edmmel, amelyet az al\u00e1bbikban itt is k\u00f6zl\u00fcnk (valamint pdf form\u00e1tumban <span style=\"color: #0000ff;\"><a style=\"color: #0000ff;\" href=\"https:\/\/bukkleader.hu\/old\/wp-content\/uploads\/2021\/04\/Hataridokveszhelyzet.pdf\" target=\"_blank\" rel=\"noopener\">let\u00f6lthet\u0151 itt<\/a>)<\/span>.\u00a0Amennyiben k\u00e9rd\u00e9se van, \u00fagy k\u00e9rj\u00fck, forduljon bizalommal a Magyar \u00c1llamkincst\u00e1r \u00fcgyf\u00e9lszolg\u00e1lat\u00e1hoz.<\/p>\n<p><img data-attachment-id=\"5853\" data-permalink=\"https:\/\/bukkleader.hu\/old\/tajekoztatas-a-magyar-allamkincstar-honlapjan-elerheto-a-veszhelyzettel-osszefuggo-hasznos-informaciokrol\/hataridokveszhelyzet_page-0001\/\" data-orig-file=\"https:\/\/bukkleader.hu\/old\/wp-content\/uploads\/2021\/04\/Hataridokveszhelyzet_page-0001.jpg\" data-orig-size=\"1241,1755\" data-comments-opened=\"1\" data-image-meta=\"{&quot;aperture&quot;:&quot;0&quot;,&quot;credit&quot;:&quot;&quot;,&quot;camera&quot;:&quot;&quot;,&quot;caption&quot;:&quot;&quot;,&quot;created_timestamp&quot;:&quot;0&quot;,&quot;copyright&quot;:&quot;&quot;,&quot;focal_length&quot;:&quot;0&quot;,&quot;iso&quot;:&quot;0&quot;,&quot;shutter_speed&quot;:&quot;0&quot;,&quot;title&quot;:&quot;&quot;,&quot;orientation&quot;:&quot;0&quot;}\" data-image-title=\"Hataridokveszhelyzet_page-0001\" data-image-description=\"\" data-image-caption=\"\" data-medium-file=\"https:\/\/bukkleader.hu\/old\/wp-content\/uploads\/2021\/04\/Hataridokveszhelyzet_page-0001-212x300.jpg\" data-large-file=\"https:\/\/bukkleader.hu\/old\/wp-content\/uploads\/2021\/04\/Hataridokveszhelyzet_page-0001-724x1024.jpg\" loading=\"lazy\" class=\"aligncenter size-full wp-image-5853\" src=\"https:\/\/bukkleader.hu\/old\/wp-content\/uploads\/2021\/04\/Hataridokveszhelyzet_page-0001.jpg\" alt=\"\" width=\"1241\" height=\"1755\" srcset=\"https:\/\/bukkleader.hu\/old\/wp-content\/uploads\/2021\/04\/Hataridokveszhelyzet_page-0001.jpg 1241w, https:\/\/bukkleader.hu\/old\/wp-content\/uploads\/2021\/04\/Hataridokveszhelyzet_page-0001-212x300.jpg 212w, https:\/\/bukkleader.hu\/old\/wp-content\/uploads\/2021\/04\/Hataridokveszhelyzet_page-0001-768x1086.jpg 768w, https:\/\/bukkleader.hu\/old\/wp-content\/uploads\/2021\/04\/Hataridokveszhelyzet_page-0001-724x1024.jpg 724w\" sizes=\"(max-width: 1241px) 100vw, 1241px\" \/><\/p>\n<p><img data-attachment-id=\"5854\" data-permalink=\"https:\/\/bukkleader.hu\/old\/tajekoztatas-a-magyar-allamkincstar-honlapjan-elerheto-a-veszhelyzettel-osszefuggo-hasznos-informaciokrol\/hataridokveszhelyzet_page-0002\/\" data-orig-file=\"https:\/\/bukkleader.hu\/old\/wp-content\/uploads\/2021\/04\/Hataridokveszhelyzet_page-0002.jpg\" data-orig-size=\"1241,1755\" data-comments-opened=\"1\" data-image-meta=\"{&quot;aperture&quot;:&quot;0&quot;,&quot;credit&quot;:&quot;&quot;,&quot;camera&quot;:&quot;&quot;,&quot;caption&quot;:&quot;&quot;,&quot;created_timestamp&quot;:&quot;0&quot;,&quot;copyright&quot;:&quot;&quot;,&quot;focal_length&quot;:&quot;0&quot;,&quot;iso&quot;:&quot;0&quot;,&quot;shutter_speed&quot;:&quot;0&quot;,&quot;title&quot;:&quot;&quot;,&quot;orientation&quot;:&quot;0&quot;}\" data-image-title=\"Hataridokveszhelyzet_page-0002\" data-image-description=\"\" data-image-caption=\"\" data-medium-file=\"https:\/\/bukkleader.hu\/old\/wp-content\/uploads\/2021\/04\/Hataridokveszhelyzet_page-0002-212x300.jpg\" data-large-file=\"https:\/\/bukkleader.hu\/old\/wp-content\/uploads\/2021\/04\/Hataridokveszhelyzet_page-0002-724x1024.jpg\" loading=\"lazy\" class=\"aligncenter size-full wp-image-5854\" src=\"https:\/\/bukkleader.hu\/old\/wp-content\/uploads\/2021\/04\/Hataridokveszhelyzet_page-0002.jpg\" alt=\"\" width=\"1241\" height=\"1755\" srcset=\"https:\/\/bukkleader.hu\/old\/wp-content\/uploads\/2021\/04\/Hataridokveszhelyzet_page-0002.jpg 1241w, https:\/\/bukkleader.hu\/old\/wp-content\/uploads\/2021\/04\/Hataridokveszhelyzet_page-0002-212x300.jpg 212w, https:\/\/bukkleader.hu\/old\/wp-content\/uploads\/2021\/04\/Hataridokveszhelyzet_page-0002-768x1086.jpg 768w, https:\/\/bukkleader.hu\/old\/wp-content\/uploads\/2021\/04\/Hataridokveszhelyzet_page-0002-724x1024.jpg 724w\" sizes=\"(max-width: 1241px) 100vw, 1241px\" \/><\/p>\n<p><img data-attachment-id=\"5855\" data-permalink=\"https:\/\/bukkleader.hu\/old\/tajekoztatas-a-magyar-allamkincstar-honlapjan-elerheto-a-veszhelyzettel-osszefuggo-hasznos-informaciokrol\/hataridokveszhelyzet_page-0003\/\" data-orig-file=\"https:\/\/bukkleader.hu\/old\/wp-content\/uploads\/2021\/04\/Hataridokveszhelyzet_page-0003.jpg\" data-orig-size=\"1241,1755\" data-comments-opened=\"1\" data-image-meta=\"{&quot;aperture&quot;:&quot;0&quot;,&quot;credit&quot;:&quot;&quot;,&quot;camera&quot;:&quot;&quot;,&quot;caption&quot;:&quot;&quot;,&quot;created_timestamp&quot;:&quot;0&quot;,&quot;copyright&quot;:&quot;&quot;,&quot;focal_length&quot;:&quot;0&quot;,&quot;iso&quot;:&quot;0&quot;,&quot;shutter_speed&quot;:&quot;0&quot;,&quot;title&quot;:&quot;&quot;,&quot;orientation&quot;:&quot;0&quot;}\" data-image-title=\"Hataridokveszhelyzet_page-0003\" data-image-description=\"\" data-image-caption=\"\" data-medium-file=\"https:\/\/bukkleader.hu\/old\/wp-content\/uploads\/2021\/04\/Hataridokveszhelyzet_page-0003-212x300.jpg\" data-large-file=\"https:\/\/bukkleader.hu\/old\/wp-content\/uploads\/2021\/04\/Hataridokveszhelyzet_page-0003-724x1024.jpg\" loading=\"lazy\" class=\"aligncenter size-full wp-image-5855\" src=\"https:\/\/bukkleader.hu\/old\/wp-content\/uploads\/2021\/04\/Hataridokveszhelyzet_page-0003.jpg\" alt=\"\" width=\"1241\" height=\"1755\" srcset=\"https:\/\/bukkleader.hu\/old\/wp-content\/uploads\/2021\/04\/Hataridokveszhelyzet_page-0003.jpg 1241w, https:\/\/bukkleader.hu\/old\/wp-content\/uploads\/2021\/04\/Hataridokveszhelyzet_page-0003-212x300.jpg 212w, https:\/\/bukkleader.hu\/old\/wp-content\/uploads\/2021\/04\/Hataridokveszhelyzet_page-0003-768x1086.jpg 768w, https:\/\/bukkleader.hu\/old\/wp-content\/uploads\/2021\/04\/Hataridokveszhelyzet_page-0003-724x1024.jpg 724w\" sizes=\"(max-width: 1241px) 100vw, 1241px\" \/><\/p>\n<p><img data-attachment-id=\"5856\" data-permalink=\"https:\/\/bukkleader.hu\/old\/tajekoztatas-a-magyar-allamkincstar-honlapjan-elerheto-a-veszhelyzettel-osszefuggo-hasznos-informaciokrol\/hataridokveszhelyzet_page-0004\/\" data-orig-file=\"https:\/\/bukkleader.hu\/old\/wp-content\/uploads\/2021\/04\/Hataridokveszhelyzet_page-0004.jpg\" data-orig-size=\"1241,1755\" data-comments-opened=\"1\" data-image-meta=\"{&quot;aperture&quot;:&quot;0&quot;,&quot;credit&quot;:&quot;&quot;,&quot;camera&quot;:&quot;&quot;,&quot;caption&quot;:&quot;&quot;,&quot;created_timestamp&quot;:&quot;0&quot;,&quot;copyright&quot;:&quot;&quot;,&quot;focal_length&quot;:&quot;0&quot;,&quot;iso&quot;:&quot;0&quot;,&quot;shutter_speed&quot;:&quot;0&quot;,&quot;title&quot;:&quot;&quot;,&quot;orientation&quot;:&quot;0&quot;}\" data-image-title=\"Hataridokveszhelyzet_page-0004\" data-image-description=\"\" data-image-caption=\"\" data-medium-file=\"https:\/\/bukkleader.hu\/old\/wp-content\/uploads\/2021\/04\/Hataridokveszhelyzet_page-0004-212x300.jpg\" data-large-file=\"https:\/\/bukkleader.hu\/old\/wp-content\/uploads\/2021\/04\/Hataridokveszhelyzet_page-0004-724x1024.jpg\" loading=\"lazy\" class=\"aligncenter size-full wp-image-5856\" src=\"https:\/\/bukkleader.hu\/old\/wp-content\/uploads\/2021\/04\/Hataridokveszhelyzet_page-0004.jpg\" alt=\"\" width=\"1241\" height=\"1755\" srcset=\"https:\/\/bukkleader.hu\/old\/wp-content\/uploads\/2021\/04\/Hataridokveszhelyzet_page-0004.jpg 1241w, https:\/\/bukkleader.hu\/old\/wp-content\/uploads\/2021\/04\/Hataridokveszhelyzet_page-0004-212x300.jpg 212w, https:\/\/bukkleader.hu\/old\/wp-content\/uploads\/2021\/04\/Hataridokveszhelyzet_page-0004-768x1086.jpg 768w, https:\/\/bukkleader.hu\/old\/wp-content\/uploads\/2021\/04\/Hataridokveszhelyzet_page-0004-724x1024.jpg 724w\" sizes=\"(max-width: 1241px) 100vw, 1241px\" \/><\/p>\n<p>&nbsp;<\/p>\n<p>&nbsp;<\/p>\n<p>&nbsp;<\/p>\n<p>&nbsp;<\/p>\n<p>&nbsp;<\/p>\n<p>&nbsp;<\/p>\n<p>&nbsp;<\/p>\n<div class=\"sharedaddy sd-sharing-enabled\"><div class=\"robots-nocontent sd-block sd-social sd-social-icon sd-sharing\"><h3 class=\"sd-title\">Share this:<\/h3><div class=\"sd-content\"><ul><li class=\"share-facebook\"><a rel=\"nofollow noopener noreferrer\" data-shared=\"sharing-facebook-5852\" class=\"share-facebook sd-button share-icon no-text\" href=\"https:\/\/bukkleader.hu\/old\/tajekoztatas-a-magyar-allamkincstar-honlapjan-elerheto-a-veszhelyzettel-osszefuggo-hasznos-informaciokrol\/?share=facebook\" target=\"_blank\" title=\"Click to share on Facebook\"><span><\/span><span class=\"sharing-screen-reader-text\">Click to share on Facebook (Opens in new window)<\/span><\/a><\/li><li class=\"share-twitter\"><a rel=\"nofollow noopener noreferrer\" data-shared=\"sharing-twitter-5852\" class=\"share-twitter sd-button share-icon no-text\" href=\"https:\/\/bukkleader.hu\/old\/tajekoztatas-a-magyar-allamkincstar-honlapjan-elerheto-a-veszhelyzettel-osszefuggo-hasznos-informaciokrol\/?share=twitter\" target=\"_blank\" title=\"Click to share on Twitter\"><span><\/span><span class=\"sharing-screen-reader-text\">Click to share on Twitter (Opens in new window)<\/span><\/a><\/li><li class=\"share-print\"><a rel=\"nofollow noopener noreferrer\" data-shared=\"\" class=\"share-print sd-button share-icon no-text\" href=\"https:\/\/bukkleader.hu\/old\/tajekoztatas-a-magyar-allamkincstar-honlapjan-elerheto-a-veszhelyzettel-osszefuggo-hasznos-informaciokrol\/\" target=\"_blank\" title=\"Click to print\"><span><\/span><span class=\"sharing-screen-reader-text\">Click to print (Opens in new window)<\/span><\/a><\/li><li class=\"share-email\"><a rel=\"nofollow noopener noreferrer\" data-shared=\"\" class=\"share-email sd-button share-icon no-text\" href=\"https:\/\/bukkleader.hu\/old\/tajekoztatas-a-magyar-allamkincstar-honlapjan-elerheto-a-veszhelyzettel-osszefuggo-hasznos-informaciokrol\/?share=email\" target=\"_blank\" title=\"Click to email this to a friend\"><span><\/span><span class=\"sharing-screen-reader-text\">Click to email this to a friend (Opens in new window)<\/span><\/a><\/li><li class=\"share-end\"><\/li><\/ul><\/div><\/div><\/div>","protected":false},"excerpt":{"rendered":"<p>Tisztelt Kedvezm\u00e9nyezettek! A Magyar \u00c1llamkincst\u00e1r t\u00e1j\u00e9koztat\u00e1sa alapj\u00e1n a https:\/\/www.mvh.allamkincstar.gov.hu\/ internetes honlap T\u00e1mogat\u00e1sok\/Vid\u00e9kfejleszt\u00e9si Program 2014-2020 men\u00fcpontj\u00e1ban a Hasznos inform\u00e1ci\u00f3k beruh\u00e1z\u00e1si int\u00e9zked\u00e9sekhez pontb\u00f3l, illetve a https:\/\/www.mvh.allamkincstar.gov.hu\/hasznos-informaciok-beruhazasi-intezkedesekhez linken kereszt\u00fcl el\u00e9rhet\u0151\u00a0 R\u00f6vid t\u00e1j\u00e9koztat\u00f3k k\u00f6z\u00f6tt \u00faj tartalom jelent meg \u00a0T\u00e1j\u00e9koztat\u00e1s a projekt megval\u00f3s\u00edt\u00e1shoz kapcsol\u00f3d\u00f3 hat\u00e1rid\u0151k v\u00e1ltoz\u00e1sair\u00f3l a vesz\u00e9lyhelyzettel \u00f6sszef\u00fcgg\u00e9sben c\u00edmmel, amelyet az al\u00e1bbikban itt is k\u00f6zl\u00fcnk (valamint pdf form\u00e1tumban let\u00f6lthet\u0151 [&hellip;]<\/p>\n<div class=\"sharedaddy sd-sharing-enabled\"><div class=\"robots-nocontent sd-block sd-social sd-social-icon sd-sharing\"><h3 class=\"sd-title\">Share this:<\/h3><div class=\"sd-content\"><ul><li class=\"share-facebook\"><a rel=\"nofollow noopener noreferrer\" data-shared=\"sharing-facebook-5852\" class=\"share-facebook sd-button share-icon no-text\" href=\"https:\/\/bukkleader.hu\/old\/tajekoztatas-a-magyar-allamkincstar-honlapjan-elerheto-a-veszhelyzettel-osszefuggo-hasznos-informaciokrol\/?share=facebook\" target=\"_blank\" title=\"Click to share on Facebook\"><span><\/span><span class=\"sharing-screen-reader-text\">Click to share on Facebook (Opens in new window)<\/span><\/a><\/li><li class=\"share-twitter\"><a rel=\"nofollow noopener noreferrer\" data-shared=\"sharing-twitter-5852\" class=\"share-twitter sd-button share-icon no-text\" href=\"https:\/\/bukkleader.hu\/old\/tajekoztatas-a-magyar-allamkincstar-honlapjan-elerheto-a-veszhelyzettel-osszefuggo-hasznos-informaciokrol\/?share=twitter\" target=\"_blank\" title=\"Click to share on Twitter\"><span><\/span><span class=\"sharing-screen-reader-text\">Click to share on Twitter (Opens in new window)<\/span><\/a><\/li><li class=\"share-print\"><a rel=\"nofollow noopener noreferrer\" data-shared=\"\" class=\"share-print sd-button share-icon no-text\" href=\"https:\/\/bukkleader.hu\/old\/tajekoztatas-a-magyar-allamkincstar-honlapjan-elerheto-a-veszhelyzettel-osszefuggo-hasznos-informaciokrol\/\" target=\"_blank\" title=\"Click to print\"><span><\/span><span class=\"sharing-screen-reader-text\">Click to print (Opens in new window)<\/span><\/a><\/li><li class=\"share-email\"><a rel=\"nofollow noopener noreferrer\" data-shared=\"\" class=\"share-email sd-button share-icon no-text\" href=\"https:\/\/bukkleader.hu\/old\/tajekoztatas-a-magyar-allamkincstar-honlapjan-elerheto-a-veszhelyzettel-osszefuggo-hasznos-informaciokrol\/?share=email\" target=\"_blank\" title=\"Click to email this to a friend\"><span><\/span><span class=\"sharing-screen-reader-text\">Click to email this to a friend (Opens in new window)<\/span><\/a><\/li><li class=\"share-end\"><\/li><\/ul><\/div><\/div><\/div>","protected":false},"author":4,"featured_media":323,"comment_status":"open","ping_status":"closed","sticky":false,"template":"","format":"standard","meta":{"_bbp_topic_count":0,"_bbp_reply_count":0,"_bbp_total_topic_count":0,"_bbp_total_reply_count":0,"_bbp_voice_count":0,"_bbp_anonymous_reply_count":0,"_bbp_topic_count_hidden":0,"_bbp_reply_count_hidden":0,"_bbp_forum_subforum_count":0,"spay_email":"","jetpack_publicize_message":"","jetpack_is_tweetstorm":false,"jetpack_publicize_feature_enabled":true},"categories":[1],"tags":[],"jetpack_featured_media_url":"https:\/\/bukkleader.hu\/old\/wp-content\/uploads\/2015\/09\/magyar-cimer1.jpg","jetpack_publicize_connections":[],"jetpack_sharing_enabled":true,"jetpack-related-posts":[{"id":5906,"url":"https:\/\/bukkleader.hu\/old\/tajekoztatas-a-tenylegesen-megvalosult-tevekenysegekkel-tetelekkel-es-igazoltan-felmerult-koltsegekkel-kapcsolatos-elszamolas-fontossagarol-es-a-tamogatas-kifizetesevel-zarult-kifizetesi-igenyles-kapc\/","url_meta":{"origin":5852,"position":0},"title":"A Magyar \u00c1llamkincst\u00e1r t\u00e1j\u00e9koztat\u00e1sa az elsz\u00e1mol\u00e1sokkal kapcsolatban","date":"2021-04-29","format":false,"excerpt":"Tisztelt Kedvezm\u00e9nyezettek! A Magyar \u00c1llamkincst\u00e1r t\u00e1j\u00e9koztat\u00e1sa alapj\u00e1n a https:\/\/www.mvh.allamkincstar.gov.hu\/ internetes honlap T\u00e1mogat\u00e1sok\/Vid\u00e9kfejleszt\u00e9si Program 2014-2020 men\u00fcpontj\u00e1ban a Hasznos inform\u00e1ci\u00f3k beruh\u00e1z\u00e1si int\u00e9zked\u00e9sekhez pontb\u00f3l, illetve a https:\/\/www.mvh.allamkincstar.gov.hu\/hasznos-informaciok-beruhazasi-intezkedesekhez linken kereszt\u00fcl el\u00e9rhet\u0151 R\u00f6vid t\u00e1j\u00e9koztat\u00f3k k\u00f6z\u00f6tt \u00faj tartalom jelent meg T\u00e1j\u00e9koztat\u00e1s a t\u00e9nylegesen megval\u00f3sult tev\u00e9kenys\u00e9gekkel\/t\u00e9telekkel \u00e9s igazoltan felmer\u00fclt k\u00f6lts\u00e9gekkel kapcsolatos elsz\u00e1mol\u00e1s fontoss\u00e1g\u00e1r\u00f3l \u00e9s a t\u00e1mogat\u00e1s kifizet\u00e9s\u00e9vel\u2026","rel":"","context":"In &quot;H\u00edreink, k\u00f6zlem\u00e9nyeink&quot;","img":{"alt_text":"magyar-cimer","src":"https:\/\/i0.wp.com\/bukkleader.hu\/old\/wp-content\/uploads\/2015\/09\/magyar-cimer.jpg?resize=350%2C200&ssl=1","width":350,"height":200},"classes":[]},{"id":5762,"url":"https:\/\/bukkleader.hu\/old\/tajekoztatas-uj-mezogazdasagi-es-videkfejlesztesi-palyazati-lehetosegekrol-nem-leader\/","url_meta":{"origin":5852,"position":1},"title":"T\u00e1j\u00e9koztat\u00e1s \u00faj mez\u0151gazdas\u00e1gi \u00e9s vid\u00e9kfejleszt\u00e9si p\u00e1ly\u00e1zati lehet\u0151s\u00e9gekr\u0151l (nem LEADER)","date":"2021-02-11","format":false,"excerpt":"Tisztelt \u00dcgyfeleink! Engedj\u00e9k meg, hogy tov\u00e1bb\u00edtsuk \u00d6n\u00f6k fel\u00e9 a\u00a0Magyar Nemzeti Vid\u00e9ki H\u00e1l\u00f3zat t\u00e1j\u00e9koztat\u00e1s\u00e1t a k\u00f6zelj\u00f6v\u0151ben megny\u00edl\u00f3 mez\u0151gazdas\u00e1gi \u00e9s vid\u00e9kfejleszt\u00e9si p\u00e1ly\u00e1zati lehet\u0151s\u00e9gekr\u0151l: P\u00e1ly\u00e1zati azonos\u00edt\u00f3 P\u00e1ly\u00e1zat c\u00edme El\u00e9rhet\u0151s\u00e9ge \u00a0 MAHOP-2.2.1-2016 Az akvakult\u00far\u00e1ba t\u00f6rt\u00e9n\u0151 termel\u00e9si c\u00e9l\u00fa beruh\u00e1z\u00e1sok t\u00e1mogat\u00e1sa https:\/\/www.palyazat.gov.hu\/mahop-22-2016-az-akvakultrba-trtn-termelsi-cl-beruhzsok-tmogatsa-1 VP2-4.1.3.7-20 Csemetekertek g\u00e9pbeszerz\u00e9se https:\/\/www.palyazat.gov.hu\/vp2-4137-20-csemetekertek-gpbeszerzse \u00a0 VP2-6.3.1-20 Mez\u0151gazdas\u00e1gi kis\u00fczemek t\u00e1mogat\u00e1sa https:\/\/www.palyazat.gov.hu\/vp2-631-20-mezgazdasgi-kiszemek-tmogatsa-1 \u00a0 VP3-17.1.1-16 Mez\u0151gazdas\u00e1gi biztos\u00edt\u00e1s\u2026","rel":"","context":"In &quot;H\u00edreink, k\u00f6zlem\u00e9nyeink&quot;","img":{"alt_text":"384-5-mnvh_logo","src":"https:\/\/i2.wp.com\/bukkleader.hu\/old\/wp-content\/uploads\/2015\/09\/384-5-mnvh_logo.jpg?resize=350%2C200&ssl=1","width":350,"height":200},"classes":[]},{"id":2091,"url":"https:\/\/bukkleader.hu\/old\/segedletek-eloleg-igenyleshez\/","url_meta":{"origin":5852,"position":2},"title":"Seg\u00e9dletek el\u0151leg ig\u00e9nyl\u00e9shez","date":"2019-07-04","format":false,"excerpt":"Tisztelt P\u00e1ly\u00e1z\u00f3k! T\u00e1j\u00e9koztatjuk \u00d6n\u00f6ket, hogy azon T\u00e1mogat\u00f3i Okirattal rendelkez\u0151 p\u00e1ly\u00e1z\u00f3inkat, akik a projekt megval\u00f3s\u00edt\u00e1s\u00e1hoz\u00a0el\u0151leget szeretn\u00e9nek ig\u00e9nyelni\u00a0illetve\u00a0kifizet\u00e9si k\u00e9relmet beny\u00fajtani, a seg\u00e9dletek az al\u00e1bbi linken \u00e9rhet\u0151k el: https:\/\/www.mvh.allamkincstar.gov.hu\/tamogatasok-listazo\/-\/tamogatas\/5746072\/tajekoztatok Javasoljuk, hogy az al\u00e1bbi linken tal\u00e1lhat\u00f3 t\u00e1j\u00e9koztat\u00f3t (b\u00e1r az nem a LEADER felh\u00edv\u00e1sokhoz k\u00e9sz\u00fclt, de hasznos) is n\u00e9zz\u00e9k \u00e1t, annak \u00e9rdek\u00e9ben, hogy minden, az\u2026","rel":"","context":"In &quot;Dokumentumok&quot;","img":{"alt_text":"","src":"https:\/\/i0.wp.com\/bukkleader.hu\/old\/wp-content\/uploads\/2018\/12\/hat\u00e1rid\u0151-modos\u00edt\u00e1s-2.jpg?resize=350%2C200&ssl=1","width":350,"height":200},"classes":[]},{"id":2077,"url":"https:\/\/bukkleader.hu\/old\/tajekoztatas-eloleg-es-kifizetesi-kerelem-benyujtasanak-lehetosegerol\/","url_meta":{"origin":5852,"position":3},"title":"T\u00e1j\u00e9koztat\u00e1s el\u0151leg- \u00e9s kifizet\u00e9si k\u00e9relem beny\u00fajt\u00e1s\u00e1nak lehet\u0151s\u00e9g\u00e9r\u0151l","date":"2019-06-14","format":false,"excerpt":"Tisztelt P\u00e1ly\u00e1z\u00f3k! T\u00e1j\u00e9koztatjuk \u00d6n\u00f6ket, hogy a LEADER helyi felh\u00edv\u00e1sok kapcs\u00e1n lehet\u0151s\u00e9g van el\u0151leg- \u00e9s kifizet\u00e9si k\u00e9relem beny\u00fajt\u00e1s\u00e1ra, melyhez a seg\u00e9dletek az al\u00e1bbi linken \u00e9rhet\u0151ek el: https:\/\/www.mvh.allamkincstar.gov.hu\/tamogatasok-listazo\/-\/tamogatas\/5746072\/tajekoztatok.","rel":"","context":"In &quot;Dokumentumok&quot;","img":{"alt_text":"","src":"https:\/\/i2.wp.com\/bukkleader.hu\/old\/wp-content\/uploads\/2017\/12\/danger.png?resize=350%2C200&ssl=1","width":350,"height":200},"classes":[]},{"id":106,"url":"https:\/\/bukkleader.hu\/old\/2013-januar-01-2013-marcius-31-idoszak\/","url_meta":{"origin":5852,"position":4},"title":"2013. janu\u00e1r 01. &#8211; 2013. m\u00e1rcius 31. id\u0151szak","date":"2013-04-01","format":false,"excerpt":"A B\u00fckk-T\u00e9rs\u00e9gi LEADER Egyes\u00fclet munkaszervezet\u00e9nek legfontosabb feladatai a 2013.01.01. \u2013 03.31. id\u0151szakban a HACS-hoz be\u00e9rkezett EMVA III. falumeg\u00faj\u00edt\u00e1s \u00e9s \u2013fejleszt\u00e9s p\u00e1ly\u00e1zatok \u00fcgyint\u00e9z\u00e9se, a szakmai kapcsolat\u00e9p\u00edt\u00e9s \u00e9s az 2014-2020 id\u0151szak EU-s tervez\u00e9s\u00e9vel kapcsolatos egyeztet\u00e9seken val\u00f3 r\u00e9szv\u00e9tel voltak.A vid\u00e9kfejleszt\u00e9si k\u00f6z\u00f6ss\u00e9g min\u00e9l sz\u00e9lesebb k\u00f6r\u0171 t\u00e1j\u00e9koztat\u00e1sa \u00e9rdek\u00e9ben a t\u00e1mogat\u00e1si id\u0151szakban t\u00f6bb szakmai f\u00f3rumot tartottunk,\u2026","rel":"","context":"In &quot;Munkabesz\u00e1mol\u00f3k&quot;","img":{"alt_text":"","src":"","width":0,"height":0},"classes":[]},{"id":367,"url":"https:\/\/bukkleader.hu\/old\/2014-januar-15-ig-nyujthatok-be-a-turisztikai-palyazatok\/","url_meta":{"origin":5852,"position":5},"title":"2014. janu\u00e1r 15-ig ny\u00fajthat\u00f3k be a turisztikai p\u00e1ly\u00e1zatok","date":"2013-12-18","format":false,"excerpt":"Az EMVA t\u00e1rsfinansz\u00edroz\u00e1s\u00fa int\u00e9zked\u00e9sek Ir\u00e1ny\u00edt\u00f3 Hat\u00f3s\u00e1g\u00e1nak 304\/2013. (XII. 16.) k\u00f6zlem\u00e9nye szerint \u201eAz Eur\u00f3pai Mez\u0151gazdas\u00e1gi Vid\u00e9kfejleszt\u00e9si Alapb\u00f3l a turisztikai tev\u00e9kenys\u00e9gek \u00f6szt\u00f6nz\u00e9s\u00e9hez a LEADER Helyi Akci\u00f3csoportok k\u00f6zrem\u0171k\u00f6d\u00e9s\u00e9vel 2013-ban ny\u00fajtand\u00f3 t\u00e1mogat\u00e1sok r\u00e9szletes felt\u00e9teleir\u0151l sz\u00f3l\u00f3 104\/2013. (XI. 14.) VM rendelet 11. \u00a7 (1) bekezd\u00e9s\u00e9nek folyamatban l\u00e9v\u0151 m\u00f3dos\u00edt\u00e1sa alapj\u00e1nt\u00e1mogat\u00e1si k\u00e9relmet \u2013 2013. december 20. helyett\u2026","rel":"","context":"In &quot;H\u00edreink, k\u00f6zlem\u00e9nyeink&quot;","img":{"alt_text":"felki\u00e1llt\u00f3 jel","src":"https:\/\/i0.wp.com\/bukkleader.hu\/old\/wp-content\/uploads\/2012\/06\/felkialto-jel384w.jpg?resize=350%2C200&ssl=1","width":350,"height":200},"classes":[]}],"_links":{"self":[{"href":"https:\/\/bukkleader.hu\/old\/wp-json\/wp\/v2\/posts\/5852"}],"collection":[{"href":"https:\/\/bukkleader.hu\/old\/wp-json\/wp\/v2\/posts"}],"about":[{"href":"https:\/\/bukkleader.hu\/old\/wp-json\/wp\/v2\/types\/post"}],"author":[{"embeddable":true,"href":"https:\/\/bukkleader.hu\/old\/wp-json\/wp\/v2\/users\/4"}],"replies":[{"embeddable":true,"href":"https:\/\/bukkleader.hu\/old\/wp-json\/wp\/v2\/comments?post=5852"}],"version-history":[{"count":5,"href":"https:\/\/bukkleader.hu\/old\/wp-json\/wp\/v2\/posts\/5852\/revisions"}],"predecessor-version":[{"id":5862,"href":"https:\/\/bukkleader.hu\/old\/wp-json\/wp\/v2\/posts\/5852\/revisions\/5862"}],"wp:featuredmedia":[{"embeddable":true,"href":"https:\/\/bukkleader.hu\/old\/wp-json\/wp\/v2\/media\/323"}],"wp:attachment":[{"href":"https:\/\/bukkleader.hu\/old\/wp-json\/wp\/v2\/media?parent=5852"}],"wp:term":[{"taxonomy":"category","embeddable":true,"href":"https:\/\/bukkleader.hu\/old\/wp-json\/wp\/v2\/categories?post=5852"},{"taxonomy":"post_tag","embeddable":true,"href":"https:\/\/bukkleader.hu\/old\/wp-json\/wp\/v2\/tags?post=5852"}],"curies":[{"name":"wp","href":"https:\/\/api.w.org\/{rel}","templated":true}]}}