{"id":584,"date":"2015-11-11T18:02:03","date_gmt":"2015-11-11T17:02:03","guid":{"rendered":"https:\/\/bukkleader.hu\/old\/?p=584"},"modified":"2015-11-14T12:47:44","modified_gmt":"2015-11-14T11:47:44","slug":"leader-orszagos-levelezo-megjelent-a-palyazati-felhivas","status":"publish","type":"post","link":"https:\/\/bukkleader.hu\/old\/leader-orszagos-levelezo-megjelent-a-palyazati-felhivas\/","title":{"rendered":"Megjelent a p\u00e1ly\u00e1zati felh\u00edv\u00e1s"},"content":{"rendered":"<p>&nbsp;<\/p>\n<p>HFS elk\u00e9sz\u00edt\u00e9s\u00e9nek t\u00e1mogat\u00e1sa. Megjelent: Link megnyit\u00e1sa itt\u203a\u203a\u00a0<a href=\"http:\/\/www.palyazat.gov.hu\/node\/56681\">http:\/\/www.palyazat.gov.hu\/node\/56681<\/a>\u00a0<\/p>\n<p>&nbsp;<\/p>\n<p>&nbsp;<\/p>\n<div class=\"sharedaddy sd-sharing-enabled\"><div class=\"robots-nocontent sd-block sd-social sd-social-icon sd-sharing\"><h3 class=\"sd-title\">Share this:<\/h3><div class=\"sd-content\"><ul><li class=\"share-facebook\"><a rel=\"nofollow noopener noreferrer\" data-shared=\"sharing-facebook-584\" class=\"share-facebook sd-button share-icon no-text\" href=\"https:\/\/bukkleader.hu\/old\/leader-orszagos-levelezo-megjelent-a-palyazati-felhivas\/?share=facebook\" target=\"_blank\" title=\"Click to share on Facebook\"><span><\/span><span class=\"sharing-screen-reader-text\">Click to share on Facebook (Opens in new window)<\/span><\/a><\/li><li class=\"share-twitter\"><a rel=\"nofollow noopener noreferrer\" data-shared=\"sharing-twitter-584\" class=\"share-twitter sd-button share-icon no-text\" href=\"https:\/\/bukkleader.hu\/old\/leader-orszagos-levelezo-megjelent-a-palyazati-felhivas\/?share=twitter\" target=\"_blank\" title=\"Click to share on Twitter\"><span><\/span><span class=\"sharing-screen-reader-text\">Click to share on Twitter (Opens in new window)<\/span><\/a><\/li><li class=\"share-print\"><a rel=\"nofollow noopener noreferrer\" data-shared=\"\" class=\"share-print sd-button share-icon no-text\" href=\"https:\/\/bukkleader.hu\/old\/leader-orszagos-levelezo-megjelent-a-palyazati-felhivas\/\" target=\"_blank\" title=\"Click to print\"><span><\/span><span class=\"sharing-screen-reader-text\">Click to print (Opens in new window)<\/span><\/a><\/li><li class=\"share-email\"><a rel=\"nofollow noopener noreferrer\" data-shared=\"\" class=\"share-email sd-button share-icon no-text\" href=\"https:\/\/bukkleader.hu\/old\/leader-orszagos-levelezo-megjelent-a-palyazati-felhivas\/?share=email\" target=\"_blank\" title=\"Click to email this to a friend\"><span><\/span><span class=\"sharing-screen-reader-text\">Click to email this to a friend (Opens in new window)<\/span><\/a><\/li><li class=\"share-end\"><\/li><\/ul><\/div><\/div><\/div>","protected":false},"excerpt":{"rendered":"<p>&nbsp; HFS elk\u00e9sz\u00edt\u00e9s\u00e9nek t\u00e1mogat\u00e1sa. Megjelent: Link megnyit\u00e1sa itt\u203a\u203a\u00a0http:\/\/www.palyazat.gov.hu\/node\/56681\u00a0 &nbsp; &nbsp;<\/p>\n<div class=\"sharedaddy sd-sharing-enabled\"><div class=\"robots-nocontent sd-block sd-social sd-social-icon sd-sharing\"><h3 class=\"sd-title\">Share this:<\/h3><div class=\"sd-content\"><ul><li class=\"share-facebook\"><a rel=\"nofollow noopener noreferrer\" data-shared=\"sharing-facebook-584\" class=\"share-facebook sd-button share-icon no-text\" href=\"https:\/\/bukkleader.hu\/old\/leader-orszagos-levelezo-megjelent-a-palyazati-felhivas\/?share=facebook\" target=\"_blank\" title=\"Click to share on Facebook\"><span><\/span><span class=\"sharing-screen-reader-text\">Click to share on Facebook (Opens in new window)<\/span><\/a><\/li><li class=\"share-twitter\"><a rel=\"nofollow noopener noreferrer\" data-shared=\"sharing-twitter-584\" class=\"share-twitter sd-button share-icon no-text\" href=\"https:\/\/bukkleader.hu\/old\/leader-orszagos-levelezo-megjelent-a-palyazati-felhivas\/?share=twitter\" target=\"_blank\" title=\"Click to share on Twitter\"><span><\/span><span class=\"sharing-screen-reader-text\">Click to share on Twitter (Opens in new window)<\/span><\/a><\/li><li class=\"share-print\"><a rel=\"nofollow noopener noreferrer\" data-shared=\"\" class=\"share-print sd-button share-icon no-text\" href=\"https:\/\/bukkleader.hu\/old\/leader-orszagos-levelezo-megjelent-a-palyazati-felhivas\/\" target=\"_blank\" title=\"Click to print\"><span><\/span><span class=\"sharing-screen-reader-text\">Click to print (Opens in new window)<\/span><\/a><\/li><li class=\"share-email\"><a rel=\"nofollow noopener noreferrer\" data-shared=\"\" class=\"share-email sd-button share-icon no-text\" href=\"https:\/\/bukkleader.hu\/old\/leader-orszagos-levelezo-megjelent-a-palyazati-felhivas\/?share=email\" target=\"_blank\" title=\"Click to email this to a friend\"><span><\/span><span class=\"sharing-screen-reader-text\">Click to email this to a friend (Opens in new window)<\/span><\/a><\/li><li class=\"share-end\"><\/li><\/ul><\/div><\/div><\/div>","protected":false},"author":4,"featured_media":597,"comment_status":"open","ping_status":"closed","sticky":false,"template":"","format":"standard","meta":{"_bbp_topic_count":0,"_bbp_reply_count":0,"_bbp_total_topic_count":0,"_bbp_total_reply_count":0,"_bbp_voice_count":0,"_bbp_anonymous_reply_count":0,"_bbp_topic_count_hidden":0,"_bbp_reply_count_hidden":0,"_bbp_forum_subforum_count":0,"spay_email":"","jetpack_publicize_message":"","jetpack_is_tweetstorm":false,"jetpack_publicize_feature_enabled":true},"categories":[1],"tags":[11],"jetpack_featured_media_url":"https:\/\/bukkleader.hu\/old\/wp-content\/uploads\/2015\/11\/8414_small.jpg","jetpack_publicize_connections":[],"jetpack_sharing_enabled":true,"jetpack-related-posts":[{"id":766,"url":"https:\/\/bukkleader.hu\/old\/videkfejlesztesi-program-eddig-megjelent-palyazati-felhivasai\/","url_meta":{"origin":584,"position":0},"title":"Vid\u00e9kfejleszt\u00e9si Program eddig megjelent p\u00e1ly\u00e1zati felh\u00edv\u00e1sai","date":"2015-12-30","format":false,"excerpt":"Vid\u00e9kfejleszt\u00e9si Program eddig megjelent p\u00e1ly\u00e1zati felh\u00edv\u00e1saiEl\u00e9rhet\u0151ek itt >>www.palyazat.gov.hu\/doc\/4523","rel":"","context":"In &quot;H\u00edreink, k\u00f6zlem\u00e9nyeink&quot;","img":{"alt_text":"","src":"https:\/\/i1.wp.com\/bukkleader.hu\/old\/wp-content\/uploads\/2015\/12\/vp_kezikonyv_nagy.jpg?resize=350%2C200&ssl=1","width":350,"height":200},"classes":[]},{"id":1088,"url":"https:\/\/bukkleader.hu\/old\/megjelent-az-erdeszeti-genetikai-eroforrasok-megorzese-palyazati-felhivas\/","url_meta":{"origin":584,"position":1},"title":"Megjelent az &#8220;Erd\u00e9szeti genetikai er\u0151forr\u00e1sok meg\u0151rz\u00e9se&#8221; p\u00e1ly\u00e1zati felh\u00edv\u00e1s","date":"2016-08-31","format":false,"excerpt":"Megjelent az \"Erd\u00e9szeti genetikai er\u0151forr\u00e1sok meg\u0151rz\u00e9se\" p\u00e1ly\u00e1zati felh\u00edv\u00e1s !https:\/\/bukkleader.hu\/old\/wp-content\/uploads\/2016\/08\/Erd\u00e9szeti-genetikai-er\u0151forr\u00e1sok-meg\u0151rz\u00e9se-Kiv\u00e1laszt\u00e1si-krit\u00e9riumok.pdf","rel":"","context":"In &quot;H\u00edreink, k\u00f6zlem\u00e9nyeink&quot;","img":{"alt_text":"","src":"https:\/\/i1.wp.com\/bukkleader.hu\/old\/wp-content\/uploads\/2016\/08\/Erd\u00e9szeti-genetikai-er\u0151forr\u00e1sok-meg\u0151rz\u00e9se.jpg?resize=350%2C200&ssl=1","width":350,"height":200},"classes":[]},{"id":2232,"url":"https:\/\/bukkleader.hu\/old\/megjelent-a-falu-es-tanyagondnoki-szolgalat-tamogatasa-palyazat\/","url_meta":{"origin":584,"position":2},"title":"Megjelent a \u201eFalu \u00e9s tanyagondnoki szolg\u00e1lat t\u00e1mogat\u00e1sa\u201d p\u00e1ly\u00e1zat!","date":"2019-09-09","format":false,"excerpt":"Megjelent a \u201eFalu \u00e9s tanyagondnoki szolg\u00e1lat t\u00e1mogat\u00e1sa\u201d c\u00edm\u0171 p\u00e1ly\u00e1zati felh\u00edv\u00e1s, melynek keret\u00e9ben\u00a0\u00faj g\u00e9pj\u00e1rm\u0171vek beszerz\u00e9se \u00e9s \u00fczembe helyez\u00e9se, valamint r\u00e9gi g\u00e9pj\u00e1rm\u0171vek cser\u00e9j\u00e9re\u00a0lesz lehet\u0151s\u00e9g. A projektre maxim\u00e1lisan ig\u00e9nyelhet\u0151 t\u00e1mogat\u00e1si \u00f6sszeg\u00a015 milli\u00f3 forint.\u00a0A p\u00e1ly\u00e1zatok beny\u00fajt\u00e1s\u00e1ra\u00a02019. szeptember 9. \u00e9s 2019. szeptember 30.\u00a0k\u00f6z\u00f6tt van lehet\u0151s\u00e9g. A p\u00e1ly\u00e1zati felh\u00edv\u00e1s az al\u00e1bbi helyr\u0151l let\u00f6lthet\u0151: https:\/\/e-kerelem.mvh.allamkincstar.gov.hu\/enter\/mfpbongeszo\/mfpBongeszoLite.xhtml;jsessionid=vbwDRT7pD22Lr-qRBmDfd84EdQq2LDwlERb7rvVO.mvhntr07:mvhntr07_enter05","rel":"","context":"In &quot;H\u00edreink, k\u00f6zlem\u00e9nyeink&quot;","img":{"alt_text":"","src":"https:\/\/i0.wp.com\/bukkleader.hu\/old\/wp-content\/uploads\/2018\/08\/p\u00e1ly\u00e1zati-felh\u00edv\u00e1s.jpg?resize=350%2C200&ssl=1","width":350,"height":200},"classes":[]},{"id":405,"url":"https:\/\/bukkleader.hu\/old\/figyelem-uj-vallalkozas-fejlesztesi-tamogatasok-elerhetoek\/","url_meta":{"origin":584,"position":3},"title":"FIGYELEM! \u00daj v\u00e1llalkoz\u00e1s-fejleszt\u00e9si t\u00e1mogat\u00e1sok el\u00e9rhet\u0151ek!","date":"2014-10-21","format":false,"excerpt":"Megjelent a Mikro-, kis- \u00e9s k\u00f6z\u00e9pv\u00e1llalkoz\u00e1sok termel\u00e9si kapacit\u00e1sainak b\u0151v\u00edt\u00e9se \u00e9s a Fiatalok v\u00e1llalkoz\u00f3v\u00e1 v\u00e1l\u00e1s\u00e1nak t\u00e1mogat\u00e1sa\u00a0p\u00e1ly\u00e1zati felh\u00edv\u00e1s.\u00a0Mivel a 2007-2013-as programoz\u00e1si id\u0151szak mikr\u00f3v\u00e1llalkoz\u00e1sok fejleszt\u00e9se \u00e9s l\u00e9trehoz\u00e1sa t\u00e1mogat\u00e1si jogc\u00edme nem ker\u00fclt neves\u00edt\u00e9sre a 2014-2020 k\u00f6z\u00f6tti Vid\u00e9kfejleszt\u00e9si Programban, ez\u00e9rt a vid\u00e9ki v\u00e1llalkoz\u00e1sok a Gazdas\u00e1gfejleszt\u00e9si \u00e9s Innov\u00e1ci\u00f3s Operat\u00edv Program (GINOP) keret\u00e9n bel\u00fcl tudnak fejleszt\u00e9si forr\u00e1shoz\u2026","rel":"","context":"In &quot;H\u00edreink, k\u00f6zlem\u00e9nyeink&quot;","img":{"alt_text":"felki\u00e1llt\u00f3 jel","src":"https:\/\/i0.wp.com\/bukkleader.hu\/old\/wp-content\/uploads\/2012\/06\/felkialto-jel384w.jpg?resize=350%2C200&ssl=1","width":350,"height":200},"classes":[]},{"id":5996,"url":"https:\/\/bukkleader.hu\/old\/uj-palyazati-lehetoseg\/","url_meta":{"origin":584,"position":4},"title":"\u00daj p\u00e1ly\u00e1zati lehet\u0151s\u00e9g!","date":"2021-06-25","format":false,"excerpt":"Tisztelt P\u00e1ly\u00e1z\u00f3ink! Hamarosan megjelenik a B\u00fckk-T\u00e9rs\u00e9gi LEADER Egyes\u00fclet \u00e1ltal meghirdetett, a Helyi fejleszt\u00e9sek t\u00e1mogat\u00e1sa c\u00edm\u0171, VP6-19.2.1-15-10-21 k\u00f3dsz\u00e1m\u00fa helyi felh\u00edv\u00e1s, mely keret\u00e9ben a v\u00e1llalkoz\u00f3i-, a civil- \u00e9s az \u00f6nkorm\u00e1nyzati szf\u00e9ra is megval\u00f3s\u00edthatja fejleszt\u00e9si elk\u00e9pzel\u00e9s\u00e9t. Az \u00faj helyi felh\u00edv\u00e1s min\u00e9l sz\u00e9lesebb k\u00f6rben val\u00f3 megismertet\u00e9se \u00e9rdek\u00e9ben t\u00e1j\u00e9koztat\u00f3 f\u00f3rumokat tartunk, melyek helysz\u00ednei \u00e9s id\u0151pontjai\u2026","rel":"","context":"In &quot;H\u00edreink, k\u00f6zlem\u00e9nyeink&quot;","img":{"alt_text":"","src":"https:\/\/i1.wp.com\/bukkleader.hu\/old\/wp-content\/uploads\/2017\/10\/LEADER-logo-Jul09-32.jpg?resize=350%2C200&ssl=1","width":350,"height":200},"classes":[]},{"id":5829,"url":"https:\/\/bukkleader.hu\/old\/felhivas-a-legjobb-onkormanyzati-gyakorlatok-2021-evi-palyazatara\/","url_meta":{"origin":584,"position":5},"title":"Felh\u00edv\u00e1s a Legjobb \u00d6nkorm\u00e1nyzati Gyakorlatok 2021. \u00e9vi p\u00e1ly\u00e1zat\u00e1ra","date":"2021-04-09","format":false,"excerpt":"Tisztelt \u00d6nkorm\u00e1nyzatok! A Telep\u00fcl\u00e9si \u00d6nkorm\u00e1nyzatok Orsz\u00e1gos Sz\u00f6vets\u00e9ge felh\u00edv\u00e1st tett k\u00f6zz\u00e9 a Legjobb \u00d6nkorm\u00e1nyzati Gyakorlatok 2021. \u00e9vi p\u00e1ly\u00e1zat\u00e1ra. R\u00e9szletek:\u00a0http:\/\/xn--tosz-5qa.hu\/news\/681\/73\/Felhivas-a-ToOSZ-Legjobb-onkormanyzati-Gyakorlatok-Programja-2021-evi-palyazatara\/?fbclid=IwAR21wFWgSfh1I70H70oNySnNmpraVRYMo6DMBi8dH9C25lbAEN-Qgvm6rE8","rel":"","context":"In &quot;H\u00edreink, k\u00f6zlem\u00e9nyeink&quot;","img":{"alt_text":"","src":"https:\/\/i0.wp.com\/bukkleader.hu\/old\/wp-content\/uploads\/2020\/09\/Tard2.jpg?resize=350%2C200&ssl=1","width":350,"height":200},"classes":[]}],"_links":{"self":[{"href":"https:\/\/bukkleader.hu\/old\/wp-json\/wp\/v2\/posts\/584"}],"collection":[{"href":"https:\/\/bukkleader.hu\/old\/wp-json\/wp\/v2\/posts"}],"about":[{"href":"https:\/\/bukkleader.hu\/old\/wp-json\/wp\/v2\/types\/post"}],"author":[{"embeddable":true,"href":"https:\/\/bukkleader.hu\/old\/wp-json\/wp\/v2\/users\/4"}],"replies":[{"embeddable":true,"href":"https:\/\/bukkleader.hu\/old\/wp-json\/wp\/v2\/comments?post=584"}],"version-history":[{"count":3,"href":"https:\/\/bukkleader.hu\/old\/wp-json\/wp\/v2\/posts\/584\/revisions"}],"predecessor-version":[{"id":615,"href":"https:\/\/bukkleader.hu\/old\/wp-json\/wp\/v2\/posts\/584\/revisions\/615"}],"wp:featuredmedia":[{"embeddable":true,"href":"https:\/\/bukkleader.hu\/old\/wp-json\/wp\/v2\/media\/597"}],"wp:attachment":[{"href":"https:\/\/bukkleader.hu\/old\/wp-json\/wp\/v2\/media?parent=584"}],"wp:term":[{"taxonomy":"category","embeddable":true,"href":"https:\/\/bukkleader.hu\/old\/wp-json\/wp\/v2\/categories?post=584"},{"taxonomy":"post_tag","embeddable":true,"href":"https:\/\/bukkleader.hu\/old\/wp-json\/wp\/v2\/tags?post=584"}],"curies":[{"name":"wp","href":"https:\/\/api.w.org\/{rel}","templated":true}]}}