{"id":5818,"date":"2021-04-09T08:25:02","date_gmt":"2021-04-09T06:25:02","guid":{"rendered":"https:\/\/bukkleader.hu\/old\/?p=5818"},"modified":"2021-04-09T08:35:15","modified_gmt":"2021-04-09T06:35:15","slug":"felhivas-a-legszebb-konyhakertek-magyarorszag-konyhakertjei-programban-valo-reszvetelre","status":"publish","type":"post","link":"https:\/\/bukkleader.hu\/old\/felhivas-a-legszebb-konyhakertek-magyarorszag-konyhakertjei-programban-valo-reszvetelre\/","title":{"rendered":"Felh\u00edv\u00e1s &#8220;A legszebb konyhakertek&#8221; &#8211; Magyarorsz\u00e1g konyhakertjei programban val\u00f3 r\u00e9szv\u00e9telre"},"content":{"rendered":"<p><strong>Tisztelt \u00d6nkorm\u00e1nyzatok\/Egyes\u00fcletek!<\/strong><\/p>\n<p>Karcag v\u00e1ros alpolg\u00e1rmestere programfelh\u00edv\u00e1st tett k\u00f6zz\u00e9\u00a0 <strong>&#8220;A legszebb konyhakertek&#8221; &#8211; Magyarorsz\u00e1g konyhakertjei<\/strong> programban val\u00f3 r\u00e9szv\u00e9telre az al\u00e1bbiak szerint (<span style=\"color: #0000ff;\"><a style=\"color: #0000ff;\" href=\"https:\/\/bukkleader.hu\/old\/wp-content\/uploads\/2021\/04\/OrszagosProgramFelhivas_2020-vegl.pdf\" target=\"_blank\" rel=\"noopener\">pdf f\u00e1jlban let\u00f6lthet\u0151 itt<\/a><\/span>, tov\u00e1bb\u00e1 <a href=\"https:\/\/bukkleader.hu\/old\/wp-content\/uploads\/2021\/04\/20132020.pdf\" target=\"_blank\" rel=\"noopener\">egy dokumentum a kor\u00e1bbi nyertesekr\u0151l itt<\/a>). Tov\u00e1bbi r\u00e9szletek a\u00a0<a href=\"http:\/\/www.alegszebbkonyhakertek.hu\/\" target=\"_blank\" rel=\"noopener\">http:\/\/www.alegszebbkonyhakertek.hu\/<\/a> honlapon.<\/p>\n<p><img data-attachment-id=\"5821\" data-permalink=\"https:\/\/bukkleader.hu\/old\/felhivas-a-legszebb-konyhakertek-magyarorszag-konyhakertjei-programban-valo-reszvetelre\/orszagosprogramfelhivas_2020-vegl_page-0001\/\" data-orig-file=\"https:\/\/bukkleader.hu\/old\/wp-content\/uploads\/2021\/04\/OrszagosProgramFelhivas_2020-vegl_page-0001.jpg\" data-orig-size=\"1241,1755\" data-comments-opened=\"1\" data-image-meta=\"{&quot;aperture&quot;:&quot;0&quot;,&quot;credit&quot;:&quot;&quot;,&quot;camera&quot;:&quot;&quot;,&quot;caption&quot;:&quot;&quot;,&quot;created_timestamp&quot;:&quot;0&quot;,&quot;copyright&quot;:&quot;&quot;,&quot;focal_length&quot;:&quot;0&quot;,&quot;iso&quot;:&quot;0&quot;,&quot;shutter_speed&quot;:&quot;0&quot;,&quot;title&quot;:&quot;&quot;,&quot;orientation&quot;:&quot;0&quot;}\" data-image-title=\"OrszagosProgramFelhivas_2020-vegl_page-0001\" data-image-description=\"\" data-image-caption=\"\" data-medium-file=\"https:\/\/bukkleader.hu\/old\/wp-content\/uploads\/2021\/04\/OrszagosProgramFelhivas_2020-vegl_page-0001-212x300.jpg\" data-large-file=\"https:\/\/bukkleader.hu\/old\/wp-content\/uploads\/2021\/04\/OrszagosProgramFelhivas_2020-vegl_page-0001-724x1024.jpg\" loading=\"lazy\" class=\"aligncenter size-full wp-image-5821\" src=\"https:\/\/bukkleader.hu\/old\/wp-content\/uploads\/2021\/04\/OrszagosProgramFelhivas_2020-vegl_page-0001.jpg\" alt=\"\" width=\"1241\" height=\"1755\" srcset=\"https:\/\/bukkleader.hu\/old\/wp-content\/uploads\/2021\/04\/OrszagosProgramFelhivas_2020-vegl_page-0001.jpg 1241w, https:\/\/bukkleader.hu\/old\/wp-content\/uploads\/2021\/04\/OrszagosProgramFelhivas_2020-vegl_page-0001-212x300.jpg 212w, https:\/\/bukkleader.hu\/old\/wp-content\/uploads\/2021\/04\/OrszagosProgramFelhivas_2020-vegl_page-0001-768x1086.jpg 768w, https:\/\/bukkleader.hu\/old\/wp-content\/uploads\/2021\/04\/OrszagosProgramFelhivas_2020-vegl_page-0001-724x1024.jpg 724w\" sizes=\"(max-width: 1241px) 100vw, 1241px\" \/><\/p>\n<div class=\"sharedaddy sd-sharing-enabled\"><div class=\"robots-nocontent sd-block sd-social sd-social-icon sd-sharing\"><h3 class=\"sd-title\">Share this:<\/h3><div class=\"sd-content\"><ul><li class=\"share-facebook\"><a rel=\"nofollow noopener noreferrer\" data-shared=\"sharing-facebook-5818\" class=\"share-facebook sd-button share-icon no-text\" href=\"https:\/\/bukkleader.hu\/old\/felhivas-a-legszebb-konyhakertek-magyarorszag-konyhakertjei-programban-valo-reszvetelre\/?share=facebook\" target=\"_blank\" title=\"Click to share on Facebook\"><span><\/span><span class=\"sharing-screen-reader-text\">Click to share on Facebook (Opens in new window)<\/span><\/a><\/li><li class=\"share-twitter\"><a rel=\"nofollow noopener noreferrer\" data-shared=\"sharing-twitter-5818\" class=\"share-twitter sd-button share-icon no-text\" href=\"https:\/\/bukkleader.hu\/old\/felhivas-a-legszebb-konyhakertek-magyarorszag-konyhakertjei-programban-valo-reszvetelre\/?share=twitter\" target=\"_blank\" title=\"Click to share on Twitter\"><span><\/span><span class=\"sharing-screen-reader-text\">Click to share on Twitter (Opens in new window)<\/span><\/a><\/li><li class=\"share-print\"><a rel=\"nofollow noopener noreferrer\" data-shared=\"\" class=\"share-print sd-button share-icon no-text\" href=\"https:\/\/bukkleader.hu\/old\/felhivas-a-legszebb-konyhakertek-magyarorszag-konyhakertjei-programban-valo-reszvetelre\/\" target=\"_blank\" title=\"Click to print\"><span><\/span><span class=\"sharing-screen-reader-text\">Click to print (Opens in new window)<\/span><\/a><\/li><li class=\"share-email\"><a rel=\"nofollow noopener noreferrer\" data-shared=\"\" class=\"share-email sd-button share-icon no-text\" href=\"https:\/\/bukkleader.hu\/old\/felhivas-a-legszebb-konyhakertek-magyarorszag-konyhakertjei-programban-valo-reszvetelre\/?share=email\" target=\"_blank\" title=\"Click to email this to a friend\"><span><\/span><span class=\"sharing-screen-reader-text\">Click to email this to a friend (Opens in new window)<\/span><\/a><\/li><li class=\"share-end\"><\/li><\/ul><\/div><\/div><\/div>","protected":false},"excerpt":{"rendered":"<p>Tisztelt \u00d6nkorm\u00e1nyzatok\/Egyes\u00fcletek! Karcag v\u00e1ros alpolg\u00e1rmestere programfelh\u00edv\u00e1st tett k\u00f6zz\u00e9\u00a0 &#8220;A legszebb konyhakertek&#8221; &#8211; Magyarorsz\u00e1g konyhakertjei programban val\u00f3 r\u00e9szv\u00e9telre az al\u00e1bbiak szerint (pdf f\u00e1jlban let\u00f6lthet\u0151 itt, tov\u00e1bb\u00e1 egy dokumentum a kor\u00e1bbi nyertesekr\u0151l itt). Tov\u00e1bbi r\u00e9szletek a\u00a0http:\/\/www.alegszebbkonyhakertek.hu\/ honlapon.<\/p>\n<div class=\"sharedaddy sd-sharing-enabled\"><div class=\"robots-nocontent sd-block sd-social sd-social-icon sd-sharing\"><h3 class=\"sd-title\">Share this:<\/h3><div class=\"sd-content\"><ul><li class=\"share-facebook\"><a rel=\"nofollow noopener noreferrer\" data-shared=\"sharing-facebook-5818\" class=\"share-facebook sd-button share-icon no-text\" href=\"https:\/\/bukkleader.hu\/old\/felhivas-a-legszebb-konyhakertek-magyarorszag-konyhakertjei-programban-valo-reszvetelre\/?share=facebook\" target=\"_blank\" title=\"Click to share on Facebook\"><span><\/span><span class=\"sharing-screen-reader-text\">Click to share on Facebook (Opens in new window)<\/span><\/a><\/li><li class=\"share-twitter\"><a rel=\"nofollow noopener noreferrer\" data-shared=\"sharing-twitter-5818\" class=\"share-twitter sd-button share-icon no-text\" href=\"https:\/\/bukkleader.hu\/old\/felhivas-a-legszebb-konyhakertek-magyarorszag-konyhakertjei-programban-valo-reszvetelre\/?share=twitter\" target=\"_blank\" title=\"Click to share on Twitter\"><span><\/span><span class=\"sharing-screen-reader-text\">Click to share on Twitter (Opens in new window)<\/span><\/a><\/li><li class=\"share-print\"><a rel=\"nofollow noopener noreferrer\" data-shared=\"\" class=\"share-print sd-button share-icon no-text\" href=\"https:\/\/bukkleader.hu\/old\/felhivas-a-legszebb-konyhakertek-magyarorszag-konyhakertjei-programban-valo-reszvetelre\/\" target=\"_blank\" title=\"Click to print\"><span><\/span><span class=\"sharing-screen-reader-text\">Click to print (Opens in new window)<\/span><\/a><\/li><li class=\"share-email\"><a rel=\"nofollow noopener noreferrer\" data-shared=\"\" class=\"share-email sd-button share-icon no-text\" href=\"https:\/\/bukkleader.hu\/old\/felhivas-a-legszebb-konyhakertek-magyarorszag-konyhakertjei-programban-valo-reszvetelre\/?share=email\" target=\"_blank\" title=\"Click to email this to a friend\"><span><\/span><span class=\"sharing-screen-reader-text\">Click to email this to a friend (Opens in new window)<\/span><\/a><\/li><li class=\"share-end\"><\/li><\/ul><\/div><\/div><\/div>","protected":false},"author":4,"featured_media":1266,"comment_status":"open","ping_status":"closed","sticky":false,"template":"","format":"standard","meta":{"_bbp_topic_count":0,"_bbp_reply_count":0,"_bbp_total_topic_count":0,"_bbp_total_reply_count":0,"_bbp_voice_count":0,"_bbp_anonymous_reply_count":0,"_bbp_topic_count_hidden":0,"_bbp_reply_count_hidden":0,"_bbp_forum_subforum_count":0,"spay_email":"","jetpack_publicize_message":"","jetpack_is_tweetstorm":false,"jetpack_publicize_feature_enabled":true},"categories":[1],"tags":[],"jetpack_featured_media_url":"https:\/\/bukkleader.hu\/old\/wp-content\/uploads\/2016\/12\/fiatal-mez\u0151gazda.jpg","jetpack_publicize_connections":[],"jetpack_sharing_enabled":true,"jetpack-related-posts":[{"id":2412,"url":"https:\/\/bukkleader.hu\/old\/figyelem-pontozasi-szempont-a-forumon-valo-reszvetel\/","url_meta":{"origin":5818,"position":0},"title":"Figyelem! Pontoz\u00e1si szempont a f\u00f3rumon val\u00f3 r\u00e9szv\u00e9tel!","date":"2020-02-06","format":false,"excerpt":"Tisztelt P\u00e1ly\u00e1z\u00f3k! Felh\u00edvjuk a figyelm\u00fcket, hogy a hamarosan megjelen\u0151 \"Turisztikai szolg\u00e1ltat\u00e1sok fejleszt\u00e9se\" helyi felh\u00edv\u00e1s egyik pontoz\u00e1si szempontja a\u00a0f\u00f3rumokon val\u00f3 r\u00e9szv\u00e9tel. Amennyiben t\u00e1mogat\u00e1si k\u00e9relmet k\u00edv\u00e1nnak beny\u00fajtani, k\u00e9rj\u00fck sz\u00edveskedjenek valamelyik meghirdetett f\u00f3rumon r\u00e9szt venni! Meghirdetett id\u0151pontok \u00e9s helysz\u00ednek: T\u00e1j\u00e9koztat\u00f3 f\u00f3rum a helyi szerepl\u0151k felk\u00e9sz\u00edt\u00e9s\u00e9nek \u00e9rdek\u00e9ben B\u00fckkszentkereszten - 2020.02.10. T\u00e1j\u00e9koztat\u00f3 f\u00f3rum a helyi\u2026","rel":"","context":"In &quot;H\u00edreink, k\u00f6zlem\u00e9nyeink&quot;","img":{"alt_text":"LEADER","src":"https:\/\/i0.wp.com\/bukkleader.hu\/old\/wp-content\/uploads\/2015\/08\/384-10-leader_logo.jpg?resize=350%2C200&ssl=1","width":350,"height":200},"classes":[]},{"id":317,"url":"https:\/\/bukkleader.hu\/old\/felhivas-a-helyi-videkfejlesztesi-strategia-felulvizsgalataban-valo-reszvetelre\/","url_meta":{"origin":5818,"position":1},"title":"FELH\u00cdV\u00c1S a Helyi Vid\u00e9kfejleszt\u00e9si Strat\u00e9gia fel\u00fclvizsg\u00e1lat\u00e1ban val\u00f3 r\u00e9szv\u00e9telre","date":"2013-03-27","format":false,"excerpt":"A B\u00fckk-T\u00e9rs\u00e9gi LEADER Egyes\u00fclet a Vid\u00e9kfejleszt\u00e9si Miniszt\u00e9rium el\u0151\u00edr\u00e1sai alapj\u00e1n a 2013. m\u00e1rcius 26. - 2013. \u00e1prilis 05. id\u0151szakban meghirdeti a Helyi Vid\u00e9kfejleszt\u00e9si Strat\u00e9gia (HVS) 2013. \u00e9vi fel\u00fclvizsg\u00e1lat\u00e1t. A fel\u00fclvizsg\u00e1lat c\u00e9lja a LEADER III. t\u00e1mogat\u00e1si id\u0151szak\u00e1nak el\u0151k\u00e9sz\u00edt\u00e9se, mely el\u0151rel\u00e1that\u00f3lag 2013. m\u00e1jus h\u00f3napban indul (projektjavaslatok beny\u00fajt\u00e1s\u00e1val).Tov\u00e1bb:\u00a0a TELJES FELH\u00cdV\u00c1S LET\u00d6LT\u00c9SE WORD FORM\u00c1TUMBAN >>Mell\u00e9kletek:HPME\u2026","rel":"","context":"In &quot;H\u00edreink, k\u00f6zlem\u00e9nyeink&quot;","img":{"alt_text":"felki\u00e1llt\u00f3 jel","src":"https:\/\/i0.wp.com\/bukkleader.hu\/old\/wp-content\/uploads\/2012\/06\/felkialto-jel384w.jpg?resize=350%2C200&ssl=1","width":350,"height":200},"classes":[]},{"id":2477,"url":"https:\/\/bukkleader.hu\/old\/utolso-forum-a-turisztikai-szolgaltatasok-fejlesztesere-palyazoknak\/","url_meta":{"origin":5818,"position":2},"title":"Figyelem! Utols\u00f3 f\u00f3rum a turisztikai szolg\u00e1ltat\u00e1sok fejleszt\u00e9s\u00e9re p\u00e1ly\u00e1z\u00f3knak!","date":"2020-03-09","format":false,"excerpt":"Tisztelt P\u00e1ly\u00e1z\u00f3k! A Turisztikai Szolg\u00e1ltat\u00e1sok Fejleszt\u00e9se helyi felh\u00edv\u00e1s utols\u00f3 ismertet\u0151 f\u00f3ruma 2020.03.11.-\u00e9n Saj\u00f3kereszt\u00farban lesz megtartva. Felh\u00edvjuk a figyelm\u00fcket, hogy a f\u00f3rumon val\u00f3 r\u00e9szv\u00e9tel pontoz\u00e1si szempont, mely ezen alkalommal teljes\u00edthet\u0151 utolj\u00e1ra!","rel":"","context":"In &quot;H\u00edreink, k\u00f6zlem\u00e9nyeink&quot;","img":{"alt_text":"","src":"","width":0,"height":0},"classes":[]},{"id":418,"url":"https:\/\/bukkleader.hu\/old\/egyetemi-dualis-kepzes-gyakorlati-kepzese-indulhat-a-bukk-tersegi-leader-egyesuletnel\/","url_meta":{"origin":5818,"position":3},"title":"Egyetemi du\u00e1lis k\u00e9pz\u00e9s gyakorlati k\u00e9pz\u00e9se indulhat a B\u00fckk-T\u00e9rs\u00e9gi LEADER Egyes\u00fcletn\u00e9l","date":"2015-02-11","format":false,"excerpt":"A B\u00fckk-T\u00e9rs\u00e9gi LEADER Egyes\u00fclet \u00fagy is, mint a Debreceni Egyetem Mez\u0151gazdas\u00e1g-, \u00c9lelmiszertudom\u00e1nyi \u00e9s K\u00f6rnyezetgazd\u00e1lkod\u00e1si Kar\u00e1nak (DE-M\u00c9K) Meg\u00fajul\u00f3 Energiaforr\u00e1s Kihelyezett Tansz\u00e9ke egy\u00fcttm\u0171k\u00f6d\u00e9si meg\u00e1llapod\u00e1st k\u00f6t\u00f6tt a Debreceni Egyetemmel du\u00e1lis k\u00e9pz\u00e9s gyakorlati k\u00e9pz\u00e9s\u00e9nek biztos\u00edt\u00e1s\u00e1r\u00f3l.A meg\u00e1llapod\u00e1s beny\u00fajt\u00e1sra ker\u00fclt a Du\u00e1lis K\u00e9pz\u00e9si Tan\u00e1cshoz, mely azt elfogadta \u2013 a du\u00e1lis k\u00e9pz\u00e9s gyakorlati k\u00e9pz\u00e9s\u00e9nek ind\u00edt\u00e1sa a ter\u00fclet\u00fcnk\u00f6n\u2026","rel":"","context":"In &quot;H\u00edreink, k\u00f6zlem\u00e9nyeink&quot;","img":{"alt_text":"Debreceni Egyetem","src":"https:\/\/i1.wp.com\/bukkleader.hu\/old\/wp-content\/uploads\/2015\/08\/384-9-debreceni-egyetem-logo.jpg?resize=350%2C200&ssl=1","width":350,"height":200},"classes":[]},{"id":2453,"url":"https:\/\/bukkleader.hu\/old\/turisztikai-szolgaltatasok-fejlesztese-cimu-helyi-felhivast-ismerteto-forum-sajokeresztur\/","url_meta":{"origin":5818,"position":4},"title":"Turisztikai Szolg\u00e1ltat\u00e1sok Fejleszt\u00e9se c\u00edm\u0171 helyi felh\u00edv\u00e1st ismertet\u0151 f\u00f3rum &#8211; Saj\u00f3kereszt\u00far","date":"2020-02-27","format":false,"excerpt":"A B\u00fckk-T\u00e9rs\u00e9gi LEADER Egyes\u00fclet a Turisztikai Szolg\u00e1ltat\u00e1sok Fejleszt\u00e9se c\u00edm\u0171, megjelent helyi felh\u00edv\u00e1s utols\u00f3 ismertet\u0151 f\u00f3rum\u00e1t rendezi meg 2020. 03.11-\u00e9n 17 \u00f3r\u00e1t\u00f3l Saj\u00f3kereszt\u00farban a M\u0171vel\u0151d\u00e9si H\u00e1zban, a mell\u00e9kelt megh\u00edv\u00f3 szerint. Felh\u00edvjuk sz\u00edves figyelm\u00fcket, hogy a f\u00f3rumon val\u00f3 r\u00e9szv\u00e9tel pontoz\u00e1si szempont, melyet ezen alkalommal lehet utolj\u00e1ra teljes\u00edteni.","rel":"","context":"In &quot;H\u00edreink, k\u00f6zlem\u00e9nyeink&quot;","img":{"alt_text":"","src":"https:\/\/i1.wp.com\/bukkleader.hu\/old\/wp-content\/uploads\/2020\/02\/Meghivo_Saj\u00c3\u00b3keresztur.jpg?resize=350%2C200&ssl=1","width":350,"height":200},"classes":[]},{"id":219,"url":"https:\/\/bukkleader.hu\/old\/megujult-a-daranyi-ignac-terv\/","url_meta":{"origin":5818,"position":5},"title":"Meg\u00fajult a Dar\u00e1nyi Ign\u00e1c Terv","date":"2012-08-22","format":false,"excerpt":"Kedvezm\u00e9nyezettek figyelm\u00e9be: Meg\u00fajult a Dar\u00e1nyi Ign\u00e1c Terv \u2013 \u00daj Magyarorsz\u00e1g Vid\u00e9kfejleszt\u00e9si Program arculataMegjelent a 97\/2012 (VIII. 15.) IH K\u00f6zlem\u00e9ny \u201eA Dar\u00e1nyi Ign\u00e1c Terv \u00daj Magyarorsz\u00e1g Vid\u00e9kfejleszt\u00e9si Program keret\u00e9ben t\u00e1mogat\u00e1sban r\u00e9szes\u00fclt kedvezm\u00e9nyezettek t\u00e1j\u00e9koztat\u00e1si \u00e9s nyilv\u00e1noss\u00e1gra vonatkoz\u00f3 k\u00f6telezetts\u00e9geir\u0151l\u201d. A k\u00f6zlem\u00e9ny \u00e9s mell\u00e9kleteinek (arculati k\u00e9zik\u00f6nyv \u00e9s a kapcsol\u00f3d\u00f3 vektorgrafikus \u00e1llom\u00e1ny\u00fa f\u00e1jlok) let\u00f6lt\u00e9se >>","rel":"","context":"In &quot;H\u00edreink, k\u00f6zlem\u00e9nyeink&quot;","img":{"alt_text":"","src":"","width":0,"height":0},"classes":[]}],"_links":{"self":[{"href":"https:\/\/bukkleader.hu\/old\/wp-json\/wp\/v2\/posts\/5818"}],"collection":[{"href":"https:\/\/bukkleader.hu\/old\/wp-json\/wp\/v2\/posts"}],"about":[{"href":"https:\/\/bukkleader.hu\/old\/wp-json\/wp\/v2\/types\/post"}],"author":[{"embeddable":true,"href":"https:\/\/bukkleader.hu\/old\/wp-json\/wp\/v2\/users\/4"}],"replies":[{"embeddable":true,"href":"https:\/\/bukkleader.hu\/old\/wp-json\/wp\/v2\/comments?post=5818"}],"version-history":[{"count":4,"href":"https:\/\/bukkleader.hu\/old\/wp-json\/wp\/v2\/posts\/5818\/revisions"}],"predecessor-version":[{"id":5828,"href":"https:\/\/bukkleader.hu\/old\/wp-json\/wp\/v2\/posts\/5818\/revisions\/5828"}],"wp:featuredmedia":[{"embeddable":true,"href":"https:\/\/bukkleader.hu\/old\/wp-json\/wp\/v2\/media\/1266"}],"wp:attachment":[{"href":"https:\/\/bukkleader.hu\/old\/wp-json\/wp\/v2\/media?parent=5818"}],"wp:term":[{"taxonomy":"category","embeddable":true,"href":"https:\/\/bukkleader.hu\/old\/wp-json\/wp\/v2\/categories?post=5818"},{"taxonomy":"post_tag","embeddable":true,"href":"https:\/\/bukkleader.hu\/old\/wp-json\/wp\/v2\/tags?post=5818"}],"curies":[{"name":"wp","href":"https:\/\/api.w.org\/{rel}","templated":true}]}}