{"id":5795,"date":"2021-03-08T15:41:35","date_gmt":"2021-03-08T14:41:35","guid":{"rendered":"https:\/\/bukkleader.hu\/old\/?p=5795"},"modified":"2021-03-09T09:56:18","modified_gmt":"2021-03-09T08:56:18","slug":"meghivo-a-baratainkkal-az-uton-alapitvany-leader-tamogatassal-megvalosulo-online-kepzesere-2021-04-09-tol","status":"publish","type":"post","link":"https:\/\/bukkleader.hu\/old\/meghivo-a-baratainkkal-az-uton-alapitvany-leader-tamogatassal-megvalosulo-online-kepzesere-2021-04-09-tol\/","title":{"rendered":"Megh\u00edv\u00f3 a &#8220;Bar\u00e1tainkkal az \u00faton&#8221; Alap\u00edtv\u00e1ny LEADER t\u00e1mogat\u00e1ssal megval\u00f3sul\u00f3 online k\u00e9pz\u00e9s\u00e9re \u2013 2021.04.09-t\u0151l"},"content":{"rendered":"<p>A <strong>&#8220;Bar\u00e1tainkkal az \u00faton&#8221; Alap\u00edtv\u00e1ny<\/strong> tisztelettel megh\u00edvja \u00d6n\u00f6ket \u201eSaj\u00f3-Hern\u00e1d V\u00f6lgyi bolg\u00e1rkert\u00e9szeti hagyom\u00e1nyok \u00e1pol\u00e1s\u00e1nak fejleszt\u00e9se VP6-19.2.1-15-7-17\u201d c\u00edm\u0171 p\u00e1ly\u00e1zata keret\u00e9ben megval\u00f3sul\u00f3 <strong>online k\u00e9pz\u00e9sre, amelyre 2021. \u00e1prilis 9-t\u0151l (p\u00e9ntek) ker\u00fcl sor<\/strong> az al\u00e1bbiak szerint (a Megh\u00edv\u00f3 PDF-ben<span style=\"color: #0000ff;\"> <a style=\"color: #0000ff;\" href=\"https:\/\/bukkleader.hu\/old\/wp-content\/uploads\/2021\/03\/meghivo_2021_bolgar_kertesz.pdf\" target=\"_blank\" rel=\"noopener\">let\u00f6lthet\u0151 innen<\/a><\/span>):<\/p>\n<p><img data-attachment-id=\"5796\" data-permalink=\"https:\/\/bukkleader.hu\/old\/meghivo-a-baratainkkal-az-uton-alapitvany-leader-tamogatassal-megvalosulo-online-kepzesere-2021-04-09-tol\/meghivo_2021_bolgar_kertesz_page-0001\/\" data-orig-file=\"https:\/\/bukkleader.hu\/old\/wp-content\/uploads\/2021\/03\/megh\u00edv\u00f3_2021_bolgar_kertesz_page-0001.jpg\" data-orig-size=\"1241,1755\" data-comments-opened=\"1\" data-image-meta=\"{&quot;aperture&quot;:&quot;0&quot;,&quot;credit&quot;:&quot;&quot;,&quot;camera&quot;:&quot;&quot;,&quot;caption&quot;:&quot;&quot;,&quot;created_timestamp&quot;:&quot;0&quot;,&quot;copyright&quot;:&quot;&quot;,&quot;focal_length&quot;:&quot;0&quot;,&quot;iso&quot;:&quot;0&quot;,&quot;shutter_speed&quot;:&quot;0&quot;,&quot;title&quot;:&quot;&quot;,&quot;orientation&quot;:&quot;0&quot;}\" data-image-title=\"megh\u00edv\u00f3_2021_bolgar_kertesz_page-0001\" data-image-description=\"\" data-image-caption=\"\" data-medium-file=\"https:\/\/bukkleader.hu\/old\/wp-content\/uploads\/2021\/03\/megh\u00edv\u00f3_2021_bolgar_kertesz_page-0001-212x300.jpg\" data-large-file=\"https:\/\/bukkleader.hu\/old\/wp-content\/uploads\/2021\/03\/megh\u00edv\u00f3_2021_bolgar_kertesz_page-0001-724x1024.jpg\" loading=\"lazy\" class=\"aligncenter size-full wp-image-5796\" src=\"https:\/\/bukkleader.hu\/old\/wp-content\/uploads\/2021\/03\/megh\u00edv\u00f3_2021_bolgar_kertesz_page-0001.jpg\" alt=\"\" width=\"1241\" height=\"1755\" srcset=\"https:\/\/bukkleader.hu\/old\/wp-content\/uploads\/2021\/03\/megh\u00edv\u00f3_2021_bolgar_kertesz_page-0001.jpg 1241w, https:\/\/bukkleader.hu\/old\/wp-content\/uploads\/2021\/03\/megh\u00edv\u00f3_2021_bolgar_kertesz_page-0001-212x300.jpg 212w, https:\/\/bukkleader.hu\/old\/wp-content\/uploads\/2021\/03\/megh\u00edv\u00f3_2021_bolgar_kertesz_page-0001-768x1086.jpg 768w, https:\/\/bukkleader.hu\/old\/wp-content\/uploads\/2021\/03\/megh\u00edv\u00f3_2021_bolgar_kertesz_page-0001-724x1024.jpg 724w\" sizes=\"(max-width: 1241px) 100vw, 1241px\" \/><\/p>\n<p><img data-attachment-id=\"5797\" data-permalink=\"https:\/\/bukkleader.hu\/old\/meghivo-a-baratainkkal-az-uton-alapitvany-leader-tamogatassal-megvalosulo-online-kepzesere-2021-04-09-tol\/meghivo_2021_bolgar_kertesz_page-0002\/\" data-orig-file=\"https:\/\/bukkleader.hu\/old\/wp-content\/uploads\/2021\/03\/megh\u00edv\u00f3_2021_bolgar_kertesz_page-0002.jpg\" data-orig-size=\"1241,1755\" data-comments-opened=\"1\" data-image-meta=\"{&quot;aperture&quot;:&quot;0&quot;,&quot;credit&quot;:&quot;&quot;,&quot;camera&quot;:&quot;&quot;,&quot;caption&quot;:&quot;&quot;,&quot;created_timestamp&quot;:&quot;0&quot;,&quot;copyright&quot;:&quot;&quot;,&quot;focal_length&quot;:&quot;0&quot;,&quot;iso&quot;:&quot;0&quot;,&quot;shutter_speed&quot;:&quot;0&quot;,&quot;title&quot;:&quot;&quot;,&quot;orientation&quot;:&quot;0&quot;}\" data-image-title=\"megh\u00edv\u00f3_2021_bolgar_kertesz_page-0002\" data-image-description=\"\" data-image-caption=\"\" data-medium-file=\"https:\/\/bukkleader.hu\/old\/wp-content\/uploads\/2021\/03\/megh\u00edv\u00f3_2021_bolgar_kertesz_page-0002-212x300.jpg\" data-large-file=\"https:\/\/bukkleader.hu\/old\/wp-content\/uploads\/2021\/03\/megh\u00edv\u00f3_2021_bolgar_kertesz_page-0002-724x1024.jpg\" loading=\"lazy\" class=\"aligncenter size-full wp-image-5797\" src=\"https:\/\/bukkleader.hu\/old\/wp-content\/uploads\/2021\/03\/megh\u00edv\u00f3_2021_bolgar_kertesz_page-0002.jpg\" alt=\"\" width=\"1241\" height=\"1755\" srcset=\"https:\/\/bukkleader.hu\/old\/wp-content\/uploads\/2021\/03\/megh\u00edv\u00f3_2021_bolgar_kertesz_page-0002.jpg 1241w, https:\/\/bukkleader.hu\/old\/wp-content\/uploads\/2021\/03\/megh\u00edv\u00f3_2021_bolgar_kertesz_page-0002-212x300.jpg 212w, https:\/\/bukkleader.hu\/old\/wp-content\/uploads\/2021\/03\/megh\u00edv\u00f3_2021_bolgar_kertesz_page-0002-768x1086.jpg 768w, https:\/\/bukkleader.hu\/old\/wp-content\/uploads\/2021\/03\/megh\u00edv\u00f3_2021_bolgar_kertesz_page-0002-724x1024.jpg 724w\" sizes=\"(max-width: 1241px) 100vw, 1241px\" \/><\/p>\n<div class=\"sharedaddy sd-sharing-enabled\"><div class=\"robots-nocontent sd-block sd-social sd-social-icon sd-sharing\"><h3 class=\"sd-title\">Share this:<\/h3><div class=\"sd-content\"><ul><li class=\"share-facebook\"><a rel=\"nofollow noopener noreferrer\" data-shared=\"sharing-facebook-5795\" class=\"share-facebook sd-button share-icon no-text\" href=\"https:\/\/bukkleader.hu\/old\/meghivo-a-baratainkkal-az-uton-alapitvany-leader-tamogatassal-megvalosulo-online-kepzesere-2021-04-09-tol\/?share=facebook\" target=\"_blank\" title=\"Click to share on Facebook\"><span><\/span><span class=\"sharing-screen-reader-text\">Click to share on Facebook (Opens in new window)<\/span><\/a><\/li><li class=\"share-twitter\"><a rel=\"nofollow noopener noreferrer\" data-shared=\"sharing-twitter-5795\" class=\"share-twitter sd-button share-icon no-text\" href=\"https:\/\/bukkleader.hu\/old\/meghivo-a-baratainkkal-az-uton-alapitvany-leader-tamogatassal-megvalosulo-online-kepzesere-2021-04-09-tol\/?share=twitter\" target=\"_blank\" title=\"Click to share on Twitter\"><span><\/span><span class=\"sharing-screen-reader-text\">Click to share on Twitter (Opens in new window)<\/span><\/a><\/li><li class=\"share-print\"><a rel=\"nofollow noopener noreferrer\" data-shared=\"\" class=\"share-print sd-button share-icon no-text\" href=\"https:\/\/bukkleader.hu\/old\/meghivo-a-baratainkkal-az-uton-alapitvany-leader-tamogatassal-megvalosulo-online-kepzesere-2021-04-09-tol\/\" target=\"_blank\" title=\"Click to print\"><span><\/span><span class=\"sharing-screen-reader-text\">Click to print (Opens in new window)<\/span><\/a><\/li><li class=\"share-email\"><a rel=\"nofollow noopener noreferrer\" data-shared=\"\" class=\"share-email sd-button share-icon no-text\" href=\"https:\/\/bukkleader.hu\/old\/meghivo-a-baratainkkal-az-uton-alapitvany-leader-tamogatassal-megvalosulo-online-kepzesere-2021-04-09-tol\/?share=email\" target=\"_blank\" title=\"Click to email this to a friend\"><span><\/span><span class=\"sharing-screen-reader-text\">Click to email this to a friend (Opens in new window)<\/span><\/a><\/li><li class=\"share-end\"><\/li><\/ul><\/div><\/div><\/div>","protected":false},"excerpt":{"rendered":"<p>A &#8220;Bar\u00e1tainkkal az \u00faton&#8221; Alap\u00edtv\u00e1ny tisztelettel megh\u00edvja \u00d6n\u00f6ket \u201eSaj\u00f3-Hern\u00e1d V\u00f6lgyi bolg\u00e1rkert\u00e9szeti hagyom\u00e1nyok \u00e1pol\u00e1s\u00e1nak fejleszt\u00e9se VP6-19.2.1-15-7-17\u201d c\u00edm\u0171 p\u00e1ly\u00e1zata keret\u00e9ben megval\u00f3sul\u00f3 online k\u00e9pz\u00e9sre, amelyre 2021. \u00e1prilis 9-t\u0151l (p\u00e9ntek) ker\u00fcl sor az al\u00e1bbiak szerint (a Megh\u00edv\u00f3 PDF-ben let\u00f6lthet\u0151 innen):<\/p>\n<div class=\"sharedaddy sd-sharing-enabled\"><div class=\"robots-nocontent sd-block sd-social sd-social-icon sd-sharing\"><h3 class=\"sd-title\">Share this:<\/h3><div class=\"sd-content\"><ul><li class=\"share-facebook\"><a rel=\"nofollow noopener noreferrer\" data-shared=\"sharing-facebook-5795\" class=\"share-facebook sd-button share-icon no-text\" href=\"https:\/\/bukkleader.hu\/old\/meghivo-a-baratainkkal-az-uton-alapitvany-leader-tamogatassal-megvalosulo-online-kepzesere-2021-04-09-tol\/?share=facebook\" target=\"_blank\" title=\"Click to share on Facebook\"><span><\/span><span class=\"sharing-screen-reader-text\">Click to share on Facebook (Opens in new window)<\/span><\/a><\/li><li class=\"share-twitter\"><a rel=\"nofollow noopener noreferrer\" data-shared=\"sharing-twitter-5795\" class=\"share-twitter sd-button share-icon no-text\" href=\"https:\/\/bukkleader.hu\/old\/meghivo-a-baratainkkal-az-uton-alapitvany-leader-tamogatassal-megvalosulo-online-kepzesere-2021-04-09-tol\/?share=twitter\" target=\"_blank\" title=\"Click to share on Twitter\"><span><\/span><span class=\"sharing-screen-reader-text\">Click to share on Twitter (Opens in new window)<\/span><\/a><\/li><li class=\"share-print\"><a rel=\"nofollow noopener noreferrer\" data-shared=\"\" class=\"share-print sd-button share-icon no-text\" href=\"https:\/\/bukkleader.hu\/old\/meghivo-a-baratainkkal-az-uton-alapitvany-leader-tamogatassal-megvalosulo-online-kepzesere-2021-04-09-tol\/\" target=\"_blank\" title=\"Click to print\"><span><\/span><span class=\"sharing-screen-reader-text\">Click to print (Opens in new window)<\/span><\/a><\/li><li class=\"share-email\"><a rel=\"nofollow noopener noreferrer\" data-shared=\"\" class=\"share-email sd-button share-icon no-text\" href=\"https:\/\/bukkleader.hu\/old\/meghivo-a-baratainkkal-az-uton-alapitvany-leader-tamogatassal-megvalosulo-online-kepzesere-2021-04-09-tol\/?share=email\" target=\"_blank\" title=\"Click to email this to a friend\"><span><\/span><span class=\"sharing-screen-reader-text\">Click to email this to a friend (Opens in new window)<\/span><\/a><\/li><li class=\"share-end\"><\/li><\/ul><\/div><\/div><\/div>","protected":false},"author":4,"featured_media":5798,"comment_status":"open","ping_status":"closed","sticky":false,"template":"","format":"standard","meta":{"_bbp_topic_count":0,"_bbp_reply_count":0,"_bbp_total_topic_count":0,"_bbp_total_reply_count":0,"_bbp_voice_count":0,"_bbp_anonymous_reply_count":0,"_bbp_topic_count_hidden":0,"_bbp_reply_count_hidden":0,"_bbp_forum_subforum_count":0,"spay_email":"","jetpack_publicize_message":"","jetpack_is_tweetstorm":false,"jetpack_publicize_feature_enabled":true},"categories":[35,1,29],"tags":[],"jetpack_featured_media_url":"https:\/\/bukkleader.hu\/old\/wp-content\/uploads\/2021\/03\/onlinekepzes.jpg","jetpack_publicize_connections":[],"jetpack_sharing_enabled":true,"jetpack-related-posts":[{"id":5765,"url":"https:\/\/bukkleader.hu\/old\/sajo-hernad-volgyi-bolgarkerteszeti-hagyomanyok-apolasanak-fejlesztese-leader-tamogatassal-megvalosult-projekt-zaro-rendezvenye-2021-03-26\/","url_meta":{"origin":5795,"position":0},"title":"\u201cSaj\u00f3-Hern\u00e1d V\u00f6lgyi bolg\u00e1rkert\u00e9szeti hagyom\u00e1nyok \u00e1pol\u00e1s\u00e1nak fejleszt\u00e9se\u201d LEADER t\u00e1mogat\u00e1ssal megval\u00f3sult projekt z\u00e1r\u00f3 rendezv\u00e9nye \u2013 2021.03.26.","date":"2021-02-19","format":false,"excerpt":"Saj\u00f3kereszt\u00far K\u00f6zs\u00e9g \u00d6nkorm\u00e1nyzata tisztelettel megh\u00edvja \u00d6n\u00f6ket \u201eSaj\u00f3-Hern\u00e1d V\u00f6lgyi bolg\u00e1rkert\u00e9szeti hagyom\u00e1nyok \u00e1pol\u00e1s\u00e1nak fejleszt\u00e9se VP6-19.2.1-15-7-17\u201d c\u00edm\u0171 p\u00e1ly\u00e1zata z\u00e1r\u00f3 rendezv\u00e9ny\u00e9re, amelyre 2021. m\u00e1rcius 26-\u00e1n (p\u00e9ntek) ker\u00fcl sor Saj\u00f3kereszt\u00farban az al\u00e1bbiak szerint: \u00a0","rel":"","context":"In &quot;Bolg\u00e1rkert\u00e9szeti hagyom\u00e1nyok rendezv\u00e9nyei&quot;","img":{"alt_text":"","src":"https:\/\/i0.wp.com\/bukkleader.hu\/old\/wp-content\/uploads\/2016\/12\/fiatal-mez\u0151gazda.jpg?resize=350%2C200&ssl=1","width":350,"height":200},"classes":[]},{"id":3973,"url":"https:\/\/bukkleader.hu\/old\/sajo-hernad-volgyi-bolgarkerteszeti-hagyomanyok-apolasanak-fejlesztese-leader-tamogatassal-megvalosult-projekt-zaro-rendezvenye-2020-11-27\/","url_meta":{"origin":5795,"position":1},"title":"&#8220;Saj\u00f3-Hern\u00e1d V\u00f6lgyi bolg\u00e1rkert\u00e9szeti hagyom\u00e1nyok \u00e1pol\u00e1s\u00e1nak fejleszt\u00e9se&#8221; LEADER t\u00e1mogat\u00e1ssal megval\u00f3sult projekt z\u00e1r\u00f3 rendezv\u00e9nye \u2013 2020.11.27. (ELMARAD)","date":"2020-10-27","format":false,"excerpt":"Figyelem! A 2020. november 11-\u00e9n \u00e9letbe l\u00e9p\u0151, a Covid-19 j\u00e1rv\u00e1nnyal kapcsolatos int\u00e9zked\u00e9sek miatt az al\u00e1bbi program elmarad. K\u00e9rem, hogy tov\u00e1bbi inform\u00e1ci\u00f3\u00e9rt\u00a0 a programmal kapcsolatban k\u00eds\u00e9rj\u00e9k figyelemmel honlapunkat! *** Saj\u00f3kereszt\u00far K\u00f6zs\u00e9g \u00d6nkorm\u00e1nyzata tisztelettel megh\u00edvja \u00d6n\u00f6ket \u201eSaj\u00f3-Hern\u00e1d V\u00f6lgyi bolg\u00e1rkert\u00e9szeti hagyom\u00e1nyok \u00e1pol\u00e1s\u00e1nak fejleszt\u00e9se VP6-19.2.1-15-7-17\u201d c\u00edm\u0171 p\u00e1ly\u00e1zata z\u00e1r\u00f3 rendezv\u00e9ny\u00e9re, amelyre 2020. november 27-\u00e9n (p\u00e9ntek)\u2026","rel":"","context":"In &quot;Bolg\u00e1rkert\u00e9szeti hagyom\u00e1nyok rendezv\u00e9nyei&quot;","img":{"alt_text":"","src":"https:\/\/i1.wp.com\/bukkleader.hu\/old\/wp-content\/uploads\/2020\/10\/elmarad.jpg?resize=350%2C200&ssl=1","width":350,"height":200},"classes":[]},{"id":5769,"url":"https:\/\/bukkleader.hu\/old\/leader-tudomka-kozpont-kepzes-sajokereszturban-2021-03-26\/","url_meta":{"origin":5795,"position":2},"title":"LEADER Tudomka K\u00f6zpont k\u00e9pz\u00e9s Saj\u00f3kereszt\u00farban \u2013 2021.03.26.","date":"2021-02-24","format":false,"excerpt":"Figyelem! A 2021. m\u00e1rcius 8-\u00e1n \u00e9letbe l\u00e9p\u0151, a Covid-19 j\u00e1rv\u00e1nnyal kapcsolatos int\u00e9zked\u00e9sek miatt az al\u00e1bbi program saj\u00f3kereszt\u00fari rendezv\u00e9nye elmarad, helyette a k\u00e9pz\u00e9s ONLINE form\u00e1ban ker\u00fcl megtart\u00e1sra, amelynek r\u00e9szleteit l\u00e1sd itt. *** A B\u00fckk-hegys\u00e9gi Meg\u00fajul\u00f3 Energi\u00e1k Iskol\u00e1k Alap\u00edtv\u00e1ny, mint LEADER Tudomka K\u00f6zpont, tisztelettel megh\u00edvja \u00d6n\u00f6ket 2021. m\u00e1rcius 26-\u00e1n (p\u00e9ntek) Saj\u00f3kereszt\u00farban tartand\u00f3,\u2026","rel":"","context":"In &quot;H\u00edreink, k\u00f6zlem\u00e9nyeink&quot;","img":{"alt_text":"","src":"https:\/\/i1.wp.com\/bukkleader.hu\/old\/wp-content\/uploads\/2020\/10\/elmarad.jpg?resize=350%2C200&ssl=1","width":350,"height":200},"classes":[]},{"id":3154,"url":"https:\/\/bukkleader.hu\/old\/leader-tudomka-kozpont-kepzes-borsodgeszten-2020-11-05\/","url_meta":{"origin":5795,"position":3},"title":"LEADER Tudomka K\u00f6zpont k\u00e9pz\u00e9s Borsodgeszten &#8211; 2020.11.06.","date":"2020-10-02","format":false,"excerpt":"A B\u00fckk-hegys\u00e9gi Meg\u00fajul\u00f3 Energi\u00e1k Iskol\u00e1k Alap\u00edtv\u00e1ny, mint LEADER Tudomka K\u00f6zpont, tisztelettel megh\u00edvja \u00d6n\u00f6ket 2020. november 6-\u00e1n (p\u00e9ntek) Borsodgeszten tartand\u00f3, LEADER t\u00e1mogat\u00e1ssal megval\u00f3sul\u00f3 k\u00e9pz\u00e9s\u00e9re, melynek tematik\u00e1ja a k\u00f6vetkez\u0151: \u00a0 Megjegyz\u00e9s: Az eredetileg 2020.10.01-\u00e9n megk\u00fcld\u00f6tt megh\u00edv\u00f3t a\u00a0B\u00fckk-hegys\u00e9gi Meg\u00fajul\u00f3 Energi\u00e1k Iskol\u00e1k Alap\u00edtv\u00e1ny 2020.10.06-\u00e1n k\u00fcld\u00f6tt megh\u00edv\u00f3val m\u00f3dos\u00edtotta. A m\u00f3dos\u00edt\u00e1s t\u00e1rgya: a rendezv\u00e9ny id\u0151pontja 2020.11.05-r\u0151l\u2026","rel":"","context":"In &quot;H\u00edreink, k\u00f6zlem\u00e9nyeink&quot;","img":{"alt_text":"","src":"https:\/\/i1.wp.com\/bukkleader.hu\/old\/wp-content\/uploads\/2020\/10\/K\u00c3\u00a9pz\u00c3\u00a9s-megh\u00c3\u00adv\u00c3\u00b3-jav\u00c3\u00adtott-Borsodgeszt-jav_page-0001.jpg?resize=350%2C200&ssl=1","width":350,"height":200},"classes":[]},{"id":8418,"url":"https:\/\/bukkleader.hu\/old\/tudomka-pontok-kialakitasa-rendezveny-2021-09-26-borsodgeszt\/","url_meta":{"origin":5795,"position":4},"title":"Tudomka Pontok kialak\u00edt\u00e1sa rendezv\u00e9ny 2021. 09. 26. Borsodgeszt","date":"2021-08-27","format":false,"excerpt":"A \"Bar\u00e1tainkkal az \u00faton\" Alap\u00edtv\u00e1ny tisztelettel megh\u00edvja \u00d6n\u00f6ket a Tudomka Pontok kialak\u00edt\u00e1sa rendezv\u00e9ny\u00e9re. A megh\u00edv\u00f3 \u00e9s a program let\u00f6lthet\u0151 pdf-ben itt.\u00a0","rel":"","context":"In &quot;H\u00edreink, k\u00f6zlem\u00e9nyeink&quot;","img":{"alt_text":"","src":"https:\/\/i1.wp.com\/bukkleader.hu\/old\/wp-content\/uploads\/2019\/08\/szuret.jpg?resize=350%2C200&ssl=1","width":350,"height":200},"classes":[]},{"id":5807,"url":"https:\/\/bukkleader.hu\/old\/leader-tudomka-kozpont-online-kepzes-sajokereszturban-2021-03-26-es-2021-03-27\/","url_meta":{"origin":5795,"position":5},"title":"LEADER Tudomka K\u00f6zpont ONLINE k\u00e9pz\u00e9s \u2013 2021.04.26. \u00e9s 2021.04.27.","date":"2021-03-25","format":false,"excerpt":"A B\u00fckk-hegys\u00e9gi Meg\u00fajul\u00f3 Energi\u00e1k Iskol\u00e1k Alap\u00edtv\u00e1ny, mint LEADER Tudomka K\u00f6zpont a kor\u00e1bbiakban meghirdetett saj\u00f3kereszt\u00fari k\u00e9pz\u00e9se a Covid j\u00e1rv\u00e1nyra tekintettel ONLINE form\u00e1ban ker\u00fcl megtart\u00e1sra 2021.04.26-\u00e1n (h\u00e9tf\u0151) \u00e9s 2021.04.27-\u00e9n (kedd), az al\u00e1bbiak szerint.","rel":"","context":"In &quot;H\u00edreink, k\u00f6zlem\u00e9nyeink&quot;","img":{"alt_text":"","src":"https:\/\/i2.wp.com\/bukkleader.hu\/old\/wp-content\/uploads\/2016\/06\/\u00faj-k\u00e9p.jpg?resize=350%2C200&ssl=1","width":350,"height":200},"classes":[]}],"_links":{"self":[{"href":"https:\/\/bukkleader.hu\/old\/wp-json\/wp\/v2\/posts\/5795"}],"collection":[{"href":"https:\/\/bukkleader.hu\/old\/wp-json\/wp\/v2\/posts"}],"about":[{"href":"https:\/\/bukkleader.hu\/old\/wp-json\/wp\/v2\/types\/post"}],"author":[{"embeddable":true,"href":"https:\/\/bukkleader.hu\/old\/wp-json\/wp\/v2\/users\/4"}],"replies":[{"embeddable":true,"href":"https:\/\/bukkleader.hu\/old\/wp-json\/wp\/v2\/comments?post=5795"}],"version-history":[{"count":4,"href":"https:\/\/bukkleader.hu\/old\/wp-json\/wp\/v2\/posts\/5795\/revisions"}],"predecessor-version":[{"id":5804,"href":"https:\/\/bukkleader.hu\/old\/wp-json\/wp\/v2\/posts\/5795\/revisions\/5804"}],"wp:featuredmedia":[{"embeddable":true,"href":"https:\/\/bukkleader.hu\/old\/wp-json\/wp\/v2\/media\/5798"}],"wp:attachment":[{"href":"https:\/\/bukkleader.hu\/old\/wp-json\/wp\/v2\/media?parent=5795"}],"wp:term":[{"taxonomy":"category","embeddable":true,"href":"https:\/\/bukkleader.hu\/old\/wp-json\/wp\/v2\/categories?post=5795"},{"taxonomy":"post_tag","embeddable":true,"href":"https:\/\/bukkleader.hu\/old\/wp-json\/wp\/v2\/tags?post=5795"}],"curies":[{"name":"wp","href":"https:\/\/api.w.org\/{rel}","templated":true}]}}