{"id":5784,"date":"2021-03-08T08:38:25","date_gmt":"2021-03-08T07:38:25","guid":{"rendered":"https:\/\/bukkleader.hu\/old\/?p=5784"},"modified":"2021-03-08T08:38:25","modified_gmt":"2021-03-08T07:38:25","slug":"figyelem-a-koronavirussal-kapcsolatos-veszelyhelyzet-miatt-a-szemelyes-ugyfelfogadas-szunetel-irodankban-3","status":"publish","type":"post","link":"https:\/\/bukkleader.hu\/old\/figyelem-a-koronavirussal-kapcsolatos-veszelyhelyzet-miatt-a-szemelyes-ugyfelfogadas-szunetel-irodankban-3\/","title":{"rendered":"FIGYELEM! A koronav\u00edrussal kapcsolatos vesz\u00e9lyhelyzet miatt a szem\u00e9lyes \u00fcgyf\u00e9lfogad\u00e1s sz\u00fcnetel irod\u00e1nkban"},"content":{"rendered":"<p><strong>Tisztelt \u00dcgyfeleink!<br \/>\n<\/strong><\/p>\n<p>A koronav\u00edrussal kapcsolatos vesz\u00e9lyhelyzetre val\u00f3 tekintettel\u00a0<strong>2021. m\u00e1rcius 8-adik\u00e1t\u00f3l irod\u00e1nk a szem\u00e9lyes \u00fcgyf\u00e9lfogad\u00e1st felf\u00fcggeszti<\/strong>. Ezek helyett telefonon vagy e-mailben tudunk k\u00e9rd\u00e9seikre v\u00e1laszolni, inform\u00e1ci\u00f3kkal szolg\u00e1lni az al\u00e1bbi el\u00e9rhet\u0151s\u00e9geinken:<\/p>\n<p>Telefon:\u00a006 46 576 280 (h\u00e9tf\u0151t\u0151l p\u00e9ntekig 8:00-16:00 k\u00f6z\u00f6tt)<br \/>\nE-mail:\u00a0<a href=\"mailto:hacs@bukkleader.hu\" target=\"_blank\" rel=\"noopener\">hacs@bukkleader.hu<\/a><\/p>\n<p>Jelen int\u00e9zked\u00e9s visszavon\u00e1sig \u00e9rv\u00e9nyes.<\/p>\n<p>Meg\u00e9rt\u00e9s\u00fcket k\u00f6sz\u00f6nj\u00fck!<\/p>\n<div class=\"sharedaddy sd-sharing-enabled\"><div class=\"robots-nocontent sd-block sd-social sd-social-icon sd-sharing\"><h3 class=\"sd-title\">Share this:<\/h3><div class=\"sd-content\"><ul><li class=\"share-facebook\"><a rel=\"nofollow noopener noreferrer\" data-shared=\"sharing-facebook-5784\" class=\"share-facebook sd-button share-icon no-text\" href=\"https:\/\/bukkleader.hu\/old\/figyelem-a-koronavirussal-kapcsolatos-veszelyhelyzet-miatt-a-szemelyes-ugyfelfogadas-szunetel-irodankban-3\/?share=facebook\" target=\"_blank\" title=\"Click to share on Facebook\"><span><\/span><span class=\"sharing-screen-reader-text\">Click to share on Facebook (Opens in new window)<\/span><\/a><\/li><li class=\"share-twitter\"><a rel=\"nofollow noopener noreferrer\" data-shared=\"sharing-twitter-5784\" class=\"share-twitter sd-button share-icon no-text\" href=\"https:\/\/bukkleader.hu\/old\/figyelem-a-koronavirussal-kapcsolatos-veszelyhelyzet-miatt-a-szemelyes-ugyfelfogadas-szunetel-irodankban-3\/?share=twitter\" target=\"_blank\" title=\"Click to share on Twitter\"><span><\/span><span class=\"sharing-screen-reader-text\">Click to share on Twitter (Opens in new window)<\/span><\/a><\/li><li class=\"share-print\"><a rel=\"nofollow noopener noreferrer\" data-shared=\"\" class=\"share-print sd-button share-icon no-text\" href=\"https:\/\/bukkleader.hu\/old\/figyelem-a-koronavirussal-kapcsolatos-veszelyhelyzet-miatt-a-szemelyes-ugyfelfogadas-szunetel-irodankban-3\/\" target=\"_blank\" title=\"Click to print\"><span><\/span><span class=\"sharing-screen-reader-text\">Click to print (Opens in new window)<\/span><\/a><\/li><li class=\"share-email\"><a rel=\"nofollow noopener noreferrer\" data-shared=\"\" class=\"share-email sd-button share-icon no-text\" href=\"https:\/\/bukkleader.hu\/old\/figyelem-a-koronavirussal-kapcsolatos-veszelyhelyzet-miatt-a-szemelyes-ugyfelfogadas-szunetel-irodankban-3\/?share=email\" target=\"_blank\" title=\"Click to email this to a friend\"><span><\/span><span class=\"sharing-screen-reader-text\">Click to email this to a friend (Opens in new window)<\/span><\/a><\/li><li class=\"share-end\"><\/li><\/ul><\/div><\/div><\/div>","protected":false},"excerpt":{"rendered":"<p>Tisztelt \u00dcgyfeleink! A koronav\u00edrussal kapcsolatos vesz\u00e9lyhelyzetre val\u00f3 tekintettel\u00a02021. m\u00e1rcius 8-adik\u00e1t\u00f3l irod\u00e1nk a szem\u00e9lyes \u00fcgyf\u00e9lfogad\u00e1st felf\u00fcggeszti. Ezek helyett telefonon vagy e-mailben tudunk k\u00e9rd\u00e9seikre v\u00e1laszolni, inform\u00e1ci\u00f3kkal szolg\u00e1lni az al\u00e1bbi el\u00e9rhet\u0151s\u00e9geinken: Telefon:\u00a006 46 576 280 (h\u00e9tf\u0151t\u0151l p\u00e9ntekig 8:00-16:00 k\u00f6z\u00f6tt) E-mail:\u00a0hacs@bukkleader.hu Jelen int\u00e9zked\u00e9s visszavon\u00e1sig \u00e9rv\u00e9nyes. Meg\u00e9rt\u00e9s\u00fcket k\u00f6sz\u00f6nj\u00fck!<\/p>\n<div class=\"sharedaddy sd-sharing-enabled\"><div class=\"robots-nocontent sd-block sd-social sd-social-icon sd-sharing\"><h3 class=\"sd-title\">Share this:<\/h3><div class=\"sd-content\"><ul><li class=\"share-facebook\"><a rel=\"nofollow noopener noreferrer\" data-shared=\"sharing-facebook-5784\" class=\"share-facebook sd-button share-icon no-text\" href=\"https:\/\/bukkleader.hu\/old\/figyelem-a-koronavirussal-kapcsolatos-veszelyhelyzet-miatt-a-szemelyes-ugyfelfogadas-szunetel-irodankban-3\/?share=facebook\" target=\"_blank\" title=\"Click to share on Facebook\"><span><\/span><span class=\"sharing-screen-reader-text\">Click to share on Facebook (Opens in new window)<\/span><\/a><\/li><li class=\"share-twitter\"><a rel=\"nofollow noopener noreferrer\" data-shared=\"sharing-twitter-5784\" class=\"share-twitter sd-button share-icon no-text\" href=\"https:\/\/bukkleader.hu\/old\/figyelem-a-koronavirussal-kapcsolatos-veszelyhelyzet-miatt-a-szemelyes-ugyfelfogadas-szunetel-irodankban-3\/?share=twitter\" target=\"_blank\" title=\"Click to share on Twitter\"><span><\/span><span class=\"sharing-screen-reader-text\">Click to share on Twitter (Opens in new window)<\/span><\/a><\/li><li class=\"share-print\"><a rel=\"nofollow noopener noreferrer\" data-shared=\"\" class=\"share-print sd-button share-icon no-text\" href=\"https:\/\/bukkleader.hu\/old\/figyelem-a-koronavirussal-kapcsolatos-veszelyhelyzet-miatt-a-szemelyes-ugyfelfogadas-szunetel-irodankban-3\/\" target=\"_blank\" title=\"Click to print\"><span><\/span><span class=\"sharing-screen-reader-text\">Click to print (Opens in new window)<\/span><\/a><\/li><li class=\"share-email\"><a rel=\"nofollow noopener noreferrer\" data-shared=\"\" class=\"share-email sd-button share-icon no-text\" href=\"https:\/\/bukkleader.hu\/old\/figyelem-a-koronavirussal-kapcsolatos-veszelyhelyzet-miatt-a-szemelyes-ugyfelfogadas-szunetel-irodankban-3\/?share=email\" target=\"_blank\" title=\"Click to email this to a friend\"><span><\/span><span class=\"sharing-screen-reader-text\">Click to email this to a friend (Opens in new window)<\/span><\/a><\/li><li class=\"share-end\"><\/li><\/ul><\/div><\/div><\/div>","protected":false},"author":4,"featured_media":188,"comment_status":"open","ping_status":"closed","sticky":false,"template":"","format":"standard","meta":{"_bbp_topic_count":0,"_bbp_reply_count":0,"_bbp_total_topic_count":0,"_bbp_total_reply_count":0,"_bbp_voice_count":0,"_bbp_anonymous_reply_count":0,"_bbp_topic_count_hidden":0,"_bbp_reply_count_hidden":0,"_bbp_forum_subforum_count":0,"spay_email":"","jetpack_publicize_message":"","jetpack_is_tweetstorm":false,"jetpack_publicize_feature_enabled":true},"categories":[1],"tags":[],"jetpack_featured_media_url":"https:\/\/bukkleader.hu\/old\/wp-content\/uploads\/2012\/06\/info384w.jpg","jetpack_publicize_connections":[],"jetpack_sharing_enabled":true,"jetpack-related-posts":[{"id":2493,"url":"https:\/\/bukkleader.hu\/old\/figyelem-a-koronavirussal-kapcsolatos-veszelyhelyzet-miatt-a-szemelyes-ugyfelfogadas-szunetel-irodankban\/","url_meta":{"origin":5784,"position":0},"title":"FIGYELEM! A koronav\u00edrussal kapcsolatos vesz\u00e9lyhelyzet miatt a szem\u00e9lyes \u00fcgyf\u00e9lfogad\u00e1s sz\u00fcnetel irod\u00e1nkban","date":"2020-03-20","format":false,"excerpt":"Tisztelt \u00dcgyfeleink! A koronav\u00edrussal kapcsolatos vesz\u00e9lyhelyzetre val\u00f3 tekintettel\u00a02020. m\u00e1rcius 20-\u00e1t\u00f3l irod\u00e1nk a szem\u00e9lyes \u00fcgyf\u00e9lfogad\u00e1st felf\u00fcggeszti. Ezek helyett telefonon vagy e-mailben tudunk k\u00e9rd\u00e9seikre v\u00e1laszolni, inform\u00e1ci\u00f3kkal szolg\u00e1lni az al\u00e1bbi el\u00e9rhet\u0151s\u00e9geinken: Telefon:\u00a006 46 576 280 (h\u00e9tf\u0151t\u0151l p\u00e9ntekig 8:00-16:00 k\u00f6z\u00f6tt) E-mail:\u00a0hacs@bukkleader.hu Jelen int\u00e9zked\u00e9s visszavon\u00e1sig \u00e9rv\u00e9nyes. Meg\u00e9rt\u00e9s\u00fcket k\u00f6sz\u00f6nj\u00fck!","rel":"","context":"In &quot;H\u00edreink, k\u00f6zlem\u00e9nyeink&quot;","img":{"alt_text":"inform\u00e1ci\u00f3","src":"https:\/\/i1.wp.com\/bukkleader.hu\/old\/wp-content\/uploads\/2012\/06\/info384w.jpg?resize=350%2C200&ssl=1","width":350,"height":200},"classes":[]},{"id":4335,"url":"https:\/\/bukkleader.hu\/old\/figyelem-a-koronavirussal-kapcsolatos-veszelyhelyzet-miatt-a-szemelyes-ugyfelfogadas-szunetel-irodankban-2\/","url_meta":{"origin":5784,"position":1},"title":"FIGYELEM! A koronav\u00edrussal kapcsolatos vesz\u00e9lyhelyzet miatt a szem\u00e9lyes \u00fcgyf\u00e9lfogad\u00e1s sz\u00fcnetel irod\u00e1nkban","date":"2020-11-12","format":false,"excerpt":"Tisztelt \u00dcgyfeleink! A koronav\u00edrussal kapcsolatos vesz\u00e9lyhelyzetre val\u00f3 tekintettel 2020. november 11-t\u0151l irod\u00e1nk a szem\u00e9lyes \u00fcgyf\u00e9lfogad\u00e1st felf\u00fcggeszti. Ehelyett telefonon vagy e-mailben tudunk k\u00e9rd\u00e9seikre v\u00e1laszolni, inform\u00e1ci\u00f3kkal szolg\u00e1lni az al\u00e1bbi el\u00e9rhet\u0151s\u00e9geinken: Telefon: 06 46 576 280 (h\u00e9tf\u0151t\u0151l p\u00e9ntekig 8:00-16:00 k\u00f6z\u00f6tt) E-mail: hacs@bukkleader.hu Jelen int\u00e9zked\u00e9s a korl\u00e1toz\u00e1s fenn\u00e1ll\u00e1s\u00e1ig \u00e9rv\u00e9nyes. Meg\u00e9rt\u00e9s\u00fcket k\u00f6sz\u00f6nj\u00fck!","rel":"","context":"In &quot;H\u00edreink, k\u00f6zlem\u00e9nyeink&quot;","img":{"alt_text":"inform\u00e1ci\u00f3","src":"https:\/\/i1.wp.com\/bukkleader.hu\/old\/wp-content\/uploads\/2012\/06\/info384w.jpg?resize=350%2C200&ssl=1","width":350,"height":200},"classes":[]},{"id":2482,"url":"https:\/\/bukkleader.hu\/old\/a-2020-03-11-re-meghirdetett-felhivasismerteto-forum-a-koronavirus-miatt-elmarad\/","url_meta":{"origin":5784,"position":2},"title":"FIGYELEM! A 2020.03.11-re Saj\u00f3kereszt\u00farra meghirdetett felh\u00edv\u00e1sismertet\u0151 f\u00f3rum a koronav\u00edrus miatt ELMARAD!","date":"2020-03-11","format":false,"excerpt":"Tisztelt P\u00e1ly\u00e1z\u00f3k! A m\u00e1ra\u00a0meghirdetett\u00a0(2020. 03. 11. Saj\u00f3kereszt\u00far)\u00a0utols\u00f3 felh\u00edv\u00e1sismertet\u0151 f\u00f3rum a koronav\u00edrussal kapcsolatos int\u00e9zked\u00e9s miatt elmarad! Akinek k\u00e9rd\u00e9se van a Turisztikai Szolg\u00e1ltat\u00e1sok Fejleszt\u00e9se helyi felh\u00edv\u00e1ssal kapcsolatosan, az szem\u00e9lyes\u00a0vagy telefonos\u00a0konzult\u00e1ci\u00f3n teheti fel k\u00e9rd\u00e9seit.","rel":"","context":"In &quot;H\u00edreink, k\u00f6zlem\u00e9nyeink&quot;","img":{"alt_text":"","src":"https:\/\/i2.wp.com\/bukkleader.hu\/old\/wp-content\/uploads\/2019\/08\/warning-icon-free-28_384x384.jpg?resize=350%2C200&ssl=1","width":350,"height":200},"classes":[]},{"id":2503,"url":"https:\/\/bukkleader.hu\/old\/tajekoztatas-szabadsagolasokrol\/","url_meta":{"origin":5784,"position":3},"title":"T\u00e1j\u00e9koztat\u00e1s szabads\u00e1gol\u00e1sokr\u00f3l","date":"2020-04-09","format":false,"excerpt":"Tisztelt \u00dcgyfeleink! T\u00e1j\u00e9koztatjuk \u00d6n\u00f6ket, hogy 2020. \u00e1prilis 14. \u00e9s 17. k\u00f6z\u00f6tt irod\u00e1nk dolgoz\u00f3i szabads\u00e1gon lesznek.\u00a0 S\u00fcrg\u0151s esetben, munkanapokon 8:00 \u00e9s 16:00 \u00f3ra k\u00f6z\u00f6tt a munkaszervezet vezet\u0151je, Dr. Nagyn\u00e9 Mile Erzs\u00e9bet el\u00e9rhet\u0151 a 06\/30-565-2882 telefonsz\u00e1mon. E-mailen \u00e9rkezett k\u00e9rd\u00e9sekre munkanapokon 15:00 \u00e9s 16:00 \u00f3ra k\u00f6z\u00f6tt v\u00e1laszolunk.\u00a0 Meg\u00e9rt\u00e9s\u00fcket k\u00f6sz\u00f6nj\u00fck! \u00a0","rel":"","context":"In &quot;H\u00edreink, k\u00f6zlem\u00e9nyeink&quot;","img":{"alt_text":"","src":"https:\/\/i2.wp.com\/bukkleader.hu\/old\/wp-content\/uploads\/2016\/11\/b\u00fckkzserc.jpg?resize=350%2C200&ssl=1","width":350,"height":200},"classes":[]},{"id":5996,"url":"https:\/\/bukkleader.hu\/old\/uj-palyazati-lehetoseg\/","url_meta":{"origin":5784,"position":4},"title":"\u00daj p\u00e1ly\u00e1zati lehet\u0151s\u00e9g!","date":"2021-06-25","format":false,"excerpt":"Tisztelt P\u00e1ly\u00e1z\u00f3ink! Hamarosan megjelenik a B\u00fckk-T\u00e9rs\u00e9gi LEADER Egyes\u00fclet \u00e1ltal meghirdetett, a Helyi fejleszt\u00e9sek t\u00e1mogat\u00e1sa c\u00edm\u0171, VP6-19.2.1-15-10-21 k\u00f3dsz\u00e1m\u00fa helyi felh\u00edv\u00e1s, mely keret\u00e9ben a v\u00e1llalkoz\u00f3i-, a civil- \u00e9s az \u00f6nkorm\u00e1nyzati szf\u00e9ra is megval\u00f3s\u00edthatja fejleszt\u00e9si elk\u00e9pzel\u00e9s\u00e9t. Az \u00faj helyi felh\u00edv\u00e1s min\u00e9l sz\u00e9lesebb k\u00f6rben val\u00f3 megismertet\u00e9se \u00e9rdek\u00e9ben t\u00e1j\u00e9koztat\u00f3 f\u00f3rumokat tartunk, melyek helysz\u00ednei \u00e9s id\u0151pontjai\u2026","rel":"","context":"In &quot;H\u00edreink, k\u00f6zlem\u00e9nyeink&quot;","img":{"alt_text":"","src":"https:\/\/i1.wp.com\/bukkleader.hu\/old\/wp-content\/uploads\/2017\/10\/LEADER-logo-Jul09-32.jpg?resize=350%2C200&ssl=1","width":350,"height":200},"classes":[]},{"id":353,"url":"https:\/\/bukkleader.hu\/old\/palyazati-lehetoseg-a-videki-gazdasag-es-a-lakossag-szamara-nyujtott-alapszolgaltatasok-fejlesztesere\/","url_meta":{"origin":5784,"position":5},"title":"P\u00e1ly\u00e1zati lehet\u0151s\u00e9g \u201ea vid\u00e9ki gazdas\u00e1g \u00e9s a lakoss\u00e1g sz\u00e1m\u00e1ra ny\u00fajtott alapszolg\u00e1ltat\u00e1sok fejleszt\u00e9s\u00e9re\u201d","date":"2013-11-14","format":false,"excerpt":"Megjelent a vid\u00e9kfejleszt\u00e9si miniszter 103\/2013. (XI. 8.) VM rendelete az Eur\u00f3pai Mez\u0151gazdas\u00e1gi Vid\u00e9kfejleszt\u00e9si Alapb\u00f3l ny\u00fajtand\u00f3, a vid\u00e9ki gazdas\u00e1g \u00e9s a lakoss\u00e1g sz\u00e1m\u00e1ra ny\u00fajtott alapszolg\u00e1ltat\u00e1sok fejleszt\u00e9s\u00e9re 2013-t\u00f3l ig\u00e9nybe vehet\u0151 t\u00e1mogat\u00e1sok r\u00e9szletes felt\u00e9teleir\u0151l. A rendelet alapj\u00e1n t\u00e1mogat\u00e1s vehet\u0151 ig\u00e9nybe t\u00f6bbek k\u00f6z\u00f6tt a\u00a0kist\u00e9rs\u00e9gi k\u00f6zleked\u00e9si szolg\u00e1ltat\u00e1s fejleszt\u00e9s\u00e9re falu- \u00e9s tanyagondnoki szolg\u00e1ltat\u00e1s ell\u00e1t\u00e1s\u00e1hoz kapcsol\u00f3d\u00f3an(1. c\u00e9lter\u00fclet).\u2026","rel":"","context":"In &quot;H\u00edreink, k\u00f6zlem\u00e9nyeink&quot;","img":{"alt_text":"elektromos-auto2-w","src":"https:\/\/i1.wp.com\/bukkleader.hu\/old\/wp-content\/uploads\/2015\/09\/elektromos-auto2-w.jpg?resize=350%2C200&ssl=1","width":350,"height":200},"classes":[]}],"_links":{"self":[{"href":"https:\/\/bukkleader.hu\/old\/wp-json\/wp\/v2\/posts\/5784"}],"collection":[{"href":"https:\/\/bukkleader.hu\/old\/wp-json\/wp\/v2\/posts"}],"about":[{"href":"https:\/\/bukkleader.hu\/old\/wp-json\/wp\/v2\/types\/post"}],"author":[{"embeddable":true,"href":"https:\/\/bukkleader.hu\/old\/wp-json\/wp\/v2\/users\/4"}],"replies":[{"embeddable":true,"href":"https:\/\/bukkleader.hu\/old\/wp-json\/wp\/v2\/comments?post=5784"}],"version-history":[{"count":1,"href":"https:\/\/bukkleader.hu\/old\/wp-json\/wp\/v2\/posts\/5784\/revisions"}],"predecessor-version":[{"id":5785,"href":"https:\/\/bukkleader.hu\/old\/wp-json\/wp\/v2\/posts\/5784\/revisions\/5785"}],"wp:featuredmedia":[{"embeddable":true,"href":"https:\/\/bukkleader.hu\/old\/wp-json\/wp\/v2\/media\/188"}],"wp:attachment":[{"href":"https:\/\/bukkleader.hu\/old\/wp-json\/wp\/v2\/media?parent=5784"}],"wp:term":[{"taxonomy":"category","embeddable":true,"href":"https:\/\/bukkleader.hu\/old\/wp-json\/wp\/v2\/categories?post=5784"},{"taxonomy":"post_tag","embeddable":true,"href":"https:\/\/bukkleader.hu\/old\/wp-json\/wp\/v2\/tags?post=5784"}],"curies":[{"name":"wp","href":"https:\/\/api.w.org\/{rel}","templated":true}]}}