{"id":5776,"date":"2021-03-05T09:19:04","date_gmt":"2021-03-05T08:19:04","guid":{"rendered":"https:\/\/bukkleader.hu\/old\/?p=5776"},"modified":"2021-03-05T09:28:18","modified_gmt":"2021-03-05T08:28:18","slug":"fontos-az-iranyito-hatosag-kozlemenye-a-koronavirus-veszelyhelyzet-idejen-esedekes-rendezvenyek-kepzesek-megtartasara-elszamolhatosagara-vonatkozoan","status":"publish","type":"post","link":"https:\/\/bukkleader.hu\/old\/fontos-az-iranyito-hatosag-kozlemenye-a-koronavirus-veszelyhelyzet-idejen-esedekes-rendezvenyek-kepzesek-megtartasara-elszamolhatosagara-vonatkozoan\/","title":{"rendered":"FONTOS! Az Ir\u00e1ny\u00edt\u00f3 Hat\u00f3s\u00e1g k\u00f6zlem\u00e9nye a koronav\u00edrus vesz\u00e9lyhelyzet idej\u00e9n esed\u00e9kes rendezv\u00e9nyek\/k\u00e9pz\u00e9sek megtart\u00e1s\u00e1ra, elsz\u00e1molhat\u00f3s\u00e1g\u00e1ra vonatkoz\u00f3an!"},"content":{"rendered":"<p><strong>Tisztelt \u00dcgyfeleink!<\/strong><br \/>\n<strong>Tisztelt Kedvezm\u00e9nyezett!<\/strong><\/p>\n<p>Megjelent az Ir\u00e1ny\u00edt\u00f3 Hat\u00f3s\u00e1g k\u00f6zlem\u00e9nye\u00a0a koronav\u00edrus vesz\u00e9lyhelyzet idej\u00e9n esed\u00e9kes rendezv\u00e9nyek\/k\u00e9pz\u00e9sek megtart\u00e1s\u00e1ra, elsz\u00e1molhat\u00f3s\u00e1g\u00e1ra vonatkoz\u00f3an, amelyet az al\u00e1bbiakban k\u00f6zl\u00fcnk. (A k\u00f6zlem\u00e9ny PDF form\u00e1tumban <span style=\"color: #000080;\"><a style=\"color: #000080;\" href=\"https:\/\/bukkleader.hu\/old\/wp-content\/uploads\/2021\/03\/IH-k\u00f6zlem\u00e9ny_vesz\u00e9lyhelyzet-idej\u00e9n-esed\u00e9kes-rendezv\u00e9nyek-\u00e9s-k\u00e9pz\u00e9sek-002.pdf\" target=\"_blank\" rel=\"noopener\">let\u00f6lthet\u0151 itt<\/a><\/span>.)<\/p>\n<p><img data-attachment-id=\"5777\" data-permalink=\"https:\/\/bukkleader.hu\/old\/fontos-az-iranyito-hatosag-kozlemenye-a-koronavirus-veszelyhelyzet-idejen-esedekes-rendezvenyek-kepzesek-megtartasara-elszamolhatosagara-vonatkozoan\/ih-kozlemeny_veszelyhelyzet-idejen-esedekes-rendezvenyek-es-kepzesek-002_page-0001\/\" data-orig-file=\"https:\/\/bukkleader.hu\/old\/wp-content\/uploads\/2021\/03\/IH-k\u00f6zlem\u00e9ny_vesz\u00e9lyhelyzet-idej\u00e9n-esed\u00e9kes-rendezv\u00e9nyek-\u00e9s-k\u00e9pz\u00e9sek-002_page-0001.jpg\" data-orig-size=\"1240,1755\" data-comments-opened=\"1\" data-image-meta=\"{&quot;aperture&quot;:&quot;0&quot;,&quot;credit&quot;:&quot;&quot;,&quot;camera&quot;:&quot;&quot;,&quot;caption&quot;:&quot;&quot;,&quot;created_timestamp&quot;:&quot;0&quot;,&quot;copyright&quot;:&quot;&quot;,&quot;focal_length&quot;:&quot;0&quot;,&quot;iso&quot;:&quot;0&quot;,&quot;shutter_speed&quot;:&quot;0&quot;,&quot;title&quot;:&quot;&quot;,&quot;orientation&quot;:&quot;0&quot;}\" data-image-title=\"IH k\u00f6zlem\u00e9ny_vesz\u00e9lyhelyzet idej\u00e9n esed\u00e9kes rendezv\u00e9nyek \u00e9s k\u00e9pz\u00e9sek (002)_page-0001\" data-image-description=\"\" data-image-caption=\"\" data-medium-file=\"https:\/\/bukkleader.hu\/old\/wp-content\/uploads\/2021\/03\/IH-k\u00f6zlem\u00e9ny_vesz\u00e9lyhelyzet-idej\u00e9n-esed\u00e9kes-rendezv\u00e9nyek-\u00e9s-k\u00e9pz\u00e9sek-002_page-0001-212x300.jpg\" data-large-file=\"https:\/\/bukkleader.hu\/old\/wp-content\/uploads\/2021\/03\/IH-k\u00f6zlem\u00e9ny_vesz\u00e9lyhelyzet-idej\u00e9n-esed\u00e9kes-rendezv\u00e9nyek-\u00e9s-k\u00e9pz\u00e9sek-002_page-0001-724x1024.jpg\" loading=\"lazy\" class=\"aligncenter size-full wp-image-5777\" src=\"https:\/\/bukkleader.hu\/old\/wp-content\/uploads\/2021\/03\/IH-k\u00f6zlem\u00e9ny_vesz\u00e9lyhelyzet-idej\u00e9n-esed\u00e9kes-rendezv\u00e9nyek-\u00e9s-k\u00e9pz\u00e9sek-002_page-0001.jpg\" alt=\"\" width=\"1240\" height=\"1755\" srcset=\"https:\/\/bukkleader.hu\/old\/wp-content\/uploads\/2021\/03\/IH-k\u00f6zlem\u00e9ny_vesz\u00e9lyhelyzet-idej\u00e9n-esed\u00e9kes-rendezv\u00e9nyek-\u00e9s-k\u00e9pz\u00e9sek-002_page-0001.jpg 1240w, https:\/\/bukkleader.hu\/old\/wp-content\/uploads\/2021\/03\/IH-k\u00f6zlem\u00e9ny_vesz\u00e9lyhelyzet-idej\u00e9n-esed\u00e9kes-rendezv\u00e9nyek-\u00e9s-k\u00e9pz\u00e9sek-002_page-0001-212x300.jpg 212w, https:\/\/bukkleader.hu\/old\/wp-content\/uploads\/2021\/03\/IH-k\u00f6zlem\u00e9ny_vesz\u00e9lyhelyzet-idej\u00e9n-esed\u00e9kes-rendezv\u00e9nyek-\u00e9s-k\u00e9pz\u00e9sek-002_page-0001-768x1087.jpg 768w, https:\/\/bukkleader.hu\/old\/wp-content\/uploads\/2021\/03\/IH-k\u00f6zlem\u00e9ny_vesz\u00e9lyhelyzet-idej\u00e9n-esed\u00e9kes-rendezv\u00e9nyek-\u00e9s-k\u00e9pz\u00e9sek-002_page-0001-724x1024.jpg 724w\" sizes=\"(max-width: 1240px) 100vw, 1240px\" \/><\/p>\n<p><img data-attachment-id=\"5778\" data-permalink=\"https:\/\/bukkleader.hu\/old\/fontos-az-iranyito-hatosag-kozlemenye-a-koronavirus-veszelyhelyzet-idejen-esedekes-rendezvenyek-kepzesek-megtartasara-elszamolhatosagara-vonatkozoan\/ih-kozlemeny_veszelyhelyzet-idejen-esedekes-rendezvenyek-es-kepzesek-002_page-0002\/\" data-orig-file=\"https:\/\/bukkleader.hu\/old\/wp-content\/uploads\/2021\/03\/IH-k\u00f6zlem\u00e9ny_vesz\u00e9lyhelyzet-idej\u00e9n-esed\u00e9kes-rendezv\u00e9nyek-\u00e9s-k\u00e9pz\u00e9sek-002_page-0002.jpg\" data-orig-size=\"1240,1755\" data-comments-opened=\"1\" data-image-meta=\"{&quot;aperture&quot;:&quot;0&quot;,&quot;credit&quot;:&quot;&quot;,&quot;camera&quot;:&quot;&quot;,&quot;caption&quot;:&quot;&quot;,&quot;created_timestamp&quot;:&quot;0&quot;,&quot;copyright&quot;:&quot;&quot;,&quot;focal_length&quot;:&quot;0&quot;,&quot;iso&quot;:&quot;0&quot;,&quot;shutter_speed&quot;:&quot;0&quot;,&quot;title&quot;:&quot;&quot;,&quot;orientation&quot;:&quot;0&quot;}\" data-image-title=\"IH k\u00f6zlem\u00e9ny_vesz\u00e9lyhelyzet idej\u00e9n esed\u00e9kes rendezv\u00e9nyek \u00e9s k\u00e9pz\u00e9sek (002)_page-0002\" data-image-description=\"\" data-image-caption=\"\" data-medium-file=\"https:\/\/bukkleader.hu\/old\/wp-content\/uploads\/2021\/03\/IH-k\u00f6zlem\u00e9ny_vesz\u00e9lyhelyzet-idej\u00e9n-esed\u00e9kes-rendezv\u00e9nyek-\u00e9s-k\u00e9pz\u00e9sek-002_page-0002-212x300.jpg\" data-large-file=\"https:\/\/bukkleader.hu\/old\/wp-content\/uploads\/2021\/03\/IH-k\u00f6zlem\u00e9ny_vesz\u00e9lyhelyzet-idej\u00e9n-esed\u00e9kes-rendezv\u00e9nyek-\u00e9s-k\u00e9pz\u00e9sek-002_page-0002-724x1024.jpg\" loading=\"lazy\" class=\"aligncenter size-full wp-image-5778\" src=\"https:\/\/bukkleader.hu\/old\/wp-content\/uploads\/2021\/03\/IH-k\u00f6zlem\u00e9ny_vesz\u00e9lyhelyzet-idej\u00e9n-esed\u00e9kes-rendezv\u00e9nyek-\u00e9s-k\u00e9pz\u00e9sek-002_page-0002.jpg\" alt=\"\" width=\"1240\" height=\"1755\" srcset=\"https:\/\/bukkleader.hu\/old\/wp-content\/uploads\/2021\/03\/IH-k\u00f6zlem\u00e9ny_vesz\u00e9lyhelyzet-idej\u00e9n-esed\u00e9kes-rendezv\u00e9nyek-\u00e9s-k\u00e9pz\u00e9sek-002_page-0002.jpg 1240w, https:\/\/bukkleader.hu\/old\/wp-content\/uploads\/2021\/03\/IH-k\u00f6zlem\u00e9ny_vesz\u00e9lyhelyzet-idej\u00e9n-esed\u00e9kes-rendezv\u00e9nyek-\u00e9s-k\u00e9pz\u00e9sek-002_page-0002-212x300.jpg 212w, https:\/\/bukkleader.hu\/old\/wp-content\/uploads\/2021\/03\/IH-k\u00f6zlem\u00e9ny_vesz\u00e9lyhelyzet-idej\u00e9n-esed\u00e9kes-rendezv\u00e9nyek-\u00e9s-k\u00e9pz\u00e9sek-002_page-0002-768x1087.jpg 768w, https:\/\/bukkleader.hu\/old\/wp-content\/uploads\/2021\/03\/IH-k\u00f6zlem\u00e9ny_vesz\u00e9lyhelyzet-idej\u00e9n-esed\u00e9kes-rendezv\u00e9nyek-\u00e9s-k\u00e9pz\u00e9sek-002_page-0002-724x1024.jpg 724w\" sizes=\"(max-width: 1240px) 100vw, 1240px\" \/><\/p>\n<p><img data-attachment-id=\"5779\" data-permalink=\"https:\/\/bukkleader.hu\/old\/fontos-az-iranyito-hatosag-kozlemenye-a-koronavirus-veszelyhelyzet-idejen-esedekes-rendezvenyek-kepzesek-megtartasara-elszamolhatosagara-vonatkozoan\/ih-kozlemeny_veszelyhelyzet-idejen-esedekes-rendezvenyek-es-kepzesek-002_page-0003\/\" data-orig-file=\"https:\/\/bukkleader.hu\/old\/wp-content\/uploads\/2021\/03\/IH-k\u00f6zlem\u00e9ny_vesz\u00e9lyhelyzet-idej\u00e9n-esed\u00e9kes-rendezv\u00e9nyek-\u00e9s-k\u00e9pz\u00e9sek-002_page-0003.jpg\" data-orig-size=\"1240,1755\" data-comments-opened=\"1\" data-image-meta=\"{&quot;aperture&quot;:&quot;0&quot;,&quot;credit&quot;:&quot;&quot;,&quot;camera&quot;:&quot;&quot;,&quot;caption&quot;:&quot;&quot;,&quot;created_timestamp&quot;:&quot;0&quot;,&quot;copyright&quot;:&quot;&quot;,&quot;focal_length&quot;:&quot;0&quot;,&quot;iso&quot;:&quot;0&quot;,&quot;shutter_speed&quot;:&quot;0&quot;,&quot;title&quot;:&quot;&quot;,&quot;orientation&quot;:&quot;0&quot;}\" data-image-title=\"IH k\u00f6zlem\u00e9ny_vesz\u00e9lyhelyzet idej\u00e9n esed\u00e9kes rendezv\u00e9nyek \u00e9s k\u00e9pz\u00e9sek (002)_page-0003\" data-image-description=\"\" data-image-caption=\"\" data-medium-file=\"https:\/\/bukkleader.hu\/old\/wp-content\/uploads\/2021\/03\/IH-k\u00f6zlem\u00e9ny_vesz\u00e9lyhelyzet-idej\u00e9n-esed\u00e9kes-rendezv\u00e9nyek-\u00e9s-k\u00e9pz\u00e9sek-002_page-0003-212x300.jpg\" data-large-file=\"https:\/\/bukkleader.hu\/old\/wp-content\/uploads\/2021\/03\/IH-k\u00f6zlem\u00e9ny_vesz\u00e9lyhelyzet-idej\u00e9n-esed\u00e9kes-rendezv\u00e9nyek-\u00e9s-k\u00e9pz\u00e9sek-002_page-0003-724x1024.jpg\" loading=\"lazy\" class=\"aligncenter size-full wp-image-5779\" src=\"https:\/\/bukkleader.hu\/old\/wp-content\/uploads\/2021\/03\/IH-k\u00f6zlem\u00e9ny_vesz\u00e9lyhelyzet-idej\u00e9n-esed\u00e9kes-rendezv\u00e9nyek-\u00e9s-k\u00e9pz\u00e9sek-002_page-0003.jpg\" alt=\"\" width=\"1240\" height=\"1755\" srcset=\"https:\/\/bukkleader.hu\/old\/wp-content\/uploads\/2021\/03\/IH-k\u00f6zlem\u00e9ny_vesz\u00e9lyhelyzet-idej\u00e9n-esed\u00e9kes-rendezv\u00e9nyek-\u00e9s-k\u00e9pz\u00e9sek-002_page-0003.jpg 1240w, https:\/\/bukkleader.hu\/old\/wp-content\/uploads\/2021\/03\/IH-k\u00f6zlem\u00e9ny_vesz\u00e9lyhelyzet-idej\u00e9n-esed\u00e9kes-rendezv\u00e9nyek-\u00e9s-k\u00e9pz\u00e9sek-002_page-0003-212x300.jpg 212w, https:\/\/bukkleader.hu\/old\/wp-content\/uploads\/2021\/03\/IH-k\u00f6zlem\u00e9ny_vesz\u00e9lyhelyzet-idej\u00e9n-esed\u00e9kes-rendezv\u00e9nyek-\u00e9s-k\u00e9pz\u00e9sek-002_page-0003-768x1087.jpg 768w, https:\/\/bukkleader.hu\/old\/wp-content\/uploads\/2021\/03\/IH-k\u00f6zlem\u00e9ny_vesz\u00e9lyhelyzet-idej\u00e9n-esed\u00e9kes-rendezv\u00e9nyek-\u00e9s-k\u00e9pz\u00e9sek-002_page-0003-724x1024.jpg 724w\" sizes=\"(max-width: 1240px) 100vw, 1240px\" \/><\/p>\n<div class=\"sharedaddy sd-sharing-enabled\"><div class=\"robots-nocontent sd-block sd-social sd-social-icon sd-sharing\"><h3 class=\"sd-title\">Share this:<\/h3><div class=\"sd-content\"><ul><li class=\"share-facebook\"><a rel=\"nofollow noopener noreferrer\" data-shared=\"sharing-facebook-5776\" class=\"share-facebook sd-button share-icon no-text\" href=\"https:\/\/bukkleader.hu\/old\/fontos-az-iranyito-hatosag-kozlemenye-a-koronavirus-veszelyhelyzet-idejen-esedekes-rendezvenyek-kepzesek-megtartasara-elszamolhatosagara-vonatkozoan\/?share=facebook\" target=\"_blank\" title=\"Click to share on Facebook\"><span><\/span><span class=\"sharing-screen-reader-text\">Click to share on Facebook (Opens in new window)<\/span><\/a><\/li><li class=\"share-twitter\"><a rel=\"nofollow noopener noreferrer\" data-shared=\"sharing-twitter-5776\" class=\"share-twitter sd-button share-icon no-text\" href=\"https:\/\/bukkleader.hu\/old\/fontos-az-iranyito-hatosag-kozlemenye-a-koronavirus-veszelyhelyzet-idejen-esedekes-rendezvenyek-kepzesek-megtartasara-elszamolhatosagara-vonatkozoan\/?share=twitter\" target=\"_blank\" title=\"Click to share on Twitter\"><span><\/span><span class=\"sharing-screen-reader-text\">Click to share on Twitter (Opens in new window)<\/span><\/a><\/li><li class=\"share-print\"><a rel=\"nofollow noopener noreferrer\" data-shared=\"\" class=\"share-print sd-button share-icon no-text\" href=\"https:\/\/bukkleader.hu\/old\/fontos-az-iranyito-hatosag-kozlemenye-a-koronavirus-veszelyhelyzet-idejen-esedekes-rendezvenyek-kepzesek-megtartasara-elszamolhatosagara-vonatkozoan\/\" target=\"_blank\" title=\"Click to print\"><span><\/span><span class=\"sharing-screen-reader-text\">Click to print (Opens in new window)<\/span><\/a><\/li><li class=\"share-email\"><a rel=\"nofollow noopener noreferrer\" data-shared=\"\" class=\"share-email sd-button share-icon no-text\" href=\"https:\/\/bukkleader.hu\/old\/fontos-az-iranyito-hatosag-kozlemenye-a-koronavirus-veszelyhelyzet-idejen-esedekes-rendezvenyek-kepzesek-megtartasara-elszamolhatosagara-vonatkozoan\/?share=email\" target=\"_blank\" title=\"Click to email this to a friend\"><span><\/span><span class=\"sharing-screen-reader-text\">Click to email this to a friend (Opens in new window)<\/span><\/a><\/li><li class=\"share-end\"><\/li><\/ul><\/div><\/div><\/div>","protected":false},"excerpt":{"rendered":"<p>Tisztelt \u00dcgyfeleink! Tisztelt Kedvezm\u00e9nyezett! Megjelent az Ir\u00e1ny\u00edt\u00f3 Hat\u00f3s\u00e1g k\u00f6zlem\u00e9nye\u00a0a koronav\u00edrus vesz\u00e9lyhelyzet idej\u00e9n esed\u00e9kes rendezv\u00e9nyek\/k\u00e9pz\u00e9sek megtart\u00e1s\u00e1ra, elsz\u00e1molhat\u00f3s\u00e1g\u00e1ra vonatkoz\u00f3an, amelyet az al\u00e1bbiakban k\u00f6zl\u00fcnk. (A k\u00f6zlem\u00e9ny PDF form\u00e1tumban let\u00f6lthet\u0151 itt.)<\/p>\n<div class=\"sharedaddy sd-sharing-enabled\"><div class=\"robots-nocontent sd-block sd-social sd-social-icon sd-sharing\"><h3 class=\"sd-title\">Share this:<\/h3><div class=\"sd-content\"><ul><li class=\"share-facebook\"><a rel=\"nofollow noopener noreferrer\" data-shared=\"sharing-facebook-5776\" class=\"share-facebook sd-button share-icon no-text\" href=\"https:\/\/bukkleader.hu\/old\/fontos-az-iranyito-hatosag-kozlemenye-a-koronavirus-veszelyhelyzet-idejen-esedekes-rendezvenyek-kepzesek-megtartasara-elszamolhatosagara-vonatkozoan\/?share=facebook\" target=\"_blank\" title=\"Click to share on Facebook\"><span><\/span><span class=\"sharing-screen-reader-text\">Click to share on Facebook (Opens in new window)<\/span><\/a><\/li><li class=\"share-twitter\"><a rel=\"nofollow noopener noreferrer\" data-shared=\"sharing-twitter-5776\" class=\"share-twitter sd-button share-icon no-text\" href=\"https:\/\/bukkleader.hu\/old\/fontos-az-iranyito-hatosag-kozlemenye-a-koronavirus-veszelyhelyzet-idejen-esedekes-rendezvenyek-kepzesek-megtartasara-elszamolhatosagara-vonatkozoan\/?share=twitter\" target=\"_blank\" title=\"Click to share on Twitter\"><span><\/span><span class=\"sharing-screen-reader-text\">Click to share on Twitter (Opens in new window)<\/span><\/a><\/li><li class=\"share-print\"><a rel=\"nofollow noopener noreferrer\" data-shared=\"\" class=\"share-print sd-button share-icon no-text\" href=\"https:\/\/bukkleader.hu\/old\/fontos-az-iranyito-hatosag-kozlemenye-a-koronavirus-veszelyhelyzet-idejen-esedekes-rendezvenyek-kepzesek-megtartasara-elszamolhatosagara-vonatkozoan\/\" target=\"_blank\" title=\"Click to print\"><span><\/span><span class=\"sharing-screen-reader-text\">Click to print (Opens in new window)<\/span><\/a><\/li><li class=\"share-email\"><a rel=\"nofollow noopener noreferrer\" data-shared=\"\" class=\"share-email sd-button share-icon no-text\" href=\"https:\/\/bukkleader.hu\/old\/fontos-az-iranyito-hatosag-kozlemenye-a-koronavirus-veszelyhelyzet-idejen-esedekes-rendezvenyek-kepzesek-megtartasara-elszamolhatosagara-vonatkozoan\/?share=email\" target=\"_blank\" title=\"Click to email this to a friend\"><span><\/span><span class=\"sharing-screen-reader-text\">Click to email this to a friend (Opens in new window)<\/span><\/a><\/li><li class=\"share-end\"><\/li><\/ul><\/div><\/div><\/div>","protected":false},"author":4,"featured_media":323,"comment_status":"open","ping_status":"closed","sticky":false,"template":"","format":"standard","meta":{"_bbp_topic_count":0,"_bbp_reply_count":0,"_bbp_total_topic_count":0,"_bbp_total_reply_count":0,"_bbp_voice_count":0,"_bbp_anonymous_reply_count":0,"_bbp_topic_count_hidden":0,"_bbp_reply_count_hidden":0,"_bbp_forum_subforum_count":0,"spay_email":"","jetpack_publicize_message":"","jetpack_is_tweetstorm":false,"jetpack_publicize_feature_enabled":true},"categories":[1],"tags":[],"jetpack_featured_media_url":"https:\/\/bukkleader.hu\/old\/wp-content\/uploads\/2015\/09\/magyar-cimer1.jpg","jetpack_publicize_connections":[],"jetpack_sharing_enabled":true,"jetpack-related-posts":[{"id":2536,"url":"https:\/\/bukkleader.hu\/old\/tajekoztato-a-veszelyhelyzet-miatt-bekovetkezo-hatranyos-kovetkezmenyek-egyhitese-erdekeben-hozott-intezkedesekrol\/","url_meta":{"origin":5776,"position":0},"title":"T\u00e1j\u00e9koztat\u00f3 a vesz\u00e9lyhelyzet miatt bek\u00f6vetkez\u0151 h\u00e1tr\u00e1nyos k\u00f6vetkezm\u00e9nyek egyh\u00edt\u00e9se \u00e9rdek\u00e9ben hozott int\u00e9zked\u00e9sekr\u0151l","date":"2020-04-22","format":false,"excerpt":"T\u00c1J\u00c9KOZTAT\u00d3 A VESZ\u00c9LYHELYZET MIATT BEK\u00d6VETKEZ\u0150 H\u00c1TR\u00c1NYOS K\u00d6VETKEZM\u00c9NYEK ENYH\u00cdT\u00c9SE \u00c9RDEK\u00c9BEN HOZOTT FEJLESZT\u00c9SPOLTIKAI INT\u00c9ZKED\u00c9SEKR\u0150L AZ EUR\u00d3PAI MEZ\u0150GAZDAS\u00c1GI VID\u00c9KFEJLESZT\u00c9SI ALAPB\u00d3L MEGVAL\u00d3SUL\u00d3 BERUH\u00c1Z\u00c1SI T\u00cdPUS\u00da PROJEKTEK KAPCS\u00c1N Tisztelt T\u00e1mogat\u00e1st Ig\u00e9nyl\u0151 \u00e9s Kedvezm\u00e9nyezett! A koronav\u00edrus-j\u00e1rv\u00e1ny okozta vesz\u00e9lyhelyzet megnehez\u00edti a projektek v\u00e9grehajt\u00e1s\u00e1t, sok esetben a t\u00e1mogat\u00e1si szerz\u0151d\u00e9sben v\u00e1llalt k\u00f6telezetts\u00e9gek nem teljes\u00edthet\u0151ek. Az Innov\u00e1ci\u00f3s \u00e9s Technol\u00f3giai Miniszt\u00e9rium a\u2026","rel":"","context":"In &quot;H\u00edreink, k\u00f6zlem\u00e9nyeink&quot;","img":{"alt_text":"magyar-cimer","src":"https:\/\/i0.wp.com\/bukkleader.hu\/old\/wp-content\/uploads\/2015\/09\/magyar-cimer.jpg?resize=350%2C200&ssl=1","width":350,"height":200},"classes":[]},{"id":2493,"url":"https:\/\/bukkleader.hu\/old\/figyelem-a-koronavirussal-kapcsolatos-veszelyhelyzet-miatt-a-szemelyes-ugyfelfogadas-szunetel-irodankban\/","url_meta":{"origin":5776,"position":1},"title":"FIGYELEM! A koronav\u00edrussal kapcsolatos vesz\u00e9lyhelyzet miatt a szem\u00e9lyes \u00fcgyf\u00e9lfogad\u00e1s sz\u00fcnetel irod\u00e1nkban","date":"2020-03-20","format":false,"excerpt":"Tisztelt \u00dcgyfeleink! A koronav\u00edrussal kapcsolatos vesz\u00e9lyhelyzetre val\u00f3 tekintettel\u00a02020. m\u00e1rcius 20-\u00e1t\u00f3l irod\u00e1nk a szem\u00e9lyes \u00fcgyf\u00e9lfogad\u00e1st felf\u00fcggeszti. Ezek helyett telefonon vagy e-mailben tudunk k\u00e9rd\u00e9seikre v\u00e1laszolni, inform\u00e1ci\u00f3kkal szolg\u00e1lni az al\u00e1bbi el\u00e9rhet\u0151s\u00e9geinken: Telefon:\u00a006 46 576 280 (h\u00e9tf\u0151t\u0151l p\u00e9ntekig 8:00-16:00 k\u00f6z\u00f6tt) E-mail:\u00a0hacs@bukkleader.hu Jelen int\u00e9zked\u00e9s visszavon\u00e1sig \u00e9rv\u00e9nyes. Meg\u00e9rt\u00e9s\u00fcket k\u00f6sz\u00f6nj\u00fck!","rel":"","context":"In &quot;H\u00edreink, k\u00f6zlem\u00e9nyeink&quot;","img":{"alt_text":"inform\u00e1ci\u00f3","src":"https:\/\/i1.wp.com\/bukkleader.hu\/old\/wp-content\/uploads\/2012\/06\/info384w.jpg?resize=350%2C200&ssl=1","width":350,"height":200},"classes":[]},{"id":4335,"url":"https:\/\/bukkleader.hu\/old\/figyelem-a-koronavirussal-kapcsolatos-veszelyhelyzet-miatt-a-szemelyes-ugyfelfogadas-szunetel-irodankban-2\/","url_meta":{"origin":5776,"position":2},"title":"FIGYELEM! A koronav\u00edrussal kapcsolatos vesz\u00e9lyhelyzet miatt a szem\u00e9lyes \u00fcgyf\u00e9lfogad\u00e1s sz\u00fcnetel irod\u00e1nkban","date":"2020-11-12","format":false,"excerpt":"Tisztelt \u00dcgyfeleink! A koronav\u00edrussal kapcsolatos vesz\u00e9lyhelyzetre val\u00f3 tekintettel 2020. november 11-t\u0151l irod\u00e1nk a szem\u00e9lyes \u00fcgyf\u00e9lfogad\u00e1st felf\u00fcggeszti. Ehelyett telefonon vagy e-mailben tudunk k\u00e9rd\u00e9seikre v\u00e1laszolni, inform\u00e1ci\u00f3kkal szolg\u00e1lni az al\u00e1bbi el\u00e9rhet\u0151s\u00e9geinken: Telefon: 06 46 576 280 (h\u00e9tf\u0151t\u0151l p\u00e9ntekig 8:00-16:00 k\u00f6z\u00f6tt) E-mail: hacs@bukkleader.hu Jelen int\u00e9zked\u00e9s a korl\u00e1toz\u00e1s fenn\u00e1ll\u00e1s\u00e1ig \u00e9rv\u00e9nyes. Meg\u00e9rt\u00e9s\u00fcket k\u00f6sz\u00f6nj\u00fck!","rel":"","context":"In &quot;H\u00edreink, k\u00f6zlem\u00e9nyeink&quot;","img":{"alt_text":"inform\u00e1ci\u00f3","src":"https:\/\/i1.wp.com\/bukkleader.hu\/old\/wp-content\/uploads\/2012\/06\/info384w.jpg?resize=350%2C200&ssl=1","width":350,"height":200},"classes":[]},{"id":5784,"url":"https:\/\/bukkleader.hu\/old\/figyelem-a-koronavirussal-kapcsolatos-veszelyhelyzet-miatt-a-szemelyes-ugyfelfogadas-szunetel-irodankban-3\/","url_meta":{"origin":5776,"position":3},"title":"FIGYELEM! A koronav\u00edrussal kapcsolatos vesz\u00e9lyhelyzet miatt a szem\u00e9lyes \u00fcgyf\u00e9lfogad\u00e1s sz\u00fcnetel irod\u00e1nkban","date":"2021-03-08","format":false,"excerpt":"Tisztelt \u00dcgyfeleink! A koronav\u00edrussal kapcsolatos vesz\u00e9lyhelyzetre val\u00f3 tekintettel\u00a02021. m\u00e1rcius 8-adik\u00e1t\u00f3l irod\u00e1nk a szem\u00e9lyes \u00fcgyf\u00e9lfogad\u00e1st felf\u00fcggeszti. Ezek helyett telefonon vagy e-mailben tudunk k\u00e9rd\u00e9seikre v\u00e1laszolni, inform\u00e1ci\u00f3kkal szolg\u00e1lni az al\u00e1bbi el\u00e9rhet\u0151s\u00e9geinken: Telefon:\u00a006 46 576 280 (h\u00e9tf\u0151t\u0151l p\u00e9ntekig 8:00-16:00 k\u00f6z\u00f6tt) E-mail:\u00a0hacs@bukkleader.hu Jelen int\u00e9zked\u00e9s visszavon\u00e1sig \u00e9rv\u00e9nyes. Meg\u00e9rt\u00e9s\u00fcket k\u00f6sz\u00f6nj\u00fck!","rel":"","context":"In &quot;H\u00edreink, k\u00f6zlem\u00e9nyeink&quot;","img":{"alt_text":"inform\u00e1ci\u00f3","src":"https:\/\/i1.wp.com\/bukkleader.hu\/old\/wp-content\/uploads\/2012\/06\/info384w.jpg?resize=350%2C200&ssl=1","width":350,"height":200},"classes":[]},{"id":2473,"url":"https:\/\/bukkleader.hu\/old\/uj-iranyito-hatosagi-kozlemeny-jelent-meg-az-elolegrol\/","url_meta":{"origin":5776,"position":4},"title":"\u00daj Ir\u00e1ny\u00edt\u00f3 Hat\u00f3s\u00e1gi k\u00f6zlem\u00e9ny jelent meg az el\u0151legr\u0151l!","date":"2020-03-05","format":false,"excerpt":"Tisztelt Kedvezm\u00e9nyezettek! \u00daj Ir\u00e1ny\u00edt\u00f3 Hat\u00f3s\u00e1gi k\u00f6zlem\u00e9ny jelent meg a LEADER felh\u00edv\u00e1sok t\u00e1mogat\u00e1si el\u0151leg\u00e9r\u0151l! Let\u00f6lthet\u0151:\u00a0https:\/\/www.mvh.allamkincstar.gov.hu\/leader-helyi-felhivasok","rel":"","context":"In &quot;Dokumentumok&quot;","img":{"alt_text":"","src":"https:\/\/i1.wp.com\/bukkleader.hu\/old\/wp-content\/uploads\/2017\/10\/LEADER-logo-Jul09-32.jpg?resize=350%2C200&ssl=1","width":350,"height":200},"classes":[]},{"id":5807,"url":"https:\/\/bukkleader.hu\/old\/leader-tudomka-kozpont-online-kepzes-sajokereszturban-2021-03-26-es-2021-03-27\/","url_meta":{"origin":5776,"position":5},"title":"LEADER Tudomka K\u00f6zpont ONLINE k\u00e9pz\u00e9s \u2013 2021.04.26. \u00e9s 2021.04.27.","date":"2021-03-25","format":false,"excerpt":"A B\u00fckk-hegys\u00e9gi Meg\u00fajul\u00f3 Energi\u00e1k Iskol\u00e1k Alap\u00edtv\u00e1ny, mint LEADER Tudomka K\u00f6zpont a kor\u00e1bbiakban meghirdetett saj\u00f3kereszt\u00fari k\u00e9pz\u00e9se a Covid j\u00e1rv\u00e1nyra tekintettel ONLINE form\u00e1ban ker\u00fcl megtart\u00e1sra 2021.04.26-\u00e1n (h\u00e9tf\u0151) \u00e9s 2021.04.27-\u00e9n (kedd), az al\u00e1bbiak szerint.","rel":"","context":"In &quot;H\u00edreink, k\u00f6zlem\u00e9nyeink&quot;","img":{"alt_text":"","src":"https:\/\/i2.wp.com\/bukkleader.hu\/old\/wp-content\/uploads\/2016\/06\/\u00faj-k\u00e9p.jpg?resize=350%2C200&ssl=1","width":350,"height":200},"classes":[]}],"_links":{"self":[{"href":"https:\/\/bukkleader.hu\/old\/wp-json\/wp\/v2\/posts\/5776"}],"collection":[{"href":"https:\/\/bukkleader.hu\/old\/wp-json\/wp\/v2\/posts"}],"about":[{"href":"https:\/\/bukkleader.hu\/old\/wp-json\/wp\/v2\/types\/post"}],"author":[{"embeddable":true,"href":"https:\/\/bukkleader.hu\/old\/wp-json\/wp\/v2\/users\/4"}],"replies":[{"embeddable":true,"href":"https:\/\/bukkleader.hu\/old\/wp-json\/wp\/v2\/comments?post=5776"}],"version-history":[{"count":3,"href":"https:\/\/bukkleader.hu\/old\/wp-json\/wp\/v2\/posts\/5776\/revisions"}],"predecessor-version":[{"id":5783,"href":"https:\/\/bukkleader.hu\/old\/wp-json\/wp\/v2\/posts\/5776\/revisions\/5783"}],"wp:featuredmedia":[{"embeddable":true,"href":"https:\/\/bukkleader.hu\/old\/wp-json\/wp\/v2\/media\/323"}],"wp:attachment":[{"href":"https:\/\/bukkleader.hu\/old\/wp-json\/wp\/v2\/media?parent=5776"}],"wp:term":[{"taxonomy":"category","embeddable":true,"href":"https:\/\/bukkleader.hu\/old\/wp-json\/wp\/v2\/categories?post=5776"},{"taxonomy":"post_tag","embeddable":true,"href":"https:\/\/bukkleader.hu\/old\/wp-json\/wp\/v2\/tags?post=5776"}],"curies":[{"name":"wp","href":"https:\/\/api.w.org\/{rel}","templated":true}]}}