{"id":5769,"date":"2021-02-24T10:23:31","date_gmt":"2021-02-24T09:23:31","guid":{"rendered":"https:\/\/bukkleader.hu\/old\/?p=5769"},"modified":"2021-03-25T11:16:42","modified_gmt":"2021-03-25T10:16:42","slug":"leader-tudomka-kozpont-kepzes-sajokereszturban-2021-03-26","status":"publish","type":"post","link":"https:\/\/bukkleader.hu\/old\/leader-tudomka-kozpont-kepzes-sajokereszturban-2021-03-26\/","title":{"rendered":"LEADER Tudomka K\u00f6zpont k\u00e9pz\u00e9s Saj\u00f3kereszt\u00farban \u2013 2021.03.26."},"content":{"rendered":"<p><strong><span style=\"color: #ff0000;\">Figyelem! A 2021. m\u00e1rcius 8-\u00e1n \u00e9letbe l\u00e9p\u0151, a Covid-19 j\u00e1rv\u00e1nnyal kapcsolatos int\u00e9zked\u00e9sek miatt az al\u00e1bbi program saj\u00f3kereszt\u00fari rendezv\u00e9nye elmarad, helyette a k\u00e9pz\u00e9s ONLINE form\u00e1ban ker\u00fcl megtart\u00e1sra, amelynek <\/span><a href=\"https:\/\/bukkleader.hu\/old\/leader-tudomka-kozpont-online-kepzes-sajokereszturban-2021-03-26-es-2021-03-27\/\" target=\"_blank\" rel=\"noopener\"><span style=\"color: #0000ff;\">r\u00e9szleteit l\u00e1sd itt<\/span><\/a><span style=\"color: #ff0000;\">.<\/span><br \/>\n<\/strong><\/p>\n<p style=\"text-align: center;\">***<\/p>\n<p>A <strong>B\u00fckk-hegys\u00e9gi Meg\u00fajul\u00f3 Energi\u00e1k Iskol\u00e1k Alap\u00edtv\u00e1ny,<\/strong> mint <strong>LEADER Tudomka K\u00f6zpont<\/strong>, tisztelettel megh\u00edvja \u00d6n\u00f6ket <strong>2021. m\u00e1rcius 26-\u00e1n (p\u00e9ntek) Saj\u00f3kereszt\u00farban<\/strong> tartand\u00f3, LEADER t\u00e1mogat\u00e1ssal megval\u00f3sul\u00f3 <strong>k\u00e9pz\u00e9s\u00e9re<\/strong>, melynek tematik\u00e1ja a k\u00f6vetkez\u0151:<\/p>\n<p><img data-attachment-id=\"5770\" data-permalink=\"https:\/\/bukkleader.hu\/old\/leader-tudomka-kozpont-kepzes-sajokereszturban-2021-03-26\/kepzes-meghivo-sajokeresztur_page-0001-2\/\" data-orig-file=\"https:\/\/bukkleader.hu\/old\/wp-content\/uploads\/2021\/02\/K\u00e9pz\u00e9s-megh\u00edv\u00f3-Saj\u00f3kereszt\u00far_page-0001.jpg\" data-orig-size=\"1241,1754\" data-comments-opened=\"1\" data-image-meta=\"{&quot;aperture&quot;:&quot;0&quot;,&quot;credit&quot;:&quot;&quot;,&quot;camera&quot;:&quot;&quot;,&quot;caption&quot;:&quot;&quot;,&quot;created_timestamp&quot;:&quot;0&quot;,&quot;copyright&quot;:&quot;&quot;,&quot;focal_length&quot;:&quot;0&quot;,&quot;iso&quot;:&quot;0&quot;,&quot;shutter_speed&quot;:&quot;0&quot;,&quot;title&quot;:&quot;&quot;,&quot;orientation&quot;:&quot;0&quot;}\" data-image-title=\"K\u00e9pz\u00e9s megh\u00edv\u00f3 Saj\u00f3kereszt\u00far_page-0001\" data-image-description=\"\" data-image-caption=\"\" data-medium-file=\"https:\/\/bukkleader.hu\/old\/wp-content\/uploads\/2021\/02\/K\u00e9pz\u00e9s-megh\u00edv\u00f3-Saj\u00f3kereszt\u00far_page-0001-212x300.jpg\" data-large-file=\"https:\/\/bukkleader.hu\/old\/wp-content\/uploads\/2021\/02\/K\u00e9pz\u00e9s-megh\u00edv\u00f3-Saj\u00f3kereszt\u00far_page-0001-725x1024.jpg\" loading=\"lazy\" class=\"aligncenter size-full wp-image-5770\" src=\"https:\/\/bukkleader.hu\/old\/wp-content\/uploads\/2021\/02\/K\u00e9pz\u00e9s-megh\u00edv\u00f3-Saj\u00f3kereszt\u00far_page-0001.jpg\" alt=\"\" width=\"1241\" height=\"1754\" srcset=\"https:\/\/bukkleader.hu\/old\/wp-content\/uploads\/2021\/02\/K\u00e9pz\u00e9s-megh\u00edv\u00f3-Saj\u00f3kereszt\u00far_page-0001.jpg 1241w, https:\/\/bukkleader.hu\/old\/wp-content\/uploads\/2021\/02\/K\u00e9pz\u00e9s-megh\u00edv\u00f3-Saj\u00f3kereszt\u00far_page-0001-212x300.jpg 212w, https:\/\/bukkleader.hu\/old\/wp-content\/uploads\/2021\/02\/K\u00e9pz\u00e9s-megh\u00edv\u00f3-Saj\u00f3kereszt\u00far_page-0001-768x1085.jpg 768w, https:\/\/bukkleader.hu\/old\/wp-content\/uploads\/2021\/02\/K\u00e9pz\u00e9s-megh\u00edv\u00f3-Saj\u00f3kereszt\u00far_page-0001-725x1024.jpg 725w\" sizes=\"(max-width: 1241px) 100vw, 1241px\" \/><\/p>\n<p>A megh\u00edv\u00f3 PDF-ben <a href=\"https:\/\/bukkleader.hu\/old\/wp-content\/uploads\/2021\/02\/K\u00e9pz\u00e9s-megh\u00edv\u00f3-Saj\u00f3kereszt\u00far.pdf\" target=\"_blank\" rel=\"noopener\">let\u00f6lthet\u0151 itt<\/a>.<\/p>\n<div class=\"sharedaddy sd-sharing-enabled\"><div class=\"robots-nocontent sd-block sd-social sd-social-icon sd-sharing\"><h3 class=\"sd-title\">Share this:<\/h3><div class=\"sd-content\"><ul><li class=\"share-facebook\"><a rel=\"nofollow noopener noreferrer\" data-shared=\"sharing-facebook-5769\" class=\"share-facebook sd-button share-icon no-text\" href=\"https:\/\/bukkleader.hu\/old\/leader-tudomka-kozpont-kepzes-sajokereszturban-2021-03-26\/?share=facebook\" target=\"_blank\" title=\"Click to share on Facebook\"><span><\/span><span class=\"sharing-screen-reader-text\">Click to share on Facebook (Opens in new window)<\/span><\/a><\/li><li class=\"share-twitter\"><a rel=\"nofollow noopener noreferrer\" data-shared=\"sharing-twitter-5769\" class=\"share-twitter sd-button share-icon no-text\" href=\"https:\/\/bukkleader.hu\/old\/leader-tudomka-kozpont-kepzes-sajokereszturban-2021-03-26\/?share=twitter\" target=\"_blank\" title=\"Click to share on Twitter\"><span><\/span><span class=\"sharing-screen-reader-text\">Click to share on Twitter (Opens in new window)<\/span><\/a><\/li><li class=\"share-print\"><a rel=\"nofollow noopener noreferrer\" data-shared=\"\" class=\"share-print sd-button share-icon no-text\" href=\"https:\/\/bukkleader.hu\/old\/leader-tudomka-kozpont-kepzes-sajokereszturban-2021-03-26\/\" target=\"_blank\" title=\"Click to print\"><span><\/span><span class=\"sharing-screen-reader-text\">Click to print (Opens in new window)<\/span><\/a><\/li><li class=\"share-email\"><a rel=\"nofollow noopener noreferrer\" data-shared=\"\" class=\"share-email sd-button share-icon no-text\" href=\"https:\/\/bukkleader.hu\/old\/leader-tudomka-kozpont-kepzes-sajokereszturban-2021-03-26\/?share=email\" target=\"_blank\" title=\"Click to email this to a friend\"><span><\/span><span class=\"sharing-screen-reader-text\">Click to email this to a friend (Opens in new window)<\/span><\/a><\/li><li class=\"share-end\"><\/li><\/ul><\/div><\/div><\/div>","protected":false},"excerpt":{"rendered":"<p>Figyelem! A 2021. m\u00e1rcius 8-\u00e1n \u00e9letbe l\u00e9p\u0151, a Covid-19 j\u00e1rv\u00e1nnyal kapcsolatos int\u00e9zked\u00e9sek miatt az al\u00e1bbi program saj\u00f3kereszt\u00fari rendezv\u00e9nye elmarad, helyette a k\u00e9pz\u00e9s ONLINE form\u00e1ban ker\u00fcl megtart\u00e1sra, amelynek r\u00e9szleteit l\u00e1sd itt. *** A B\u00fckk-hegys\u00e9gi Meg\u00fajul\u00f3 Energi\u00e1k Iskol\u00e1k Alap\u00edtv\u00e1ny, mint LEADER Tudomka K\u00f6zpont, tisztelettel megh\u00edvja \u00d6n\u00f6ket 2021. m\u00e1rcius 26-\u00e1n (p\u00e9ntek) Saj\u00f3kereszt\u00farban tartand\u00f3, LEADER t\u00e1mogat\u00e1ssal megval\u00f3sul\u00f3 k\u00e9pz\u00e9s\u00e9re, melynek [&hellip;]<\/p>\n<div class=\"sharedaddy sd-sharing-enabled\"><div class=\"robots-nocontent sd-block sd-social sd-social-icon sd-sharing\"><h3 class=\"sd-title\">Share this:<\/h3><div class=\"sd-content\"><ul><li class=\"share-facebook\"><a rel=\"nofollow noopener noreferrer\" data-shared=\"sharing-facebook-5769\" class=\"share-facebook sd-button share-icon no-text\" href=\"https:\/\/bukkleader.hu\/old\/leader-tudomka-kozpont-kepzes-sajokereszturban-2021-03-26\/?share=facebook\" target=\"_blank\" title=\"Click to share on Facebook\"><span><\/span><span class=\"sharing-screen-reader-text\">Click to share on Facebook (Opens in new window)<\/span><\/a><\/li><li class=\"share-twitter\"><a rel=\"nofollow noopener noreferrer\" data-shared=\"sharing-twitter-5769\" class=\"share-twitter sd-button share-icon no-text\" href=\"https:\/\/bukkleader.hu\/old\/leader-tudomka-kozpont-kepzes-sajokereszturban-2021-03-26\/?share=twitter\" target=\"_blank\" title=\"Click to share on Twitter\"><span><\/span><span class=\"sharing-screen-reader-text\">Click to share on Twitter (Opens in new window)<\/span><\/a><\/li><li class=\"share-print\"><a rel=\"nofollow noopener noreferrer\" data-shared=\"\" class=\"share-print sd-button share-icon no-text\" href=\"https:\/\/bukkleader.hu\/old\/leader-tudomka-kozpont-kepzes-sajokereszturban-2021-03-26\/\" target=\"_blank\" title=\"Click to print\"><span><\/span><span class=\"sharing-screen-reader-text\">Click to print (Opens in new window)<\/span><\/a><\/li><li class=\"share-email\"><a rel=\"nofollow noopener noreferrer\" data-shared=\"\" class=\"share-email sd-button share-icon no-text\" href=\"https:\/\/bukkleader.hu\/old\/leader-tudomka-kozpont-kepzes-sajokereszturban-2021-03-26\/?share=email\" target=\"_blank\" title=\"Click to email this to a friend\"><span><\/span><span class=\"sharing-screen-reader-text\">Click to email this to a friend (Opens in new window)<\/span><\/a><\/li><li class=\"share-end\"><\/li><\/ul><\/div><\/div><\/div>","protected":false},"author":4,"featured_media":4302,"comment_status":"open","ping_status":"closed","sticky":false,"template":"","format":"standard","meta":{"_bbp_topic_count":0,"_bbp_reply_count":0,"_bbp_total_topic_count":0,"_bbp_total_reply_count":0,"_bbp_voice_count":0,"_bbp_anonymous_reply_count":0,"_bbp_topic_count_hidden":0,"_bbp_reply_count_hidden":0,"_bbp_forum_subforum_count":0,"spay_email":"","jetpack_publicize_message":"","jetpack_is_tweetstorm":false,"jetpack_publicize_feature_enabled":true},"categories":[1,34],"tags":[],"jetpack_featured_media_url":"https:\/\/bukkleader.hu\/old\/wp-content\/uploads\/2020\/10\/elmarad.jpg","jetpack_publicize_connections":[],"jetpack_sharing_enabled":true,"jetpack-related-posts":[{"id":5807,"url":"https:\/\/bukkleader.hu\/old\/leader-tudomka-kozpont-online-kepzes-sajokereszturban-2021-03-26-es-2021-03-27\/","url_meta":{"origin":5769,"position":0},"title":"LEADER Tudomka K\u00f6zpont ONLINE k\u00e9pz\u00e9s \u2013 2021.04.26. \u00e9s 2021.04.27.","date":"2021-03-25","format":false,"excerpt":"A B\u00fckk-hegys\u00e9gi Meg\u00fajul\u00f3 Energi\u00e1k Iskol\u00e1k Alap\u00edtv\u00e1ny, mint LEADER Tudomka K\u00f6zpont a kor\u00e1bbiakban meghirdetett saj\u00f3kereszt\u00fari k\u00e9pz\u00e9se a Covid j\u00e1rv\u00e1nyra tekintettel ONLINE form\u00e1ban ker\u00fcl megtart\u00e1sra 2021.04.26-\u00e1n (h\u00e9tf\u0151) \u00e9s 2021.04.27-\u00e9n (kedd), az al\u00e1bbiak szerint.","rel":"","context":"In &quot;H\u00edreink, k\u00f6zlem\u00e9nyeink&quot;","img":{"alt_text":"","src":"https:\/\/i2.wp.com\/bukkleader.hu\/old\/wp-content\/uploads\/2016\/06\/\u00faj-k\u00e9p.jpg?resize=350%2C200&ssl=1","width":350,"height":200},"classes":[]},{"id":3158,"url":"https:\/\/bukkleader.hu\/old\/leader-tudomka-kozpont-kepzes-sajokereszturban-2020-11-19\/","url_meta":{"origin":5769,"position":1},"title":"LEADER Tudomka K\u00f6zpont k\u00e9pz\u00e9s Saj\u00f3kereszt\u00farban (ELMARAD) &#8211; 2020.11.19.","date":"2020-10-02","format":false,"excerpt":"Figyelem! A 2020. november 11-\u00e9n \u00e9letbe l\u00e9p\u0151, a Covid-19 j\u00e1rv\u00e1nnyal kapcsolatos int\u00e9zked\u00e9sek miatt az al\u00e1bbi program elmarad. K\u00e9rem, hogy tov\u00e1bbi inform\u00e1ci\u00f3\u00e9rt\u00a0 a programmal kapcsolatban k\u00eds\u00e9rj\u00e9k figyelemmel honlapunkat! *** A B\u00fckk-hegys\u00e9gi Meg\u00fajul\u00f3 Energi\u00e1k Iskol\u00e1k Alap\u00edtv\u00e1ny, mint LEADER Tudomka K\u00f6zpont, tisztelettel megh\u00edvja \u00d6n\u00f6ket 2020. november 19-\u00e9n (cs\u00fct\u00f6rt\u00f6k) Saj\u00f3kereszt\u00farban tartand\u00f3, LEADER t\u00e1mogat\u00e1ssal megval\u00f3sul\u00f3\u2026","rel":"","context":"In &quot;H\u00edreink, k\u00f6zlem\u00e9nyeink&quot;","img":{"alt_text":"","src":"https:\/\/i1.wp.com\/bukkleader.hu\/old\/wp-content\/uploads\/2020\/10\/elmarad.jpg?resize=350%2C200&ssl=1","width":350,"height":200},"classes":[]},{"id":5748,"url":"https:\/\/bukkleader.hu\/old\/leader-tematikus-kozpont-altal-szervezett-kepzes-malyiban-2020-marcius-8-an\/","url_meta":{"origin":5769,"position":2},"title":"LEADER Tematikus K\u00f6zpont \u00e1ltal szervezett k\u00e9pz\u00e9s M\u00e1lyiban 2020. m\u00e1rcius 8-\u00e1n","date":"2021-02-03","format":false,"excerpt":"Figyelem! A 2021. m\u00e1rcius 8-\u00e1n \u00e9letbe l\u00e9p\u0151, a Covid-19 j\u00e1rv\u00e1nnyal kapcsolatos int\u00e9zked\u00e9sek miatt az al\u00e1bbi program elmarad. K\u00e9rem, hogy tov\u00e1bbi inform\u00e1ci\u00f3\u00e9rt\u00a0 a programmal kapcsolatban k\u00eds\u00e9rj\u00e9k figyelemmel honlapunkat! L\u00e1sd m\u00e9g \"A LEADER Tudomka Tematikus K\u00f6zpont t\u00e1j\u00e9koztat\u00e1sa digit\u00e1lis tanrendre t\u00f6rt\u00e9n\u0151 \u00e1t\u00e1ll\u00e1sr\u00f3l, k\u00e9pz\u00e9s elmarad\u00e1s\u00e1r\u00f3l\" c\u00edm\u0171 h\u00edr\u00fcnket! *** A B\u00fckki Lovas Postakocsi Egyes\u00fclet\u00a0tisztelettel megh\u00edvja\u2026","rel":"","context":"In &quot;H\u00edreink, k\u00f6zlem\u00e9nyeink&quot;","img":{"alt_text":"","src":"https:\/\/i1.wp.com\/bukkleader.hu\/old\/wp-content\/uploads\/2020\/10\/elmarad.jpg?resize=350%2C200&ssl=1","width":350,"height":200},"classes":[]},{"id":5756,"url":"https:\/\/bukkleader.hu\/old\/leader-tematikus-kozpont-altal-szervezett-kepzes-bukkaranyoson-2020-marcius-9-en\/","url_meta":{"origin":5769,"position":3},"title":"LEADER Tematikus K\u00f6zpont \u00e1ltal szervezett k\u00e9pz\u00e9s B\u00fckkaranyoson 2020. m\u00e1rcius 9-\u00e9n","date":"2021-02-03","format":false,"excerpt":"Figyelem! A 2021. m\u00e1rcius 8-\u00e1n \u00e9letbe l\u00e9p\u0151, a Covid-19 j\u00e1rv\u00e1nnyal kapcsolatos int\u00e9zked\u00e9sek miatt az al\u00e1bbi program elmarad. K\u00e9rem, hogy tov\u00e1bbi inform\u00e1ci\u00f3\u00e9rt\u00a0 a programmal kapcsolatban k\u00eds\u00e9rj\u00e9k figyelemmel honlapunkat! L\u00e1sd m\u00e9g \u201cA LEADER Tudomka Tematikus K\u00f6zpont t\u00e1j\u00e9koztat\u00e1sa digit\u00e1lis tanrendre t\u00f6rt\u00e9n\u0151 \u00e1t\u00e1ll\u00e1sr\u00f3l, k\u00e9pz\u00e9s elmarad\u00e1s\u00e1r\u00f3l\u201d c\u00edm\u0171 h\u00edr\u00fcnket! *** A B\u00fckki Lovas Postakocsi Egyes\u00fclet\u00a0tisztelettel megh\u00edvja\u2026","rel":"","context":"In &quot;H\u00edreink, k\u00f6zlem\u00e9nyeink&quot;","img":{"alt_text":"","src":"https:\/\/i1.wp.com\/bukkleader.hu\/old\/wp-content\/uploads\/2020\/10\/elmarad.jpg?resize=350%2C200&ssl=1","width":350,"height":200},"classes":[]},{"id":8647,"url":"https:\/\/bukkleader.hu\/old\/bukk-hegysegi-alapitvany-rendezvenye-leader-tudomka-kozpont-2021-12-12-sajokeresztur\/","url_meta":{"origin":5769,"position":4},"title":"B\u00fckk-hegys\u00e9gi Alap\u00edtv\u00e1ny rendezv\u00e9nye-LEADER Tudomka K\u00f6zpont, 2021. 12.12. , Saj\u00f3kereszt\u00far","date":"2021-12-11","format":false,"excerpt":"A B\u00fckk-hegys\u00e9gi Alap\u00edtv\u00e1ny tisztelettel megh\u00edvja \u00d6n\u00f6ket a LEADER-Tudomka K\u00f6zpont projekt keret\u00e9ben tartand\u00f3 rendezv\u00e9ny\u00e9re. A pdf let\u00f6lthet\u0151 itt. \u00a0","rel":"","context":"In &quot;Dokumentumok&quot;","img":{"alt_text":"","src":"","width":0,"height":0},"classes":[]},{"id":8555,"url":"https:\/\/bukkleader.hu\/old\/leader-tudomka-kozpont-ii-musoros-rendezvenye-2021-09-25-sajokeresztur\/","url_meta":{"origin":5769,"position":5},"title":"LEADER Tudomka K\u00f6zpont II. m\u0171soros rendezv\u00e9nye 2021. 09. 25. Saj\u00f3kereszt\u00far","date":"2021-09-21","format":false,"excerpt":"A B\u00fckk-hegys\u00e9gi Alap\u00edtv\u00e1ny tisztelettel megh\u00edvja \u00d6n\u00f6ket a LEADER Tudomka K\u00f6zpont projekt keret\u00e9ben megval\u00f3sul\u00f3 II. m\u0171soros rendezv\u00e9ny\u00e9re. A megh\u00edv\u00f3 let\u00f6lthet\u0151 pdf-ben itt.","rel":"","context":"In &quot;H\u00edreink, k\u00f6zlem\u00e9nyeink&quot;","img":{"alt_text":"","src":"https:\/\/i0.wp.com\/bukkleader.hu\/old\/wp-content\/uploads\/2016\/10\/saj\u00f3kereszt\u00far.jpg?resize=350%2C200&ssl=1","width":350,"height":200},"classes":[]}],"_links":{"self":[{"href":"https:\/\/bukkleader.hu\/old\/wp-json\/wp\/v2\/posts\/5769"}],"collection":[{"href":"https:\/\/bukkleader.hu\/old\/wp-json\/wp\/v2\/posts"}],"about":[{"href":"https:\/\/bukkleader.hu\/old\/wp-json\/wp\/v2\/types\/post"}],"author":[{"embeddable":true,"href":"https:\/\/bukkleader.hu\/old\/wp-json\/wp\/v2\/users\/4"}],"replies":[{"embeddable":true,"href":"https:\/\/bukkleader.hu\/old\/wp-json\/wp\/v2\/comments?post=5769"}],"version-history":[{"count":4,"href":"https:\/\/bukkleader.hu\/old\/wp-json\/wp\/v2\/posts\/5769\/revisions"}],"predecessor-version":[{"id":5813,"href":"https:\/\/bukkleader.hu\/old\/wp-json\/wp\/v2\/posts\/5769\/revisions\/5813"}],"wp:featuredmedia":[{"embeddable":true,"href":"https:\/\/bukkleader.hu\/old\/wp-json\/wp\/v2\/media\/4302"}],"wp:attachment":[{"href":"https:\/\/bukkleader.hu\/old\/wp-json\/wp\/v2\/media?parent=5769"}],"wp:term":[{"taxonomy":"category","embeddable":true,"href":"https:\/\/bukkleader.hu\/old\/wp-json\/wp\/v2\/categories?post=5769"},{"taxonomy":"post_tag","embeddable":true,"href":"https:\/\/bukkleader.hu\/old\/wp-json\/wp\/v2\/tags?post=5769"}],"curies":[{"name":"wp","href":"https:\/\/api.w.org\/{rel}","templated":true}]}}