{"id":5762,"date":"2021-02-11T13:47:22","date_gmt":"2021-02-11T12:47:22","guid":{"rendered":"https:\/\/bukkleader.hu\/old\/?p=5762"},"modified":"2021-02-11T13:47:22","modified_gmt":"2021-02-11T12:47:22","slug":"tajekoztatas-uj-mezogazdasagi-es-videkfejlesztesi-palyazati-lehetosegekrol-nem-leader","status":"publish","type":"post","link":"https:\/\/bukkleader.hu\/old\/tajekoztatas-uj-mezogazdasagi-es-videkfejlesztesi-palyazati-lehetosegekrol-nem-leader\/","title":{"rendered":"T\u00e1j\u00e9koztat\u00e1s \u00faj mez\u0151gazdas\u00e1gi \u00e9s vid\u00e9kfejleszt\u00e9si p\u00e1ly\u00e1zati lehet\u0151s\u00e9gekr\u0151l (nem LEADER)"},"content":{"rendered":"<p><strong>Tisztelt \u00dcgyfeleink!<\/strong><\/p>\n<p>Engedj\u00e9k meg, hogy tov\u00e1bb\u00edtsuk \u00d6n\u00f6k fel\u00e9 a\u00a0Magyar Nemzeti Vid\u00e9ki H\u00e1l\u00f3zat t\u00e1j\u00e9koztat\u00e1s\u00e1t a k\u00f6zelj\u00f6v\u0151ben megny\u00edl\u00f3 mez\u0151gazdas\u00e1gi \u00e9s vid\u00e9kfejleszt\u00e9si p\u00e1ly\u00e1zati lehet\u0151s\u00e9gekr\u0151l:<\/p>\n<table width=\"1040\">\n<tbody>\n<tr>\n<td width=\"216\"><strong>P\u00e1ly\u00e1zati azonos\u00edt\u00f3<\/strong><\/td>\n<td width=\"405\"><strong>P\u00e1ly\u00e1zat c\u00edme<\/strong><\/td>\n<td width=\"419\"><strong>El\u00e9rhet\u0151s\u00e9ge<\/strong><\/td>\n<\/tr>\n<tr>\n<td>\u00a0<br \/>\nMAHOP-2.2.1-2016<\/td>\n<td width=\"405\">Az akvakult\u00far\u00e1ba t\u00f6rt\u00e9n\u0151 termel\u00e9si c\u00e9l\u00fa beruh\u00e1z\u00e1sok t\u00e1mogat\u00e1sa<\/td>\n<td width=\"419\"><a href=\"https:\/\/www.palyazat.gov.hu\/mahop-22-2016-az-akvakultrba-trtn-termelsi-cl-beruhzsok-tmogatsa-1\">https:\/\/www.palyazat.gov.hu\/mahop-22-2016-az-akvakultrba-trtn-termelsi-cl-beruhzsok-tmogatsa-1<\/a><\/td>\n<\/tr>\n<tr>\n<td>VP2-4.1.3.7-20<\/td>\n<td width=\"405\">Csemetekertek g\u00e9pbeszerz\u00e9se<\/td>\n<td width=\"419\"><a href=\"https:\/\/www.palyazat.gov.hu\/vp2-4137-20-csemetekertek-gpbeszerzse\">https:\/\/www.palyazat.gov.hu\/vp2-4137-20-csemetekertek-gpbeszerzse<\/a><\/td>\n<\/tr>\n<tr>\n<td width=\"216\">\u00a0<br \/>\nVP2-6.3.1-20<\/td>\n<td width=\"405\">Mez\u0151gazdas\u00e1gi kis\u00fczemek t\u00e1mogat\u00e1sa<\/td>\n<td width=\"419\"><a href=\"https:\/\/www.palyazat.gov.hu\/vp2-631-20-mezgazdasgi-kiszemek-tmogatsa-1\">https:\/\/www.palyazat.gov.hu\/vp2-631-20-mezgazdasgi-kiszemek-tmogatsa-1<\/a><\/td>\n<\/tr>\n<tr>\n<td width=\"216\">\u00a0<br \/>\nVP3-17.1.1-16<\/td>\n<td width=\"405\">Mez\u0151gazdas\u00e1gi biztos\u00edt\u00e1s d\u00edj\u00e1hoz ny\u00fajtott t\u00e1mogat\u00e1s<\/td>\n<td width=\"419\"><a href=\"https:\/\/www.palyazat.gov.hu\/node\/57633\">https:\/\/www.palyazat.gov.hu\/node\/57633<\/a><\/td>\n<\/tr>\n<tr>\n<td>VP3-3.1.1-19<\/td>\n<td width=\"405\">Mez\u0151gazdas\u00e1gi termel\u0151k EU-s \u00e9s nemzeti min\u0151s\u00e9grendszerhez t\u00f6rt\u00e9n\u0151 csatlakoz\u00e1s\u00e1nak t\u00e1mogat\u00e1sa<\/td>\n<td width=\"419\"><a href=\"https:\/\/www.palyazat.gov.hu\/vp3-311-19-mezgazdasgi-termelk-eu-s-s-nemzeti-minsgrendszerhez-trtn-csatlakozsnak-tmogatsa-1\">https:\/\/www.palyazat.gov.hu\/vp3-311-19-mezgazdasgi-termelk-eu-s-s-nemzeti-minsgrendszerhez-trtn-csatlakozsnak-tmogatsa-1<\/a><\/td>\n<\/tr>\n<tr>\n<td>VP3-4.2.1-4.2.2-19<\/td>\n<td width=\"405\">A R\u00f6vid Ell\u00e1t\u00e1si L\u00e1nchoz kapcsol\u00f3d\u00f3 beruh\u00e1z\u00e1sok t\u00e1mogat\u00e1sa az \u00e9lelmiszeripar \u00e9s a bor\u00e1szat ter\u00fclet\u00e9n<\/td>\n<td width=\"419\"><a href=\"https:\/\/www.palyazat.gov.hu\/vp3-421-422-19-a-rvid-elltsi-lnchoz-kapcsold-beruhzsok-tmogatsa-az-lelmiszeripar-s-a-borszat-terletn-1\">https:\/\/www.palyazat.gov.hu\/vp3-421-422-19-a-rvid-elltsi-lnchoz-kapcsold-beruhzsok-tmogatsa-az-lelmiszeripar-s-a-borszat-terletn-1<\/a><\/td>\n<\/tr>\n<tr>\n<td width=\"216\">\u00a0<br \/>\nVP3-9.1.1-20<\/td>\n<td width=\"405\">Termel\u0151i csoportok \u00e9s szervezetek l\u00e9trehoz\u00e1sa<\/td>\n<td width=\"419\"><a href=\"https:\/\/www.palyazat.gov.hu\/vp3-911-20-termeli-csoportok-s-szervezetek-ltrehozsa\">https:\/\/www.palyazat.gov.hu\/vp3-911-20-termeli-csoportok-s-szervezetek-ltrehozsa<\/a><\/td>\n<\/tr>\n<tr>\n<td width=\"216\">\u00a0<br \/>\nVP5- 8.1.1-16<\/td>\n<td width=\"405\">Erd\u0151s\u00edt\u00e9s t\u00e1mogat\u00e1sa<\/td>\n<td width=\"419\"><a href=\"https:\/\/www.palyazat.gov.hu\/vp5-811-16-erdsts-tmogatsa\">https:\/\/www.palyazat.gov.hu\/vp5-811-16-erdsts-tmogatsa<\/a><\/td>\n<\/tr>\n<tr>\n<td>VP5- 8.5.1.-16<\/td>\n<td width=\"405\">Az erdei \u00f6kosziszt\u00e9m\u00e1k ellen\u00e1ll\u00f3 k\u00e9pess\u00e9g\u00e9nek \u00e9s k\u00f6rnyezeti \u00e9rt\u00e9k\u00e9nek n\u00f6vel\u00e9s\u00e9t c\u00e9lz\u00f3 beruh\u00e1z\u00e1sok<\/td>\n<td width=\"419\"><a href=\"https:\/\/www.palyazat.gov.hu\/vp5-851-16-az-erdei-koszisztmk-ellenll-kpessgnek-s-krnyezeti-rtknek-nvelst-clz-beruhzsok\">https:\/\/www.palyazat.gov.hu\/vp5-851-16-az-erdei-koszisztmk-ellenll-kpessgnek-s-krnyezeti-rtknek-nvelst-clz-beruhzsok<\/a><\/td>\n<\/tr>\n<tr>\n<td width=\"216\">\u00a0<br \/>\nVP5-8.6.2-16<\/td>\n<td width=\"405\">\u00a0Erdei termel\u00e9si potenci\u00e1l mobiliz\u00e1l\u00e1s\u00e1t szolg\u00e1l\u00f3 tev\u00e9kenys\u00e9gek<\/td>\n<td width=\"419\"><a href=\"https:\/\/www.palyazat.gov.hu\/vp-5-862-16-erdei-termelsi-potencil-mobilizlst-szolgl-tevkenysgek\">https:\/\/www.palyazat.gov.hu\/vp-5-862-16-erdei-termelsi-potencil-mobilizlst-szolgl-tevkenysgek<\/a><\/td>\n<\/tr>\n<tr>\n<td>VP6-7.2.1.1-20<\/td>\n<td width=\"405\">Helyi term\u00e9k\u00e9rt\u00e9kes\u00edt\u00e9st szolg\u00e1l\u00f3 piacok infrastruktur\u00e1lis- \u00e9s eszk\u00f6z fejleszt\u00e9se<\/td>\n<td width=\"419\"><a href=\"https:\/\/www.palyazat.gov.hu\/vp6-7211-20-helyi-termkrtkestst-szolgl-piacok-infrastrukturlis-s-eszkz-fejlesztse-1\">https:\/\/www.palyazat.gov.hu\/vp6-7211-20-helyi-termkrtkestst-szolgl-piacok-infrastrukturlis-s-eszkz-fejlesztse-1<\/a><\/td>\n<\/tr>\n<tr>\n<td>VP4-10.2.2.-20<\/td>\n<td width=\"405\">Ritka \u00e9s vesz\u00e9lyeztetett n\u00f6v\u00e9nyfajt\u00e1k genetikai er\u0151forr\u00e1sainak \u00e9s mikroorganizmusok ex situ meg\u0151rz\u00e9se<\/td>\n<td width=\"419\"><a href=\"https:\/\/www.palyazat.gov.hu\/vp4-1022-20-ritka-s-veszlyeztetett-nvnyfajtk-genetikai-erforrsainak-s-mikroorganizmusok-ex-situ-megrzse-1\">https:\/\/www.palyazat.gov.hu\/vp4-1022-20-ritka-s-veszlyeztetett-nvnyfajtk-genetikai-erforrsainak-s-mikroorganizmusok-ex-situ-megrzse-1<\/a><\/td>\n<\/tr>\n<tr>\n<td>VP5-16.5.2-21<\/td>\n<td width=\"405\">Az \u00f6nt\u00f6z\u00e9si k\u00f6z\u00f6ss\u00e9gek egy\u00fcttm\u0171k\u00f6d\u00e9s\u00e9nek t\u00e1mogat\u00e1sa\u00a0\u00a0<\/td>\n<td width=\"419\"><a href=\"https:\/\/www.palyazat.gov.hu\/vp5-1652-21-az-ntzsi-kzssgek-egyttmkdsnek-tmogatsa\">https:\/\/www.palyazat.gov.hu\/vp5-1652-21-az-ntzsi-kzssgek-egyttmkdsnek-tmogatsa<\/a><\/td>\n<\/tr>\n<\/tbody>\n<\/table>\n<p>A fentieken t\u00fal:<\/p>\n<ul>\n<li>Febru\u00e1rra v\u00e1rhat\u00f3 a k\u00fclter\u00fcleti helyi k\u00f6zutak fejleszt\u00e9se c\u00edm\u0171 p\u00e1ly\u00e1zat 30 milli\u00e1rd Ft-os kerettel.<\/li>\n<li>M\u00e1rciusban hirdetik meg a \u201eMin\u0151s\u00e9grendszerekhez kapcsol\u00f3d\u00f3 el\u0151\u00e1ll\u00edt\u00f3i, termel\u0151i csoportosul\u00e1sok t\u00e1j\u00e9koztat\u00e1si \u00e9s prom\u00f3ci\u00f3s tev\u00e9kenys\u00e9ge\u201d c\u00edm\u0171 p\u00e1ly\u00e1zatot egyszer\u0171s\u00edtett elj\u00e1r\u00e1srenddel \u00e9s 8,7 milli\u00e1rd Ft-os keret\u00f6sszeggel.<\/li>\n<li>\u00c1prilisban jelenik meg az \u201e\u00c1llattart\u00f3 telepek meg\u00faj\u00edt\u00e1s\u00e1nak t\u00e1mogat\u00e1sa\u201d 10 milli\u00e1rd Ft-os kerettel, amelyre az el\u0151zetes tervek szerint kiz\u00e1r\u00f3lag a 100 milli\u00f3 Ft alatti beruh\u00e1z\u00e1ssal lehet beny\u00fajtani a t\u00e1mogat\u00e1si ig\u00e9nyeket.<\/li>\n<li>Szint\u00e9n \u00e1prilisra v\u00e1rhat\u00f3 15 milli\u00e1rdos kerettel a \u201eKert\u00e9szet &#8211; \u00fcltetv\u00e9nytelep\u00edt\u00e9s \u00e9s gy\u00f3gyn\u00f6v\u00e9nytermeszt\u00e9s t\u00e1mogat\u00e1sa\u201d c\u00edm\u0171 felh\u00edv\u00e1s.<\/li>\n<li>M\u00e1jus\u00e1ban pedig megjelenik a sz\u00e9les k\u00f6rben r\u00e9g\u00f3ta v\u00e1rt \u201eTerm\u00e9nyt\u00e1rol\u00f3k, sz\u00e1r\u00edt\u00f3k, tiszt\u00edt\u00f3k \u00e9s vet\u0151mag el\u0151\u00e1ll\u00edt\u00f3 \u00fczemek fejleszt\u00e9se\u201d c\u00edm\u0171 felh\u00edv\u00e1s mintegy 30 milli\u00e1rd Ft-os forr\u00e1s kerettel.<\/li>\n<\/ul>\n<p>R\u00e9szletek itt: <a href=\"http:\/\/www.nak.hu\/tajekoztatasi-szolgaltatas\/mezogazdasagi-termeles\/102985-2021-elso-feleben-varhato-videkfejlesztesi-palyazatok\">http:\/\/www.nak.hu\/tajekoztatasi-szolgaltatas\/mezogazdasagi-termeles\/102985-2021-elso-feleben-varhato-videkfejlesztesi-palyazatok<\/a><\/p>\n<ul>\n<li>M\u00e9h\u00e9szeti t\u00e1mogat\u00e1sok\n<ul>\n<li>A m\u00e9h\u00e1llom\u00e1ny eg\u00e9szs\u00e9g\u00fcgyi kond\u00edci\u00f3j\u00e1nak meg\u0151rz\u00e9s\u00e9hez 2021. \u00e9vben ig\u00e9nybe vehet\u0151 \u00e1tmeneti t\u00e1mogat\u00e1s. A t\u00e1mogat\u00e1si k\u00e9relem beny\u00fajt\u00e1si hat\u00e1rideje: 2021. febru\u00e1r 1. &#8211; m\u00e1rcius 1. k\u00f6z\u00f6tt. <a href=\"https:\/\/www.mvh.allamkincstar.gov.hu\/kozlemenyek\/-\/kozlemeny\/2-2021-i-28-szamu-kincstar-kozlemeny\">https:\/\/www.mvh.allamkincstar.gov.hu\/kozlemenyek\/-\/kozlemeny\/2-2021-i-28-szamu-kincstar-kozlemeny<\/a><\/li>\n<li>A m\u00e9h\u00e9szeti j\u00e1rm\u0171vekre 2021. \u00e9vben ig\u00e9nybe vehet\u0151 \u00e1tmeneti t\u00e1mogat\u00e1s. A t\u00e1mogat\u00e1si k\u00e9relem beny\u00fajt\u00e1si hat\u00e1rideje: 2021. febru\u00e1r 15. &#8211; \u00e1prilis 15. k\u00f6z\u00f6tt. <a href=\"https:\/\/www.mvh.allamkincstar.gov.hu\/kozlemenyek\/-\/kozlemeny\/6-2021-ii-1-szamu-kincstar-kozlemeny\">https:\/\/www.mvh.allamkincstar.gov.hu\/kozlemenyek\/-\/kozlemeny\/6-2021-ii-1-szamu-kincstar-kozlemeny<\/a><\/li>\n<\/ul>\n<\/li>\n<\/ul>\n<ul>\n<li>Anyajuh t\u00e1mogat\u00e1s: A 2021-es t\u00e1mogat\u00e1si \u00e9vi termel\u00e9shez k\u00f6t\u00f6tt \u00e9s \u00e1tmeneti nemzeti anyajuhtart\u00e1s t\u00e1mogat\u00e1sa. A t\u00e1mogat\u00e1si k\u00e9relem beny\u00fajt\u00e1s\u00e1nak id\u0151szaka: 2021. febru\u00e1r 1. &#8211; m\u00e1rcius 20. k\u00f6z\u00f6tt. <a href=\"https:\/\/www.mvh.allamkincstar.gov.hu\/kozlemenyek\/-\/kozlemeny\/7-2021-ii-8-szamu-kincstar-kozlemeny\">https:\/\/www.mvh.allamkincstar.gov.hu\/kozlemenyek\/-\/kozlemeny\/7-2021-ii-8-szamu-kincstar-kozlemeny<\/a><\/li>\n<\/ul>\n<div class=\"sharedaddy sd-sharing-enabled\"><div class=\"robots-nocontent sd-block sd-social sd-social-icon sd-sharing\"><h3 class=\"sd-title\">Share this:<\/h3><div class=\"sd-content\"><ul><li class=\"share-facebook\"><a rel=\"nofollow noopener noreferrer\" data-shared=\"sharing-facebook-5762\" class=\"share-facebook sd-button share-icon no-text\" href=\"https:\/\/bukkleader.hu\/old\/tajekoztatas-uj-mezogazdasagi-es-videkfejlesztesi-palyazati-lehetosegekrol-nem-leader\/?share=facebook\" target=\"_blank\" title=\"Click to share on Facebook\"><span><\/span><span class=\"sharing-screen-reader-text\">Click to share on Facebook (Opens in new window)<\/span><\/a><\/li><li class=\"share-twitter\"><a rel=\"nofollow noopener noreferrer\" data-shared=\"sharing-twitter-5762\" class=\"share-twitter sd-button share-icon no-text\" href=\"https:\/\/bukkleader.hu\/old\/tajekoztatas-uj-mezogazdasagi-es-videkfejlesztesi-palyazati-lehetosegekrol-nem-leader\/?share=twitter\" target=\"_blank\" title=\"Click to share on Twitter\"><span><\/span><span class=\"sharing-screen-reader-text\">Click to share on Twitter (Opens in new window)<\/span><\/a><\/li><li class=\"share-print\"><a rel=\"nofollow noopener noreferrer\" data-shared=\"\" class=\"share-print sd-button share-icon no-text\" href=\"https:\/\/bukkleader.hu\/old\/tajekoztatas-uj-mezogazdasagi-es-videkfejlesztesi-palyazati-lehetosegekrol-nem-leader\/\" target=\"_blank\" title=\"Click to print\"><span><\/span><span class=\"sharing-screen-reader-text\">Click to print (Opens in new window)<\/span><\/a><\/li><li class=\"share-email\"><a rel=\"nofollow noopener noreferrer\" data-shared=\"\" class=\"share-email sd-button share-icon no-text\" href=\"https:\/\/bukkleader.hu\/old\/tajekoztatas-uj-mezogazdasagi-es-videkfejlesztesi-palyazati-lehetosegekrol-nem-leader\/?share=email\" target=\"_blank\" title=\"Click to email this to a friend\"><span><\/span><span class=\"sharing-screen-reader-text\">Click to email this to a friend (Opens in new window)<\/span><\/a><\/li><li class=\"share-end\"><\/li><\/ul><\/div><\/div><\/div>","protected":false},"excerpt":{"rendered":"<p>Tisztelt \u00dcgyfeleink! Engedj\u00e9k meg, hogy tov\u00e1bb\u00edtsuk \u00d6n\u00f6k fel\u00e9 a\u00a0Magyar Nemzeti Vid\u00e9ki H\u00e1l\u00f3zat t\u00e1j\u00e9koztat\u00e1s\u00e1t a k\u00f6zelj\u00f6v\u0151ben megny\u00edl\u00f3 mez\u0151gazdas\u00e1gi \u00e9s vid\u00e9kfejleszt\u00e9si p\u00e1ly\u00e1zati lehet\u0151s\u00e9gekr\u0151l: P\u00e1ly\u00e1zati azonos\u00edt\u00f3 P\u00e1ly\u00e1zat c\u00edme El\u00e9rhet\u0151s\u00e9ge \u00a0 MAHOP-2.2.1-2016 Az akvakult\u00far\u00e1ba t\u00f6rt\u00e9n\u0151 termel\u00e9si c\u00e9l\u00fa beruh\u00e1z\u00e1sok t\u00e1mogat\u00e1sa https:\/\/www.palyazat.gov.hu\/mahop-22-2016-az-akvakultrba-trtn-termelsi-cl-beruhzsok-tmogatsa-1 VP2-4.1.3.7-20 Csemetekertek g\u00e9pbeszerz\u00e9se https:\/\/www.palyazat.gov.hu\/vp2-4137-20-csemetekertek-gpbeszerzse \u00a0 VP2-6.3.1-20 Mez\u0151gazdas\u00e1gi kis\u00fczemek t\u00e1mogat\u00e1sa https:\/\/www.palyazat.gov.hu\/vp2-631-20-mezgazdasgi-kiszemek-tmogatsa-1 \u00a0 VP3-17.1.1-16 Mez\u0151gazdas\u00e1gi biztos\u00edt\u00e1s d\u00edj\u00e1hoz ny\u00fajtott t\u00e1mogat\u00e1s https:\/\/www.palyazat.gov.hu\/node\/57633 VP3-3.1.1-19 [&hellip;]<\/p>\n<div class=\"sharedaddy sd-sharing-enabled\"><div class=\"robots-nocontent sd-block sd-social sd-social-icon sd-sharing\"><h3 class=\"sd-title\">Share this:<\/h3><div class=\"sd-content\"><ul><li class=\"share-facebook\"><a rel=\"nofollow noopener noreferrer\" data-shared=\"sharing-facebook-5762\" class=\"share-facebook sd-button share-icon no-text\" href=\"https:\/\/bukkleader.hu\/old\/tajekoztatas-uj-mezogazdasagi-es-videkfejlesztesi-palyazati-lehetosegekrol-nem-leader\/?share=facebook\" target=\"_blank\" title=\"Click to share on Facebook\"><span><\/span><span class=\"sharing-screen-reader-text\">Click to share on Facebook (Opens in new window)<\/span><\/a><\/li><li class=\"share-twitter\"><a rel=\"nofollow noopener noreferrer\" data-shared=\"sharing-twitter-5762\" class=\"share-twitter sd-button share-icon no-text\" href=\"https:\/\/bukkleader.hu\/old\/tajekoztatas-uj-mezogazdasagi-es-videkfejlesztesi-palyazati-lehetosegekrol-nem-leader\/?share=twitter\" target=\"_blank\" title=\"Click to share on Twitter\"><span><\/span><span class=\"sharing-screen-reader-text\">Click to share on Twitter (Opens in new window)<\/span><\/a><\/li><li class=\"share-print\"><a rel=\"nofollow noopener noreferrer\" data-shared=\"\" class=\"share-print sd-button share-icon no-text\" href=\"https:\/\/bukkleader.hu\/old\/tajekoztatas-uj-mezogazdasagi-es-videkfejlesztesi-palyazati-lehetosegekrol-nem-leader\/\" target=\"_blank\" title=\"Click to print\"><span><\/span><span class=\"sharing-screen-reader-text\">Click to print (Opens in new window)<\/span><\/a><\/li><li class=\"share-email\"><a rel=\"nofollow noopener noreferrer\" data-shared=\"\" class=\"share-email sd-button share-icon no-text\" href=\"https:\/\/bukkleader.hu\/old\/tajekoztatas-uj-mezogazdasagi-es-videkfejlesztesi-palyazati-lehetosegekrol-nem-leader\/?share=email\" target=\"_blank\" title=\"Click to email this to a friend\"><span><\/span><span class=\"sharing-screen-reader-text\">Click to email this to a friend (Opens in new window)<\/span><\/a><\/li><li class=\"share-end\"><\/li><\/ul><\/div><\/div><\/div>","protected":false},"author":4,"featured_media":413,"comment_status":"open","ping_status":"closed","sticky":false,"template":"","format":"standard","meta":{"_bbp_topic_count":0,"_bbp_reply_count":0,"_bbp_total_topic_count":0,"_bbp_total_reply_count":0,"_bbp_voice_count":0,"_bbp_anonymous_reply_count":0,"_bbp_topic_count_hidden":0,"_bbp_reply_count_hidden":0,"_bbp_forum_subforum_count":0,"spay_email":"","jetpack_publicize_message":"","jetpack_is_tweetstorm":false,"jetpack_publicize_feature_enabled":true},"categories":[1],"tags":[],"jetpack_featured_media_url":"https:\/\/bukkleader.hu\/old\/wp-content\/uploads\/2015\/09\/384-5-mnvh_logo.jpg","jetpack_publicize_connections":[],"jetpack_sharing_enabled":true,"jetpack-related-posts":[{"id":953,"url":"https:\/\/bukkleader.hu\/old\/elerheto-kedvezmenyezettek-tajekoztatasi-kotelezettsegei\/","url_meta":{"origin":5762,"position":0},"title":"El\u00e9rhet\u0151 a Kedvezm\u00e9nyezettek t\u00e1j\u00e9koztat\u00e1si k\u00f6telezetts\u00e9gei &#8211; \u00datmutat\u00f3 a VP vonatkoz\u00e1s\u00e1ban","date":"2016-06-14","format":false,"excerpt":"El\u00e9rhet\u0151 a Kedvezm\u00e9nyezettek t\u00e1j\u00e9koztat\u00e1si k\u00f6telezetts\u00e9gei c\u00edm\u0171 \u00fatmutat\u00f3 a Vid\u00e9kfejleszt\u00e9si Program vonatkoz\u00e1s\u00e1ban2016 j\u00fanius 14.\u00a0Megjelent honlapunkon a \u201eVid\u00e9kfejleszt\u00e9si Program 2014-2020 \u2013 Kedvezm\u00e9nyezettek t\u00e1j\u00e9koztat\u00e1si k\u00f6telezetts\u00e9gei\u201d c\u00edm\u0171 \u00fatmutat\u00f3, mely 2016. m\u00e1jus 2-t\u0151l hat\u00e1lyos. A k\u00e9zik\u00f6nyv mag\u00e1ba foglalja az ezzel kapcsolatos kommunik\u00e1ci\u00f3 valamennyi vizu\u00e1lis k\u00f6vetelm\u00e9ny\u00e9t. Minden Vid\u00e9kfejleszt\u00e9si Programot \u00e9rint\u0151 projekt eset\u00e9ben a VP KTK 2020\u2026","rel":"","context":"In &quot;H\u00edreink, k\u00f6zlem\u00e9nyeink&quot;","img":{"alt_text":"","src":"https:\/\/i2.wp.com\/bukkleader.hu\/old\/wp-content\/uploads\/2016\/06\/\u00faj-k\u00e9p.jpg?resize=350%2C200&ssl=1","width":350,"height":200},"classes":[]},{"id":766,"url":"https:\/\/bukkleader.hu\/old\/videkfejlesztesi-program-eddig-megjelent-palyazati-felhivasai\/","url_meta":{"origin":5762,"position":1},"title":"Vid\u00e9kfejleszt\u00e9si Program eddig megjelent p\u00e1ly\u00e1zati felh\u00edv\u00e1sai","date":"2015-12-30","format":false,"excerpt":"Vid\u00e9kfejleszt\u00e9si Program eddig megjelent p\u00e1ly\u00e1zati felh\u00edv\u00e1saiEl\u00e9rhet\u0151ek itt >>www.palyazat.gov.hu\/doc\/4523","rel":"","context":"In &quot;H\u00edreink, k\u00f6zlem\u00e9nyeink&quot;","img":{"alt_text":"","src":"https:\/\/i1.wp.com\/bukkleader.hu\/old\/wp-content\/uploads\/2015\/12\/vp_kezikonyv_nagy.jpg?resize=350%2C200&ssl=1","width":350,"height":200},"classes":[]},{"id":178,"url":"https:\/\/bukkleader.hu\/old\/vallalkozas-fejlesztesi-palyazati-lehetosegek\/","url_meta":{"origin":5762,"position":2},"title":"V\u00e1llalkoz\u00e1s-fejleszt\u00e9si p\u00e1ly\u00e1zati lehet\u0151s\u00e9gek","date":"2012-06-09","format":false,"excerpt":"T\u00e1j\u00e9koztat\u00e1s EMVA \u00e9s GOP v\u00e1llalkoz\u00e1s-fejleszt\u00e9si p\u00e1ly\u00e1zati lehet\u0151s\u00e9gekr\u0151lA Vid\u00e9kfejleszt\u00e9si Miniszt\u00e9rium t\u00e1j\u00e9koztat\u00e1sa szerint 2012-ben az EMVA-b\u00f3l t\u00e1rsfinansz\u00edroz\u00e1ssal megval\u00f3sul\u00f3 \u201eMikrov\u00e1llalkoz\u00e1sok l\u00e9trehoz\u00e1sa \u00e9s fejleszt\u00e9se\u201d int\u00e9zked\u00e9s utolj\u00e1ra ker\u00fcl kihirdet\u00e9sre a 2007-2013-as id\u0151szakban, a beny\u00fajt\u00e1si id\u0151szak v\u00e9g\u00e9n a jogc\u00edm lez\u00e1rul. A t\u00e1mogat\u00e1si jogc\u00edm beny\u00fajt\u00e1si id\u0151szaka 2012. j\u00fanius 1-30-ig tart. Ezt k\u00f6vet\u0151en az \u00daj Sz\u00e9chenyi Terv keret\u00e9ben\u2026","rel":"","context":"In &quot;H\u00edreink, k\u00f6zlem\u00e9nyeink&quot;","img":{"alt_text":"inform\u00e1ci\u00f3","src":"https:\/\/i1.wp.com\/bukkleader.hu\/old\/wp-content\/uploads\/2012\/06\/info384w.jpg?resize=350%2C200&ssl=1","width":350,"height":200},"classes":[]},{"id":308,"url":"https:\/\/bukkleader.hu\/old\/az-emva-iv-leader-program-harmadik-benyujtasi-korenek-koncepcioja\/","url_meta":{"origin":5762,"position":3},"title":"Az EMVA IV. LEADER Program harmadik beny\u00fajt\u00e1si k\u00f6r\u00e9nek koncepci\u00f3ja","date":"2013-02-19","format":false,"excerpt":"2013. tavasz\u00e1t\u00f3l, a Dar\u00e1nyi Ign\u00e1c Terv \u2013 \u00daj Magyarorsz\u00e1g Vid\u00e9kfejleszt\u00e9si Program keret\u00e9ben \u00fajabb EMVA IV. - LEADER vid\u00e9kfejleszt\u00e9si t\u00e1mogat\u00e1sok elnyer\u00e9s\u00e9re ny\u00edlnak lehet\u0151s\u00e9gek.A B\u00fckk-T\u00e9rs\u00e9gi LEADER Egyes\u00fclet ter\u00fclet\u00e9r\u0151l a Helyi Vid\u00e9kfejleszt\u00e9si Strat\u00e9gia k\u00f6z\u00f6s fel\u00fclvizsg\u00e1lata sor\u00e1n kialak\u00edtand\u00f3 LEADER c\u00e9lter\u00fcletekre ny\u00fajthat\u00f3k be p\u00e1ly\u00e1zatok. A program v\u00e9grehajt\u00e1s\u00e1ban az Ir\u00e1ny\u00edt\u00f3 Hat\u00f3s\u00e1g el\u0151zetes t\u00e1j\u00e9koztat\u00e1sa szerint az al\u00e1bbi\u2026","rel":"","context":"In &quot;H\u00edreink, k\u00f6zlem\u00e9nyeink&quot;","img":{"alt_text":"bukk-leader-logo-w","src":"https:\/\/i2.wp.com\/bukkleader.hu\/old\/wp-content\/uploads\/2015\/09\/bukk-leader-logo-w.jpg?resize=350%2C200&ssl=1","width":350,"height":200},"classes":[]},{"id":1383,"url":"https:\/\/bukkleader.hu\/old\/tisztelt-palyazoink-leader-helyi-felhivasok-kapcsan-az-ih-az-alabbi-kozlemenyt-jelentette-meg\/","url_meta":{"origin":5762,"position":4},"title":"Tisztelt P\u00e1ly\u00e1z\u00f3ink! A LEADER helyi felh\u00edv\u00e1sok kapcs\u00e1n az IH az al\u00e1bbi k\u00f6zlem\u00e9nyt jelentette meg","date":"2017-10-31","format":false,"excerpt":"Tisztelt P\u00e1ly\u00e1z\u00f3k! A LEADER helyi felh\u00edv\u00e1sok kapcs\u00e1n az IH az al\u00e1bbi k\u00f6zlem\u00e9nyt jelentette meg a www.palyazat.gov.hu honlapon: A Minisztereln\u00f6ks\u00e9g Agr\u00e1r-vid\u00e9kfejleszt\u00e9si Programok\u00e9rt Felel\u0151s Helyettes \u00c1llamtitk\u00e1rs\u00e1ga, mint EMVA Ir\u00e1ny\u00edt\u00f3 Hat\u00f3s\u00e1g K\u00f6zlem\u00e9nye a LEADER helyi p\u00e1ly\u00e1zati felh\u00edv\u00e1sok megjelen\u00e9s\u00e9r\u0151l A LEADER helyi p\u00e1ly\u00e1zati felh\u00edv\u00e1sok megjelen\u00e9se a mai napt\u00f3l megkezd\u0151dik. A felh\u00edv\u00e1sok a Magyar \u00c1llamkincst\u00e1r\u2026","rel":"","context":"In &quot;H\u00edreink, k\u00f6zlem\u00e9nyeink&quot;","img":{"alt_text":"","src":"https:\/\/i1.wp.com\/bukkleader.hu\/old\/wp-content\/uploads\/2017\/10\/LEADER-logo-Jul09-32.jpg?resize=350%2C200&ssl=1","width":350,"height":200},"classes":[]},{"id":353,"url":"https:\/\/bukkleader.hu\/old\/palyazati-lehetoseg-a-videki-gazdasag-es-a-lakossag-szamara-nyujtott-alapszolgaltatasok-fejlesztesere\/","url_meta":{"origin":5762,"position":5},"title":"P\u00e1ly\u00e1zati lehet\u0151s\u00e9g \u201ea vid\u00e9ki gazdas\u00e1g \u00e9s a lakoss\u00e1g sz\u00e1m\u00e1ra ny\u00fajtott alapszolg\u00e1ltat\u00e1sok fejleszt\u00e9s\u00e9re\u201d","date":"2013-11-14","format":false,"excerpt":"Megjelent a vid\u00e9kfejleszt\u00e9si miniszter 103\/2013. (XI. 8.) VM rendelete az Eur\u00f3pai Mez\u0151gazdas\u00e1gi Vid\u00e9kfejleszt\u00e9si Alapb\u00f3l ny\u00fajtand\u00f3, a vid\u00e9ki gazdas\u00e1g \u00e9s a lakoss\u00e1g sz\u00e1m\u00e1ra ny\u00fajtott alapszolg\u00e1ltat\u00e1sok fejleszt\u00e9s\u00e9re 2013-t\u00f3l ig\u00e9nybe vehet\u0151 t\u00e1mogat\u00e1sok r\u00e9szletes felt\u00e9teleir\u0151l. A rendelet alapj\u00e1n t\u00e1mogat\u00e1s vehet\u0151 ig\u00e9nybe t\u00f6bbek k\u00f6z\u00f6tt a\u00a0kist\u00e9rs\u00e9gi k\u00f6zleked\u00e9si szolg\u00e1ltat\u00e1s fejleszt\u00e9s\u00e9re falu- \u00e9s tanyagondnoki szolg\u00e1ltat\u00e1s ell\u00e1t\u00e1s\u00e1hoz kapcsol\u00f3d\u00f3an(1. c\u00e9lter\u00fclet).\u2026","rel":"","context":"In &quot;H\u00edreink, k\u00f6zlem\u00e9nyeink&quot;","img":{"alt_text":"elektromos-auto2-w","src":"https:\/\/i1.wp.com\/bukkleader.hu\/old\/wp-content\/uploads\/2015\/09\/elektromos-auto2-w.jpg?resize=350%2C200&ssl=1","width":350,"height":200},"classes":[]}],"_links":{"self":[{"href":"https:\/\/bukkleader.hu\/old\/wp-json\/wp\/v2\/posts\/5762"}],"collection":[{"href":"https:\/\/bukkleader.hu\/old\/wp-json\/wp\/v2\/posts"}],"about":[{"href":"https:\/\/bukkleader.hu\/old\/wp-json\/wp\/v2\/types\/post"}],"author":[{"embeddable":true,"href":"https:\/\/bukkleader.hu\/old\/wp-json\/wp\/v2\/users\/4"}],"replies":[{"embeddable":true,"href":"https:\/\/bukkleader.hu\/old\/wp-json\/wp\/v2\/comments?post=5762"}],"version-history":[{"count":1,"href":"https:\/\/bukkleader.hu\/old\/wp-json\/wp\/v2\/posts\/5762\/revisions"}],"predecessor-version":[{"id":5763,"href":"https:\/\/bukkleader.hu\/old\/wp-json\/wp\/v2\/posts\/5762\/revisions\/5763"}],"wp:featuredmedia":[{"embeddable":true,"href":"https:\/\/bukkleader.hu\/old\/wp-json\/wp\/v2\/media\/413"}],"wp:attachment":[{"href":"https:\/\/bukkleader.hu\/old\/wp-json\/wp\/v2\/media?parent=5762"}],"wp:term":[{"taxonomy":"category","embeddable":true,"href":"https:\/\/bukkleader.hu\/old\/wp-json\/wp\/v2\/categories?post=5762"},{"taxonomy":"post_tag","embeddable":true,"href":"https:\/\/bukkleader.hu\/old\/wp-json\/wp\/v2\/tags?post=5762"}],"curies":[{"name":"wp","href":"https:\/\/api.w.org\/{rel}","templated":true}]}}