{"id":5741,"date":"2021-02-03T13:20:56","date_gmt":"2021-02-03T12:20:56","guid":{"rendered":"https:\/\/bukkleader.hu\/old\/?p=5741"},"modified":"2021-02-03T13:20:56","modified_gmt":"2021-02-03T12:20:56","slug":"leader-tematikus-kozpont-altal-szervezett-kepzes-bocson-2020-marcius-4-en","status":"publish","type":"post","link":"https:\/\/bukkleader.hu\/old\/leader-tematikus-kozpont-altal-szervezett-kepzes-bocson-2020-marcius-4-en\/","title":{"rendered":"LEADER Tematikus K\u00f6zpont \u00e1ltal szervezett k\u00e9pz\u00e9s B\u0151cs\u00f6n 2020. m\u00e1rcius 4-\u00e9n"},"content":{"rendered":"<p>A <strong>B\u00fckki Lovas Postakocsi Egyes\u00fclet<\/strong>\u00a0tisztelettel megh\u00edvja \u00d6n\u00f6ket <strong>LEADER Tematikus K\u00f6zpont<\/strong> min\u0151s\u00e9g\u00e9ben szervezett k\u00e9pz\u00e9s\u00e9re,\u00a0amelyre\u00a0<strong>2021. m\u00e1rcius 4-\u00e9n<\/strong> (cs\u00fct\u00f6rt\u00f6k)\u00a0ker\u00fcl sor <strong>B\u0151cs\u00f6n<\/strong> az al\u00e1bbiak szerint:<\/p>\n<p><img data-attachment-id=\"5734\" data-permalink=\"https:\/\/bukkleader.hu\/old\/leader-tematikus-kozpont-szervezett-kepzes-bukkszentkereszten-2020-marcius-3-an\/meghivo_es_program_pm_bocs_page-0001\/\" data-orig-file=\"https:\/\/bukkleader.hu\/old\/wp-content\/uploads\/2021\/02\/Meghivo_es_program_pm_Bocs_page-0001.jpg\" data-orig-size=\"1241,1755\" data-comments-opened=\"1\" data-image-meta=\"{&quot;aperture&quot;:&quot;0&quot;,&quot;credit&quot;:&quot;&quot;,&quot;camera&quot;:&quot;&quot;,&quot;caption&quot;:&quot;&quot;,&quot;created_timestamp&quot;:&quot;0&quot;,&quot;copyright&quot;:&quot;&quot;,&quot;focal_length&quot;:&quot;0&quot;,&quot;iso&quot;:&quot;0&quot;,&quot;shutter_speed&quot;:&quot;0&quot;,&quot;title&quot;:&quot;&quot;,&quot;orientation&quot;:&quot;0&quot;}\" data-image-title=\"Meghivo_es_program_pm_Bocs_page-0001\" data-image-description=\"\" data-image-caption=\"\" data-medium-file=\"https:\/\/bukkleader.hu\/old\/wp-content\/uploads\/2021\/02\/Meghivo_es_program_pm_Bocs_page-0001-212x300.jpg\" data-large-file=\"https:\/\/bukkleader.hu\/old\/wp-content\/uploads\/2021\/02\/Meghivo_es_program_pm_Bocs_page-0001-724x1024.jpg\" loading=\"lazy\" class=\"aligncenter size-full wp-image-5734\" src=\"https:\/\/bukkleader.hu\/old\/wp-content\/uploads\/2021\/02\/Meghivo_es_program_pm_Bocs_page-0001.jpg\" alt=\"\" width=\"1241\" height=\"1755\" srcset=\"https:\/\/bukkleader.hu\/old\/wp-content\/uploads\/2021\/02\/Meghivo_es_program_pm_Bocs_page-0001.jpg 1241w, https:\/\/bukkleader.hu\/old\/wp-content\/uploads\/2021\/02\/Meghivo_es_program_pm_Bocs_page-0001-212x300.jpg 212w, https:\/\/bukkleader.hu\/old\/wp-content\/uploads\/2021\/02\/Meghivo_es_program_pm_Bocs_page-0001-768x1086.jpg 768w, https:\/\/bukkleader.hu\/old\/wp-content\/uploads\/2021\/02\/Meghivo_es_program_pm_Bocs_page-0001-724x1024.jpg 724w\" sizes=\"(max-width: 1241px) 100vw, 1241px\" \/><\/p>\n<p><img data-attachment-id=\"5742\" data-permalink=\"https:\/\/bukkleader.hu\/old\/leader-tematikus-kozpont-altal-szervezett-kepzes-bocson-2020-marcius-4-en\/meghivo_es_program_pm_bocs_page-0002\/\" data-orig-file=\"https:\/\/bukkleader.hu\/old\/wp-content\/uploads\/2021\/02\/Meghivo_es_program_pm_Bocs_page-0002.jpg\" data-orig-size=\"1241,1755\" data-comments-opened=\"1\" data-image-meta=\"{&quot;aperture&quot;:&quot;0&quot;,&quot;credit&quot;:&quot;&quot;,&quot;camera&quot;:&quot;&quot;,&quot;caption&quot;:&quot;&quot;,&quot;created_timestamp&quot;:&quot;0&quot;,&quot;copyright&quot;:&quot;&quot;,&quot;focal_length&quot;:&quot;0&quot;,&quot;iso&quot;:&quot;0&quot;,&quot;shutter_speed&quot;:&quot;0&quot;,&quot;title&quot;:&quot;&quot;,&quot;orientation&quot;:&quot;0&quot;}\" data-image-title=\"Meghivo_es_program_pm_Bocs_page-0002\" data-image-description=\"\" data-image-caption=\"\" data-medium-file=\"https:\/\/bukkleader.hu\/old\/wp-content\/uploads\/2021\/02\/Meghivo_es_program_pm_Bocs_page-0002-212x300.jpg\" data-large-file=\"https:\/\/bukkleader.hu\/old\/wp-content\/uploads\/2021\/02\/Meghivo_es_program_pm_Bocs_page-0002-724x1024.jpg\" loading=\"lazy\" class=\"aligncenter size-full wp-image-5742\" src=\"https:\/\/bukkleader.hu\/old\/wp-content\/uploads\/2021\/02\/Meghivo_es_program_pm_Bocs_page-0002.jpg\" alt=\"\" width=\"1241\" height=\"1755\" srcset=\"https:\/\/bukkleader.hu\/old\/wp-content\/uploads\/2021\/02\/Meghivo_es_program_pm_Bocs_page-0002.jpg 1241w, https:\/\/bukkleader.hu\/old\/wp-content\/uploads\/2021\/02\/Meghivo_es_program_pm_Bocs_page-0002-212x300.jpg 212w, https:\/\/bukkleader.hu\/old\/wp-content\/uploads\/2021\/02\/Meghivo_es_program_pm_Bocs_page-0002-768x1086.jpg 768w, https:\/\/bukkleader.hu\/old\/wp-content\/uploads\/2021\/02\/Meghivo_es_program_pm_Bocs_page-0002-724x1024.jpg 724w\" sizes=\"(max-width: 1241px) 100vw, 1241px\" \/><\/p>\n<div class=\"sharedaddy sd-sharing-enabled\"><div class=\"robots-nocontent sd-block sd-social sd-social-icon sd-sharing\"><h3 class=\"sd-title\">Share this:<\/h3><div class=\"sd-content\"><ul><li class=\"share-facebook\"><a rel=\"nofollow noopener noreferrer\" data-shared=\"sharing-facebook-5741\" class=\"share-facebook sd-button share-icon no-text\" href=\"https:\/\/bukkleader.hu\/old\/leader-tematikus-kozpont-altal-szervezett-kepzes-bocson-2020-marcius-4-en\/?share=facebook\" target=\"_blank\" title=\"Click to share on Facebook\"><span><\/span><span class=\"sharing-screen-reader-text\">Click to share on Facebook (Opens in new window)<\/span><\/a><\/li><li class=\"share-twitter\"><a rel=\"nofollow noopener noreferrer\" data-shared=\"sharing-twitter-5741\" class=\"share-twitter sd-button share-icon no-text\" href=\"https:\/\/bukkleader.hu\/old\/leader-tematikus-kozpont-altal-szervezett-kepzes-bocson-2020-marcius-4-en\/?share=twitter\" target=\"_blank\" title=\"Click to share on Twitter\"><span><\/span><span class=\"sharing-screen-reader-text\">Click to share on Twitter (Opens in new window)<\/span><\/a><\/li><li class=\"share-print\"><a rel=\"nofollow noopener noreferrer\" data-shared=\"\" class=\"share-print sd-button share-icon no-text\" href=\"https:\/\/bukkleader.hu\/old\/leader-tematikus-kozpont-altal-szervezett-kepzes-bocson-2020-marcius-4-en\/\" target=\"_blank\" title=\"Click to print\"><span><\/span><span class=\"sharing-screen-reader-text\">Click to print (Opens in new window)<\/span><\/a><\/li><li class=\"share-email\"><a rel=\"nofollow noopener noreferrer\" data-shared=\"\" class=\"share-email sd-button share-icon no-text\" href=\"https:\/\/bukkleader.hu\/old\/leader-tematikus-kozpont-altal-szervezett-kepzes-bocson-2020-marcius-4-en\/?share=email\" target=\"_blank\" title=\"Click to email this to a friend\"><span><\/span><span class=\"sharing-screen-reader-text\">Click to email this to a friend (Opens in new window)<\/span><\/a><\/li><li class=\"share-end\"><\/li><\/ul><\/div><\/div><\/div>","protected":false},"excerpt":{"rendered":"<p>A B\u00fckki Lovas Postakocsi Egyes\u00fclet\u00a0tisztelettel megh\u00edvja \u00d6n\u00f6ket LEADER Tematikus K\u00f6zpont min\u0151s\u00e9g\u00e9ben szervezett k\u00e9pz\u00e9s\u00e9re,\u00a0amelyre\u00a02021. m\u00e1rcius 4-\u00e9n (cs\u00fct\u00f6rt\u00f6k)\u00a0ker\u00fcl sor B\u0151cs\u00f6n az al\u00e1bbiak szerint:<\/p>\n<div class=\"sharedaddy sd-sharing-enabled\"><div class=\"robots-nocontent sd-block sd-social sd-social-icon sd-sharing\"><h3 class=\"sd-title\">Share this:<\/h3><div class=\"sd-content\"><ul><li class=\"share-facebook\"><a rel=\"nofollow noopener noreferrer\" data-shared=\"sharing-facebook-5741\" class=\"share-facebook sd-button share-icon no-text\" href=\"https:\/\/bukkleader.hu\/old\/leader-tematikus-kozpont-altal-szervezett-kepzes-bocson-2020-marcius-4-en\/?share=facebook\" target=\"_blank\" title=\"Click to share on Facebook\"><span><\/span><span class=\"sharing-screen-reader-text\">Click to share on Facebook (Opens in new window)<\/span><\/a><\/li><li class=\"share-twitter\"><a rel=\"nofollow noopener noreferrer\" data-shared=\"sharing-twitter-5741\" class=\"share-twitter sd-button share-icon no-text\" href=\"https:\/\/bukkleader.hu\/old\/leader-tematikus-kozpont-altal-szervezett-kepzes-bocson-2020-marcius-4-en\/?share=twitter\" target=\"_blank\" title=\"Click to share on Twitter\"><span><\/span><span class=\"sharing-screen-reader-text\">Click to share on Twitter (Opens in new window)<\/span><\/a><\/li><li class=\"share-print\"><a rel=\"nofollow noopener noreferrer\" data-shared=\"\" class=\"share-print sd-button share-icon no-text\" href=\"https:\/\/bukkleader.hu\/old\/leader-tematikus-kozpont-altal-szervezett-kepzes-bocson-2020-marcius-4-en\/\" target=\"_blank\" title=\"Click to print\"><span><\/span><span class=\"sharing-screen-reader-text\">Click to print (Opens in new window)<\/span><\/a><\/li><li class=\"share-email\"><a rel=\"nofollow noopener noreferrer\" data-shared=\"\" class=\"share-email sd-button share-icon no-text\" href=\"https:\/\/bukkleader.hu\/old\/leader-tematikus-kozpont-altal-szervezett-kepzes-bocson-2020-marcius-4-en\/?share=email\" target=\"_blank\" title=\"Click to email this to a friend\"><span><\/span><span class=\"sharing-screen-reader-text\">Click to email this to a friend (Opens in new window)<\/span><\/a><\/li><li class=\"share-end\"><\/li><\/ul><\/div><\/div><\/div>","protected":false},"author":4,"featured_media":1901,"comment_status":"open","ping_status":"closed","sticky":false,"template":"","format":"standard","meta":{"_bbp_topic_count":0,"_bbp_reply_count":0,"_bbp_total_topic_count":0,"_bbp_total_reply_count":0,"_bbp_voice_count":0,"_bbp_anonymous_reply_count":0,"_bbp_topic_count_hidden":0,"_bbp_reply_count_hidden":0,"_bbp_forum_subforum_count":0,"spay_email":"","jetpack_publicize_message":"","jetpack_is_tweetstorm":false,"jetpack_publicize_feature_enabled":true},"categories":[1,38],"tags":[],"jetpack_featured_media_url":"https:\/\/bukkleader.hu\/old\/wp-content\/uploads\/2018\/12\/hat\u00e1rid\u0151-modos\u00edt\u00e1s-2.jpg","jetpack_publicize_connections":[],"jetpack_sharing_enabled":true,"jetpack-related-posts":[{"id":5744,"url":"https:\/\/bukkleader.hu\/old\/leader-tematikus-kozpont-altal-szervezett-kepzes-repashutan-2020-marcius-5-en\/","url_meta":{"origin":5741,"position":0},"title":"LEADER Tematikus K\u00f6zpont \u00e1ltal szervezett k\u00e9pz\u00e9s R\u00e9p\u00e1shut\u00e1n 2020. m\u00e1rcius 5-\u00e9n","date":"2021-02-03","format":false,"excerpt":"A B\u00fckki Lovas Postakocsi Egyes\u00fclet\u00a0tisztelettel megh\u00edvja \u00d6n\u00f6ket LEADER Tematikus K\u00f6zpont min\u0151s\u00e9g\u00e9ben szervezett k\u00e9pz\u00e9s\u00e9re,\u00a0amelyre\u00a02021. m\u00e1rcius 5-\u00e9n (p\u00e9ntek)\u00a0ker\u00fcl sor R\u00e9p\u00e1shut\u00e1n az al\u00e1bbiak szerint:","rel":"","context":"In &quot;H\u00edreink, k\u00f6zlem\u00e9nyeink&quot;","img":{"alt_text":"","src":"https:\/\/i0.wp.com\/bukkleader.hu\/old\/wp-content\/uploads\/2018\/12\/hat\u00e1rid\u0151-modos\u00edt\u00e1s-2.jpg?resize=350%2C200&ssl=1","width":350,"height":200},"classes":[]},{"id":5756,"url":"https:\/\/bukkleader.hu\/old\/leader-tematikus-kozpont-altal-szervezett-kepzes-bukkaranyoson-2020-marcius-9-en\/","url_meta":{"origin":5741,"position":1},"title":"LEADER Tematikus K\u00f6zpont \u00e1ltal szervezett k\u00e9pz\u00e9s B\u00fckkaranyoson 2020. m\u00e1rcius 9-\u00e9n","date":"2021-02-03","format":false,"excerpt":"Figyelem! A 2021. m\u00e1rcius 8-\u00e1n \u00e9letbe l\u00e9p\u0151, a Covid-19 j\u00e1rv\u00e1nnyal kapcsolatos int\u00e9zked\u00e9sek miatt az al\u00e1bbi program elmarad. K\u00e9rem, hogy tov\u00e1bbi inform\u00e1ci\u00f3\u00e9rt\u00a0 a programmal kapcsolatban k\u00eds\u00e9rj\u00e9k figyelemmel honlapunkat! L\u00e1sd m\u00e9g \u201cA LEADER Tudomka Tematikus K\u00f6zpont t\u00e1j\u00e9koztat\u00e1sa digit\u00e1lis tanrendre t\u00f6rt\u00e9n\u0151 \u00e1t\u00e1ll\u00e1sr\u00f3l, k\u00e9pz\u00e9s elmarad\u00e1s\u00e1r\u00f3l\u201d c\u00edm\u0171 h\u00edr\u00fcnket! *** A B\u00fckki Lovas Postakocsi Egyes\u00fclet\u00a0tisztelettel megh\u00edvja\u2026","rel":"","context":"In &quot;H\u00edreink, k\u00f6zlem\u00e9nyeink&quot;","img":{"alt_text":"","src":"https:\/\/i1.wp.com\/bukkleader.hu\/old\/wp-content\/uploads\/2020\/10\/elmarad.jpg?resize=350%2C200&ssl=1","width":350,"height":200},"classes":[]},{"id":5733,"url":"https:\/\/bukkleader.hu\/old\/leader-tematikus-kozpont-szervezett-kepzes-bukkszentkereszten-2020-marcius-3-an\/","url_meta":{"origin":5741,"position":2},"title":"LEADER Tematikus K\u00f6zpont \u00e1ltal szervezett k\u00e9pz\u00e9s B\u00fckkszentkereszten 2020. m\u00e1rcius 3-\u00e1n","date":"2021-02-03","format":false,"excerpt":"A B\u00fckki Lovas Postakocsi Egyes\u00fclet\u00a0tisztelettel megh\u00edvja \u00d6n\u00f6ket LEADER Tematikus K\u00f6zpont min\u0151s\u00e9g\u00e9ben szervezett k\u00e9pz\u00e9s\u00e9re,\u00a0amelyre\u00a02021. m\u00e1rcius 3-\u00e1n (szerda)\u00a0ker\u00fcl sor B\u00fckkszentkereszten\u00a0az al\u00e1bbiak szerint:","rel":"","context":"In &quot;H\u00edreink, k\u00f6zlem\u00e9nyeink&quot;","img":{"alt_text":"","src":"https:\/\/i0.wp.com\/bukkleader.hu\/old\/wp-content\/uploads\/2018\/12\/hat\u00e1rid\u0151-modos\u00edt\u00e1s-2.jpg?resize=350%2C200&ssl=1","width":350,"height":200},"classes":[]},{"id":5748,"url":"https:\/\/bukkleader.hu\/old\/leader-tematikus-kozpont-altal-szervezett-kepzes-malyiban-2020-marcius-8-an\/","url_meta":{"origin":5741,"position":3},"title":"LEADER Tematikus K\u00f6zpont \u00e1ltal szervezett k\u00e9pz\u00e9s M\u00e1lyiban 2020. m\u00e1rcius 8-\u00e1n","date":"2021-02-03","format":false,"excerpt":"Figyelem! A 2021. m\u00e1rcius 8-\u00e1n \u00e9letbe l\u00e9p\u0151, a Covid-19 j\u00e1rv\u00e1nnyal kapcsolatos int\u00e9zked\u00e9sek miatt az al\u00e1bbi program elmarad. K\u00e9rem, hogy tov\u00e1bbi inform\u00e1ci\u00f3\u00e9rt\u00a0 a programmal kapcsolatban k\u00eds\u00e9rj\u00e9k figyelemmel honlapunkat! L\u00e1sd m\u00e9g \"A LEADER Tudomka Tematikus K\u00f6zpont t\u00e1j\u00e9koztat\u00e1sa digit\u00e1lis tanrendre t\u00f6rt\u00e9n\u0151 \u00e1t\u00e1ll\u00e1sr\u00f3l, k\u00e9pz\u00e9s elmarad\u00e1s\u00e1r\u00f3l\" c\u00edm\u0171 h\u00edr\u00fcnket! *** A B\u00fckki Lovas Postakocsi Egyes\u00fclet\u00a0tisztelettel megh\u00edvja\u2026","rel":"","context":"In &quot;H\u00edreink, k\u00f6zlem\u00e9nyeink&quot;","img":{"alt_text":"","src":"https:\/\/i1.wp.com\/bukkleader.hu\/old\/wp-content\/uploads\/2020\/10\/elmarad.jpg?resize=350%2C200&ssl=1","width":350,"height":200},"classes":[]},{"id":5786,"url":"https:\/\/bukkleader.hu\/old\/a-leader-tudomka-tematikus-kozpont-tajekoztatasa-digitalis-tanrendre-torteno-atallasrol-kepzes-elmaradasarol\/","url_meta":{"origin":5741,"position":4},"title":"A LEADER Tudomka Tematikus K\u00f6zpont t\u00e1j\u00e9koztat\u00e1sa digit\u00e1lis tanrendre t\u00f6rt\u00e9n\u0151 \u00e1t\u00e1ll\u00e1sr\u00f3l, k\u00e9pz\u00e9s elmarad\u00e1s\u00e1r\u00f3l","date":"2021-03-08","format":false,"excerpt":"A B\u00fckki Lovas Postakocsi Egyes\u00fclet, mint LEADER Tudomka Tematikus K\u00f6zpont az al\u00e1bbiakr\u00f3l t\u00e1j\u00e9koztatja az \u00e1ltala szervezett k\u00e9pz\u00e9sek ir\u00e1nt \u00e9rdekl\u0151d\u0151ket: \u00a0 Tekintettel a mai napt\u00f3l (2021.03.08.) hat\u00e1lyos korl\u00e1toz\u00f3 rendelkez\u00e9sekre a B\u00fckki Lovas Postakocsi Egyes\u00fclet, LEADER Tudomka Tematikus K\u00f6zpontja \u00e1ltal szervezett b\u00fckkaranyosi (2021.03.08-\u00e1n 09.00 \u00f3r\u00e1t\u00f3l), valamint m\u00e1lyi (2021.03.09-\u00e9n 09.00 \u00f3r\u00e1t\u00f3l) helysz\u00edni tud\u00e1s\u00e1tad\u00e1sok\u2026","rel":"","context":"In &quot;H\u00edreink, k\u00f6zlem\u00e9nyeink&quot;","img":{"alt_text":"","src":"https:\/\/i2.wp.com\/bukkleader.hu\/old\/wp-content\/uploads\/2016\/06\/\u00faj-k\u00e9p.jpg?resize=350%2C200&ssl=1","width":350,"height":200},"classes":[]},{"id":8560,"url":"https:\/\/bukkleader.hu\/old\/leader-tudomka-tematikus-kozpont-kepzes-2021-09-27-malyi\/","url_meta":{"origin":5741,"position":5},"title":"LEADER Tudomka Tematikus K\u00f6zpont k\u00e9pz\u00e9s 2021. 09. 27. M\u00e1lyi","date":"2021-09-24","format":false,"excerpt":"Az SBS Hang-Sz\u00ednpad Nonprofit Kft. tisztelettel megh\u00edvja \u00d6n\u00f6ket a LEADER Tudomka Tematikus K\u00f6zpont k\u00e9pz\u00e9s\u00e9re. A megh\u00edv\u00f3 let\u00f6lthet\u0151 pdf-ben itt.","rel":"","context":"In &quot;H\u00edreink, k\u00f6zlem\u00e9nyeink&quot;","img":{"alt_text":"","src":"https:\/\/i0.wp.com\/bukkleader.hu\/old\/wp-content\/uploads\/2021\/09\/wordpress-seo-for-music2.jpg?resize=350%2C200&ssl=1","width":350,"height":200},"classes":[]}],"_links":{"self":[{"href":"https:\/\/bukkleader.hu\/old\/wp-json\/wp\/v2\/posts\/5741"}],"collection":[{"href":"https:\/\/bukkleader.hu\/old\/wp-json\/wp\/v2\/posts"}],"about":[{"href":"https:\/\/bukkleader.hu\/old\/wp-json\/wp\/v2\/types\/post"}],"author":[{"embeddable":true,"href":"https:\/\/bukkleader.hu\/old\/wp-json\/wp\/v2\/users\/4"}],"replies":[{"embeddable":true,"href":"https:\/\/bukkleader.hu\/old\/wp-json\/wp\/v2\/comments?post=5741"}],"version-history":[{"count":1,"href":"https:\/\/bukkleader.hu\/old\/wp-json\/wp\/v2\/posts\/5741\/revisions"}],"predecessor-version":[{"id":5743,"href":"https:\/\/bukkleader.hu\/old\/wp-json\/wp\/v2\/posts\/5741\/revisions\/5743"}],"wp:featuredmedia":[{"embeddable":true,"href":"https:\/\/bukkleader.hu\/old\/wp-json\/wp\/v2\/media\/1901"}],"wp:attachment":[{"href":"https:\/\/bukkleader.hu\/old\/wp-json\/wp\/v2\/media?parent=5741"}],"wp:term":[{"taxonomy":"category","embeddable":true,"href":"https:\/\/bukkleader.hu\/old\/wp-json\/wp\/v2\/categories?post=5741"},{"taxonomy":"post_tag","embeddable":true,"href":"https:\/\/bukkleader.hu\/old\/wp-json\/wp\/v2\/tags?post=5741"}],"curies":[{"name":"wp","href":"https:\/\/api.w.org\/{rel}","templated":true}]}}