{"id":509,"date":"2015-10-27T15:57:34","date_gmt":"2015-10-27T14:57:34","guid":{"rendered":"https:\/\/bukkleader.hu\/old\/?p=509"},"modified":"2015-10-27T15:57:34","modified_gmt":"2015-10-27T14:57:34","slug":"meghivo-kozgyulesre","status":"publish","type":"post","link":"https:\/\/bukkleader.hu\/old\/meghivo-kozgyulesre\/","title":{"rendered":"Megh\u00edv\u00f3 K\u00f6zgy\u0171l\u00e9sre!"},"content":{"rendered":"<p style=\"text-align: justify;\">A B\u00fckk-T\u00e9rs\u00e9gi LEADER Egyes\u00fclet a Helyi Fejleszt\u00e9si Strat\u00e9gia tervez\u00e9sr\u0151l k\u00f6zgy\u0171l\u00e9st tart B\u0151cs\u00f6n, a mell\u00e9kelt megh\u00edv\u00f3 szerint.<\/p>\n<p style=\"text-align: justify;\">Minden \u00e9rdekl\u0151d\u0151t v\u00e1runk!<\/p>\n<p style=\"text-align: justify;\"><a href=\"https:\/\/bukkleader.hu\/old\/wp-content\/uploads\/2015\/10\/kozgyules_meghivo_11_05.pdf\" target=\"_blank\">Megh\u00edv\u00f3 let\u00f6lt\u00e9se itt&gt;&gt;<\/a><\/p>\n<div class=\"sharedaddy sd-sharing-enabled\"><div class=\"robots-nocontent sd-block sd-social sd-social-icon sd-sharing\"><h3 class=\"sd-title\">Share this:<\/h3><div class=\"sd-content\"><ul><li class=\"share-facebook\"><a rel=\"nofollow noopener noreferrer\" data-shared=\"sharing-facebook-509\" class=\"share-facebook sd-button share-icon no-text\" href=\"https:\/\/bukkleader.hu\/old\/meghivo-kozgyulesre\/?share=facebook\" target=\"_blank\" title=\"Click to share on Facebook\"><span><\/span><span class=\"sharing-screen-reader-text\">Click to share on Facebook (Opens in new window)<\/span><\/a><\/li><li class=\"share-twitter\"><a rel=\"nofollow noopener noreferrer\" data-shared=\"sharing-twitter-509\" class=\"share-twitter sd-button share-icon no-text\" href=\"https:\/\/bukkleader.hu\/old\/meghivo-kozgyulesre\/?share=twitter\" target=\"_blank\" title=\"Click to share on Twitter\"><span><\/span><span class=\"sharing-screen-reader-text\">Click to share on Twitter (Opens in new window)<\/span><\/a><\/li><li class=\"share-print\"><a rel=\"nofollow noopener noreferrer\" data-shared=\"\" class=\"share-print sd-button share-icon no-text\" href=\"https:\/\/bukkleader.hu\/old\/meghivo-kozgyulesre\/\" target=\"_blank\" title=\"Click to print\"><span><\/span><span class=\"sharing-screen-reader-text\">Click to print (Opens in new window)<\/span><\/a><\/li><li class=\"share-email\"><a rel=\"nofollow noopener noreferrer\" data-shared=\"\" class=\"share-email sd-button share-icon no-text\" href=\"https:\/\/bukkleader.hu\/old\/meghivo-kozgyulesre\/?share=email\" target=\"_blank\" title=\"Click to email this to a friend\"><span><\/span><span class=\"sharing-screen-reader-text\">Click to email this to a friend (Opens in new window)<\/span><\/a><\/li><li class=\"share-end\"><\/li><\/ul><\/div><\/div><\/div>","protected":false},"excerpt":{"rendered":"<p>A B\u00fckk-T\u00e9rs\u00e9gi LEADER Egyes\u00fclet a Helyi Fejleszt\u00e9si Strat\u00e9gia tervez\u00e9sr\u0151l k\u00f6zgy\u0171l\u00e9st tart B\u0151cs\u00f6n, a mell\u00e9kelt megh\u00edv\u00f3 szerint. Minden \u00e9rdekl\u0151d\u0151t v\u00e1runk! Megh\u00edv\u00f3 let\u00f6lt\u00e9se itt&gt;&gt;<\/p>\n<div class=\"sharedaddy sd-sharing-enabled\"><div class=\"robots-nocontent sd-block sd-social sd-social-icon sd-sharing\"><h3 class=\"sd-title\">Share this:<\/h3><div class=\"sd-content\"><ul><li class=\"share-facebook\"><a rel=\"nofollow noopener noreferrer\" data-shared=\"sharing-facebook-509\" class=\"share-facebook sd-button share-icon no-text\" href=\"https:\/\/bukkleader.hu\/old\/meghivo-kozgyulesre\/?share=facebook\" target=\"_blank\" title=\"Click to share on Facebook\"><span><\/span><span class=\"sharing-screen-reader-text\">Click to share on Facebook (Opens in new window)<\/span><\/a><\/li><li class=\"share-twitter\"><a rel=\"nofollow noopener noreferrer\" data-shared=\"sharing-twitter-509\" class=\"share-twitter sd-button share-icon no-text\" href=\"https:\/\/bukkleader.hu\/old\/meghivo-kozgyulesre\/?share=twitter\" target=\"_blank\" title=\"Click to share on Twitter\"><span><\/span><span class=\"sharing-screen-reader-text\">Click to share on Twitter (Opens in new window)<\/span><\/a><\/li><li class=\"share-print\"><a rel=\"nofollow noopener noreferrer\" data-shared=\"\" class=\"share-print sd-button share-icon no-text\" href=\"https:\/\/bukkleader.hu\/old\/meghivo-kozgyulesre\/\" target=\"_blank\" title=\"Click to print\"><span><\/span><span class=\"sharing-screen-reader-text\">Click to print (Opens in new window)<\/span><\/a><\/li><li class=\"share-email\"><a rel=\"nofollow noopener noreferrer\" data-shared=\"\" class=\"share-email sd-button share-icon no-text\" href=\"https:\/\/bukkleader.hu\/old\/meghivo-kozgyulesre\/?share=email\" target=\"_blank\" title=\"Click to email this to a friend\"><span><\/span><span class=\"sharing-screen-reader-text\">Click to email this to a friend (Opens in new window)<\/span><\/a><\/li><li class=\"share-end\"><\/li><\/ul><\/div><\/div><\/div>","protected":false},"author":1,"featured_media":0,"comment_status":"open","ping_status":"closed","sticky":false,"template":"","format":"standard","meta":{"_bbp_topic_count":0,"_bbp_reply_count":0,"_bbp_total_topic_count":0,"_bbp_total_reply_count":0,"_bbp_voice_count":0,"_bbp_anonymous_reply_count":0,"_bbp_topic_count_hidden":0,"_bbp_reply_count_hidden":0,"_bbp_forum_subforum_count":0,"spay_email":"","jetpack_publicize_message":"","jetpack_is_tweetstorm":false,"jetpack_publicize_feature_enabled":true},"categories":[1],"tags":[],"jetpack_featured_media_url":"","jetpack_publicize_connections":[],"jetpack_sharing_enabled":true,"jetpack-related-posts":[{"id":432,"url":"https:\/\/bukkleader.hu\/old\/meghivo-a-bukk-tersegi-leader-egyesulet-kozgyulesere\/","url_meta":{"origin":509,"position":0},"title":"Megh\u00edv\u00f3 a B\u00fckk-T\u00e9rs\u00e9gi LEADER Egyes\u00fclet k\u00f6zgy\u0171l\u00e9s\u00e9re","date":"2015-06-05","format":false,"excerpt":"FIGYELEM! T\u00e1j\u00e9koztatjuk a LEADER HACS Tagokat, hogy a 2015. j\u00fanius 18-ra \u00f6sszeh\u00edvott k\u00f6zgy\u0171l\u00e9s ELMARAD, a k\u00f6zgy\u0171l\u00e9s \u00faj id\u0151pontra, 2015. j\u00fanius 29-re ker\u00fcl \u00f6sszeh\u00edv\u00e1sra. A v\u00e1ltoztat\u00e1sr\u00f3l a Tags\u00e1got e-mailben \u00e9rtes\u00edtett\u00fck. A 2015. j\u00fanius 29-i k\u00f6zgy\u0171l\u00e9s megh\u00edv\u00f3j\u00e1nak let\u00f6lt\u00e9se >>Az Egyes\u00fclet 2015.01. - 2015.10. havi id\u0151szakra vonatkoz\u00f3 k\u00f6lts\u00e9gvet\u00e9si terv\u00e9nek let\u00f6lt\u00e9se >>A B\u00fckk-T\u00e9rs\u00e9gi LEADER\u2026","rel":"","context":"In &quot;H\u00edreink, k\u00f6zlem\u00e9nyeink&quot;","img":{"alt_text":"felki\u00e1llt\u00f3 jel","src":"https:\/\/i0.wp.com\/bukkleader.hu\/old\/wp-content\/uploads\/2012\/06\/felkialto-jel384w.jpg?resize=350%2C200&ssl=1","width":350,"height":200},"classes":[]},{"id":920,"url":"https:\/\/bukkleader.hu\/old\/meghivo-kozgyulesre-parasznya\/","url_meta":{"origin":509,"position":1},"title":"MEGH\u00cdV\u00d3 K\u00f6zgy\u0171l\u00e9sre \u2013 Parasznya","date":"2016-05-26","format":false,"excerpt":"Tisztelt Tagjaink!\u00a0A B\u00fckk-T\u00e9rs\u00e9gi LEADER Egyes\u00fclet tisztelettel megh\u00edvja a 2016.05.31.-i K\u00f6zgy\u0171l\u00e9s\u00e9re a mell\u00e9kelt megh\u00edv\u00f3 szerint. Megjelen\u00e9setekre felt\u00e9tlen\u00fcl sz\u00e1m\u00edtunk!\u00a0Megh\u00edv\u00f3 let\u00f6lt\u00e9se >>\u00a0kozgyules_meghivo_05_31\u00a0","rel":"","context":"In &quot;H\u00edreink, k\u00f6zlem\u00e9nyeink&quot;","img":{"alt_text":"","src":"https:\/\/i1.wp.com\/bukkleader.hu\/old\/wp-content\/uploads\/2016\/05\/Parasznya.jpg?resize=350%2C200&ssl=1","width":350,"height":200},"classes":[]},{"id":829,"url":"https:\/\/bukkleader.hu\/old\/meghivo-kozgyulesre-2\/","url_meta":{"origin":509,"position":2},"title":"MEGH\u00cdV\u00d3 K\u00f6zgy\u0171l\u00e9sre &#8211; Kistokaj","date":"2016-02-24","format":false,"excerpt":"Tisztelt Tagjaink!\u00a0A B\u00fckk-T\u00e9rs\u00e9gi LEADER Egyes\u00fclet tisztelettel megh\u00edvja a 2016.03.02.-i K\u00f6zgy\u0171l\u00e9s\u00e9re a mell\u00e9kelt megh\u00edv\u00f3 szerint. >>\u00a0kozgyules_meghivo_03_02","rel":"","context":"In &quot;H\u00edreink, k\u00f6zlem\u00e9nyeink&quot;","img":{"alt_text":"","src":"https:\/\/i1.wp.com\/bukkleader.hu\/old\/wp-content\/uploads\/2016\/02\/kistokaj-2.jpg?resize=350%2C200&ssl=1","width":350,"height":200},"classes":[]},{"id":2318,"url":"https:\/\/bukkleader.hu\/old\/meghivo-kozgyulesre-emod-2019-11-28\/","url_meta":{"origin":509,"position":3},"title":"Megh\u00edv\u00f3 K\u00f6zgy\u0171l\u00e9sre &#8211; Em\u0151d, 2019. 11. 28.","date":"2019-11-19","format":false,"excerpt":"A B\u00fckk-T\u00e9rs\u00e9gi LEADER Egyes\u00fclet tisztelettel megh\u00edvja tagjait 2019. 11. 28-\u00e1n Em\u0151d\u00f6n 15 \u00f3rakor kezd\u0151d\u0151 k\u00f6zgy\u0171l\u00e9sre, a mell\u00e9kelt megh\u00edv\u00f3 szerint: A megh\u00edv\u00f3 PDF-ben let\u00f6lthet\u0151 itt.","rel":"","context":"In &quot;H\u00edreink, k\u00f6zlem\u00e9nyeink&quot;","img":{"alt_text":"","src":"https:\/\/i1.wp.com\/bukkleader.hu\/old\/wp-content\/uploads\/2019\/11\/kozgyules_meghivo_2019_11_28_pages-to-jpg-0001.jpg?resize=350%2C200&ssl=1","width":350,"height":200},"classes":[]},{"id":1938,"url":"https:\/\/bukkleader.hu\/old\/meghivo-rendkivuli-kozgyulesre-sajopetri-2019-01-24\/","url_meta":{"origin":509,"position":4},"title":"Megh\u00edv\u00f3 rendk\u00edv\u00fcli K\u00f6zgy\u0171l\u00e9sre &#8211; Saj\u00f3petri, 2019. 01. 24.","date":"2019-01-17","format":false,"excerpt":"A B\u00fckk-T\u00e9rs\u00e9gi LEADER Egyes\u00fclet tisztelettel megh\u00edvja tagjait 2019. 01. 24-\u00e9n Saj\u00f3petriben 15 \u00f3rakor kezd\u0151d\u0151 rendk\u00edv\u00fcli k\u00f6zgy\u0171l\u00e9sre, a mell\u00e9kelt megh\u00edv\u00f3 szerint: MEGH\u00cdV\u00d3 >> \u00a0 \u00a0 \u00a0 \u00a0 \u00a0 \u00a0 \u00a0","rel":"","context":"In &quot;H\u00edreink, k\u00f6zlem\u00e9nyeink&quot;","img":{"alt_text":"","src":"https:\/\/i0.wp.com\/bukkleader.hu\/old\/wp-content\/uploads\/2015\/12\/saj\u00f3petri.jpg?resize=350%2C200&ssl=1","width":350,"height":200},"classes":[]},{"id":5945,"url":"https:\/\/bukkleader.hu\/old\/meghivo-kozgyulesre-bocs-2021-06-10\/","url_meta":{"origin":509,"position":5},"title":"Megh\u00edv\u00f3 K\u00f6zgy\u0171l\u00e9sre \u2013 B\u0151cs, 2021.06.10.","date":"2021-06-02","format":false,"excerpt":"A B\u00fckk-T\u00e9rs\u00e9gi LEADER Egyes\u00fclet tisztelettel megh\u00edvja tagjait 2021. j\u00fanius 10-\u00e9n B\u0151cs\u00f6n 15 \u00f3rakor kezd\u0151d\u0151 k\u00f6zgy\u0171l\u00e9s\u00e9re, a mell\u00e9kelt megh\u00edv\u00f3 szerint (a megh\u00edv\u00f3 PDF-ben let\u00f6lthet\u0151 itt):","rel":"","context":"In &quot;H\u00edreink, k\u00f6zlem\u00e9nyeink&quot;","img":{"alt_text":"bukk-leader-logo-w","src":"https:\/\/i2.wp.com\/bukkleader.hu\/old\/wp-content\/uploads\/2015\/09\/bukk-leader-logo-w.jpg?resize=350%2C200&ssl=1","width":350,"height":200},"classes":[]}],"_links":{"self":[{"href":"https:\/\/bukkleader.hu\/old\/wp-json\/wp\/v2\/posts\/509"}],"collection":[{"href":"https:\/\/bukkleader.hu\/old\/wp-json\/wp\/v2\/posts"}],"about":[{"href":"https:\/\/bukkleader.hu\/old\/wp-json\/wp\/v2\/types\/post"}],"author":[{"embeddable":true,"href":"https:\/\/bukkleader.hu\/old\/wp-json\/wp\/v2\/users\/1"}],"replies":[{"embeddable":true,"href":"https:\/\/bukkleader.hu\/old\/wp-json\/wp\/v2\/comments?post=509"}],"version-history":[{"count":1,"href":"https:\/\/bukkleader.hu\/old\/wp-json\/wp\/v2\/posts\/509\/revisions"}],"predecessor-version":[{"id":512,"href":"https:\/\/bukkleader.hu\/old\/wp-json\/wp\/v2\/posts\/509\/revisions\/512"}],"wp:attachment":[{"href":"https:\/\/bukkleader.hu\/old\/wp-json\/wp\/v2\/media?parent=509"}],"wp:term":[{"taxonomy":"category","embeddable":true,"href":"https:\/\/bukkleader.hu\/old\/wp-json\/wp\/v2\/categories?post=509"},{"taxonomy":"post_tag","embeddable":true,"href":"https:\/\/bukkleader.hu\/old\/wp-json\/wp\/v2\/tags?post=509"}],"curies":[{"name":"wp","href":"https:\/\/api.w.org\/{rel}","templated":true}]}}