{"id":4874,"date":"2020-10-09T15:12:15","date_gmt":"2020-10-09T13:12:15","guid":{"rendered":"https:\/\/bukkleader.hu\/old\/?p=4874"},"modified":"2020-12-08T15:15:29","modified_gmt":"2020-12-08T14:15:29","slug":"tajekoztato-forum-a-videkfejlesztesi-program-aktualitasairol-cserepvaraljan-2020-10-17","status":"publish","type":"post","link":"https:\/\/bukkleader.hu\/old\/tajekoztato-forum-a-videkfejlesztesi-program-aktualitasairol-cserepvaraljan-2020-10-17\/","title":{"rendered":"T\u00e1j\u00e9koztat\u00f3 f\u00f3rum a Vid\u00e9kfejleszt\u00e9si Program aktualit\u00e1sair\u00f3l Cser\u00e9pv\u00e1ralj\u00e1n &#8211; 2020.10.17."},"content":{"rendered":"<p><img data-attachment-id=\"4875\" data-permalink=\"https:\/\/bukkleader.hu\/old\/tajekoztato-forum-a-videkfejlesztesi-program-aktualitasairol-cserepvaraljan-2020-10-17\/meghivo_cserepvaralja-2020-10-17_page-0001\/\" data-orig-file=\"https:\/\/bukkleader.hu\/old\/wp-content\/uploads\/2020\/12\/Megh\u00edv\u00f3_Cser\u00e9pv\u00e1ralja-2020.10.17_page-0001.jpg\" data-orig-size=\"1241,1754\" data-comments-opened=\"1\" data-image-meta=\"{&quot;aperture&quot;:&quot;0&quot;,&quot;credit&quot;:&quot;&quot;,&quot;camera&quot;:&quot;&quot;,&quot;caption&quot;:&quot;&quot;,&quot;created_timestamp&quot;:&quot;0&quot;,&quot;copyright&quot;:&quot;&quot;,&quot;focal_length&quot;:&quot;0&quot;,&quot;iso&quot;:&quot;0&quot;,&quot;shutter_speed&quot;:&quot;0&quot;,&quot;title&quot;:&quot;&quot;,&quot;orientation&quot;:&quot;0&quot;}\" data-image-title=\"Megh\u00edv\u00f3_Cser\u00e9pv\u00e1ralja 2020.10.17_page-0001\" data-image-description=\"\" data-image-caption=\"\" data-medium-file=\"https:\/\/bukkleader.hu\/old\/wp-content\/uploads\/2020\/12\/Megh\u00edv\u00f3_Cser\u00e9pv\u00e1ralja-2020.10.17_page-0001-212x300.jpg\" data-large-file=\"https:\/\/bukkleader.hu\/old\/wp-content\/uploads\/2020\/12\/Megh\u00edv\u00f3_Cser\u00e9pv\u00e1ralja-2020.10.17_page-0001-725x1024.jpg\" loading=\"lazy\" class=\"aligncenter size-full wp-image-4875\" src=\"https:\/\/bukkleader.hu\/old\/wp-content\/uploads\/2020\/12\/Megh\u00edv\u00f3_Cser\u00e9pv\u00e1ralja-2020.10.17_page-0001.jpg\" alt=\"\" width=\"1241\" height=\"1754\" srcset=\"https:\/\/bukkleader.hu\/old\/wp-content\/uploads\/2020\/12\/Megh\u00edv\u00f3_Cser\u00e9pv\u00e1ralja-2020.10.17_page-0001.jpg 1241w, https:\/\/bukkleader.hu\/old\/wp-content\/uploads\/2020\/12\/Megh\u00edv\u00f3_Cser\u00e9pv\u00e1ralja-2020.10.17_page-0001-212x300.jpg 212w, https:\/\/bukkleader.hu\/old\/wp-content\/uploads\/2020\/12\/Megh\u00edv\u00f3_Cser\u00e9pv\u00e1ralja-2020.10.17_page-0001-768x1085.jpg 768w, https:\/\/bukkleader.hu\/old\/wp-content\/uploads\/2020\/12\/Megh\u00edv\u00f3_Cser\u00e9pv\u00e1ralja-2020.10.17_page-0001-725x1024.jpg 725w\" sizes=\"(max-width: 1241px) 100vw, 1241px\" \/><\/p>\n<div class=\"sharedaddy sd-sharing-enabled\"><div class=\"robots-nocontent sd-block sd-social sd-social-icon sd-sharing\"><h3 class=\"sd-title\">Share this:<\/h3><div class=\"sd-content\"><ul><li class=\"share-facebook\"><a rel=\"nofollow noopener noreferrer\" data-shared=\"sharing-facebook-4874\" class=\"share-facebook sd-button share-icon no-text\" href=\"https:\/\/bukkleader.hu\/old\/tajekoztato-forum-a-videkfejlesztesi-program-aktualitasairol-cserepvaraljan-2020-10-17\/?share=facebook\" target=\"_blank\" title=\"Click to share on Facebook\"><span><\/span><span class=\"sharing-screen-reader-text\">Click to share on Facebook (Opens in new window)<\/span><\/a><\/li><li class=\"share-twitter\"><a rel=\"nofollow noopener noreferrer\" data-shared=\"sharing-twitter-4874\" class=\"share-twitter sd-button share-icon no-text\" href=\"https:\/\/bukkleader.hu\/old\/tajekoztato-forum-a-videkfejlesztesi-program-aktualitasairol-cserepvaraljan-2020-10-17\/?share=twitter\" target=\"_blank\" title=\"Click to share on Twitter\"><span><\/span><span class=\"sharing-screen-reader-text\">Click to share on Twitter (Opens in new window)<\/span><\/a><\/li><li class=\"share-print\"><a rel=\"nofollow noopener noreferrer\" data-shared=\"\" class=\"share-print sd-button share-icon no-text\" href=\"https:\/\/bukkleader.hu\/old\/tajekoztato-forum-a-videkfejlesztesi-program-aktualitasairol-cserepvaraljan-2020-10-17\/\" target=\"_blank\" title=\"Click to print\"><span><\/span><span class=\"sharing-screen-reader-text\">Click to print (Opens in new window)<\/span><\/a><\/li><li class=\"share-email\"><a rel=\"nofollow noopener noreferrer\" data-shared=\"\" class=\"share-email sd-button share-icon no-text\" href=\"https:\/\/bukkleader.hu\/old\/tajekoztato-forum-a-videkfejlesztesi-program-aktualitasairol-cserepvaraljan-2020-10-17\/?share=email\" target=\"_blank\" title=\"Click to email this to a friend\"><span><\/span><span class=\"sharing-screen-reader-text\">Click to email this to a friend (Opens in new window)<\/span><\/a><\/li><li class=\"share-end\"><\/li><\/ul><\/div><\/div><\/div>","protected":false},"excerpt":{"rendered":"<div class=\"sharedaddy sd-sharing-enabled\"><div class=\"robots-nocontent sd-block sd-social sd-social-icon sd-sharing\"><h3 class=\"sd-title\">Share this:<\/h3><div class=\"sd-content\"><ul><li class=\"share-facebook\"><a rel=\"nofollow noopener noreferrer\" data-shared=\"sharing-facebook-4874\" class=\"share-facebook sd-button share-icon no-text\" href=\"https:\/\/bukkleader.hu\/old\/tajekoztato-forum-a-videkfejlesztesi-program-aktualitasairol-cserepvaraljan-2020-10-17\/?share=facebook\" target=\"_blank\" title=\"Click to share on Facebook\"><span><\/span><span class=\"sharing-screen-reader-text\">Click to share on Facebook (Opens in new window)<\/span><\/a><\/li><li class=\"share-twitter\"><a rel=\"nofollow noopener noreferrer\" data-shared=\"sharing-twitter-4874\" class=\"share-twitter sd-button share-icon no-text\" href=\"https:\/\/bukkleader.hu\/old\/tajekoztato-forum-a-videkfejlesztesi-program-aktualitasairol-cserepvaraljan-2020-10-17\/?share=twitter\" target=\"_blank\" title=\"Click to share on Twitter\"><span><\/span><span class=\"sharing-screen-reader-text\">Click to share on Twitter (Opens in new window)<\/span><\/a><\/li><li class=\"share-print\"><a rel=\"nofollow noopener noreferrer\" data-shared=\"\" class=\"share-print sd-button share-icon no-text\" href=\"https:\/\/bukkleader.hu\/old\/tajekoztato-forum-a-videkfejlesztesi-program-aktualitasairol-cserepvaraljan-2020-10-17\/\" target=\"_blank\" title=\"Click to print\"><span><\/span><span class=\"sharing-screen-reader-text\">Click to print (Opens in new window)<\/span><\/a><\/li><li class=\"share-email\"><a rel=\"nofollow noopener noreferrer\" data-shared=\"\" class=\"share-email sd-button share-icon no-text\" href=\"https:\/\/bukkleader.hu\/old\/tajekoztato-forum-a-videkfejlesztesi-program-aktualitasairol-cserepvaraljan-2020-10-17\/?share=email\" target=\"_blank\" title=\"Click to email this to a friend\"><span><\/span><span class=\"sharing-screen-reader-text\">Click to email this to a friend (Opens in new window)<\/span><\/a><\/li><li class=\"share-end\"><\/li><\/ul><\/div><\/div><\/div>","protected":false},"author":4,"featured_media":330,"comment_status":"open","ping_status":"closed","sticky":false,"template":"","format":"standard","meta":{"_bbp_topic_count":0,"_bbp_reply_count":0,"_bbp_total_topic_count":0,"_bbp_total_reply_count":0,"_bbp_voice_count":0,"_bbp_anonymous_reply_count":0,"_bbp_topic_count_hidden":0,"_bbp_reply_count_hidden":0,"_bbp_forum_subforum_count":0,"spay_email":"","jetpack_publicize_message":"","jetpack_is_tweetstorm":false,"jetpack_publicize_feature_enabled":true},"categories":[1],"tags":[],"jetpack_featured_media_url":"https:\/\/bukkleader.hu\/old\/wp-content\/uploads\/2015\/09\/eu-logo21.jpg","jetpack_publicize_connections":[],"jetpack_sharing_enabled":true,"jetpack-related-posts":[{"id":2353,"url":"https:\/\/bukkleader.hu\/old\/tajekoztato-forum-cserepvaraljan-2019-12-12\/","url_meta":{"origin":4874,"position":0},"title":"T\u00e1j\u00e9koztat\u00f3 f\u00f3rum Cser\u00e9pv\u00e1ralj\u00e1n 2019.12.12.","date":"2019-12-04","format":false,"excerpt":"A B\u00fckk-T\u00e9rs\u00e9gi LEADER Egyes\u00fclet 2019. december 12-\u00e9n 16:00 \u00f3rakor t\u00e1j\u00e9koztat\u00f3 f\u00f3rumot tart Cser\u00e9pv\u00e1ralj\u00e1n a Vid\u00e9kfejleszt\u00e9si Program aktualit\u00e1sair\u00f3l, a Helyi Fejleszt\u00e9si Strat\u00e9gia el\u0151rehalad\u00e1s\u00e1r\u00f3l, melyre szeretettel megh\u00edvjuk a HACS ter\u00fclet\u00e9r\u0151l a lakosokat, civil szervezeteket, egyh\u00e1zk\u00f6zs\u00e9geket, v\u00e1llalkoz\u00e1sokat, \u00f6nkorm\u00e1nyzatokat az al\u00e1bbiak szerint: \u00a0","rel":"","context":"In &quot;H\u00edreink, k\u00f6zlem\u00e9nyeink&quot;","img":{"alt_text":"","src":"https:\/\/i2.wp.com\/bukkleader.hu\/old\/wp-content\/uploads\/2017\/11\/Cser\u00e9pv\u00e1ralja-1-1.jpg?resize=350%2C200&ssl=1","width":350,"height":200},"classes":[]},{"id":4867,"url":"https:\/\/bukkleader.hu\/old\/online-tajekoztato-forum-a-videkfejlesztesi-program-aktualitasairol-2020-12-08\/","url_meta":{"origin":4874,"position":1},"title":"Online t\u00e1j\u00e9koztat\u00f3 f\u00f3rum a Vid\u00e9kfejleszt\u00e9si Program aktualit\u00e1sair\u00f3l &#8211; 2020.12.08.","date":"2020-11-30","format":false,"excerpt":"","rel":"","context":"In &quot;H\u00edreink, k\u00f6zlem\u00e9nyeink&quot;","img":{"alt_text":"","src":"https:\/\/i0.wp.com\/bukkleader.hu\/old\/wp-content\/uploads\/2015\/12\/EU-br\u00fcsszel.jpeg?resize=350%2C200&ssl=1","width":350,"height":200},"classes":[]},{"id":1409,"url":"https:\/\/bukkleader.hu\/old\/tajekoztato-forum-videkfejlesztesi-program-aktualitasairol-helyi-fejlesztesi-strategia-elorehaladasarol-es-helyi-felhivasokrol-varbo\/","url_meta":{"origin":4874,"position":2},"title":"T\u00e1j\u00e9koztat\u00f3 F\u00f3rum a Vid\u00e9kfejleszt\u00e9si Program aktualit\u00e1sair\u00f3l, a Helyi Fejleszt\u00e9si Strat\u00e9gia el\u0151rehalad\u00e1s\u00e1r\u00f3l \u00e9s a helyi felh\u00edv\u00e1sokr\u00f3l &#8211; Varb\u00f3","date":"2017-11-22","format":false,"excerpt":"A B\u00fckk-T\u00e9rs\u00e9gi LEADER Egyes\u00fclet t\u00e1j\u00e9koztat\u00f3 f\u00f3rumot tart 2017.12.06-\u00e1n Varb\u00f3n\u00a0a Vid\u00e9kfejleszt\u00e9si Program aktualit\u00e1sair\u00f3l, a Helyi Fejleszt\u00e9si Strat\u00e9gia el\u0151rehalad\u00e1s\u00e1r\u00f3l \u00e9s\u00a0a megjelent helyi felh\u00edv\u00e1sokr\u00f3l, a mell\u00e9kelt megh\u00edv\u00f3 szerint. Megh\u00edv\u00f3 >>","rel":"","context":"In &quot;H\u00edreink, k\u00f6zlem\u00e9nyeink&quot;","img":{"alt_text":"","src":"https:\/\/i0.wp.com\/bukkleader.hu\/old\/wp-content\/uploads\/2017\/11\/varb\u00f3.jpg?resize=350%2C200&ssl=1","width":350,"height":200},"classes":[]},{"id":1414,"url":"https:\/\/bukkleader.hu\/old\/tajekoztato-forum-videkfejlesztesi-program-aktualitasairol-helyi-fejlesztesi-strategia-elorehaladasarol-es-helyi-felhivasokrol-emod\/","url_meta":{"origin":4874,"position":3},"title":"T\u00e1j\u00e9koztat\u00f3 F\u00f3rum a Vid\u00e9kfejleszt\u00e9si Program aktualit\u00e1sair\u00f3l, a Helyi Fejleszt\u00e9si Strat\u00e9gia el\u0151rehalad\u00e1s\u00e1r\u00f3l \u00e9s a helyi felh\u00edv\u00e1sokr\u00f3l &#8211; Em\u0151d","date":"2017-11-22","format":false,"excerpt":"A B\u00fckk-T\u00e9rs\u00e9gi LEADER Egyes\u00fclet t\u00e1j\u00e9koztat\u00f3 f\u00f3rumot tart 2017.12.11-\u00e9n Em\u0151d\u00f6n\u00a0a Vid\u00e9kfejleszt\u00e9si Program aktualit\u00e1sair\u00f3l, a Helyi Fejleszt\u00e9si Strat\u00e9gia el\u0151rehalad\u00e1s\u00e1r\u00f3l \u00e9s\u00a0a megjelent helyi felh\u00edv\u00e1sokr\u00f3l, a mell\u00e9kelt megh\u00edv\u00f3 szerint. Megh\u00edv\u00f3 >>","rel":"","context":"In &quot;H\u00edreink, k\u00f6zlem\u00e9nyeink&quot;","img":{"alt_text":"","src":"https:\/\/i2.wp.com\/bukkleader.hu\/old\/wp-content\/uploads\/2016\/09\/em\u0151d.jpg?resize=350%2C200&ssl=1","width":350,"height":200},"classes":[]},{"id":1837,"url":"https:\/\/bukkleader.hu\/old\/tajekoztato-forum-a-videkfejlesztesi-program-aktualitasairol-es-a-helyi-fejlesztesi-strategia-elorehaladasarol-sajobabony\/","url_meta":{"origin":4874,"position":4},"title":"T\u00e1j\u00e9koztat\u00f3 F\u00f3rum a Vid\u00e9kfejleszt\u00e9si Program  aktualit\u00e1sair\u00f3l \u00e9s a Helyi Fejleszt\u00e9si Strat\u00e9gia el\u0151rehalad\u00e1s\u00e1r\u00f3l &#8211; Saj\u00f3b\u00e1bony","date":"2018-11-12","format":false,"excerpt":"A B\u00fckk-T\u00e9rs\u00e9gi LEADER Egyes\u00fclet t\u00e1j\u00e9koztat\u00f3 f\u00f3rumot tart 2018. 11. 22-\u00e9n 16:30 \u00f3r\u00e1t\u00f3l Saj\u00f3b\u00e1bonyban a D\u00e9ryn\u00e9 M\u0171vel\u0151d\u00e9si H\u00e1zban a mell\u00e9kelt megh\u00edv\u00f3 szerint. Megh\u00edv\u00f3 >>","rel":"","context":"In &quot;H\u00edreink, k\u00f6zlem\u00e9nyeink&quot;","img":{"alt_text":"","src":"https:\/\/i1.wp.com\/bukkleader.hu\/old\/wp-content\/uploads\/2018\/11\/Saj\u00f3b\u00e1bony.jpg?resize=350%2C200&ssl=1","width":350,"height":200},"classes":[]},{"id":1866,"url":"https:\/\/bukkleader.hu\/old\/tajekoztato-forum-a-videkfejlesztesi-program-aktualitasairol-es-a-helyi-fejlesztesi-strategia-elorehaladasarol-tard\/","url_meta":{"origin":4874,"position":5},"title":"T\u00e1j\u00e9koztat\u00f3 F\u00f3rum a Vid\u00e9kfejleszt\u00e9si Program  aktualit\u00e1sair\u00f3l \u00e9s a Helyi Fejleszt\u00e9si Strat\u00e9gia el\u0151rehalad\u00e1s\u00e1r\u00f3l &#8211; Tard","date":"2018-11-19","format":false,"excerpt":"A B\u00fckk-T\u00e9rs\u00e9gi LEADER Egyes\u00fclet t\u00e1j\u00e9koztat\u00f3 f\u00f3rumot tart 2018. 11. 29-\u00e9n 16:30 \u00f3r\u00e1t\u00f3l Tardon, a Forr\u00e1s Oktat\u00e1si K\u00f6zpont Tangazdas\u00e1g\u00e1ban a mell\u00e9kelt megh\u00edv\u00f3 szerint. Megh\u00edv\u00f3 >>","rel":"","context":"In &quot;H\u00edreink, k\u00f6zlem\u00e9nyeink&quot;","img":{"alt_text":"","src":"https:\/\/i1.wp.com\/bukkleader.hu\/old\/wp-content\/uploads\/2016\/10\/tard_tajhaz.jpg?resize=350%2C200&ssl=1","width":350,"height":200},"classes":[]}],"_links":{"self":[{"href":"https:\/\/bukkleader.hu\/old\/wp-json\/wp\/v2\/posts\/4874"}],"collection":[{"href":"https:\/\/bukkleader.hu\/old\/wp-json\/wp\/v2\/posts"}],"about":[{"href":"https:\/\/bukkleader.hu\/old\/wp-json\/wp\/v2\/types\/post"}],"author":[{"embeddable":true,"href":"https:\/\/bukkleader.hu\/old\/wp-json\/wp\/v2\/users\/4"}],"replies":[{"embeddable":true,"href":"https:\/\/bukkleader.hu\/old\/wp-json\/wp\/v2\/comments?post=4874"}],"version-history":[{"count":1,"href":"https:\/\/bukkleader.hu\/old\/wp-json\/wp\/v2\/posts\/4874\/revisions"}],"predecessor-version":[{"id":4876,"href":"https:\/\/bukkleader.hu\/old\/wp-json\/wp\/v2\/posts\/4874\/revisions\/4876"}],"wp:featuredmedia":[{"embeddable":true,"href":"https:\/\/bukkleader.hu\/old\/wp-json\/wp\/v2\/media\/330"}],"wp:attachment":[{"href":"https:\/\/bukkleader.hu\/old\/wp-json\/wp\/v2\/media?parent=4874"}],"wp:term":[{"taxonomy":"category","embeddable":true,"href":"https:\/\/bukkleader.hu\/old\/wp-json\/wp\/v2\/categories?post=4874"},{"taxonomy":"post_tag","embeddable":true,"href":"https:\/\/bukkleader.hu\/old\/wp-json\/wp\/v2\/tags?post=4874"}],"curies":[{"name":"wp","href":"https:\/\/api.w.org\/{rel}","templated":true}]}}