{"id":480,"date":"2015-10-19T15:23:05","date_gmt":"2015-10-19T13:23:05","guid":{"rendered":"https:\/\/bukkleader.hu\/old\/?p=480"},"modified":"2015-10-19T15:36:49","modified_gmt":"2015-10-19T13:36:49","slug":"meghivo-nyilvanos-elnoksegi-ulesre","status":"publish","type":"post","link":"https:\/\/bukkleader.hu\/old\/meghivo-nyilvanos-elnoksegi-ulesre\/","title":{"rendered":"Megh\u00edv\u00f3 nyilv\u00e1nos eln\u00f6ks\u00e9gi \u00fcl\u00e9sre"},"content":{"rendered":"<p style=\"text-align: justify;\">A B\u00fckk-T\u00e9rs\u00e9gi LEADER Egyes\u00fclet k\u00f6vetkez\u0151 eln\u00f6ks\u00e9gi \u00fcl\u00e9s\u00e9t 2015.10.21-\u00e9n tartja, a mell\u00e9kelt megh\u00edv\u00f3 szerint. Az eln\u00f6ks\u00e9gi \u00fcl\u00e9s nyilv\u00e1nos, minden \u00e9rdekl\u0151d\u0151t v\u00e1runk!<\/p>\n<p style=\"text-align: justify;\"><a href=\"https:\/\/bukkleader.hu\/old\/wp-content\/uploads\/2015\/10\/meghivo_10_21.pdf\" target=\"_blank\">Megh\u00edv\u00f3 let\u00f6lt\u00e9se itt &gt;&gt;<\/a><\/p>\n<div class=\"sharedaddy sd-sharing-enabled\"><div class=\"robots-nocontent sd-block sd-social sd-social-icon sd-sharing\"><h3 class=\"sd-title\">Share this:<\/h3><div class=\"sd-content\"><ul><li class=\"share-facebook\"><a rel=\"nofollow noopener noreferrer\" data-shared=\"sharing-facebook-480\" class=\"share-facebook sd-button share-icon no-text\" href=\"https:\/\/bukkleader.hu\/old\/meghivo-nyilvanos-elnoksegi-ulesre\/?share=facebook\" target=\"_blank\" title=\"Click to share on Facebook\"><span><\/span><span class=\"sharing-screen-reader-text\">Click to share on Facebook (Opens in new window)<\/span><\/a><\/li><li class=\"share-twitter\"><a rel=\"nofollow noopener noreferrer\" data-shared=\"sharing-twitter-480\" class=\"share-twitter sd-button share-icon no-text\" href=\"https:\/\/bukkleader.hu\/old\/meghivo-nyilvanos-elnoksegi-ulesre\/?share=twitter\" target=\"_blank\" title=\"Click to share on Twitter\"><span><\/span><span class=\"sharing-screen-reader-text\">Click to share on Twitter (Opens in new window)<\/span><\/a><\/li><li class=\"share-print\"><a rel=\"nofollow noopener noreferrer\" data-shared=\"\" class=\"share-print sd-button share-icon no-text\" href=\"https:\/\/bukkleader.hu\/old\/meghivo-nyilvanos-elnoksegi-ulesre\/\" target=\"_blank\" title=\"Click to print\"><span><\/span><span class=\"sharing-screen-reader-text\">Click to print (Opens in new window)<\/span><\/a><\/li><li class=\"share-email\"><a rel=\"nofollow noopener noreferrer\" data-shared=\"\" class=\"share-email sd-button share-icon no-text\" href=\"https:\/\/bukkleader.hu\/old\/meghivo-nyilvanos-elnoksegi-ulesre\/?share=email\" target=\"_blank\" title=\"Click to email this to a friend\"><span><\/span><span class=\"sharing-screen-reader-text\">Click to email this to a friend (Opens in new window)<\/span><\/a><\/li><li class=\"share-end\"><\/li><\/ul><\/div><\/div><\/div>","protected":false},"excerpt":{"rendered":"<p>A B\u00fckk-T\u00e9rs\u00e9gi LEADER Egyes\u00fclet k\u00f6vetkez\u0151 eln\u00f6ks\u00e9gi \u00fcl\u00e9s\u00e9t 2015.10.21-\u00e9n tartja, a mell\u00e9kelt megh\u00edv\u00f3 szerint. Az eln\u00f6ks\u00e9gi \u00fcl\u00e9s nyilv\u00e1nos, minden \u00e9rdekl\u0151d\u0151t v\u00e1runk! Megh\u00edv\u00f3 let\u00f6lt\u00e9se itt &gt;&gt;<\/p>\n<div class=\"sharedaddy sd-sharing-enabled\"><div class=\"robots-nocontent sd-block sd-social sd-social-icon sd-sharing\"><h3 class=\"sd-title\">Share this:<\/h3><div class=\"sd-content\"><ul><li class=\"share-facebook\"><a rel=\"nofollow noopener noreferrer\" data-shared=\"sharing-facebook-480\" class=\"share-facebook sd-button share-icon no-text\" href=\"https:\/\/bukkleader.hu\/old\/meghivo-nyilvanos-elnoksegi-ulesre\/?share=facebook\" target=\"_blank\" title=\"Click to share on Facebook\"><span><\/span><span class=\"sharing-screen-reader-text\">Click to share on Facebook (Opens in new window)<\/span><\/a><\/li><li class=\"share-twitter\"><a rel=\"nofollow noopener noreferrer\" data-shared=\"sharing-twitter-480\" class=\"share-twitter sd-button share-icon no-text\" href=\"https:\/\/bukkleader.hu\/old\/meghivo-nyilvanos-elnoksegi-ulesre\/?share=twitter\" target=\"_blank\" title=\"Click to share on Twitter\"><span><\/span><span class=\"sharing-screen-reader-text\">Click to share on Twitter (Opens in new window)<\/span><\/a><\/li><li class=\"share-print\"><a rel=\"nofollow noopener noreferrer\" data-shared=\"\" class=\"share-print sd-button share-icon no-text\" href=\"https:\/\/bukkleader.hu\/old\/meghivo-nyilvanos-elnoksegi-ulesre\/\" target=\"_blank\" title=\"Click to print\"><span><\/span><span class=\"sharing-screen-reader-text\">Click to print (Opens in new window)<\/span><\/a><\/li><li class=\"share-email\"><a rel=\"nofollow noopener noreferrer\" data-shared=\"\" class=\"share-email sd-button share-icon no-text\" href=\"https:\/\/bukkleader.hu\/old\/meghivo-nyilvanos-elnoksegi-ulesre\/?share=email\" target=\"_blank\" title=\"Click to email this to a friend\"><span><\/span><span class=\"sharing-screen-reader-text\">Click to email this to a friend (Opens in new window)<\/span><\/a><\/li><li class=\"share-end\"><\/li><\/ul><\/div><\/div><\/div>","protected":false},"author":1,"featured_media":0,"comment_status":"open","ping_status":"closed","sticky":false,"template":"","format":"standard","meta":{"_bbp_topic_count":0,"_bbp_reply_count":0,"_bbp_total_topic_count":0,"_bbp_total_reply_count":0,"_bbp_voice_count":0,"_bbp_anonymous_reply_count":0,"_bbp_topic_count_hidden":0,"_bbp_reply_count_hidden":0,"_bbp_forum_subforum_count":0,"spay_email":"","jetpack_publicize_message":"","jetpack_is_tweetstorm":false,"jetpack_publicize_feature_enabled":true},"categories":[1],"tags":[],"jetpack_featured_media_url":"","jetpack_publicize_connections":[],"jetpack_sharing_enabled":true,"jetpack-related-posts":[{"id":825,"url":"https:\/\/bukkleader.hu\/old\/meghivo-elnoksegi-ulesre-2\/","url_meta":{"origin":480,"position":0},"title":"MEGH\u00cdV\u00d3 &#8211; Eln\u00f6ks\u00e9gi \u00dcl\u00e9sre","date":"2016-02-22","format":false,"excerpt":"A B\u00fckk-T\u00e9rs\u00e9gi LEADER Egyes\u00fclet t\u00e1j\u00e9koztatja a Tisztelt Eln\u00f6ks\u00e9gi Tagokat, hogy Eln\u00f6ks\u00e9gi \u00dcl\u00e9st tartunk a mell\u00e9kelt megh\u00edv\u00f3 szerint. Megjelen\u00e9setekre sz\u00e1m\u00edtunk!\u00a0Megh\u00edv\u00f3 let\u00f6lt\u00e9se itt >> Megh\u00edv\u00f3 - Eln\u00f6ks\u00e9gi \u00dcl\u00e9sre\u00a0","rel":"","context":"In &quot;H\u00edreink, k\u00f6zlem\u00e9nyeink&quot;","img":{"alt_text":"","src":"https:\/\/i0.wp.com\/bukkleader.hu\/old\/wp-content\/uploads\/2016\/02\/eln\u00f6ks\u00e9gi2.jpg?resize=350%2C200&ssl=1","width":350,"height":200},"classes":[]},{"id":800,"url":"https:\/\/bukkleader.hu\/old\/meghivo-elnoksegi-ulesre\/","url_meta":{"origin":480,"position":1},"title":"MEGH\u00cdV\u00d3 &#8211; Eln\u00f6ks\u00e9gi \u00fcl\u00e9sre","date":"2016-02-02","format":false,"excerpt":"A B\u00fckk-T\u00e9rs\u00e9gi LEADER Egyes\u00fclet Eln\u00f6ks\u00e9gi \u00fcl\u00e9st tart a mell\u00e9kelt megh\u00edv\u00f3 szerintMegh\u00edv\u00f3 let\u00f6lt\u00e9se >>\u00a0Meghiv\u00f3 eln\u00f6ks\u00e9gi \u00fcl\u00e9sre","rel":"","context":"In &quot;H\u00edreink, k\u00f6zlem\u00e9nyeink&quot;","img":{"alt_text":"","src":"https:\/\/i1.wp.com\/bukkleader.hu\/old\/wp-content\/uploads\/2016\/02\/eln\u00f6ks\u00e9gi1.jpg?resize=350%2C200&ssl=1","width":350,"height":200},"classes":[]},{"id":915,"url":"https:\/\/bukkleader.hu\/old\/meghivo-elnoksegi-ulesre-bukkaranyos\/","url_meta":{"origin":480,"position":2},"title":"Megh\u00edv\u00f3 Eln\u00f6ks\u00e9gi \u00dcl\u00e9sre &#8211; B\u00fckkaranyos","date":"2016-05-26","format":false,"excerpt":"A B\u00fckk-T\u00e9rs\u00e9gi LEADER Egyes\u00fclet t\u00e1j\u00e9koztatja a Tisztelt Eln\u00f6ks\u00e9gi Tagokat, hogy 2016. m\u00e1jus 27-\u00e9n 9 \u00f3rakor Eln\u00f6ks\u00e9gi \u00dcl\u00e9st tartunk a mell\u00e9kelt megh\u00edv\u00f3 szerint. Megjelen\u00e9setekre sz\u00e1m\u00edtunk!Megh\u00edv\u00f3 let\u00f6lt\u00e9se itt >>\u00a0eln\u00f6ks\u00e9gi meghivo_05_27 (1)","rel":"","context":"In &quot;H\u00edreink, k\u00f6zlem\u00e9nyeink&quot;","img":{"alt_text":"","src":"https:\/\/i0.wp.com\/bukkleader.hu\/old\/wp-content\/uploads\/2016\/05\/B\u00fckkaranyos.jpg?resize=350%2C200&ssl=1","width":350,"height":200},"classes":[]},{"id":796,"url":"https:\/\/bukkleader.hu\/old\/meghivo-tervezest-koordinalo-csoport-ulesre\/","url_meta":{"origin":480,"position":3},"title":"MEGH\u00cdV\u00d3 &#8211; Tervez\u00e9st Koordin\u00e1l\u00f3 Csoport \u00fcl\u00e9sre","date":"2016-02-02","format":false,"excerpt":"A B\u00fckk-T\u00e9rs\u00e9gi LEADER Egyes\u00fclet TKCS \u00fcl\u00e9st tart a tagoknak a mell\u00e9kelt megh\u00edv\u00f3 szerint\u00a0Megh\u00edv\u00f3 let\u00f6lt\u00e9se >>TKCS megh\u00edv\u00f3","rel":"","context":"In &quot;H\u00edreink, k\u00f6zlem\u00e9nyeink&quot;","img":{"alt_text":"","src":"https:\/\/i2.wp.com\/bukkleader.hu\/old\/wp-content\/uploads\/2016\/02\/TKCS-\u00fcl\u00e9s.jpg?resize=350%2C200&ssl=1","width":350,"height":200},"classes":[]},{"id":375,"url":"https:\/\/bukkleader.hu\/old\/rolunk-irtak-eddigi-munkajat-ertekelte-a-bukk-makk-leader-akciocsoport\/","url_meta":{"origin":480,"position":4},"title":"R\u00f3lunk \u00edrt\u00e1k: \u201eEddigi munk\u00e1j\u00e1t \u00e9rt\u00e9kelte a B\u00fckk-Makk Leader Akci\u00f3csoport\u201d","date":"2014-03-25","format":false,"excerpt":"\u201e2014. m\u00e1rcius 4-\u00e9n Saj\u00f3perti k\u00f6zs\u00e9gben tartotta \u00fcl\u00e9s\u00e9t a B\u00fckk-Makk Leader Akci\u00f3csoport. Az \u00fcl\u00e9sen \u00e9rt\u00e9kelt\u00e9k az eddig el\u00e9rt eredm\u00e9nyeket \u00e9s felv\u00e1zolt\u00e1k a k\u00f6vetkez\u0151 tervez\u00e9si ciklus feladatait. Egy j\u00f3l m\u0171k\u00f6d\u0151 leader csoportba r\u00e9szt v\u00e1llalnak az \u00f6nkorm\u00e1nyzatok mellett a civil szervezetek, egyes\u00fcletek \u00e9s gazdas\u00e1gi t\u00e1rsas\u00e1gok is, hogy k\u00f6z\u00f6sen tudjanak olyan feladatokat \u00e9s c\u00e9lokat\u2026","rel":"","context":"In &quot;H\u00edreink, k\u00f6zlem\u00e9nyeink&quot;","img":{"alt_text":"sajtoszemle-w","src":"https:\/\/i1.wp.com\/bukkleader.hu\/old\/wp-content\/uploads\/2015\/09\/sajtoszemle-w.jpg?resize=350%2C200&ssl=1","width":350,"height":200},"classes":[]},{"id":492,"url":"https:\/\/bukkleader.hu\/old\/bejelentkezes-a-2007-2014-es-leader-programzaro-rendezvenyre\/","url_meta":{"origin":480,"position":5},"title":"Bejelentkez\u00e9s a 2007-2014-es LEADER programz\u00e1r\u00f3 rendezv\u00e9nyre","date":"2015-10-21","format":false,"excerpt":"A B\u00fckk-T\u00e9rs\u00e9gi LEADER Egyes\u00fclet tisztelettel megh\u00edvja a LEADER t\u00e9rs\u00e9g \u00f6nkorm\u00e1nyzatait, civil szervezeteit, v\u00e1llalkoz\u00e1sait, mag\u00e1nszem\u00e9lyeit \u00e9s a 2007-2014-es id\u0151szak nyertes projektgazd\u00e1it a k\u00e9t helysz\u00ednen megtart\u00e1sra ker\u00fcl\u0151 2007-2014-es LEADER programz\u00e1r\u00f3 rendezv\u00e9nyre.Felk\u00e9rj\u00fck. a projektgazd\u00e1kat, hogy mutass\u00e1k be a megval\u00f3sult projekteket. Lehet\u0151s\u00e9get biztos\u00edtunk projektoros kivet\u00edt\u00e9sre \u00e9s honlap, fot\u00f3, egy\u00e9b t\u00e1j\u00e9koztat\u00f3 anyagok, kiadv\u00e1nyok bemutat\u00e1s\u00e1ra.A szakmai\u2026","rel":"","context":"In &quot;H\u00edreink, k\u00f6zlem\u00e9nyeink&quot;","img":{"alt_text":"bukk-leader-logo-w","src":"https:\/\/i2.wp.com\/bukkleader.hu\/old\/wp-content\/uploads\/2015\/09\/bukk-leader-logo-w.jpg?resize=350%2C200&ssl=1","width":350,"height":200},"classes":[]}],"_links":{"self":[{"href":"https:\/\/bukkleader.hu\/old\/wp-json\/wp\/v2\/posts\/480"}],"collection":[{"href":"https:\/\/bukkleader.hu\/old\/wp-json\/wp\/v2\/posts"}],"about":[{"href":"https:\/\/bukkleader.hu\/old\/wp-json\/wp\/v2\/types\/post"}],"author":[{"embeddable":true,"href":"https:\/\/bukkleader.hu\/old\/wp-json\/wp\/v2\/users\/1"}],"replies":[{"embeddable":true,"href":"https:\/\/bukkleader.hu\/old\/wp-json\/wp\/v2\/comments?post=480"}],"version-history":[{"count":1,"href":"https:\/\/bukkleader.hu\/old\/wp-json\/wp\/v2\/posts\/480\/revisions"}],"predecessor-version":[{"id":482,"href":"https:\/\/bukkleader.hu\/old\/wp-json\/wp\/v2\/posts\/480\/revisions\/482"}],"wp:attachment":[{"href":"https:\/\/bukkleader.hu\/old\/wp-json\/wp\/v2\/media?parent=480"}],"wp:term":[{"taxonomy":"category","embeddable":true,"href":"https:\/\/bukkleader.hu\/old\/wp-json\/wp\/v2\/categories?post=480"},{"taxonomy":"post_tag","embeddable":true,"href":"https:\/\/bukkleader.hu\/old\/wp-json\/wp\/v2\/tags?post=480"}],"curies":[{"name":"wp","href":"https:\/\/api.w.org\/{rel}","templated":true}]}}