{"id":469,"date":"2015-10-09T11:54:19","date_gmt":"2015-10-09T09:54:19","guid":{"rendered":"https:\/\/bukkleader.hu\/old\/?p=469"},"modified":"2015-10-09T11:54:58","modified_gmt":"2015-10-09T09:54:58","slug":"tervezesi-terulet-jovahagyas","status":"publish","type":"post","link":"https:\/\/bukkleader.hu\/old\/tervezesi-terulet-jovahagyas\/","title":{"rendered":"Tervez\u00e9si ter\u00fclet j\u00f3v\u00e1hagy\u00e1s"},"content":{"rendered":"<p style=\"text-align: justify;\">Az Eur\u00f3pai Mez\u0151gazdas\u00e1gi Vid\u00e9kfejleszt\u00e9si Alap t\u00e1rsfinansz\u00edroz\u00e1s\u00e1ban megval\u00f3sul\u00f3 Vid\u00e9kfejleszt\u00e9si Program Ir\u00e1ny\u00edt\u00f3 Hat\u00f3s\u00e1ga 2015. szeptember 25-\u00e9n j\u00f3v\u00e1hagyta a B\u00fckk-T\u00e9rs\u00e9gi LEADER Egyes\u00fclet illet\u00e9kess\u00e9gi ter\u00fclet\u00e9t, a 2014 -2020 k\u00f6z\u00f6tti programoz\u00e1si id\u0151szakra.<\/p>\n<p style=\"text-align: justify;\">A dokumentum olvas\u00e1sa itt:\u00a0<a href=\"https:\/\/bukkleader.hu\/old\/wp-content\/uploads\/2015\/10\/IH_tervezesi_terelet_jovahagyas.pdf\" target=\"_blank\">IH_tervez\u00e9si_ter\u00fclet_j\u00f3v\u00e1hagy\u00e1s itt &gt;&gt;<\/a><\/p>\n<p style=\"text-align: justify;\">\u00a0<\/p>\n<div class=\"sharedaddy sd-sharing-enabled\"><div class=\"robots-nocontent sd-block sd-social sd-social-icon sd-sharing\"><h3 class=\"sd-title\">Share this:<\/h3><div class=\"sd-content\"><ul><li class=\"share-facebook\"><a rel=\"nofollow noopener noreferrer\" data-shared=\"sharing-facebook-469\" class=\"share-facebook sd-button share-icon no-text\" href=\"https:\/\/bukkleader.hu\/old\/tervezesi-terulet-jovahagyas\/?share=facebook\" target=\"_blank\" title=\"Click to share on Facebook\"><span><\/span><span class=\"sharing-screen-reader-text\">Click to share on Facebook (Opens in new window)<\/span><\/a><\/li><li class=\"share-twitter\"><a rel=\"nofollow noopener noreferrer\" data-shared=\"sharing-twitter-469\" class=\"share-twitter sd-button share-icon no-text\" href=\"https:\/\/bukkleader.hu\/old\/tervezesi-terulet-jovahagyas\/?share=twitter\" target=\"_blank\" title=\"Click to share on Twitter\"><span><\/span><span class=\"sharing-screen-reader-text\">Click to share on Twitter (Opens in new window)<\/span><\/a><\/li><li class=\"share-print\"><a rel=\"nofollow noopener noreferrer\" data-shared=\"\" class=\"share-print sd-button share-icon no-text\" href=\"https:\/\/bukkleader.hu\/old\/tervezesi-terulet-jovahagyas\/\" target=\"_blank\" title=\"Click to print\"><span><\/span><span class=\"sharing-screen-reader-text\">Click to print (Opens in new window)<\/span><\/a><\/li><li class=\"share-email\"><a rel=\"nofollow noopener noreferrer\" data-shared=\"\" class=\"share-email sd-button share-icon no-text\" href=\"https:\/\/bukkleader.hu\/old\/tervezesi-terulet-jovahagyas\/?share=email\" target=\"_blank\" title=\"Click to email this to a friend\"><span><\/span><span class=\"sharing-screen-reader-text\">Click to email this to a friend (Opens in new window)<\/span><\/a><\/li><li class=\"share-end\"><\/li><\/ul><\/div><\/div><\/div>","protected":false},"excerpt":{"rendered":"<p>Az Eur\u00f3pai Mez\u0151gazdas\u00e1gi Vid\u00e9kfejleszt\u00e9si Alap t\u00e1rsfinansz\u00edroz\u00e1s\u00e1ban megval\u00f3sul\u00f3 Vid\u00e9kfejleszt\u00e9si Program Ir\u00e1ny\u00edt\u00f3 Hat\u00f3s\u00e1ga 2015. szeptember 25-\u00e9n j\u00f3v\u00e1hagyta a B\u00fckk-T\u00e9rs\u00e9gi LEADER Egyes\u00fclet illet\u00e9kess\u00e9gi ter\u00fclet\u00e9t, a 2014 -2020 k\u00f6z\u00f6tti programoz\u00e1si id\u0151szakra. A dokumentum olvas\u00e1sa itt:\u00a0IH_tervez\u00e9si_ter\u00fclet_j\u00f3v\u00e1hagy\u00e1s itt &gt;&gt; \u00a0<\/p>\n<div class=\"sharedaddy sd-sharing-enabled\"><div class=\"robots-nocontent sd-block sd-social sd-social-icon sd-sharing\"><h3 class=\"sd-title\">Share this:<\/h3><div class=\"sd-content\"><ul><li class=\"share-facebook\"><a rel=\"nofollow noopener noreferrer\" data-shared=\"sharing-facebook-469\" class=\"share-facebook sd-button share-icon no-text\" href=\"https:\/\/bukkleader.hu\/old\/tervezesi-terulet-jovahagyas\/?share=facebook\" target=\"_blank\" title=\"Click to share on Facebook\"><span><\/span><span class=\"sharing-screen-reader-text\">Click to share on Facebook (Opens in new window)<\/span><\/a><\/li><li class=\"share-twitter\"><a rel=\"nofollow noopener noreferrer\" data-shared=\"sharing-twitter-469\" class=\"share-twitter sd-button share-icon no-text\" href=\"https:\/\/bukkleader.hu\/old\/tervezesi-terulet-jovahagyas\/?share=twitter\" target=\"_blank\" title=\"Click to share on Twitter\"><span><\/span><span class=\"sharing-screen-reader-text\">Click to share on Twitter (Opens in new window)<\/span><\/a><\/li><li class=\"share-print\"><a rel=\"nofollow noopener noreferrer\" data-shared=\"\" class=\"share-print sd-button share-icon no-text\" href=\"https:\/\/bukkleader.hu\/old\/tervezesi-terulet-jovahagyas\/\" target=\"_blank\" title=\"Click to print\"><span><\/span><span class=\"sharing-screen-reader-text\">Click to print (Opens in new window)<\/span><\/a><\/li><li class=\"share-email\"><a rel=\"nofollow noopener noreferrer\" data-shared=\"\" class=\"share-email sd-button share-icon no-text\" href=\"https:\/\/bukkleader.hu\/old\/tervezesi-terulet-jovahagyas\/?share=email\" target=\"_blank\" title=\"Click to email this to a friend\"><span><\/span><span class=\"sharing-screen-reader-text\">Click to email this to a friend (Opens in new window)<\/span><\/a><\/li><li class=\"share-end\"><\/li><\/ul><\/div><\/div><\/div>","protected":false},"author":1,"featured_media":472,"comment_status":"open","ping_status":"closed","sticky":false,"template":"","format":"standard","meta":{"_bbp_topic_count":0,"_bbp_reply_count":0,"_bbp_total_topic_count":0,"_bbp_total_reply_count":0,"_bbp_voice_count":0,"_bbp_anonymous_reply_count":0,"_bbp_topic_count_hidden":0,"_bbp_reply_count_hidden":0,"_bbp_forum_subforum_count":0,"spay_email":"","jetpack_publicize_message":"","jetpack_is_tweetstorm":false,"jetpack_publicize_feature_enabled":true},"categories":[1],"tags":[],"jetpack_featured_media_url":"https:\/\/bukkleader.hu\/old\/wp-content\/uploads\/2015\/10\/kormany-w.jpg","jetpack_publicize_connections":[],"jetpack_sharing_enabled":true,"jetpack-related-posts":[{"id":243,"url":"https:\/\/bukkleader.hu\/old\/tobb-lehetoseget-kap-a-videkfejlesztes-2014%e2%88%922020-kozott\/","url_meta":{"origin":469,"position":0},"title":"T\u00f6bb lehet\u0151s\u00e9get kap a vid\u00e9kfejleszt\u00e9s 2014\u22122020 k\u00f6z\u00f6tt","date":"2012-09-19","format":false,"excerpt":"\u201eAlapjaiban megv\u00e1ltozik a mez\u0151gazdas\u00e1g \u00e9s a vid\u00e9kfejleszt\u00e9s t\u00e1mogat\u00e1sa a 2014-ben kezd\u0151d\u0151 uni\u00f3s k\u00f6lts\u00e9gvet\u00e9si id\u0151szakban. A konkr\u00e9t c\u00e9lokat, a sz\u00fcks\u00e9ges forr\u00e1s nagys\u00e1g\u00e1t azonban csak a f\u00f6ldt\u00f6rv\u00e9ny elfogad\u00e1sa, illetve az orsz\u00e1gos vid\u00e9kfejleszt\u00e9si helyzet\u00e9rt\u00e9kel\u00e9s elk\u00e9sz\u00fclte ut\u00e1n kezdheti meghat\u00e1rozni a t\u00e1rca \u2212 mondta a Napi Gazdas\u00e1gnak V. N\u00e9meth Zsolt, a Vid\u00e9kfejleszt\u00e9si Miniszt\u00e9rium vid\u00e9kfejleszt\u00e9s\u00e9rt felel\u0151s\u2026","rel":"","context":"In &quot;H\u00edreink, k\u00f6zlem\u00e9nyeink&quot;","img":{"alt_text":"magyar-cimer","src":"https:\/\/i0.wp.com\/bukkleader.hu\/old\/wp-content\/uploads\/2015\/09\/magyar-cimer.jpg?resize=350%2C200&ssl=1","width":350,"height":200},"classes":[]},{"id":412,"url":"https:\/\/bukkleader.hu\/old\/negyedszer-kerult-megrendezesre-a-videkfejlesztesi-nap\/","url_meta":{"origin":469,"position":1},"title":"Negyedszer ker\u00fclt megrendez\u00e9sre a &#8220;Vid\u00e9kfejleszt\u00e9si Nap&#8221;","date":"2014-12-17","format":false,"excerpt":"\"Negyedik alkalommal rendezte meg a Magyar Nemzeti Vid\u00e9ki H\u00e1l\u00f3zat a Vid\u00e9kfejleszt\u00e9si Napot december 9-\u00e9n a Vajdahunyadv\u00e1rban, amely bemutatta \u00e9s lez\u00e1rta a szervezet munk\u00e1j\u00e1t. [...] \u00a0Az MNVH \u00fajj\u00e1szervez\u00e9se \u00f3ta hi\u00e1nyp\u00f3tl\u00f3 szerepet t\u00f6lt be a vid\u00e9kfejleszt\u00e9sben, sz\u00f6gezte le Kis Mikl\u00f3s Zsolt agr\u00e1r-vid\u00e9kfejleszt\u00e9s\u00e9rt felel\u0151s \u00e1llamtitk\u00e1r. A vid\u00e9ki h\u00e1l\u00f3zat m\u0171k\u00f6dtet\u00e9se ugyan a k\u00f6vetkez\u0151 \u00e9vben\u2026","rel":"","context":"In &quot;H\u00edreink, k\u00f6zlem\u00e9nyeink&quot;","img":{"alt_text":"384-5-mnvh_logo","src":"https:\/\/i2.wp.com\/bukkleader.hu\/old\/wp-content\/uploads\/2015\/09\/384-5-mnvh_logo.jpg?resize=350%2C200&ssl=1","width":350,"height":200},"classes":[]},{"id":766,"url":"https:\/\/bukkleader.hu\/old\/videkfejlesztesi-program-eddig-megjelent-palyazati-felhivasai\/","url_meta":{"origin":469,"position":2},"title":"Vid\u00e9kfejleszt\u00e9si Program eddig megjelent p\u00e1ly\u00e1zati felh\u00edv\u00e1sai","date":"2015-12-30","format":false,"excerpt":"Vid\u00e9kfejleszt\u00e9si Program eddig megjelent p\u00e1ly\u00e1zati felh\u00edv\u00e1saiEl\u00e9rhet\u0151ek itt >>www.palyazat.gov.hu\/doc\/4523","rel":"","context":"In &quot;H\u00edreink, k\u00f6zlem\u00e9nyeink&quot;","img":{"alt_text":"","src":"https:\/\/i1.wp.com\/bukkleader.hu\/old\/wp-content\/uploads\/2015\/12\/vp_kezikonyv_nagy.jpg?resize=350%2C200&ssl=1","width":350,"height":200},"classes":[]},{"id":282,"url":"https:\/\/bukkleader.hu\/old\/a-videkfejlesztesi-miniszterium-megkezdte-a-2014-2020-idoszak-tervezeset\/","url_meta":{"origin":469,"position":3},"title":"A Vid\u00e9kfejleszt\u00e9si Miniszt\u00e9rium megkezdte a 2014-2020 id\u0151szak tervez\u00e9s\u00e9t","date":"2012-12-12","format":false,"excerpt":"\u201eA vid\u00e9kfejleszt\u00e9si t\u00e1rca \u00e9s a 2014-2020-as tervez\u00e9s koordin\u00e1ci\u00f3j\u00e1\u00e9rt felel\u0151s NAKVI r\u00e9gi\u00f3s f\u00f3rumokon tal\u00e1lkozott a megy\u00e9k, valamint a LEADER Helyi Akci\u00f3csoportok k\u00e9pvisel\u0151ivel, hogy egy\u00fctt jel\u00f6lj\u00e9k ki a k\u00f6vetkez\u0151 programoz\u00e1si id\u0151szak ir\u00e1nyait \u00e9s egyeztess\u00e9k elk\u00e9pzel\u00e9seiket.\u201d Tov\u00e1bb a teljes cikkhez a www.umvp.eu weboldalra >>","rel":"","context":"In &quot;H\u00edreink, k\u00f6zlem\u00e9nyeink&quot;","img":{"alt_text":"Vid\u00e9kfejleszt\u00e9si Miniszt\u00e9rium","src":"https:\/\/i2.wp.com\/bukkleader.hu\/old\/wp-content\/uploads\/2015\/09\/384-2-vfm-w.jpg?resize=350%2C200&ssl=1","width":350,"height":200},"classes":[]},{"id":486,"url":"https:\/\/bukkleader.hu\/old\/meghivo-videkfejlesztesi-program-ismertetesere\/","url_meta":{"origin":469,"position":4},"title":"Megh\u00edv\u00f3 vid\u00e9kfejleszt\u00e9si program ismertet\u00e9s\u00e9re","date":"2015-10-21","format":false,"excerpt":"A B\u00fckk-T\u00e9rs\u00e9gi LEADER Egyes\u00fclet Helyi Fejleszt\u00e9si Strat\u00e9gia tervez\u00e9si f\u00f3rumot tart R\u00e9p\u00e1shut\u00e1n, a mell\u00e9kelt megh\u00edv\u00f3 szerint. Minden \u00e9rdekl\u0151d\u0151t v\u00e1runk!Megh\u00edv\u00f3 let\u00f6lthet\u0151 itt >>","rel":"","context":"In &quot;H\u00edreink, k\u00f6zlem\u00e9nyeink&quot;","img":{"alt_text":"Megh\u00edv\u00f3 vid\u00e9kfejleszt\u00e9si strat\u00e9gia ismertet\u00e9s\u00e9re","src":"https:\/\/i0.wp.com\/bukkleader.hu\/old\/wp-content\/uploads\/2015\/10\/repashuta-w.jpg?resize=350%2C200&ssl=1","width":350,"height":200},"classes":[]},{"id":4867,"url":"https:\/\/bukkleader.hu\/old\/online-tajekoztato-forum-a-videkfejlesztesi-program-aktualitasairol-2020-12-08\/","url_meta":{"origin":469,"position":5},"title":"Online t\u00e1j\u00e9koztat\u00f3 f\u00f3rum a Vid\u00e9kfejleszt\u00e9si Program aktualit\u00e1sair\u00f3l &#8211; 2020.12.08.","date":"2020-11-30","format":false,"excerpt":"","rel":"","context":"In &quot;H\u00edreink, k\u00f6zlem\u00e9nyeink&quot;","img":{"alt_text":"","src":"https:\/\/i0.wp.com\/bukkleader.hu\/old\/wp-content\/uploads\/2015\/12\/EU-br\u00fcsszel.jpeg?resize=350%2C200&ssl=1","width":350,"height":200},"classes":[]}],"_links":{"self":[{"href":"https:\/\/bukkleader.hu\/old\/wp-json\/wp\/v2\/posts\/469"}],"collection":[{"href":"https:\/\/bukkleader.hu\/old\/wp-json\/wp\/v2\/posts"}],"about":[{"href":"https:\/\/bukkleader.hu\/old\/wp-json\/wp\/v2\/types\/post"}],"author":[{"embeddable":true,"href":"https:\/\/bukkleader.hu\/old\/wp-json\/wp\/v2\/users\/1"}],"replies":[{"embeddable":true,"href":"https:\/\/bukkleader.hu\/old\/wp-json\/wp\/v2\/comments?post=469"}],"version-history":[{"count":2,"href":"https:\/\/bukkleader.hu\/old\/wp-json\/wp\/v2\/posts\/469\/revisions"}],"predecessor-version":[{"id":473,"href":"https:\/\/bukkleader.hu\/old\/wp-json\/wp\/v2\/posts\/469\/revisions\/473"}],"wp:featuredmedia":[{"embeddable":true,"href":"https:\/\/bukkleader.hu\/old\/wp-json\/wp\/v2\/media\/472"}],"wp:attachment":[{"href":"https:\/\/bukkleader.hu\/old\/wp-json\/wp\/v2\/media?parent=469"}],"wp:term":[{"taxonomy":"category","embeddable":true,"href":"https:\/\/bukkleader.hu\/old\/wp-json\/wp\/v2\/categories?post=469"},{"taxonomy":"post_tag","embeddable":true,"href":"https:\/\/bukkleader.hu\/old\/wp-json\/wp\/v2\/tags?post=469"}],"curies":[{"name":"wp","href":"https:\/\/api.w.org\/{rel}","templated":true}]}}