{"id":436,"date":"2015-08-14T08:16:45","date_gmt":"2015-08-14T06:16:45","guid":{"rendered":"https:\/\/bukkleader.hu\/old\/new\/?p=436"},"modified":"2015-09-23T08:19:39","modified_gmt":"2015-09-23T06:19:39","slug":"projektgazdak-figyelem","status":"publish","type":"post","link":"https:\/\/bukkleader.hu\/old\/projektgazdak-figyelem\/","title":{"rendered":"PROJEKTGAZD\u00c1K, FIGYELEM!"},"content":{"rendered":"<p style=\"text-align: justify;\">Hamarosan lej\u00e1rnak az Eur\u00f3pai Mez\u0151gazdas\u00e1gi Vid\u00e9kfejleszt\u00e9si Alapb\u00f3l t\u00e1rsfinansz\u00edrozott, egyes beruh\u00e1z\u00e1si jogc\u00edmekre vonatkoz\u00f3\u00a0<strong>megval\u00f3s\u00edt\u00e1si, illetve kifizet\u00e9si k\u00e9relem beny\u00fajt\u00e1si hat\u00e1rid\u0151k<\/strong>. A vonatkoz\u00f3 jogc\u00edmekr\u0151l \u00e9s hat\u00e1rid\u0151kr\u0151l az MVH kimutat\u00e1st, t\u00e1j\u00e9koztat\u00f3t k\u00e9sz\u00edtett, melyet aj\u00e1nlunk minden projektgazda figyelm\u00e9be. <a href=\"https:\/\/bukkleader.hu\/old\/downloads\/mvh_tajekoztato.docx\" target=\"_blank\">A t\u00e1j\u00e9koztat\u00f3 let\u00f6lt\u00e9se &gt;&gt;<\/a><\/p>\n<div class=\"sharedaddy sd-sharing-enabled\"><div class=\"robots-nocontent sd-block sd-social sd-social-icon sd-sharing\"><h3 class=\"sd-title\">Share this:<\/h3><div class=\"sd-content\"><ul><li class=\"share-facebook\"><a rel=\"nofollow noopener noreferrer\" data-shared=\"sharing-facebook-436\" class=\"share-facebook sd-button share-icon no-text\" href=\"https:\/\/bukkleader.hu\/old\/projektgazdak-figyelem\/?share=facebook\" target=\"_blank\" title=\"Click to share on Facebook\"><span><\/span><span class=\"sharing-screen-reader-text\">Click to share on Facebook (Opens in new window)<\/span><\/a><\/li><li class=\"share-twitter\"><a rel=\"nofollow noopener noreferrer\" data-shared=\"sharing-twitter-436\" class=\"share-twitter sd-button share-icon no-text\" href=\"https:\/\/bukkleader.hu\/old\/projektgazdak-figyelem\/?share=twitter\" target=\"_blank\" title=\"Click to share on Twitter\"><span><\/span><span class=\"sharing-screen-reader-text\">Click to share on Twitter (Opens in new window)<\/span><\/a><\/li><li class=\"share-print\"><a rel=\"nofollow noopener noreferrer\" data-shared=\"\" class=\"share-print sd-button share-icon no-text\" href=\"https:\/\/bukkleader.hu\/old\/projektgazdak-figyelem\/\" target=\"_blank\" title=\"Click to print\"><span><\/span><span class=\"sharing-screen-reader-text\">Click to print (Opens in new window)<\/span><\/a><\/li><li class=\"share-email\"><a rel=\"nofollow noopener noreferrer\" data-shared=\"\" class=\"share-email sd-button share-icon no-text\" href=\"https:\/\/bukkleader.hu\/old\/projektgazdak-figyelem\/?share=email\" target=\"_blank\" title=\"Click to email this to a friend\"><span><\/span><span class=\"sharing-screen-reader-text\">Click to email this to a friend (Opens in new window)<\/span><\/a><\/li><li class=\"share-end\"><\/li><\/ul><\/div><\/div><\/div>","protected":false},"excerpt":{"rendered":"<p>Hamarosan lej\u00e1rnak az Eur\u00f3pai Mez\u0151gazdas\u00e1gi Vid\u00e9kfejleszt\u00e9si Alapb\u00f3l t\u00e1rsfinansz\u00edrozott, egyes beruh\u00e1z\u00e1si jogc\u00edmekre vonatkoz\u00f3\u00a0megval\u00f3s\u00edt\u00e1si, illetve kifizet\u00e9si k\u00e9relem beny\u00fajt\u00e1si hat\u00e1rid\u0151k. A vonatkoz\u00f3 jogc\u00edmekr\u0151l \u00e9s hat\u00e1rid\u0151kr\u0151l az MVH kimutat\u00e1st, t\u00e1j\u00e9koztat\u00f3t k\u00e9sz\u00edtett, melyet aj\u00e1nlunk minden projektgazda figyelm\u00e9be. A t\u00e1j\u00e9koztat\u00f3 let\u00f6lt\u00e9se &gt;&gt;<\/p>\n<div class=\"sharedaddy sd-sharing-enabled\"><div class=\"robots-nocontent sd-block sd-social sd-social-icon sd-sharing\"><h3 class=\"sd-title\">Share this:<\/h3><div class=\"sd-content\"><ul><li class=\"share-facebook\"><a rel=\"nofollow noopener noreferrer\" data-shared=\"sharing-facebook-436\" class=\"share-facebook sd-button share-icon no-text\" href=\"https:\/\/bukkleader.hu\/old\/projektgazdak-figyelem\/?share=facebook\" target=\"_blank\" title=\"Click to share on Facebook\"><span><\/span><span class=\"sharing-screen-reader-text\">Click to share on Facebook (Opens in new window)<\/span><\/a><\/li><li class=\"share-twitter\"><a rel=\"nofollow noopener noreferrer\" data-shared=\"sharing-twitter-436\" class=\"share-twitter sd-button share-icon no-text\" href=\"https:\/\/bukkleader.hu\/old\/projektgazdak-figyelem\/?share=twitter\" target=\"_blank\" title=\"Click to share on Twitter\"><span><\/span><span class=\"sharing-screen-reader-text\">Click to share on Twitter (Opens in new window)<\/span><\/a><\/li><li class=\"share-print\"><a rel=\"nofollow noopener noreferrer\" data-shared=\"\" class=\"share-print sd-button share-icon no-text\" href=\"https:\/\/bukkleader.hu\/old\/projektgazdak-figyelem\/\" target=\"_blank\" title=\"Click to print\"><span><\/span><span class=\"sharing-screen-reader-text\">Click to print (Opens in new window)<\/span><\/a><\/li><li class=\"share-email\"><a rel=\"nofollow noopener noreferrer\" data-shared=\"\" class=\"share-email sd-button share-icon no-text\" href=\"https:\/\/bukkleader.hu\/old\/projektgazdak-figyelem\/?share=email\" target=\"_blank\" title=\"Click to email this to a friend\"><span><\/span><span class=\"sharing-screen-reader-text\">Click to email this to a friend (Opens in new window)<\/span><\/a><\/li><li class=\"share-end\"><\/li><\/ul><\/div><\/div><\/div>","protected":false},"author":1,"featured_media":229,"comment_status":"open","ping_status":"closed","sticky":false,"template":"","format":"standard","meta":{"_bbp_topic_count":0,"_bbp_reply_count":0,"_bbp_total_topic_count":0,"_bbp_total_reply_count":0,"_bbp_voice_count":0,"_bbp_anonymous_reply_count":0,"_bbp_topic_count_hidden":0,"_bbp_reply_count_hidden":0,"_bbp_forum_subforum_count":0,"spay_email":"","jetpack_publicize_message":"","jetpack_is_tweetstorm":false,"jetpack_publicize_feature_enabled":true},"categories":[1],"tags":[],"jetpack_featured_media_url":"https:\/\/bukkleader.hu\/old\/wp-content\/uploads\/2012\/06\/felkialto-jel384w.jpg","jetpack_publicize_connections":[],"jetpack_sharing_enabled":true,"jetpack-related-posts":[{"id":198,"url":"https:\/\/bukkleader.hu\/old\/kozossegi-energiaudvar\/","url_meta":{"origin":436,"position":0},"title":"K\u00f6z\u00f6ss\u00e9gi Energiaudvar","date":"2012-07-23","format":false,"excerpt":"Besz\u00e1mol\u00f3 a K\u00f6z\u00f6ss\u00e9gi Energiaudvar projektgazd\u00e1k szakmai f\u00f3rum\u00e1r\u00f3l.A B\u00fckk-T\u00e9rs\u00e9gi LEADER Egyes\u00fclet 2012. j\u00fanius 29-\u00e9n a kistokaji IKSZT \u00e9p\u00fclet\u00e9ben f\u00f3rumot tartott, els\u0151sorban a 2012. m\u00e1jusban LEADER t\u00e1mogat\u00e1st nyert K\u00f6z\u00f6ss\u00e9gi Energiaudvar projektgazd\u00e1k r\u00e9sz\u00e9re (megh\u00edv\u00f3 let\u00f6lt\u00e9se >>). A f\u00f3rum c\u00e9lja volt, hogy a p\u00e1ly\u00e1z\u00f3k megismerj\u00e9k a projektjeik megval\u00f3s\u00edt\u00e1s\u00e1ra vonatkoz\u00f3 el\u0151\u00edr\u00e1sokat, a fontosabb hat\u00e1rid\u0151ket, valamint\u2026","rel":"","context":"In &quot;H\u00edreink, k\u00f6zlem\u00e9nyeink&quot;","img":{"alt_text":"","src":"https:\/\/i2.wp.com\/bukkleader.hu\/old\/wp-content\/uploads\/2012\/07\/ChargePoint-polemount-clean-web.jpg?resize=350%2C200&ssl=1","width":350,"height":200},"classes":[]},{"id":288,"url":"https:\/\/bukkleader.hu\/old\/figyelem-december-31-en-lejar-az-egyes-kifizetesi-kerelmek-benyujtasanak-modositott-hatarideje\/","url_meta":{"origin":436,"position":1},"title":"FIGYELEM! December 31-\u00e9n lej\u00e1r az egyes kifizet\u00e9si k\u00e9relmek beny\u00fajt\u00e1s\u00e1nak m\u00f3dos\u00edtott hat\u00e1rideje","date":"2012-12-12","format":false,"excerpt":"A 76\/2012. (VII. 27.) VM rendelet alapj\u00e1n az egyes jogc\u00edmeken megv\u00e1ltoztak az els\u0151 kifizet\u00e9si k\u00e9relem beny\u00fajt\u00e1s\u00e1ra vonatkoz\u00f3 szab\u00e1lyok az el\u0151\u00edrt felt\u00e9telek teljes\u00fcl\u00e9se mellett. \u00a0A m\u00f3dos\u00edt\u00e1s \u00e9rtelm\u00e9ben az \u00fcgyf\u00e9l 2012. december 31-\u00e9ig ny\u00fajthatja be els\u0151 kifizet\u00e9si k\u00e9relmet, amellyel olyan kiad\u00e1s is elsz\u00e1mol\u00e1sra ker\u00fcl, amely nem min\u0151s\u00fcl egy\u00e9b elsz\u00e1molhat\u00f3 kiad\u00e1snak, amennyiben azels\u0151\u2026","rel":"","context":"In &quot;H\u00edreink, k\u00f6zlem\u00e9nyeink&quot;","img":{"alt_text":"felki\u00e1llt\u00f3 jel","src":"https:\/\/i0.wp.com\/bukkleader.hu\/old\/wp-content\/uploads\/2012\/06\/felkialto-jel384w.jpg?resize=350%2C200&ssl=1","width":350,"height":200},"classes":[]},{"id":312,"url":"https:\/\/bukkleader.hu\/old\/felhivas-emva-projektgazdak-reszere-monitoring-adatszolgaltatasi-kotelezettseggel-kapcsolatban\/","url_meta":{"origin":436,"position":2},"title":"Felh\u00edv\u00e1s EMVA projektgazd\u00e1k r\u00e9sz\u00e9re monitoring adatszolg\u00e1ltat\u00e1si k\u00f6telezetts\u00e9ggel kapcsolatban","date":"2013-03-05","format":false,"excerpt":"Az 18\/2009. (III. 6.) FVM rendelet szerinti, az Eur\u00f3pai Mez\u0151gazdas\u00e1gi Vid\u00e9kfejleszt\u00e9si Alapb\u00f3l (EMVA) \u00e9s az Eur\u00f3pai Hal\u00e1szati Alapb\u00f3l (EHA) t\u00e1mogatott int\u00e9zked\u00e9sek 2013. \u00e9vi, m\u00e1rcius 12-i hat\u00e1ridej\u0171 monitoring adatszolg\u00e1ltat\u00e1s teljes\u00edt\u00e9s\u00e9nek r\u00e9szletes szab\u00e1lyait a\u00a041\/2013. (II. 12.) sz\u00e1m\u00fa MVH k\u00f6zlem\u00e9ny \u00e1llap\u00edtja meg. A k\u00f6zlem\u00e9ny let\u00f6lt\u00e9se >> Mivel a k\u00f6zlem\u00e9ny II.5. pontja (2. oldal)\u2026","rel":"","context":"In &quot;H\u00edreink, k\u00f6zlem\u00e9nyeink&quot;","img":{"alt_text":"elektronikus-ugyintezes-w","src":"https:\/\/i2.wp.com\/bukkleader.hu\/old\/wp-content\/uploads\/2015\/09\/elektronikus-ugyintezes-w.jpg?resize=350%2C200&ssl=1","width":350,"height":200},"classes":[]},{"id":225,"url":"https:\/\/bukkleader.hu\/old\/mvh-ertesites\/","url_meta":{"origin":436,"position":3},"title":"MVH \u00e9rtes\u00edt\u00e9s &#8211; enged\u00e9lyek beny\u00fajt\u00e1si hat\u00e1rideje 2015.09.30.","date":"2015-09-22","format":false,"excerpt":"Tisztelt P\u00e1ly\u00e1z\u00f3! Felh\u00edvjuk sz\u00edves figyelm\u00e9t, hogy az EMVA-b\u00f3l t\u00e1rsfinansz\u00edrozott beruh\u00e1z\u00e1si jogc\u00edmek eset\u00e9n a j\u00f3v\u00e1hagyott, enged\u00e9lyk\u00f6teles tev\u00e9kenys\u00e9ghez kapcsol\u00f3d\u00f3 beruh\u00e1z\u00e1sokhoz sz\u00fcks\u00e9ges joger\u0151s enged\u00e9lyeket (haszn\u00e1latbav\u00e9teli enged\u00e9ly, m\u0171k\u00f6d\u00e9si enged\u00e9ly, egy\u00e9b, a jogszab\u00e1ly \u00e1ltal k\u00f6telez\u0151en beny\u00fajtand\u00f3 enged\u00e9ly) \u00e9s min\u0151s\u00edt\u00e9st igazol\u00f3 dokumentumokat (falusi sz\u00e1ll\u00e1shelyek 4 napraforg\u00f3s min\u0151s\u00edt\u00e9se, lovas szolg\u00e1ltat\u00f3k 3 patk\u00f3s min\u0151s\u00edt\u00e9se) 2015. szeptember 30-ig be\u2026","rel":"","context":"In &quot;H\u00edreink, k\u00f6zlem\u00e9nyeink&quot;","img":{"alt_text":"mhv-logo","src":"https:\/\/i2.wp.com\/bukkleader.hu\/old\/wp-content\/uploads\/2015\/09\/mvh-logo-w.jpg?resize=350%2C200&ssl=1","width":350,"height":200},"classes":[]},{"id":99,"url":"https:\/\/bukkleader.hu\/old\/2012-majus-01-2012-junius-30-idoszak\/","url_meta":{"origin":436,"position":4},"title":"2012. m\u00e1jus 01. \u2013 2012. j\u00fanius 30. id\u0151szak","date":"2012-07-01","format":false,"excerpt":"A B\u00fckk-T\u00e9rs\u00e9gi LEADER Egyes\u00fclet az IH \u00e1ltal 2012. m\u00e1jus 1-i hat\u00e1llyal LEADER Helyi Akci\u00f3csoportk\u00e9nt elismer\u00e9sre ker\u00fclt \u00e9s \u00e1tvette a LEADER p\u00e1ly\u00e1zatokkal kapcsolatos feladatokat a B\u00dcKK-MAK LEADER Nonprofit Kft.-t\u0151l. Az Egyes\u00fclet a k\u00f6zgy\u0171l\u00e9s d\u00f6nt\u00e9se szerint saj\u00e1t munkaszervezetet alak\u00edtott, melyben a kor\u00e1bbi HACS munkat\u00e1rsai (\u00f6sszesen 8 f\u0151) a meg\u00e1llapod\u00e1ssal haszn\u00e1latba vett eszk\u00f6z\u00e1llom\u00e1nnyal,\u2026","rel":"","context":"In &quot;Munkabesz\u00e1mol\u00f3k&quot;","img":{"alt_text":"","src":"","width":0,"height":0},"classes":[]},{"id":2536,"url":"https:\/\/bukkleader.hu\/old\/tajekoztato-a-veszelyhelyzet-miatt-bekovetkezo-hatranyos-kovetkezmenyek-egyhitese-erdekeben-hozott-intezkedesekrol\/","url_meta":{"origin":436,"position":5},"title":"T\u00e1j\u00e9koztat\u00f3 a vesz\u00e9lyhelyzet miatt bek\u00f6vetkez\u0151 h\u00e1tr\u00e1nyos k\u00f6vetkezm\u00e9nyek egyh\u00edt\u00e9se \u00e9rdek\u00e9ben hozott int\u00e9zked\u00e9sekr\u0151l","date":"2020-04-22","format":false,"excerpt":"T\u00c1J\u00c9KOZTAT\u00d3 A VESZ\u00c9LYHELYZET MIATT BEK\u00d6VETKEZ\u0150 H\u00c1TR\u00c1NYOS K\u00d6VETKEZM\u00c9NYEK ENYH\u00cdT\u00c9SE \u00c9RDEK\u00c9BEN HOZOTT FEJLESZT\u00c9SPOLTIKAI INT\u00c9ZKED\u00c9SEKR\u0150L AZ EUR\u00d3PAI MEZ\u0150GAZDAS\u00c1GI VID\u00c9KFEJLESZT\u00c9SI ALAPB\u00d3L MEGVAL\u00d3SUL\u00d3 BERUH\u00c1Z\u00c1SI T\u00cdPUS\u00da PROJEKTEK KAPCS\u00c1N Tisztelt T\u00e1mogat\u00e1st Ig\u00e9nyl\u0151 \u00e9s Kedvezm\u00e9nyezett! A koronav\u00edrus-j\u00e1rv\u00e1ny okozta vesz\u00e9lyhelyzet megnehez\u00edti a projektek v\u00e9grehajt\u00e1s\u00e1t, sok esetben a t\u00e1mogat\u00e1si szerz\u0151d\u00e9sben v\u00e1llalt k\u00f6telezetts\u00e9gek nem teljes\u00edthet\u0151ek. Az Innov\u00e1ci\u00f3s \u00e9s Technol\u00f3giai Miniszt\u00e9rium a\u2026","rel":"","context":"In &quot;H\u00edreink, k\u00f6zlem\u00e9nyeink&quot;","img":{"alt_text":"magyar-cimer","src":"https:\/\/i0.wp.com\/bukkleader.hu\/old\/wp-content\/uploads\/2015\/09\/magyar-cimer.jpg?resize=350%2C200&ssl=1","width":350,"height":200},"classes":[]}],"_links":{"self":[{"href":"https:\/\/bukkleader.hu\/old\/wp-json\/wp\/v2\/posts\/436"}],"collection":[{"href":"https:\/\/bukkleader.hu\/old\/wp-json\/wp\/v2\/posts"}],"about":[{"href":"https:\/\/bukkleader.hu\/old\/wp-json\/wp\/v2\/types\/post"}],"author":[{"embeddable":true,"href":"https:\/\/bukkleader.hu\/old\/wp-json\/wp\/v2\/users\/1"}],"replies":[{"embeddable":true,"href":"https:\/\/bukkleader.hu\/old\/wp-json\/wp\/v2\/comments?post=436"}],"version-history":[{"count":1,"href":"https:\/\/bukkleader.hu\/old\/wp-json\/wp\/v2\/posts\/436\/revisions"}],"predecessor-version":[{"id":437,"href":"https:\/\/bukkleader.hu\/old\/wp-json\/wp\/v2\/posts\/436\/revisions\/437"}],"wp:featuredmedia":[{"embeddable":true,"href":"https:\/\/bukkleader.hu\/old\/wp-json\/wp\/v2\/media\/229"}],"wp:attachment":[{"href":"https:\/\/bukkleader.hu\/old\/wp-json\/wp\/v2\/media?parent=436"}],"wp:term":[{"taxonomy":"category","embeddable":true,"href":"https:\/\/bukkleader.hu\/old\/wp-json\/wp\/v2\/categories?post=436"},{"taxonomy":"post_tag","embeddable":true,"href":"https:\/\/bukkleader.hu\/old\/wp-json\/wp\/v2\/tags?post=436"}],"curies":[{"name":"wp","href":"https:\/\/api.w.org\/{rel}","templated":true}]}}